{"id":7116,"date":"2025-06-29T13:04:11","date_gmt":"2025-06-29T11:04:11","guid":{"rendered":"https:\/\/www.disfrutabizkaia.com\/blog\/?p=7116"},"modified":"2025-07-09T11:45:28","modified_gmt":"2025-07-09T09:45:28","slug":"uztaila-bizkaian-esperientziaz-beteriko-hilabetea","status":"publish","type":"post","link":"https:\/\/www.disfrutabizkaia.com\/blog\/eu\/uztaila-bizkaian-esperientziaz-beteriko-hilabetea\/","title":{"rendered":"Uztaila  Bizkaian:  esperientziaz  beteriko  hilabetea"},"content":{"rendered":"<p>Bizkaia  biziz  betetzen  da  uztailean.  Aireak  gatza,  mendia  eta  jai  herrikoien  usaina  du,  eta  bazter  guztietan  zabaltzen  da  alaitasuna  eta  tradizioa.  Lehen  aldiz  bisitatzen  duenarentzat  zein  betidanik  maite  duenarentzat,  uda  honetan  denok  dugu  zer  deskubritu:  txoko  bereziak,  betiko  zaporeak  eta  lagunen  arteko  elkarrizketak,  eguzkia  horizontean  ezkutatzen  den  bitartean.<\/p>\n<p>Kalean  barre  egitea,  planak  uda  erritmora  egokitzea  eta  une  bakoitza  gozatzea  behar  bihurtzen  dira.<\/p>\n<p>Eta  familiarekin  partekatzeko  planak  bilatzen  ari  bazara  (edo  zu  zeu  ere  ume  baten  moduan  gozatu  nahi  baduzu),  hartu  gogoan  hurrengo  ideiak.  Aire  zabaleko  jardueretatik  gastronomia-esperientzietaraino,  denetariko  aukerak  dituzu.<\/p>\n\n\t\t<style type=\"text\/css\">\n\t\t\t#gallery-1 {\n\t\t\t\tmargin: auto;\n\t\t\t}\n\t\t\t#gallery-1 .gallery-item {\n\t\t\t\tfloat: left;\n\t\t\t\tmargin-top: 10px;\n\t\t\t\ttext-align: center;\n\t\t\t\twidth: 16%;\n\t\t\t}\n\t\t\t#gallery-1 img {\n\t\t\t\tborder: 2px solid #cfcfcf;\n\t\t\t}\n\t\t\t#gallery-1 .gallery-caption {\n\t\t\t\tmargin-left: 0;\n\t\t\t}\n\t\t\t\/* see gallery_shortcode() in wp-includes\/media.php *\/\n\t\t<\/style>\n\t\t<div id='gallery-1' class='gallery galleryid-7116 gallery-columns-6 gallery-size-thumbnail'><dl class='gallery-item'>\n\t\t\t<dt class='gallery-icon landscape'>\n\t\t\t\t<a href='https:\/\/www.disfrutabizkaia.com\/blog\/eu\/ferreria-el-pobal-demostracion-ferrona-sabados-y-viernes-santo-7-abril-2023-2\/'><img loading=\"lazy\" decoding=\"async\" width=\"372\" height=\"248\" src=\"https:\/\/www.disfrutabizkaia.com\/blog\/wp-content\/uploads\/2023\/03\/ferreria-el-pobal-demostracion-ferrona-sabados-y-viernes-santo-7-abril-2023-372x248.jpg\" class=\"attachment-thumbnail size-thumbnail\" alt=\"\" srcset=\"https:\/\/www.disfrutabizkaia.com\/blog\/wp-content\/uploads\/2023\/03\/ferreria-el-pobal-demostracion-ferrona-sabados-y-viernes-santo-7-abril-2023-372x248.jpg 372w, https:\/\/www.disfrutabizkaia.com\/blog\/wp-content\/uploads\/2023\/03\/ferreria-el-pobal-demostracion-ferrona-sabados-y-viernes-santo-7-abril-2023-300x200.jpg 300w, https:\/\/www.disfrutabizkaia.com\/blog\/wp-content\/uploads\/2023\/03\/ferreria-el-pobal-demostracion-ferrona-sabados-y-viernes-santo-7-abril-2023-768x512.jpg 768w, https:\/\/www.disfrutabizkaia.com\/blog\/wp-content\/uploads\/2023\/03\/ferreria-el-pobal-demostracion-ferrona-sabados-y-viernes-santo-7-abril-2023-600x400.jpg 600w, https:\/\/www.disfrutabizkaia.com\/blog\/wp-content\/uploads\/2023\/03\/ferreria-el-pobal-demostracion-ferrona-sabados-y-viernes-santo-7-abril-2023-945x630.jpg 945w, https:\/\/www.disfrutabizkaia.com\/blog\/wp-content\/uploads\/2023\/03\/ferreria-el-pobal-demostracion-ferrona-sabados-y-viernes-santo-7-abril-2023.jpg 1024w\" sizes=\"auto, (max-width: 372px) 100vw, 372px\" \/><\/a>\n\t\t\t<\/dt><\/dl><dl class='gallery-item'>\n\t\t\t<dt class='gallery-icon landscape'>\n\t\t\t\t<a href='https:\/\/www.disfrutabizkaia.com\/blog\/eu\/santurtzi-teatralizada1-1200-2-2\/'><img loading=\"lazy\" decoding=\"async\" width=\"372\" height=\"248\" src=\"https:\/\/www.disfrutabizkaia.com\/blog\/wp-content\/uploads\/2024\/06\/santurtzi-Teatralizada1-1200-2-372x248.webp\" class=\"attachment-thumbnail size-thumbnail\" alt=\"\" \/><\/a>\n\t\t\t<\/dt><\/dl><dl class='gallery-item'>\n\t\t\t<dt class='gallery-icon landscape'>\n\t\t\t\t<a href='https:\/\/www.disfrutabizkaia.com\/blog\/eu\/zer-egin-daiteke-bilboko-aste-nagusian\/conciertos_fiestas-2\/'><img loading=\"lazy\" decoding=\"async\" width=\"150\" height=\"150\" src=\"https:\/\/www.disfrutabizkaia.com\/blog\/wp-content\/uploads\/2018\/08\/conciertos_fiestas-150x150.jpg\" class=\"attachment-thumbnail size-thumbnail\" alt=\"Conciertos y programaci\u00f3n musical de fiestas\" \/><\/a>\n\t\t\t<\/dt><\/dl><dl class='gallery-item'>\n\t\t\t<dt class='gallery-icon landscape'>\n\t\t\t\t<a href='https:\/\/www.disfrutabizkaia.com\/blog\/eu\/aste-santua-bizkaian-zure-erritmora\/lekeitio_bizkaia_disfrutabizkaia_semana-santa_turismo-bizkaia_costa-de-bizkaia-2\/'><img loading=\"lazy\" decoding=\"async\" width=\"372\" height=\"248\" src=\"https:\/\/www.disfrutabizkaia.com\/blog\/wp-content\/uploads\/2025\/04\/Lekeitio_Bizkaia_DisfrutaBizkaia_Semana-Santa_TURISMO-Bizkaia_Costa-de-Bizkaia-372x248.png\" class=\"attachment-thumbnail size-thumbnail\" alt=\"\" \/><\/a>\n\t\t\t<\/dt><\/dl><dl class='gallery-item'>\n\t\t\t<dt class='gallery-icon landscape'>\n\t\t\t\t<a href='https:\/\/www.disfrutabizkaia.com\/blog\/eu\/2025-eko-bizkaiko-pintxorik-onenak-probatu-guztiak\/nuevo-destacado-blog-disfruta-560x315-47-2\/'><img loading=\"lazy\" decoding=\"async\" width=\"372\" height=\"248\" src=\"https:\/\/www.disfrutabizkaia.com\/blog\/wp-content\/uploads\/2025\/06\/NUEVO-destacado-BLOG-Disfruta-560x315-47-372x248.jpg\" class=\"attachment-thumbnail size-thumbnail\" alt=\"\" \/><\/a>\n\t\t\t<\/dt><\/dl><dl class='gallery-item'>\n\t\t\t<dt class='gallery-icon landscape'>\n\t\t\t\t<a href='https:\/\/www.disfrutabizkaia.com\/blog\/eu\/barcos-en-el-puerto-viejo-de-algorta-en-getxo-2\/'><img loading=\"lazy\" decoding=\"async\" width=\"372\" height=\"248\" src=\"https:\/\/www.disfrutabizkaia.com\/blog\/wp-content\/uploads\/2018\/10\/Barcos-en-el-Puerto-Viejo-de-Algorta-en-Getxo-372x248.jpg\" class=\"attachment-thumbnail size-thumbnail\" alt=\"Puerto viejo de Algorta en Getxo\" srcset=\"https:\/\/www.disfrutabizkaia.com\/blog\/wp-content\/uploads\/2018\/10\/Barcos-en-el-Puerto-Viejo-de-Algorta-en-Getxo-372x248.jpg 372w, https:\/\/www.disfrutabizkaia.com\/blog\/wp-content\/uploads\/2018\/10\/Barcos-en-el-Puerto-Viejo-de-Algorta-en-Getxo-300x200.jpg 300w, https:\/\/www.disfrutabizkaia.com\/blog\/wp-content\/uploads\/2018\/10\/Barcos-en-el-Puerto-Viejo-de-Algorta-en-Getxo-768x512.jpg 768w, https:\/\/www.disfrutabizkaia.com\/blog\/wp-content\/uploads\/2018\/10\/Barcos-en-el-Puerto-Viejo-de-Algorta-en-Getxo-945x630.jpg 945w, https:\/\/www.disfrutabizkaia.com\/blog\/wp-content\/uploads\/2018\/10\/Barcos-en-el-Puerto-Viejo-de-Algorta-en-Getxo-600x400.jpg 600w, https:\/\/www.disfrutabizkaia.com\/blog\/wp-content\/uploads\/2018\/10\/Barcos-en-el-Puerto-Viejo-de-Algorta-en-Getxo.jpg 1000w\" sizes=\"auto, (max-width: 372px) 100vw, 372px\" \/><\/a>\n\t\t\t<\/dt><\/dl><br style=\"clear: both\" \/>\n\t\t<\/div>\n\n<h2><span style=\"color: #ffcc00;\"><strong>Santurtzi:  itsas  zaporea  eta  antzerkia<\/strong><\/span><\/h2>\n<p><strong>Antzeztutako  arrain-enkantea<\/strong><br \/>\nEsaera  zahar  batek  dio  herri  bat  ezagutzeko  bere  portutik  hasi  behar  dela.  Santurtzin,  itsas  izaera  bizirik  dirau.  Uda  honetan  bueltan  da  esperientzia  benetan  berezi  bat:  antzeztutako  arrain-enkantea.  Sardinera,  patroi  eta  enkantegileak&#8230;  guztiak  murgilduko  zaituzte  beste  garai  bateko  eszena  batean.<\/p>\n<p>&#x1f4c5;  <strong>Noiz<\/strong>:  Uztailaren  5ean,  12an,  19an  eta  26an  \u2013  &#x23f0;  12:30ean<br \/>\n&#x1f4cd;  <strong>Non<\/strong>:  Santurtziko  arrantza-portua<br \/>\n&#x1f4b6;  <strong>Prezioa<\/strong>:  2  \u20ac<br \/>\n&#x1f4de;  <strong>Erreserbak<\/strong>:  94  483  94  94  \/  <a href=\"mailto:turismo@santurtzi.net\">turismo@santurtzi.net<\/a><\/p>\n<p><strong>Agurtza  arrantzontzira  bisitak<\/strong><br \/>\nOinez  pauso  gutxira,  Agurtzara  igo  zaitezke.  Egurrezko  arrantzontzi  tradizional  bat  da,  eta  txikienek  liluraz  begiratzen  dituzte  bertako  tresnak,  zubiaren  txokoa,  sareak  eta  itsasoaren  istorioak.  Bisita  laburra  baina  oso  berezia  da.<\/p>\n<h2><span style=\"color: #ffcc00;\"><strong>Barco  MATER,  Itsasmuseum  eta  Karola  gauez:  historia  ibaiertzean<\/strong><\/span><\/h2>\n<p>Bilboko  itsasadarrean  ere  bada  plan  berezirik  uda  honetan.  <strong>Itsasmuseum-en<\/strong>,  Barco  MATER-era  igo  zaitezke:  egurrezko  bonitera  tradizionala  da,  gaur  egun  <strong>Museo  Ekokaktibo<\/strong>  bihurtua.  Familia  osoarentzako  plan  didaktiko  eta  originala  da.<\/p>\n<p>Gainera,  uztail  eta  abuztuko  asteburuetan,  museoko  sarrerarekin  batera  <strong>Erain  ontzigintza-lantegira  bisita  gidatuak<\/strong>  eskainiko  dira  eta  <strong>Athleticen  Gabarraren<\/strong>  historia  ezagutzeko  aukera  izango  da.  Itsasoa,  historia  eta  harrotasun  zuri-gorria,  dena  batera.<\/p>\n<p>&#x1f319;  Gauez,  Karola  garabia  pizten  da.  Industria-Bilboren  ikur  honek,  ostiral  eta  larunbatetan,  <strong>\u201cCarolaren  Arima\u201d<\/strong>  izeneko  argi  eta  soinuzko  instalazio  berezi  bat  eskaintzen  du.<br \/>\n&#x1f559;  <strong>22:00etan<\/strong>,  museoko  zabalgunean.  Ikuskizun  hunkigarria  eta  ia  magikoa.<\/p>\n<h2><span style=\"color: #ffcc00;\"><strong>Muskiz:  historia  bizia,  suak,  ezpatak  eta  pasta  freskoa<\/strong><\/span><\/h2>\n<p>Muskizek,  haran  berde  eta  baserriz  inguraturik,  historiaz  betetako  altxorrak  gordetzen  ditu.  <strong>El  Pobal  burdinola<\/strong>  eta  <strong>Mu\u00f1atones  gaztelua<\/strong>  zabalik  egongo  dira  uztailean,  familia  osoarentzako  plan  originalekin.<\/p>\n<p style=\"padding-left: 40px;\">&#x1f7e2;  <strong>Pasta-tailerra  El  Pobalen<\/strong><br \/>\nBai,  ondo  irakurri  duzu:  XVI.  mendeko  burdinola  batean  pasta  freskoa  egiteko  tailerra!  Handiek  eta  txikiek  fettuccini  edo  ravioli  prestatzen  ikasiko  dute,  eta  etxera  eraman  ahal  izango  dituzue  ondoren  sukaldatzeko.  Gozatzeko  eta  ikasteko  modu  zoragarria.<\/p>\n<p style=\"padding-left: 40px;\">&#x1f4c5;  <strong>Uztailaren  6a<\/strong>  \u2013  &#x1f559;  Bi  txanda:  10:30  eta  12:30<br \/>\n&#x1f4b6;  <strong>Prezioa<\/strong>:  1,50  \u20ac  (6  urtetik  beherakoentzat,  doan)<br \/>\n&#x1f4de;  <strong>Erreserbak<\/strong>:  629  271  516  \/  <a href=\"mailto:elpobal@bizkaia.eus\">elpobal@bizkaia.eus<\/a><\/p>\n<p style=\"padding-left: 40px;\">&#x1f7e2;  <strong>Bisita  gidatuak  eta  erakustaldia<\/strong><br \/>\nUztailaren  larunbatetan,  sua  pizten  da  berriro  burdinolan.  Bisitariek  zuzenean  ikus  dezakete  ura  nola  erabiltzen  den  mailua  mugitzeko,  txinpartak  nola  sortzen  diren  eta  nola  lantzen  den  burdina,  antzinako  modura.<\/p>\n<p style=\"padding-left: 40px;\">&#x1f55a;  <strong>Orduak<\/strong>:  11:00,  12:00  eta  13:00<\/p>\n<p style=\"padding-left: 40px;\">&#x1f7e2;  <strong>Erdi  Aroko  erakustaldia  Mu\u00f1atones  gazteluan<\/strong><br \/>\nOndoan,  Mu\u00f1atones  gazteluak  armamentu-erakustaldi  historikoarekin  hartzen  ditu  bisitariak.  Garai  bateko  Bizkaian  murgiltzeko  plan  paregabea.<\/p>\n<p style=\"padding-left: 40px;\">&#x1f4c5;  <strong>Uztailaren  13a<\/strong>  \u2013  &#x1f55b;  12:00etan  \u2013  <strong>Doan<\/strong><\/p>\n<p style=\"padding-left: 40px;\">&#x1f7e2;  <strong>Antzeztutako  bisita:  \u201cMu\u00f1atoneseko  intrigak\u201d<\/strong><br \/>\nUztailaren  20an,  gazteluaren  harriak  mintzatzen  hasiko  dira.  Antzeztutako  bisita  honetan,  Bizkaia  gobernatu  zuten  eta  aliantzak&#8230;  zein  traizioak\u2026  burutu  zituzten  pertsonaiak  ezagutuko  dituzu.<\/p>\n<p style=\"padding-left: 40px;\">&#x1f55b;  <strong>12:00etan<\/strong>  \u2013  &#x1f4b6;  <strong>Prezioa<\/strong>:  4  \u20ac  (12  urtetik  beherakoentzat,  doan)<br \/>\n&#x1f4de;  <strong>Erreserbak<\/strong>:  <a href=\"mailto:elpobal@bizkaia.eus\">elpobal@bizkaia.eus<\/a>  \/  629  271  516<\/p>\n<h2><span style=\"color: #ffcc00;\"><strong>Musika  jaialdiak:  gustu  guztietarako  erritmoak<\/strong><\/span><\/h2>\n<p>Uztailak  jazz,  reggae,  blues  eta  musika  elektronikoaren  soinua  dakar,  espazio  berezietan  eta  aire  librean.<\/p>\n<p style=\"padding-left: 40px;\">&#x1f3b7;  <strong>Bilbao  Blues  Festival<\/strong>:  <strong>Uztailaren  25etik  27ra<\/strong><br \/>\nBluesaren  nazioarteko  jaialdi  handienetako  bat  itzuliko  da  Bilbora.  Arenaleko  kontzertuak  doan  izango  dira,  eta  Mississippi  Queen  and  The  Wet  Dogs  talde  bilbotarrarekin  hasiko  da  festa.<br \/>\nBeste  artista  batzuk:  The  Kings  of  Blues,  Blackburn  Brothers,  Vanessa  Collier,  eta  legenda  texarra  <strong>Jimmie  Vaughan<\/strong>,  lau  Grammy  sari  irabazi  dituena  eta  Estatuan  emango  duen  <strong>kontzertu  bakarra<\/strong>  Bilbon  izango  duena.<\/p>\n<p style=\"padding-left: 40px;\">&#x1f3b6;  <strong>Getxo  Jazz  2025<\/strong>:  <strong>Uztailaren  2tik  7ra<\/strong><br \/>\nGetxok  musika  janzten  du  eta  jazz-denboraldiari  hasiera  ematen  dio.  Gazte  talentuak,  nazioarteko  artistak  eta  familia  osoarentzako  kontzertuak  aurkituko  dituzu.  Ez  galdu!<\/p>\n<p style=\"padding-left: 40px;\">&#x1f33f;  <strong>Txapel  Reggae  (Armintza)<\/strong>:  <strong>Uztailaren  19a<\/strong><br \/>\nArmintza,  Uribe  Kostako  arrantzale-giroko  auzune  lasai  eta  xarmagarria,  reggaearen  hiriburu  bihurtzen  da.  30  urte  baino  gehiagoko  tradizioarekin,  <strong>doako  kontzertuak  eta  giro  positiboa<\/strong>  izango  dira  kaleetan  eta  portuan.<\/p>\n<p style=\"padding-left: 40px;\">&#x1f3a7;  <strong>Bilbao  BBK  Live<\/strong>:  <strong>Uztailaren  10,  11  eta  12an<\/strong><br \/>\nKobetamendik  berriro  hartuko  du  Bizkaiko  jaialdirik  entzutetsuena,  nazioarteko  artista  eta  milaka  ikuslerekin.<\/p>\n<p style=\"padding-left: 40px;\">&#x2699;&#xfe0f;  <strong>Dantz  Point  Sestao<\/strong>:  <strong>Uztailaren  4a<\/strong>  \u2013  &#x1f554;  17:00etatik  23:30etara<br \/>\nAltos  Hornosen  artean,  musika  elektronikoa  eta  industria-ondarea  batzen  dira  esperientzia  berezi  batean.  <strong>Doan.<\/strong><\/p>\n<h2 data-start=\"177\" data-end=\"226\"><span style=\"color: #ffcc00;\">La  m\u00fasica  toma  Bilbao:  vuelve  Bereziak  2025<\/span><\/h2>\n<p data-start=\"228\" data-end=\"547\">Este  verano,  la  m\u00fasica  no  se  queda  en  lo  alto  de  Kobetamendi.  <strong data-start=\"290\" data-end=\"307\">Bereziak  2025<\/strong>  regresa  con  fuerza  y  convierte  Bilbao  en  un  gran  escenario  al  aire  libre.  Durante  tres  d\u00edas,  la  ciudad  se  llena  de  <strong data-start=\"423\" data-end=\"447\">conciertos  gratuitos<\/strong>  en  lugares  emblem\u00e1ticos,  abiertos  a  todo  el  mundo  y  con  una  programaci\u00f3n  tan  variada  como  vibrante.<\/p>\n<p data-start=\"549\" data-end=\"829\">Desde  su  nacimiento  en  2011,  este  ciclo  \u2014organizado  por  la  <strong data-start=\"608\" data-end=\"642\">Fundaci\u00f3n  Industrias  Creativas<\/strong>  y  <strong data-start=\"645\" data-end=\"664\">Bilbao  BBK  Live<\/strong>\u2014  busca  llevar  el  esp\u00edritu  del  festival  al  coraz\u00f3n  de  la  ciudad,  acercando  la  m\u00fasica  a  la  gente,  impulsando  la  cultura  local  y  fomentando  la  participaci\u00f3n  ciudadana.<\/p>\n<h3 style=\"padding-left: 40px;\" data-start=\"831\" data-end=\"883\">Una  programaci\u00f3n  ecl\u00e9ctica  y  llena  de  energ\u00eda<\/h3>\n<p style=\"padding-left: 40px;\" data-start=\"885\" data-end=\"975\">Este  a\u00f1o,  Bereziak  apuesta  por  una  propuesta  fresca,  diversa  y  con  mucho  ritmo.  Toma  nota:<\/p>\n<p style=\"padding-left: 40px;\" data-start=\"977\" data-end=\"1153\"><strong data-start=\"977\" data-end=\"1002\">\u00a0&#x1f4c5;  Jueves  10  de  julio\u00a0<\/strong><\/p>\n<p style=\"padding-left: 80px;\" data-start=\"977\" data-end=\"1153\"><strong data-start=\"977\" data-end=\"1002\">&#x1f4cd;  SALA  BBK  \u00a0&#x1f4c5;Viernes  11  de  julio\u00a0  &#x1f550;  13:00h<\/strong><br data-start=\"1002\" data-end=\"1005\" \/>La  fiesta  arranca  con  el  punk-pop  teatral  de  <strong data-start=\"1050\" data-end=\"1070\">Raya  Diplom\u00e1tica<\/strong>,  un  grupo  que  no  deja  indiferente  a  nadie  y  que  mezcla  actitud  y  puesta  en  escena.<\/p>\n<p style=\"padding-left: 40px;\" data-start=\"1155\" data-end=\"1431\"><strong data-start=\"1155\" data-end=\"1181\">\u00a0&#x1f4c5;Viernes  11  de  julio\u00a0<\/strong><\/p>\n<p style=\"padding-left: 40px;\" data-start=\"1155\" data-end=\"1431\">Una  jornada  para  descubrir  sonidos  nuevos  y  disfrutar  de  nombres  conocidos:<\/p>\n<p style=\"padding-left: 80px;\" data-start=\"1155\" data-end=\"1431\"><strong data-start=\"1155\" data-end=\"1181\">&#x1f4cd;  JARDINES  DE  ALBIA\u00a0<\/strong><\/p>\n<p style=\"padding-left: 120px;\" data-start=\"1155\" data-end=\"1431\"><strong data-start=\"1297\" data-end=\"1313\">Grande  Amore<\/strong><span data-start=\"1297\" data-end=\"1313\">  &#8211;  &#x1f550;<strong>13:15h<\/strong><\/span><\/p>\n<p style=\"padding-left: 120px;\" data-start=\"1155\" data-end=\"1431\"><strong data-start=\"1315\" data-end=\"1327\">La  Plata  &#8211;  &#x1f550;  14:45h<\/strong><\/p>\n<p style=\"padding-left: 80px;\" data-start=\"1155\" data-end=\"1431\"><strong data-start=\"1155\" data-end=\"1181\">&#x1f4cd;  ESCENARIO  SAN  MIGUEL  &#8211;  KIOSKO  DE  ARENAL<\/strong><\/p>\n<p style=\"padding-left: 120px;\" data-start=\"1155\" data-end=\"1431\"><strong data-start=\"1297\" data-end=\"1313\">Pu\u00f1o  Drag\u00f3n<\/strong><span data-start=\"1297\" data-end=\"1313\">&#8211;  &#x1f550;<strong>12:30h<\/strong><\/span><\/p>\n<p style=\"padding-left: 120px;\" data-start=\"1155\" data-end=\"1431\"><strong data-start=\"1315\" data-end=\"1327\">Sr.  Chinarro  &#8211;  &#x1f550;  14:00h<\/strong><\/p>\n<p style=\"padding-left: 40px;\" data-start=\"1155\" data-end=\"1431\">\u00a0<strong data-start=\"1297\" data-end=\"1313\">Grande  Amore<\/strong>,  <strong data-start=\"1315\" data-end=\"1327\">La  Plata<\/strong>,  <strong data-start=\"1329\" data-end=\"1340\">Azuleja<\/strong>  y  <strong data-start=\"1343\" data-end=\"1351\">Dano<\/strong>  pondr\u00e1n  el  ritmo  a  una  tarde  llena  de  contrastes,  estilos  y  mucha  personalidad.<\/p>\n<p style=\"padding-left: 40px;\" data-start=\"1433\" data-end=\"1722\"><strong data-start=\"1433\" data-end=\"1458\">&#x1f4c5;  S\u00e1bado  12  de  julio<\/strong><\/p>\n<p style=\"padding-left: 40px;\" data-start=\"1433\" data-end=\"1722\">El  broche  final  viene  fuerte:<\/p>\n<p style=\"padding-left: 80px;\" data-start=\"1155\" data-end=\"1431\"><strong data-start=\"1155\" data-end=\"1181\">&#x1f4cd;  JARDINES  DE  ALBIA\u00a0<\/strong><\/p>\n<p style=\"padding-left: 120px;\" data-start=\"1155\" data-end=\"1431\"><strong data-start=\"1297\" data-end=\"1313\">La  Prohibida<\/strong><span data-start=\"1297\" data-end=\"1313\">  &#8211;  &#x1f550;<strong>13:15h<\/strong><\/span><\/p>\n<p style=\"padding-left: 120px;\" data-start=\"1155\" data-end=\"1431\"><strong data-start=\"1315\" data-end=\"1327\">Putochinomaric\u00f3n  &#8211;  &#x1f550;  14:45h<\/strong><\/p>\n<p style=\"padding-left: 80px;\" data-start=\"1155\" data-end=\"1431\"><strong data-start=\"1155\" data-end=\"1181\">&#x1f4cd;  ESCENARIO  SAN  MIGUEL  &#8211;  KIOSKO  DE  ARENAL<\/strong><\/p>\n<p style=\"padding-left: 120px;\" data-start=\"1155\" data-end=\"1431\"><span data-start=\"1297\" data-end=\"1313\"><strong data-start=\"1493\" data-end=\"1522\">Sanguijuelas  del  Guadiana  <\/strong>&#8211;  &#x1f550;<strong>12:30h<\/strong><\/span><\/p>\n<p style=\"padding-left: 120px;\" data-start=\"1155\" data-end=\"1431\"><strong data-start=\"1315\" data-end=\"1327\">Ultraligera  &#8211;  &#x1f550;  14:00h<\/strong><\/p>\n<h2 data-start=\"134\" data-end=\"194\"><span style=\"color: #ffcc00;\">Dantza  Plazetan:  dantza  eta  tradizioa  kalera  irteten  dira<\/span><\/h2>\n<p data-start=\"196\" data-end=\"429\">Uda  Bilbon  dantzaz  betetzen  da.  <strong data-start=\"228\" data-end=\"247\">Dantza  Plazetan<\/strong>  ekimenak  euskal  dantza  tradizionala  ekartzen  du  kalera,  giro  alaian  eta  publiko  guztientzat.  Plaza  Arriagan,  bi  larunbat  jarraian,  gure  kultura  bizitzeko  aukera  paregabea  izango  da.<\/p>\n<h3 data-start=\"431\" data-end=\"485\">&#x1f4cd;  Plaza  Arriaga:  dantza  tradizionalaren  agertokia<\/h3>\n<p style=\"padding-left: 40px;\" data-start=\"487\" data-end=\"557\">Uztailaren  bi  larunbatetan,  Plaza  Arriagak  dantzaren  festa  hartuko  du:<\/p>\n<p style=\"padding-left: 40px;\" data-start=\"559\" data-end=\"715\">&#x1f5d3;&#xfe0f;  <strong data-start=\"563\" data-end=\"593\">Uztailaren  12a  \u2013  19:00etan<\/strong><br data-start=\"593\" data-end=\"596\" \/><strong data-start=\"596\" data-end=\"629\">BETI  JAI  ALAI  DANTZARI  TALDEA<\/strong><br data-start=\"629\" data-end=\"632\" \/>Talde  honek  euskal  dantzen  alarde  bikaina  eskainiko  du,  indar  eta  dotoreziaz  betea.<\/p>\n<p style=\"padding-left: 40px;\" data-start=\"717\" data-end=\"896\">&#x1f5d3;&#xfe0f;  <strong data-start=\"721\" data-end=\"751\">Uztailaren  19a  \u2013  19:00etan<\/strong><br data-start=\"751\" data-end=\"754\" \/><strong data-start=\"754\" data-end=\"783\">BIHOTZ  ALAI  DANTZA  TALDEA<\/strong><br data-start=\"783\" data-end=\"786\" \/>Santurtzitik  datorren  talde  honek  dantza  alaiak,  jantzi  tradizionalak  eta  giro  alaia  ekarriko  di<\/p>\n<h2><span style=\"color: #ffcc00;\"><strong>KaleKA  2025  \u2013  Lekeition:  artea  kalean<\/strong><\/span><\/h2>\n<p><strong>Uztailaren  4tik  6ra<\/strong>,  Lekeitio  artez  beteko  da.  Antzerkia,  dantza  eta  kale-ikuskizunak  publiko  guztientzat,  arrantzale  etxeen  artean  &#x1f449;&#x1f3fd;  <a href=\"https:\/\/kaleka.eus\/es\/inicio-es\/\">Programa  osoa<\/a><\/p>\n<p>Egun-pasa  egiteko  plan  zoragarria:  paseatu,  zerbait  hartu  portuan  eta  uzten  utzi  harritzen.<\/p>\n<h2><span style=\"color: #ffcc00;\"><strong>Getxoko  Portu  Zaharrera  bisita  antzeztua<\/strong><\/span><\/h2>\n<p>Getxoko  Portu  Zaharra  liluragarria  da:  harbide  estuak,  koloretako  leihoak  eta  sardinen  usaina.  Bisita  honetan,  pertsonaia  berezi  batek  umorez  eta  istorioz  gidatuko  zaitu  bazterretatik.<\/p>\n<p>&#x1f4c5;  <strong>Uztailaren  5a,  12a,  19a  eta  26a<\/strong>  \u2013  &#x1f55a;  11:00etan<br \/>\n&#x1f4cd;  <strong>Irteera<\/strong>:  Turismo  Bulegoa  (Ereaga  hondartza)<br \/>\n&#x1f4b6;  <strong>Prezioa<\/strong>:  6  \u20ac  (12  urtetik  beherakoentzat,  doan)<\/p>\n<hr \/>\n<h3><strong>Gastronomia  eta  bistak:  zaporezko  ibilbideak<\/strong><\/h3>\n<p>Pintxoak,  parrillak,  taloak,  portuko  arrain  freskoa&#8230;  uda  honetan,  gozatu  ezazu  dastamena  biziz.  Bizkaiko  terraza  eta  ibilbide  gastronomikoak  zure  zain  daude.  Ez  dago  plan  hoberik  mendi  artean  edo  itsasoari  begira  mokadutxo  bat  hartzea  baino.<\/p>\n<p>&#x1f37d;&#xfe0f;  <strong>DastatuArte  Food  &amp;  Art  2025  \u2013  Gorliz<\/strong><br \/>\n<strong>Uztailaren  4,  5  eta  6an<\/strong>,  Gorlizek  gastronomia  eta  artisautza  uztartuko  ditu  udalerriko  bihotzean.  Paseatu,  gozatu  eta  ezagutu  tokiko  produktuak  eta  artisauek  sortzen  dutena.<\/p>\n<p>&nbsp;<\/p>\n<p>&nbsp;<\/p>\n<p>Prest  uztaileko  plan  ahaztezinez  betetzeko?  Uda  honetan,  Bizkaiak  esperientzia  zirraragarriak  eskaintzen  dizkizu.  Harritu,  ikasi  eta  gozatzeko  proposamen  ugari  aurkituko  dituzu.  Artea,  musika,  istorioak  eta  zaporeak  batzen  dira  txoko  bakoitzean.<br \/>\nEz  utzi  ezer  kontatzeko.  Zatoz  eta  bizi  ezazu  uda  honen  magia  Bizkaian.<\/p>\n<p>Bizkaia  zure  zain  dago.  Zatoz  eta  bizi  ezazu  uda  biziz,  pozez  eta  oroitzapenez  beterik.<\/p>\n<p>&nbsp;<\/p>\n<p><a href=\"https:\/\/www.disfrutabizkaia.com\/eu\/lo-egin\/\"><img loading=\"lazy\" decoding=\"async\" class=\"aligncenter wp-image-3557 size-full\" src=\"https:\/\/www.disfrutabizkaia.com\/blog\/wp-content\/uploads\/2019\/09\/Banner-alojamiento-disfruta-bizkaia-blog.gif\" alt=\"D\u00f3nde dormir en Bilbao y Bizkaia\" width=\"678\" height=\"181\" \/><\/a><\/p>\n<div class=\"crp-list-container\"><h3 class=\"crp-list-title\">Related Posts<\/h3><ul class=\"crp-list\"><li class=\"crp-list-item crp-list-item-image-left crp-list-item-has-image\"><div class=\"crp-list-item-image\"><a href=\"https:\/\/www.disfrutabizkaia.com\/blog\/eu\/bilbao-blues-festival-2025\/\" target=\"_blank\"><img loading=\"lazy\" decoding=\"async\" data-pin-nopin=\"true\" style=\"max-width: 100px; height: auto;\" width=\"100\" height=\"67\" src=\"https:\/\/www.disfrutabizkaia.com\/blog\/wp-content\/uploads\/2025\/07\/NUEVO-destacado-BLOG-Disfruta-560x315-55-372x248.jpg\" class=\"attachment-100x100 size-100x100\" alt=\"\" \/><\/a><\/div><div class=\"crp-list-item-title\"><a href=\"https:\/\/www.disfrutabizkaia.com\/blog\/eu\/bilbao-blues-festival-2025\/\" target=\"_blank\">Bilbao Blues Festival 2025<\/a><\/div><\/li><li class=\"crp-list-item crp-list-item-image-left crp-list-item-has-image\"><div class=\"crp-list-item-image\"><a href=\"https:\/\/www.disfrutabizkaia.com\/blog\/eu\/bilboko-kalealdia-2025\/\" target=\"_blank\"><img loading=\"lazy\" decoding=\"async\" data-pin-nopin=\"true\" style=\"max-width: 100px; height: auto;\" width=\"100\" height=\"67\" src=\"https:\/\/www.disfrutabizkaia.com\/blog\/wp-content\/uploads\/2025\/06\/NUEVO-destacado-BLOG-Disfruta-560x315-49-372x248.jpg\" class=\"attachment-100x100 size-100x100\" alt=\"\" \/><\/a><\/div><div class=\"crp-list-item-title\"><a href=\"https:\/\/www.disfrutabizkaia.com\/blog\/eu\/bilboko-kalealdia-2025\/\" target=\"_blank\">Bilboko Kalealdia 2025<\/a><\/div><\/li><\/ul><\/div>\n","protected":false},"excerpt":{"rendered":"<p>Bizkaia  biziz  betetzen  da  uztailean.  Aireak  gatza,  mendia  eta  jai  herrikoien  usaina  du,  eta  bazter  guztietan  zabaltzen  da  alaitasuna  eta  tradizioa.  Lehen  aldiz  bisitatzen  duenarentzat  zein  betidanik  maite  duenarentzat,  uda  honetan  denok  dugu  zer  deskubritu:  txoko  bereziak,  betiko  zaporeak  eta&#8230;  <a class=\"more-link\" href=\"https:\/\/www.disfrutabizkaia.com\/blog\/eu\/uztaila-bizkaian-esperientziaz-beteriko-hilabetea\/\">Continue  Reading  &rarr;<\/a><\/p>\n","protected":false},"author":2,"featured_media":7124,"comment_status":"open","ping_status":"closed","sticky":false,"template":"","format":"standard","meta":{"_acf_changed":false,"footnotes":""},"categories":[33,55,56],"tags":[],"class_list":["post-7116","post","type-post","status-publish","format-standard","has-post-thumbnail","hentry","category-gozatu-bizkaia","category-haurrekin-egiteko-planak","category-zer-egin"],"acf":[],"_links":{"self":[{"href":"https:\/\/www.disfrutabizkaia.com\/blog\/eu\/wp-json\/wp\/v2\/posts\/7116","targetHints":{"allow":["GET"]}}],"collection":[{"href":"https:\/\/www.disfrutabizkaia.com\/blog\/eu\/wp-json\/wp\/v2\/posts"}],"about":[{"href":"https:\/\/www.disfrutabizkaia.com\/blog\/eu\/wp-json\/wp\/v2\/types\/post"}],"author":[{"embeddable":true,"href":"https:\/\/www.disfrutabizkaia.com\/blog\/eu\/wp-json\/wp\/v2\/users\/2"}],"replies":[{"embeddable":true,"href":"https:\/\/www.disfrutabizkaia.com\/blog\/eu\/wp-json\/wp\/v2\/comments?post=7116"}],"version-history":[{"count":8,"href":"https:\/\/www.disfrutabizkaia.com\/blog\/eu\/wp-json\/wp\/v2\/posts\/7116\/revisions"}],"predecessor-version":[{"id":7157,"href":"https:\/\/www.disfrutabizkaia.com\/blog\/eu\/wp-json\/wp\/v2\/posts\/7116\/revisions\/7157"}],"wp:featuredmedia":[{"embeddable":true,"href":"https:\/\/www.disfrutabizkaia.com\/blog\/eu\/wp-json\/wp\/v2\/media\/7124"}],"wp:attachment":[{"href":"https:\/\/www.disfrutabizkaia.com\/blog\/eu\/wp-json\/wp\/v2\/media?parent=7116"}],"wp:term":[{"taxonomy":"category","embeddable":true,"href":"https:\/\/www.disfrutabizkaia.com\/blog\/eu\/wp-json\/wp\/v2\/categories?post=7116"},{"taxonomy":"post_tag","embeddable":true,"href":"https:\/\/www.disfrutabizkaia.com\/blog\/eu\/wp-json\/wp\/v2\/tags?post=7116"}],"curies":[{"name":"wp","href":"https:\/\/api.w.org\/{rel}","templated":true}]}}