{"id":1023,"date":"2024-10-21T10:00:16","date_gmt":"2024-10-21T08:00:16","guid":{"rendered":"https:\/\/www.disfrutabizkaia.com\/blog\/?p=1023"},"modified":"2024-10-30T08:59:16","modified_gmt":"2024-10-30T07:59:16","slug":"bime-live-festival-musica-otono","status":"publish","type":"post","link":"https:\/\/www.disfrutabizkaia.com\/blog\/bime-live-festival-musica-otono\/","title":{"rendered":"BIME Live. Festival de oto\u00f1o en Bilbao"},"content":{"rendered":"<p>Los festivales de m\u00fasica no son s\u00f3lo para el verano, en Bizkaia tambi\u00e9n los celebramos\u00a0 en pleno oto\u00f1o: <strong><em>BIME Live<\/em><\/strong> llenar\u00e1 de m\u00fasica diferentes zonas de Bilbao durante 4 d\u00edas. <!--more--><\/p>\r\n<p>Probablemente, muchos conocer\u00e9is BIME como el festival de m\u00fasica europeo en el que ver y escuchar en directo a las bandas m\u00e1s representativas de la actualidad musical internacional, o donde conocer las novedades discogr\u00e1ficas. Pero \u00bfsab\u00edais que tambi\u00e9n es un encuentro profesional en el que el sector de los festivales, la m\u00fasica en directo y las discogr\u00e1ficas intercambian experiencias con otros sectores como las nuevas tecnolog\u00edas, la fotograf\u00eda los videojuegos? BIME se divide en punto de <strong>encuentro profesional (BIME PRO)<\/strong> y en un evento de <strong>conciertos de m\u00fasica para el p\u00fablico festivalero (BIME LIVE)<\/strong>.<\/p>\r\n<p>Adem\u00e1s de <strong>llevar m\u00fasica en directo al centro de Bilbao con conciertos, tambi\u00e9n ofrecer\u00e1n actividades gratuitas<\/strong> en diferentes espacios y salas. Tendr\u00e1s la oportunidad de disfrutar de m\u00fasica de todos los rincones del mundo con m\u00e1s de 90 showcases presentados por artistas de Alemania, Argentina, Canad\u00e1, Chile, Colombia, Espa\u00f1a, Hungr\u00eda, M\u00e9xico, Pa\u00edses Bajos, Palestina, Per\u00fa, Portugal y Rep\u00fablica Dominicana.<\/p>\r\n<h3>\u00bfCu\u00e1ndo y d\u00f3nde se celebra el festival BIME?<\/h3>\r\n<ul>\r\n<li><strong>BIME Pro: Evento profesional.<\/strong> Del 29 al 31 de octubre con una amplia programaci\u00f3n de actividades dirigidas al p\u00fablico profesional en el Palacio Euskalduna.<\/li>\r\n<li><strong>BIME Live: M\u00fasica en directo y actividades paralelas<\/strong> de acceso libre hasta completar aforo. Del 24 de octubre al 2 de noviembre en diferentes espacios repartidos por Bilbao. Los conciertos se celebrar\u00e1n del 29 de octubre al 1 de noviembre.<\/li>\r\n<\/ul>\r\n<h2><span style=\"color: #ffcc00;\">El festival BIME Live trae a Bilbao conciertos gratis<\/span><\/h2>\r\n<p><a href=\"https:\/\/bime.org\/live\/horarios-de-bime-live-bogota-2023\/?_gl=1*1ih6oq2*_up*MQ..*_ga*NTk4NTQ4NzYwLjE3MzAyNzM1NDc.*_ga_XPBHTL7N81*MTczMDI3MzU0Ny4xLjEuMTczMDI3MzU2OS4wLjAuMA\"><strong><em><span style=\"color: #ffcc00;\">BIME Live<\/span><\/em><\/strong><\/a>, dar\u00e1 comienzo el martes 29 por la ma\u00f1ana y finalizar\u00e1 la noche del viernes 2 de noviembre con conciertos y actividades paralelas.<\/p>\r\n<p>Ser\u00e1n casi 100 conciertos y actividades<strong> con acceso gratuito<\/strong>, en 19 espacios situados en distintas salas de Bilbao:<\/p>\r\n<p>El festival trae a artistas de todo el mundo para disfrute del p\u00fablico amante de los conciertos y el acceso ser\u00e1 libre hasta completar aforo. <img loading=\"lazy\" decoding=\"async\" class=\"alignright wp-image-6645 \" src=\"https:\/\/www.disfrutabizkaia.com\/blog\/wp-content\/uploads\/2023\/10\/BIMELIVE_cartel_Bizkaia_Bilbao_Disfruta-Bizkaia.jpg\" alt=\"\" width=\"356\" height=\"508\" srcset=\"https:\/\/www.disfrutabizkaia.com\/blog\/wp-content\/uploads\/2023\/10\/BIMELIVE_cartel_Bizkaia_Bilbao_Disfruta-Bizkaia.jpg 1792w, https:\/\/www.disfrutabizkaia.com\/blog\/wp-content\/uploads\/2023\/10\/BIMELIVE_cartel_Bizkaia_Bilbao_Disfruta-Bizkaia-210x300.jpg 210w, https:\/\/www.disfrutabizkaia.com\/blog\/wp-content\/uploads\/2023\/10\/BIMELIVE_cartel_Bizkaia_Bilbao_Disfruta-Bizkaia-717x1024.jpg 717w, https:\/\/www.disfrutabizkaia.com\/blog\/wp-content\/uploads\/2023\/10\/BIMELIVE_cartel_Bizkaia_Bilbao_Disfruta-Bizkaia-768x1097.jpg 768w, https:\/\/www.disfrutabizkaia.com\/blog\/wp-content\/uploads\/2023\/10\/BIMELIVE_cartel_Bizkaia_Bilbao_Disfruta-Bizkaia-1075x1536.jpg 1075w, https:\/\/www.disfrutabizkaia.com\/blog\/wp-content\/uploads\/2023\/10\/BIMELIVE_cartel_Bizkaia_Bilbao_Disfruta-Bizkaia-1434x2048.jpg 1434w, https:\/\/www.disfrutabizkaia.com\/blog\/wp-content\/uploads\/2023\/10\/BIMELIVE_cartel_Bizkaia_Bilbao_Disfruta-Bizkaia-600x857.jpg 600w, https:\/\/www.disfrutabizkaia.com\/blog\/wp-content\/uploads\/2023\/10\/BIMELIVE_cartel_Bizkaia_Bilbao_Disfruta-Bizkaia-945x1350.jpg 945w\" sizes=\"auto, (max-width: 356px) 100vw, 356px\" \/><span style=\"font-size: inherit; color: initial;\">Uno de los mejores planes de ocio para este oto\u00f1o en Bizkaia, sin duda. Una vez m\u00e1s podremos disfrutar en directo de las mejor m\u00fasica, y esta edici\u00f3n habr\u00e1 estilos para casi todos los gustos y se podr\u00e1 disfrutar de showcases, conciertos y dj sets.<\/span><\/p>\r\n<h3><span style=\"color: #ffcc00;\">BIME Luthier Show<\/span><\/h3>\r\n<p>La primera edici\u00f3n de la feria BIME Luthier Show se llevar\u00e1 a cabo en Bilbao del 31 de octubre al 2 de noviembre de 2024.<\/p>\r\n<p>Este evento internacional tendr\u00e1 como protagonistas a los instrumentos musicales artesanales. La feria busca ser el punto de encuentro para luthiers de diversas partes del mundo, donde se podr\u00e1n exhibir todo tipo de instrumentos de cuerda artesanales \u00a1y mucho m\u00e1s!<\/p>\r\n<h3><strong><span style=\"color: #ffcc00;\">\u00bfCu\u00e1nto cuesta la entrada al festival profesional BIME Pro y BIME Campus?<\/span> <\/strong><\/h3>\r\n<ul>\r\n<li>\r\n<p>BIME Pro: 179\u20ac + gastos de gesti\u00f3n<\/p>\r\n<\/li>\r\n<li>\r\n<p>BIME Campus: 66\u20ac + gastos de gesti\u00f3n (Entrada exclusiva para estudiantes y menores de 28 a\u00f1os)<\/p>\r\n<\/li>\r\n<li>BIME Online: 19\u20ac + gastos de gesti\u00f3n.<\/li>\r\n<\/ul>\r\n<p><a href=\"https:\/\/bime.org\/pro\/tickets\/\">CONSULTA TIPO DE ENTRADAS Y CONDICIONES<\/a> <br \/><br \/><img loading=\"lazy\" decoding=\"async\" class=\"wp-image-6647  alignleft\" src=\"https:\/\/www.disfrutabizkaia.com\/blog\/wp-content\/uploads\/2023\/10\/mapa_BIME-Live-Bilbao_Bizkaia_DisfrutaBizkaia.jpg\" alt=\"\" width=\"242\" height=\"431\" srcset=\"https:\/\/www.disfrutabizkaia.com\/blog\/wp-content\/uploads\/2023\/10\/mapa_BIME-Live-Bilbao_Bizkaia_DisfrutaBizkaia.jpg 640w, https:\/\/www.disfrutabizkaia.com\/blog\/wp-content\/uploads\/2023\/10\/mapa_BIME-Live-Bilbao_Bizkaia_DisfrutaBizkaia-169x300.jpg 169w, https:\/\/www.disfrutabizkaia.com\/blog\/wp-content\/uploads\/2023\/10\/mapa_BIME-Live-Bilbao_Bizkaia_DisfrutaBizkaia-576x1024.jpg 576w, https:\/\/www.disfrutabizkaia.com\/blog\/wp-content\/uploads\/2023\/10\/mapa_BIME-Live-Bilbao_Bizkaia_DisfrutaBizkaia-600x1067.jpg 600w\" sizes=\"auto, (max-width: 242px) 100vw, 242px\" \/><\/p>\r\n<p>Os animamos a consultar la programaci\u00f3n de <a title=\"www.elcorreo.com\" href=\"https:\/\/bime.org\/\" target=\"_blank\" rel=\"noopener\" data-voc-vtm-id=\"in-text-traffic\" data-mrf-link=\"https:\/\/www.elcorreo.com\/temas\/generales\/bime.html\">Bime Live Festival<\/a> \u00a0y disfrutar de los conciertos y actividades en diferentes espacios del mapa <strong>La entrada es gratuita, hasta completar aforo.<\/strong><\/p>\r\n<p>Como veis, durante 4 d\u00edas, los amantes de los festivales y la m\u00fasica en directo podr\u00e1n conocer en Bilbao las \u00faltimas novedades discogr\u00e1ficas y disfrutar de los mejores conciertos del panorama musical m\u00e1s actual venida de todas partes del mundo. \u00a0<\/p>\r\n<p>&nbsp;<\/p>\r\n<p>&#x1f557; Recuerda que la madrugada del 26 al 27 cambiamos la hora y podr\u00e1s disfrutar de la noche y locales de Bilbao durante una hora m\u00e1s. Si no conoces Bilbao y buscas <a href=\"https:\/\/www.disfrutabizkaia.com\/comer-beber\/restaurantes\/?nombre=&amp;localidad=-1&amp;zona=-1&amp;categorias%5B%5D=19&amp;order=ASC\">locales para disfrutar del ocio nocturno<\/a>, puedes encontrarlos en nuestra web tur\u00edstica.<\/p>\r\n<p>&nbsp;<\/p>\r\n<p><a href=\"https:\/\/www.disfrutabizkaia.com\/comer-beber\/restaurantes\/?nombre=&amp;localidad=Bilbao&amp;zona=-1&amp;categorias%5B%5D=18&amp;categorias%5B%5D=17&amp;order=ASC\"><img loading=\"lazy\" decoding=\"async\" class=\"ls-is-cached lazyloaded wp-image-3546 aligncenter\" src=\"https:\/\/www.disfrutabizkaia.com\/blog\/wp-content\/uploads\/2020\/04\/Desktop_restaurantes.gif\" alt=\"D\u00f3nde comer o cenar en Bilbao\" width=\"678\" height=\"181\" data-src=\"https:\/\/www.disfrutabizkaia.com\/blog\/wp-content\/uploads\/2020\/04\/Desktop_restaurantes.gif\" \/><\/a><\/p>\r\n<h4><!-- \/wp:post-content -->\r\n\r\n<!-- wp:image {\"id\":3540} --><\/h4>\r\n<figure class=\"wp-block-image\"><\/figure>\r\n<h4><!-- \/wp:image -->\r\n\r\n<!-- wp:paragraph --><\/h4>\r\n<p><span style=\"color: #ffcc00;\"><a style=\"color: #ffcc00;\" href=\"https:\/\/www.disfrutabizkaia.com\/\" target=\"_blank\" rel=\"noreferrer noopener\"><strong>Disfruta Bizkaia<\/strong><\/a> <\/span>ocio, gastronom\u00eda y turismo, en una misma web.<br \/><div class=\"crp-list-container\"><h3 class=\"crp-list-title\">Related Posts<\/h3><ul class=\"crp-list\"><li class=\"crp-list-item crp-list-item-image-left crp-list-item-has-image\"><div class=\"crp-list-item-image\"><a href=\"https:\/\/www.disfrutabizkaia.com\/blog\/planes-en-familia-para-este-otono\/\" target=\"_blank\"><img loading=\"lazy\" decoding=\"async\" data-pin-nopin=\"true\" style=\"max-width: 100px; height: auto;\" width=\"100\" height=\"67\" src=\"https:\/\/www.disfrutabizkaia.com\/blog\/wp-content\/uploads\/2024\/10\/NUEVO-destacado-BLOG-Disfruta-560x315-33-1-372x248.jpg\" class=\"attachment-100x100 size-100x100\" alt=\"\" \/><\/a><\/div><div class=\"crp-list-item-title\"><a href=\"https:\/\/www.disfrutabizkaia.com\/blog\/planes-en-familia-para-este-otono\/\" target=\"_blank\">Oto\u00f1o en Bizkaia. Planes para disfrutar en familia<\/a><\/div><\/li><li class=\"crp-list-item crp-list-item-image-left crp-list-item-has-image\"><div class=\"crp-list-item-image\"><a href=\"https:\/\/www.disfrutabizkaia.com\/blog\/planes-para-este-puente-en-bizkaia\/\" target=\"_blank\"><img loading=\"lazy\" decoding=\"async\" data-pin-nopin=\"true\" style=\"max-width: 100px; height: auto;\" width=\"100\" height=\"67\" src=\"https:\/\/www.disfrutabizkaia.com\/blog\/wp-content\/uploads\/2024\/10\/NUEVO-destacado-BLOG-Disfruta-560x315-36-372x248.jpg\" class=\"attachment-100x100 size-100x100\" alt=\"\" \/><\/a><\/div><div class=\"crp-list-item-title\"><a href=\"https:\/\/www.disfrutabizkaia.com\/blog\/planes-para-este-puente-en-bizkaia\/\" target=\"_blank\">Planes para este puente en Bizkaia<\/a><\/div><\/li><li class=\"crp-list-item crp-list-item-image-left crp-list-item-has-image\"><div class=\"crp-list-item-image\"><a href=\"https:\/\/www.disfrutabizkaia.com\/blog\/que-hacer-un-fin-de-semana-en-bilbao\/\" target=\"_blank\"><img loading=\"lazy\" decoding=\"async\" data-pin-nopin=\"true\" style=\"max-width: 100px; height: auto;\" width=\"100\" height=\"67\" src=\"https:\/\/www.disfrutabizkaia.com\/blog\/wp-content\/uploads\/2019\/02\/Bilbao_panoramica_verano-Fotolia_141970894_S-372x248.jpg\" class=\"attachment-100x100 size-100x100\" alt=\"bilbao-ver-hacer-fin-de-semana-escapadas-turismo\" srcset=\"https:\/\/www.disfrutabizkaia.com\/blog\/wp-content\/uploads\/2019\/02\/Bilbao_panoramica_verano-Fotolia_141970894_S-372x248.jpg 372w, https:\/\/www.disfrutabizkaia.com\/blog\/wp-content\/uploads\/2019\/02\/Bilbao_panoramica_verano-Fotolia_141970894_S-300x200.jpg 300w, https:\/\/www.disfrutabizkaia.com\/blog\/wp-content\/uploads\/2019\/02\/Bilbao_panoramica_verano-Fotolia_141970894_S-768x512.jpg 768w, https:\/\/www.disfrutabizkaia.com\/blog\/wp-content\/uploads\/2019\/02\/Bilbao_panoramica_verano-Fotolia_141970894_S-600x400.jpg 600w, https:\/\/www.disfrutabizkaia.com\/blog\/wp-content\/uploads\/2019\/02\/Bilbao_panoramica_verano-Fotolia_141970894_S.jpg 849w\" sizes=\"auto, (max-width: 100px) 100vw, 100px\" \/><\/a><\/div><div class=\"crp-list-item-title\"><a href=\"https:\/\/www.disfrutabizkaia.com\/blog\/que-hacer-un-fin-de-semana-en-bilbao\/\" target=\"_blank\">Qu\u00e9 hacer un fin de semana en Bilbao<\/a><\/div><\/li><\/ul><\/div><\/p>","protected":false},"excerpt":{"rendered":"<p>Los festivales de m\u00fasica no son s\u00f3lo para el verano, en Bizkaia tambi\u00e9n los celebramos\u00a0 en pleno oto\u00f1o: BIME Live llenar\u00e1 de m\u00fasica diferentes zonas de Bilbao durante 4 d\u00edas.<\/p>\n","protected":false},"author":2,"featured_media":6649,"comment_status":"open","ping_status":"open","sticky":false,"template":"","format":"standard","meta":{"_acf_changed":false,"footnotes":""},"categories":[1,47],"tags":[],"class_list":["post-1023","post","type-post","status-publish","format-standard","has-post-thumbnail","hentry","category-disfruta-bizkaia","category-planes"],"acf":[],"_links":{"self":[{"href":"https:\/\/www.disfrutabizkaia.com\/blog\/wp-json\/wp\/v2\/posts\/1023","targetHints":{"allow":["GET"]}}],"collection":[{"href":"https:\/\/www.disfrutabizkaia.com\/blog\/wp-json\/wp\/v2\/posts"}],"about":[{"href":"https:\/\/www.disfrutabizkaia.com\/blog\/wp-json\/wp\/v2\/types\/post"}],"author":[{"embeddable":true,"href":"https:\/\/www.disfrutabizkaia.com\/blog\/wp-json\/wp\/v2\/users\/2"}],"replies":[{"embeddable":true,"href":"https:\/\/www.disfrutabizkaia.com\/blog\/wp-json\/wp\/v2\/comments?post=1023"}],"version-history":[{"count":49,"href":"https:\/\/www.disfrutabizkaia.com\/blog\/wp-json\/wp\/v2\/posts\/1023\/revisions"}],"predecessor-version":[{"id":6691,"href":"https:\/\/www.disfrutabizkaia.com\/blog\/wp-json\/wp\/v2\/posts\/1023\/revisions\/6691"}],"wp:featuredmedia":[{"embeddable":true,"href":"https:\/\/www.disfrutabizkaia.com\/blog\/wp-json\/wp\/v2\/media\/6649"}],"wp:attachment":[{"href":"https:\/\/www.disfrutabizkaia.com\/blog\/wp-json\/wp\/v2\/media?parent=1023"}],"wp:term":[{"taxonomy":"category","embeddable":true,"href":"https:\/\/www.disfrutabizkaia.com\/blog\/wp-json\/wp\/v2\/categories?post=1023"},{"taxonomy":"post_tag","embeddable":true,"href":"https:\/\/www.disfrutabizkaia.com\/blog\/wp-json\/wp\/v2\/tags?post=1023"}],"curies":[{"name":"wp","href":"https:\/\/api.w.org\/{rel}","templated":true}]}}