{"id":1202,"date":"2025-02-01T11:00:20","date_gmt":"2025-02-01T10:00:20","guid":{"rendered":"https:\/\/www.disfrutabizkaia.com\/blog\/?p=1202"},"modified":"2025-02-04T08:36:02","modified_gmt":"2025-02-04T07:36:02","slug":"aratusteak-carnavales-tradicionales-bizkaia","status":"publish","type":"post","link":"https:\/\/www.disfrutabizkaia.com\/blog\/aratusteak-carnavales-tradicionales-bizkaia\/","title":{"rendered":"Carnavales tradicionales en Bizkaia &#8211; Bizkaiko Aratusteak"},"content":{"rendered":"<p>Descubre el origen de los carnavales tradicionales de Bizkaia y los mejores planes para celebrarlos.<\/p>\n<p>Se acerca el carnaval, sin\u00f3nimo de diversi\u00f3n, disfraces y ejemplo de globalizaci\u00f3n. No importa el lugar ni el disfraz, lo importante es pasarlo bien. Sin embargo, a nosotros nos gusta recordar y celebrar nuestras tradiciones. Por eso os proponemos en este art\u00edculo descubrir <strong><em>Aratusteak<\/em><\/strong>, los carnavales tradicionales de Bizkaia, y otras tradiciones vizca\u00ednas de carnaval.<\/p>\n<p>En la cultura tradicional vasca se habla de <strong>\u201c<em>Basatoste<\/em>\u201d<\/strong> y <strong>\u201c<em>Kanporamartxo<\/em>\u201d<\/strong>,palabras ligadas a ceremonias de invierno ligadas al bosque y la tierra. O de <strong>\u201c<em>Aratuste<\/em>\u201d<\/strong>, la contracci\u00f3n de <em>haragi<\/em> y <em>uzte<\/em> que significa \u201cdejar la carne\u201d, costumbre anta\u00f1o de obligado cumplimiento al acabar el carnaval y comenzar la Cuaresma.<\/p>\n<p>\u00bfQuer\u00e9is saber qu\u00e9 queda en Bizkaia de esas tradiciones de carnaval?<\/p>\n<h3><strong>Os proponemos 5+1 planes tradicionales para celebrar A<em>ratusteak<\/em>\u00a0o los carnavales en Bizkaia:<\/strong><\/h3>\n<h4><span style=\"color: #ffcc00;\"><strong>BASATOSTE, KANPORAMARTXO Y TXITXIBURDUNTZI<\/strong><\/span><\/h4>\n<p>En muchos pueblos de Bizkaia llegadas estas fechas se iba al monte, donde se preparaba una hoguera para asar la carne y chorizo de la matanza (txitxi) ensartados en un palo o\u00a0<em>\u201cburduntzi<\/em>\u201d.<\/p>\n<p>Orozko, Arrigorriaga, Ugao, Zaratamo, Durango ,Ere\u00f1o o Mungia, son algunos de los pueblos donde actualmente se recuerda esta tradici\u00f3n ligada al carnaval.<\/p>\n<h4><span style=\"color: #ffcc00;\"><strong>CARNAVAL\u00a0 MINERO<\/strong><\/span><\/h4>\n<p>En la zona minera de Bizkaia el fuego y el humo son los protagonistas de los antiguos carnavales rurales.<\/p>\n<p><strong>\u00bfD\u00f3nde y Cu\u00e1ndo? &#x1f449;&#x1f3fb; El 1de marzo en Gallarta y el 8 de marzo en Sanfuentes.<\/strong><\/p>\n<p><em>A partir de las 11 de la ma\u00f1ana Meatzaldeko Harrigorria Dantza Taldea<\/em> comenzar\u00e1 a despertar Gallarta a ritmo de m\u00fasica y danzas de su tradicional Kale Eskea. Y por la tarde, a las 17:30 en Gallarta y a las 18:00 en Sanfuentes, dar\u00e1 comienzo la Gran Bajada de Carnaval que lo abrir\u00e1 <em>Meatzaldeko Harrigorria Dantza Taldea<\/em> recreando su carnaval rural minero. Al final del desfile se lleva a cabo la quema de Bizkarbaltza, personaje central del Carnaval completando el ritual con la quema del mal.<\/p>\n<p>Una mezcla de historia y mitolog\u00eda, representado por estos curiosos personajes: El personaje principal <em>Bizkarbaltza<\/em>\u00a0 (una figura negra con cabeza de animal, que representa el mal y las enfermedades como el c\u00f3lera que afect\u00f3 a los mineros) <em>Hartza<\/em> (que se despertar\u00e1 de su letargo invernal y bajar\u00e1 desde el monte domado por el Artzain), <em>Zangaluzea <\/em>(que representa el hambre), <em>Artauntxoa<\/em> (el protector del ganado), las <em>sorginak<\/em> protectoras o los <em>mozorroak<\/em> (personajes de carnaval con una vestimenta de saco semejante a la que usaban los mineros).<\/p>\n<p>&#x1f9d0; Si quer\u00e9is saber m\u00e1s sobre esta tradici\u00f3n, encontrar\u00e9is su historia y la programaci\u00f3n de actividades en la web de<a href=\"https:\/\/www.abantokoaratusteak.com\/\"><em> Abantoko Aratusteak<\/em><\/a><\/p>\n<div id=\"attachment_1212\" style=\"width: 810px\" class=\"wp-caption aligncenter\"><img loading=\"lazy\" decoding=\"async\" aria-describedby=\"caption-attachment-1212\" class=\"wp-image-1212 size-full\" src=\"https:\/\/www.disfrutabizkaia.com\/blog\/wp-content\/uploads\/2018\/02\/Abantoko-Landa-Meatze-Aratusteak-Carnavales-rurales-mineros-de-Abanto-Bizkaia.jpg\" alt=\"Carnavales rurales mineros de Abanto Bizkaia \" width=\"800\" height=\"391\" srcset=\"https:\/\/www.disfrutabizkaia.com\/blog\/wp-content\/uploads\/2018\/02\/Abantoko-Landa-Meatze-Aratusteak-Carnavales-rurales-mineros-de-Abanto-Bizkaia.jpg 800w, https:\/\/www.disfrutabizkaia.com\/blog\/wp-content\/uploads\/2018\/02\/Abantoko-Landa-Meatze-Aratusteak-Carnavales-rurales-mineros-de-Abanto-Bizkaia-300x147.jpg 300w, https:\/\/www.disfrutabizkaia.com\/blog\/wp-content\/uploads\/2018\/02\/Abantoko-Landa-Meatze-Aratusteak-Carnavales-rurales-mineros-de-Abanto-Bizkaia-768x375.jpg 768w, https:\/\/www.disfrutabizkaia.com\/blog\/wp-content\/uploads\/2018\/02\/Abantoko-Landa-Meatze-Aratusteak-Carnavales-rurales-mineros-de-Abanto-Bizkaia-600x293.jpg 600w\" sizes=\"auto, (max-width: 800px) 100vw, 800px\" \/><p id=\"caption-attachment-1212\" class=\"wp-caption-text\">Meatzaldeko Harrigorria Dantza Taldea<br \/>Imagen cortes\u00eda de: Abantoko Landa-Meatze Aratusteak<\/p><\/div>\n<h4><span style=\"color: #ffcc00;\"><strong>ATORRAK Y LAMIAK EN LOS ARATUSTE DE MUNDAKA<\/strong><\/span><\/h4>\n<p><strong>\u00bfD\u00f3nde y Cu\u00e1ndo?&#x1f449;&#x1f3fb; En Mundaka, el Domingo de Carnaval (2 de marzo 2025)\u00a0<\/strong><\/p>\n<p>En <span style=\"color: #ffcc00;\"><a style=\"color: #ffcc00;\" href=\"https:\/\/www.disfrutabizkaia.com\/que-hacer\/pueblos-pesqueros\/mundaka\/c-537\/\" target=\"_blank\" rel=\"noopener noreferrer\">Mundaka<\/a> <\/span>se celebra una de las tradiciones m\u00e1s singulares de Bizkaia. Una costumbre \u00fanica en la que los hombres ataviados de <strong><em>atorrak<\/em><\/strong> y las mujeres de <strong><em>lamiak<\/em><\/strong> recorren por separado las calles de este precioso pueblo costero.<\/p>\n<p>Por la ma\u00f1ana los <em>atorrak<\/em> y por la tarde las <em>lamiak<\/em> festejan los tradicionales aratusteak de una manera peculiar. Una fiesta que ning\u00fan mundaqu\u00e9s quiere perderse:<\/p>\n<p><strong>Los A<em>torrak<\/em> reciben su nombre de su curiosa indumentaria, <\/strong>s\u00edmbolo de los carnavales de Mundaka: Blusa blanca (atorra) y pantal\u00f3n blanco cubiertos por una falda y\u2026 una funda de almohada en la cabeza.<\/p>\n<p>Cuenta la leyenda, que un d\u00eda el conde Ant\u00f3n Erreka lleg\u00f3 a casa con unas copas de m\u00e1s y su mujer lo ech\u00f3 a la calle a escobazos, \u00e9l escap\u00f3 a la calle pero se visti\u00f3 sin darse cuenta las enaguas de su mujer. Al verle, los vecinos le imitaron y celebraron una gran romer\u00eda que se record\u00f3 cada a\u00f1o convirti\u00e9ndose en tradici\u00f3n popular.<\/p>\n<p>La celebraci\u00f3n comienza frente a la casa de Jose Mar\u00eda Eguileor\u00a0 y contin\u00faa con una ronda por Mundaka en la que acompa\u00f1ados de instrumentos se cantan estribillos como \u00e9stos:<em>\u00a0\u201cAratuste zara, Aratuste, mundakarrentzat egun obarik ez\u201d (Carnaval, Carnaval, para los mundakarras no hay un d\u00eda mejor)<\/em><\/p>\n<p>Mientras, los atorrak se divierten y hacen de las suyas, como trepar a los balcones de las cocinas para robar las famosas tostadas de carnaval.<\/p>\n<div id=\"attachment_733\" style=\"width: 650px\" class=\"wp-caption aligncenter\"><img loading=\"lazy\" decoding=\"async\" aria-describedby=\"caption-attachment-733\" class=\"size-full wp-image-733\" src=\"https:\/\/www.disfrutabizkaia.com\/blog\/wp-content\/uploads\/2017\/02\/Mundaka-Turismo-Atorrak.jpg\" alt=\"Atorrak carnavales en Mundaka\" width=\"640\" height=\"426\" srcset=\"https:\/\/www.disfrutabizkaia.com\/blog\/wp-content\/uploads\/2017\/02\/Mundaka-Turismo-Atorrak.jpg 640w, https:\/\/www.disfrutabizkaia.com\/blog\/wp-content\/uploads\/2017\/02\/Mundaka-Turismo-Atorrak-300x200.jpg 300w, https:\/\/www.disfrutabizkaia.com\/blog\/wp-content\/uploads\/2017\/02\/Mundaka-Turismo-Atorrak-600x399.jpg 600w\" sizes=\"auto, (max-width: 640px) 100vw, 640px\" \/><p id=\"caption-attachment-733\" class=\"wp-caption-text\">Imagen: Mundaka Turismo<\/p><\/div>\n<p>Por la tarde, las mujeres se suman a la fiesta, caracterizadas de <em>lamiak<\/em>, vestidas de negro, con la cara y peluca blancas y maquilladas como lo deb\u00edan de hacer las brujas de Lamiaran (el lugar donde habitaban las <em>Lamiak<\/em> entre Mundaka y Bermeo).<\/p>\n<div id=\"attachment_5817\" style=\"width: 310px\" class=\"wp-caption alignleft\"><img loading=\"lazy\" decoding=\"async\" aria-describedby=\"caption-attachment-5817\" class=\"size-medium wp-image-5817\" src=\"https:\/\/www.disfrutabizkaia.com\/blog\/wp-content\/uploads\/2023\/02\/GL_lamiak-300x171.jpg\" alt=\"\" width=\"300\" height=\"171\" srcset=\"https:\/\/www.disfrutabizkaia.com\/blog\/wp-content\/uploads\/2023\/02\/GL_lamiak-300x171.jpg 300w, https:\/\/www.disfrutabizkaia.com\/blog\/wp-content\/uploads\/2023\/02\/GL_lamiak.jpg 385w\" sizes=\"auto, (max-width: 300px) 100vw, 300px\" \/><p id=\"caption-attachment-5817\" class=\"wp-caption-text\">Foto de euskadi.eus<\/p><\/div>\n<p>El ambiente festivo, las canciones y pasacalles animar\u00e1n Mundaka durante toda la jornada. \u00a1Atorrak y Lamiak, una tradici\u00f3n digna de ser vivida!<\/p>\n<h4><span style=\"color: #ffcc00;\"><strong>CARNAVALES DE MARKINA-XEMEIN: <\/strong><strong>ZARAGI-DANTZA eta HARTZA<\/strong><\/span><\/h4>\n<p><strong>\u00bfD\u00f3nde? &#x1f449;&#x1f3fb; En Markina-Xemein, en la comarca de Lea Artibai.<\/strong><\/p>\n<p><strong>\u00bfCu\u00e1ndo? &#x1f449;&#x1f3fb;Domingo 2 de marzo.<\/strong><\/p>\n<div id=\"attachment_2578\" style=\"width: 382px\" class=\"wp-caption alignright\"><img loading=\"lazy\" decoding=\"async\" aria-describedby=\"caption-attachment-2578\" class=\"wp-image-2578 size-thumbnail\" src=\"https:\/\/www.disfrutabizkaia.com\/blog\/wp-content\/uploads\/2018\/02\/Markina_zahagi_dantza_derechos-flickr-Dantzan-372x248.jpg\" alt=\"Danzas tradicionales de los carnavales de Markina en Bizkaia\" width=\"372\" height=\"248\" \/><p id=\"caption-attachment-2578\" class=\"wp-caption-text\">Markinako Zaragi Dantza. Fuente: flickr por Dantzan<\/p><\/div>\n<p>En la localidad de Markina, cada domingo de carnaval se representa la antigua <em>danza del odre<\/em> o <em>zaragi-dantza eta hartza.<\/em> Este\u00a0baile local con palos\u00a0es interpretado por ocho personas entre las que baila el que lleva el odre o pellejo, que se lleva unos cuantos palazos (representaci\u00f3n de los intentos de alejar todos los males).<\/p>\n<p>Junto a ellos desfila\u00a0<em>Hartza,<\/em>\u00a0el personaje del oso, danzando al son del pandero e intentando escapar de su captor y asustar a los m\u00e1s txikis.<\/p>\n<h4><span style=\"color: #ffcc00;\"><strong>FAROLIN Y ZARAMBOLAS PERSONAJES DEL CARNAVAL BILBAINO<\/strong><\/span><\/h4>\n<p><strong>\u00bfD\u00f3nde? &#x1f449;&#x1f3fb;En Bilbao, del 27 de febrero al 4 de marzo<\/strong><\/p>\n<p>&nbsp;<\/p>\n<p>Estos personajes que simbolizan el carnaval en la Villa de Bilbao, nacieron en 1984, de la mano de varios miembros de la Comisi\u00f3n Mixta de Fiestas, para dar un toque de humor al carnaval bilba\u00edno representando la personalidad arquet\u00edpica bilba\u00edna:<\/p>\n<p><em>Farol\u00edn<\/em> es una persona de Bilbao (y ya se sabe que los de Bilbao nacemos donde queremos) que habi\u00e9ndose distinguido ese a\u00f1o por su actividad profesional, alardee de ser del \u00ab<em>Botxo\u00bb<\/em>.<\/p>\n<p><em>Zarambolas<\/em> es el adalid del buen vivir, una persona de Bilbao a la que nada le afecta ni le cambia la vida.<\/p>\n<p>El color que representa a Farol\u00edn es el blanco y el de Zarambolas el rojo, y cada a\u00f1o se eligen dos personas populares para representar a estos personajes.<\/p>\n<h4><strong>El arresto y juicio de Farol\u00edn y Zarambolas\u00a0<\/strong><\/h4>\n<p><img loading=\"lazy\" decoding=\"async\" class=\"alignleft wp-image-5813 size-large\" src=\"https:\/\/www.disfrutabizkaia.com\/blog\/wp-content\/uploads\/2023\/02\/farolin-zaranbolas-atxiloketa-1024x657.jpg\" alt=\"\" width=\"676\" height=\"434\" srcset=\"https:\/\/www.disfrutabizkaia.com\/blog\/wp-content\/uploads\/2023\/02\/farolin-zaranbolas-atxiloketa-1024x657.jpg 1024w, https:\/\/www.disfrutabizkaia.com\/blog\/wp-content\/uploads\/2023\/02\/farolin-zaranbolas-atxiloketa-300x193.jpg 300w, https:\/\/www.disfrutabizkaia.com\/blog\/wp-content\/uploads\/2023\/02\/farolin-zaranbolas-atxiloketa-768x493.jpg 768w, https:\/\/www.disfrutabizkaia.com\/blog\/wp-content\/uploads\/2023\/02\/farolin-zaranbolas-atxiloketa-600x385.jpg 600w, https:\/\/www.disfrutabizkaia.com\/blog\/wp-content\/uploads\/2023\/02\/farolin-zaranbolas-atxiloketa-945x607.jpg 945w, https:\/\/www.disfrutabizkaia.com\/blog\/wp-content\/uploads\/2023\/02\/farolin-zaranbolas-atxiloketa.jpg 1100w\" sizes=\"auto, (max-width: 676px) 100vw, 676px\" \/><\/p>\n<p>Este acto imprescindible hoy en el carnaval de Bilbao, surgi\u00f3 en 1984 como recordatorio en tono de humor de las tradicionales Carnestolendas rurales en las que se juzgaba y condenaba a los malos.<\/p>\n<div id=\"attachment_1217\" style=\"width: 210px\" class=\"wp-caption alignright\"><img loading=\"lazy\" decoding=\"async\" aria-describedby=\"caption-attachment-1217\" class=\"size-medium wp-image-1217\" src=\"https:\/\/www.disfrutabizkaia.com\/blog\/wp-content\/uploads\/2018\/02\/Carnavales-Bilbao_bilbokokonpartsak_epaiketa-2017_flickr-200x300.jpg\" alt=\"Carnavales Bilbao_Farol\u00edn y Zarambolas_Bilboko konpartsak\" width=\"200\" height=\"300\" srcset=\"https:\/\/www.disfrutabizkaia.com\/blog\/wp-content\/uploads\/2018\/02\/Carnavales-Bilbao_bilbokokonpartsak_epaiketa-2017_flickr-200x300.jpg 200w, https:\/\/www.disfrutabizkaia.com\/blog\/wp-content\/uploads\/2018\/02\/Carnavales-Bilbao_bilbokokonpartsak_epaiketa-2017_flickr.jpg 427w\" sizes=\"auto, (max-width: 200px) 100vw, 200px\" \/><p id=\"caption-attachment-1217\" class=\"wp-caption-text\">Bilboko Konpartsak &#8211; Epaiketa<\/p><\/div>\n<p>La detenci\u00f3n de Farol\u00edn y Zarambolas arrancar\u00e1 en la Plaza Arriaga a las 18:30h del viernes 28 de febrero. Estos personajes ser\u00e1n escoltados hasta la Plaza Nueva por <em>los maceros<\/em> de la Villa acompa\u00f1ados de una fanfarria.<\/p>\n<p>A las 19:15 en la Plaza Nueva dar\u00e1 comienzo el juicio en el que se da cuenta de las andanzas de estos personajes. Ser\u00e1 en la misma Plaza nueva donde,\u00a0 tras el veredicto final, ser\u00e1n sometidos a escarnio p\u00fablico y se interpretar\u00e1n las <em>coplillas de carnaval<\/em>.<\/p>\n<p><strong>\u00bfCu\u00e1ndo? &#x1f449;&#x1f3fb;<\/strong> El viernes 28 de febrero <span style=\"color: #ffcc00;\">\u00a0<a style=\"color: #ffcc00;\" href=\"https:\/\/www.bilbokokonpartsak.eus\/es\/carnavales\/programacion-carnavales\">Programa completo carnavales de Bilbao<\/a><\/span><\/p>\n<h4><span style=\"color: #000000;\"><strong>La quema de la sardina pone fin al carnaval de Bilbao<\/strong><\/span><\/h4>\n<p>Y para despedir el carnaval, un plan que a pesar de no ser t\u00edpicamente de la tradici\u00f3n vizca\u00edna s\u00ed es t\u00edpico e imprescindible al finalizar los carnavales: \u2026\u00a0<strong>La quema de la sardina<\/strong>\u00a0para acabar de una manera simb\u00f3lica, quemando la diversi\u00f3n y los pecados cometidos durante estos d\u00edas antes de comenzar la Cuaresma.<\/p>\n<p>El martes 4 de marzo <strong>\u00bfD\u00f3nde?<\/strong> En Bilbao, partiendo de la carpa de la Plaza Nueva a las 19:00h, desde donde se acompa\u00f1ar\u00e1 a la Sardina en comitiva hasta la Plaza del Teatro Arriaga. Una vez all\u00ed, la sardina ser\u00e1 quemada y despedida entre l\u00e1grimas a las 20h.<\/p>\n<p>\u00a1No olvid\u00e9is acudir vestidos de luto para despedir al Carnaval!<\/p>\n<p><img loading=\"lazy\" decoding=\"async\" class=\"wp-image-5815 size-medium aligncenter\" src=\"https:\/\/www.disfrutabizkaia.com\/blog\/wp-content\/uploads\/2023\/02\/4462589017_6ffd827d3e_z-300x201.jpg\" alt=\"\" width=\"300\" height=\"201\" srcset=\"https:\/\/www.disfrutabizkaia.com\/blog\/wp-content\/uploads\/2023\/02\/4462589017_6ffd827d3e_z-300x201.jpg 300w, https:\/\/www.disfrutabizkaia.com\/blog\/wp-content\/uploads\/2023\/02\/4462589017_6ffd827d3e_z-372x248.jpg 372w, https:\/\/www.disfrutabizkaia.com\/blog\/wp-content\/uploads\/2023\/02\/4462589017_6ffd827d3e_z-600x402.jpg 600w, https:\/\/www.disfrutabizkaia.com\/blog\/wp-content\/uploads\/2023\/02\/4462589017_6ffd827d3e_z.jpg 639w\" sizes=\"auto, (max-width: 300px) 100vw, 300px\" \/><\/p>\n<h5><span style=\"color: #ffcc00;\"><a style=\"color: #ffcc00;\" href=\"https:\/\/www.disfrutabizkaia.com\/\"><strong>Disfruta Bizkaia<\/strong><\/a><\/span>,\u00a0Planes, turismo, alojamiento y restaurantes en una misma web.<\/h5>\n<p><a href=\"https:\/\/www.disfrutabizkaia.com\/comer-beber\/restaurantes\/?nombre=&amp;localidad=-1&amp;zona=-1&amp;categorias%5B%5D=18&amp;categorias%5B%5D=17&amp;ofertas%5B%5D=207&amp;order=ASC\"><img loading=\"lazy\" decoding=\"async\" class=\"aligncenter wp-image-3834 size-full\" src=\"https:\/\/www.disfrutabizkaia.com\/blog\/wp-content\/uploads\/2018\/09\/banner-pintxos-pinchos-disfruta-bizkaia.png\" alt=\"Pintxos en Bilbao Bizkaia\" width=\"678\" height=\"181\" srcset=\"https:\/\/www.disfrutabizkaia.com\/blog\/wp-content\/uploads\/2018\/09\/banner-pintxos-pinchos-disfruta-bizkaia.png 678w, https:\/\/www.disfrutabizkaia.com\/blog\/wp-content\/uploads\/2018\/09\/banner-pintxos-pinchos-disfruta-bizkaia-300x80.png 300w, https:\/\/www.disfrutabizkaia.com\/blog\/wp-content\/uploads\/2018\/09\/banner-pintxos-pinchos-disfruta-bizkaia-600x160.png 600w\" sizes=\"auto, (max-width: 678px) 100vw, 678px\" \/><\/a><\/p>\n<p>&nbsp;<\/p>\n<div class=\"crp-list-container\"><h3 class=\"crp-list-title\">Related Posts<\/h3><ul class=\"crp-list\"><li class=\"crp-list-item crp-list-item-image-left crp-list-item-has-image\"><div class=\"crp-list-item-image\"><a href=\"https:\/\/www.disfrutabizkaia.com\/blog\/hogueras-san-juan-bilbao-bizkaia\/\" target=\"_blank\"><img loading=\"lazy\" decoding=\"async\" data-pin-nopin=\"true\" style=\"max-width: 100px; height: auto;\" width=\"100\" height=\"67\" src=\"https:\/\/www.disfrutabizkaia.com\/blog\/wp-content\/uploads\/2022\/06\/BLOG_1-3-372x248.png\" class=\"attachment-100x100 size-100x100\" alt=\"\" \/><\/a><\/div><div class=\"crp-list-item-title\"><a href=\"https:\/\/www.disfrutabizkaia.com\/blog\/hogueras-san-juan-bilbao-bizkaia\/\" target=\"_blank\">Hogueras de San Juan en Bizkaia<\/a><\/div><\/li><li class=\"crp-list-item crp-list-item-image-left crp-list-item-has-image\"><div class=\"crp-list-item-image\"><a href=\"https:\/\/www.disfrutabizkaia.com\/blog\/marzo-en-bizkaia-cultura-historia-paisajes-te-puedes-perder\/\" target=\"_blank\"><img loading=\"lazy\" decoding=\"async\" data-pin-nopin=\"true\" style=\"max-width: 100px; height: auto;\" width=\"100\" height=\"67\" src=\"https:\/\/www.disfrutabizkaia.com\/blog\/wp-content\/uploads\/2025\/02\/NUEVO-destacado-BLOG-Disfruta-560x315-4-372x248.png\" class=\"attachment-100x100 size-100x100\" alt=\"\" \/><\/a><\/div><div class=\"crp-list-item-title\"><a href=\"https:\/\/www.disfrutabizkaia.com\/blog\/marzo-en-bizkaia-cultura-historia-paisajes-te-puedes-perder\/\" target=\"_blank\">Marzo en Bizkaia: Cultura, historia y paisajes que no te puedes perder<\/a><\/div><\/li><li class=\"crp-list-item crp-list-item-image-left crp-list-item-has-image\"><div class=\"crp-list-item-image\"><a href=\"https:\/\/www.disfrutabizkaia.com\/blog\/san-blas-tradiciones-bizkaia\/\" target=\"_blank\"><img loading=\"lazy\" decoding=\"async\" data-pin-nopin=\"true\" style=\"max-width: 100px; height: auto;\" width=\"100\" height=\"67\" src=\"https:\/\/www.disfrutabizkaia.com\/blog\/wp-content\/uploads\/2024\/01\/NUEVO-destacado-BLOG-Disfruta-560x315-3-1-372x248.jpg\" class=\"attachment-100x100 size-100x100\" alt=\"\" \/><\/a><\/div><div class=\"crp-list-item-title\"><a href=\"https:\/\/www.disfrutabizkaia.com\/blog\/san-blas-tradiciones-bizkaia\/\" target=\"_blank\">San Blas y las tradiciones en Bizkaia<\/a><\/div><\/li><\/ul><\/div>\n","protected":false},"excerpt":{"rendered":"<p>Descubre el origen de los carnavales tradicionales de Bizkaia y los mejores planes para celebrarlos. Se acerca el carnaval, sin\u00f3nimo de diversi\u00f3n, disfraces y ejemplo de globalizaci\u00f3n. No importa el lugar ni el disfraz, lo importante es pasarlo bien. Sin&#8230; <a class=\"more-link\" href=\"https:\/\/www.disfrutabizkaia.com\/blog\/aratusteak-carnavales-tradicionales-bizkaia\/\">Seguir leyendo &rarr;<\/a><\/p>\n","protected":false},"author":2,"featured_media":6843,"comment_status":"open","ping_status":"open","sticky":false,"template":"","format":"standard","meta":{"_acf_changed":false,"footnotes":""},"categories":[1,47,50],"tags":[24,29],"class_list":["post-1202","post","type-post","status-publish","format-standard","has-post-thumbnail","hentry","category-disfruta-bizkaia","category-planes","category-tradiciones","tag-bizkaia","tag-carnaval"],"acf":[],"_links":{"self":[{"href":"https:\/\/www.disfrutabizkaia.com\/blog\/wp-json\/wp\/v2\/posts\/1202","targetHints":{"allow":["GET"]}}],"collection":[{"href":"https:\/\/www.disfrutabizkaia.com\/blog\/wp-json\/wp\/v2\/posts"}],"about":[{"href":"https:\/\/www.disfrutabizkaia.com\/blog\/wp-json\/wp\/v2\/types\/post"}],"author":[{"embeddable":true,"href":"https:\/\/www.disfrutabizkaia.com\/blog\/wp-json\/wp\/v2\/users\/2"}],"replies":[{"embeddable":true,"href":"https:\/\/www.disfrutabizkaia.com\/blog\/wp-json\/wp\/v2\/comments?post=1202"}],"version-history":[{"count":46,"href":"https:\/\/www.disfrutabizkaia.com\/blog\/wp-json\/wp\/v2\/posts\/1202\/revisions"}],"predecessor-version":[{"id":6837,"href":"https:\/\/www.disfrutabizkaia.com\/blog\/wp-json\/wp\/v2\/posts\/1202\/revisions\/6837"}],"wp:featuredmedia":[{"embeddable":true,"href":"https:\/\/www.disfrutabizkaia.com\/blog\/wp-json\/wp\/v2\/media\/6843"}],"wp:attachment":[{"href":"https:\/\/www.disfrutabizkaia.com\/blog\/wp-json\/wp\/v2\/media?parent=1202"}],"wp:term":[{"taxonomy":"category","embeddable":true,"href":"https:\/\/www.disfrutabizkaia.com\/blog\/wp-json\/wp\/v2\/categories?post=1202"},{"taxonomy":"post_tag","embeddable":true,"href":"https:\/\/www.disfrutabizkaia.com\/blog\/wp-json\/wp\/v2\/tags?post=1202"}],"curies":[{"name":"wp","href":"https:\/\/api.w.org\/{rel}","templated":true}]}}