{"id":1284,"date":"2024-02-29T09:00:59","date_gmt":"2024-02-29T08:00:59","guid":{"rendered":"https:\/\/www.disfrutabizkaia.com\/blog\/?p=1284"},"modified":"2024-03-13T17:01:31","modified_gmt":"2024-03-13T16:01:31","slug":"mes-museos-costa-vasca-planes-bizkaia","status":"publish","type":"post","link":"https:\/\/www.disfrutabizkaia.com\/blog\/mes-museos-costa-vasca-planes-bizkaia\/","title":{"rendered":"Mes de los Museos de la Costa Vasca en Bizkaia"},"content":{"rendered":"<p style=\"text-align: left;\">La Red de Museos de la Costa Vasca celebra su 11\u00aa edici\u00f3n del \u00abmes de los museos\u00bb: Un programa lleno de visitas, talleres familiares, actividades y oferta cultural gratuitas.<\/p>\n<p style=\"text-align: left;\">En esta edici\u00f3n Del <em>Mes de los Museos de la Costa Vasca 2024<\/em>, que se celebrar\u00e1 a lo largo de todo el mes de marzo en Euskadi, tan s\u00f3lo en\u00a0Bizkaia se celebrar\u00e1n<strong> m\u00e1s de 30 actividades en 15 enclaves: Visitas guiadas irrepetibles, actividades especiales, excursiones, talleres y actividades infantiles, jornadas de puertas abiertas con entradas gratuitas y planes exclusivos para conocer los museos y patrimonio cultural de la Costa Vasca. <\/strong><\/p>\n<p style=\"text-align: left;\">Como el objetivo del <em>Mes de los Museos de la Costa Vasca<\/em> es <strong>acercar al p\u00fablico y poner en valor la oferta cultural y tur\u00edstica costera<\/strong>, la mayor\u00eda de <strong>las actividades son gratuitas<\/strong> y muchos de los museos y centros de interpretaci\u00f3n ofrecer\u00e1n <strong>entrada libre<\/strong> <strong>o con descuentos<\/strong> especiales.<\/p>\n<h3 style=\"text-align: left;\"><span style=\"color: #ffc400;\">Planes en familia, visitas guiadas y entrada libre en museos de la Costa Vasca en Bizkaia<strong>\u00a0 <\/strong><\/span><\/h3>\n<p style=\"text-align: left;\">La celebraci\u00f3n del <em>Mes de los Museos de la Costa Vasca<\/em> nos abre las puertas de museos y lugares de Bizkaia que, a pesar de tenerlos cerca, son desconocidos para muchos vizca\u00ednos. Esta iniciativa nos da tambi\u00e9n la oportunidad de conocer oficios y modos de vida ligados a nuestra historia, como la miner\u00eda, la industria y la pesca.<\/p>\n<p style=\"text-align: left;\">Puedes consultar el programa completo<span style=\"color: #ffcc00;\"><a style=\"color: #ffcc00;\" href=\"https:\/\/www.losmuseosdelacostavasca.eus\/es\/mes-de-los-museos-2\/\" target=\"_blank\" rel=\"noopener noreferrer\"> aqu\u00ed<\/a>,<\/span> aunque si eres de los que prefieren que les recomienden planes, estas son algunas de nuestras visitas y actividades favoritas:<\/p>\n<h4 style=\"text-align: left;\"><span style=\"color: #ffcc00;\">Planes marineros en Santurtzi<\/span><\/h4>\n<p style=\"text-align: left;\">Conoce nuestro pasado marinero y el trabajo de los <em>arrantzales,\u00a0<\/em>gracias a las <strong>visitas guiadas y teatralizadas<\/strong> para conocer <strong>la tradici\u00f3n<\/strong>, visitas al<strong> pesquero Agurtza, visitas guiadas a las fortificaciones del monte Serantes, y entradas gratis al museo del mar Santurtzi Itsas Museoa.\u00a0<\/strong><\/p>\n<ul>\n<li>\n<h5><strong>Puertas abiertas en el barco-museo Agurtza\u00a0<\/strong><\/h5>\n<\/li>\n<\/ul>\n<p><img loading=\"lazy\" decoding=\"async\" class=\" wp-image-5955 alignleft\" src=\"https:\/\/www.disfrutabizkaia.com\/blog\/wp-content\/uploads\/2023\/02\/7_11_118__17_38_19_AGURTZA7-300x200.jpg\" alt=\"\" width=\"168\" height=\"112\" srcset=\"https:\/\/www.disfrutabizkaia.com\/blog\/wp-content\/uploads\/2023\/02\/7_11_118__17_38_19_AGURTZA7-300x200.jpg 300w, https:\/\/www.disfrutabizkaia.com\/blog\/wp-content\/uploads\/2023\/02\/7_11_118__17_38_19_AGURTZA7-1024x683.jpg 1024w, https:\/\/www.disfrutabizkaia.com\/blog\/wp-content\/uploads\/2023\/02\/7_11_118__17_38_19_AGURTZA7-372x248.jpg 372w, https:\/\/www.disfrutabizkaia.com\/blog\/wp-content\/uploads\/2023\/02\/7_11_118__17_38_19_AGURTZA7-768x512.jpg 768w, https:\/\/www.disfrutabizkaia.com\/blog\/wp-content\/uploads\/2023\/02\/7_11_118__17_38_19_AGURTZA7-600x400.jpg 600w, https:\/\/www.disfrutabizkaia.com\/blog\/wp-content\/uploads\/2023\/02\/7_11_118__17_38_19_AGURTZA7-945x630.jpg 945w, https:\/\/www.disfrutabizkaia.com\/blog\/wp-content\/uploads\/2023\/02\/7_11_118__17_38_19_AGURTZA7.jpg 1200w\" sizes=\"auto, (max-width: 168px) 100vw, 168px\" \/>Conoce la vida a bordo de un barco atunero de mediados del siglo XX.<\/p>\n<p>Gratis \u2013 Con reserva<\/p>\n<p>&#x1f4c5;\u00a02, 9, 16, 23 y 30 de marzo: 11:00 a 12:00<\/p>\n<ul>\n<li>\n<h5><strong>Visita teatralizada<\/strong><\/h5>\n<\/li>\n<\/ul>\n<div id=\"attachment_3810\" style=\"width: 310px\" class=\"wp-caption alignright\"><img loading=\"lazy\" decoding=\"async\" aria-describedby=\"caption-attachment-3810\" class=\"size-medium wp-image-3810\" src=\"https:\/\/www.disfrutabizkaia.com\/blog\/wp-content\/uploads\/2020\/10\/sardinera-santurce-visitas-teatralizadas-subasta-pescado-santurtzi-300x200.jpg\" alt=\"\" width=\"300\" height=\"200\" \/><p id=\"caption-attachment-3810\" class=\"wp-caption-text\">turismo.santurtzi.net<\/p><\/div>\n<p>Carmen, la pintoresca sardinera del Itsas Museoa, acompa\u00f1ada de otros personajes populares representan para todos los visitantes, de una manera l\u00fadica y divertida la historia y tradiciones de Santurtzi.<\/p>\n<p>Gratis \u2013 Con reserva \u2013 En castellano.<\/p>\n<p>&#x1f4c5;\u00a016 de marzo. De 12:30 a 13:30<\/p>\n<ul>\n<li>\n<h5>Visita guiada al Monte Serantes<\/h5>\n<\/li>\n<\/ul>\n<div class=\"wp-block-image\"><\/div>\n<p>Descubre las vistas y situaci\u00f3n estrat\u00e9gica del monte Serantes en la vigilancia del Abra y acceso mar\u00edtimo de la r\u00eda de Bilbao.<\/p>\n<p>Gratis \u2013 Con reserva \u2013 En castellano.<\/p>\n<p>&#x1f4c5;\u00a09 y 23 de marzo: De 09:30 a 12:30<\/p>\n<p style=\"text-align: left;\"><strong style=\"font-size: inherit;\">&#x2139; Informaci\u00f3n y reservas Santurtzi:<\/strong><span style=\"font-size: inherit;\"> 944 839 494 \/ turismo@santurtzi.eus<\/span><\/p>\n<h4 style=\"text-align: left;\"><span style=\"color: #ffc400;\">Visita tem\u00e1tica en la Ferrer\u00eda El Pobal, en Muskiz. <em>Del Bosque a la Ferrer\u00eda<\/em><\/span><\/h4>\n<p style=\"text-align: left;\">Visitar la <em>Ferrer\u00eda El Pobal, <\/em>actividad que se puede realizar durante todo el a\u00f1o<em>, <\/em>es conocer el pasado minero e industrial de Bizkaia y descubrir todo el proceso de la ferrer\u00eda, ya que en esta f\u00e1brica hidr\u00e1ulica se trabajaba el mineral del hierro para convertirlo en metal y elaborar herramientas.<\/p>\n<p style=\"text-align: left;\"><img loading=\"lazy\" decoding=\"async\" class=\"wp-image-570 alignleft\" src=\"https:\/\/www.disfrutabizkaia.com\/blog\/wp-content\/uploads\/2016\/11\/Ferrer\u00eda-El-Pobal-300x209.jpg\" alt=\"\" width=\"411\" height=\"286\" srcset=\"https:\/\/www.disfrutabizkaia.com\/blog\/wp-content\/uploads\/2016\/11\/Ferrer\u00eda-El-Pobal-300x209.jpg 300w, https:\/\/www.disfrutabizkaia.com\/blog\/wp-content\/uploads\/2016\/11\/Ferrer\u00eda-El-Pobal.jpg 578w\" sizes=\"auto, (max-width: 411px) 100vw, 411px\" \/>En esta ocasi\u00f3n El Pobal se suma a la <strong>celebraci\u00f3n del mes de los museos de la costa vasca <\/strong>ofreciendo actividades como talleres infantiles, que puedes encontrar en el art\u00edculo que hemos publicado con las actividades infantiles, y una visita tem\u00e1tica y taller medioambiental con un recorrido por el entorno natural de la ferrer\u00eda.<\/p>\n<ul>\n<li style=\"text-align: left;\"><em><strong>Castillo y Martillo. <\/strong><\/em><strong>Visita guiada y demostraci\u00f3n<\/strong><\/li>\n<\/ul>\n<p style=\"text-align: left;\">Se trata de un plan doble: Visita al Castillo de Mu\u00f1atones y la Ferrer\u00eda con demostraci\u00f3n incluida. Para todos los pu\u00b4blicos<\/p>\n<p style=\"text-align: left; padding-left: 40px;\"><b>&#x1f4c5;<\/b>29 de marzo &#8211; Gratis &#8211; Con Reserva<\/p>\n<p>&#x1f4c5; 30 de marzo &#8211; Tarifa habitual<\/p>\n<p>Castillo: 10:30h y 12:00h Ferrer\u00eda: 11:00 , 12:00, 13:00<\/p>\n<p><strong style=\"font-size: inherit;\">M\u00e1s informaci\u00f3n y reservas:<\/strong><span style=\"font-size: inherit;\"> 629 271 516 \/ elpobal@bizkaia.eus<\/span><\/p>\n<h4><span style=\"color: #ffc400;\">Visita guiada en barco Puente Bizkaia Zubia, en Getxo\/Portugalete<\/span><\/h4>\n<p style=\"text-align: left;\"><em><strong><img loading=\"lazy\" decoding=\"async\" class=\"alignright size-medium wp-image-43\" src=\"https:\/\/www.disfrutabizkaia.com\/blog\/wp-content\/uploads\/2015\/11\/PuenteVizcaya-300x188.jpg\" alt=\"\" width=\"300\" height=\"188\" srcset=\"https:\/\/www.disfrutabizkaia.com\/blog\/wp-content\/uploads\/2015\/11\/PuenteVizcaya-300x188.jpg 300w, https:\/\/www.disfrutabizkaia.com\/blog\/wp-content\/uploads\/2015\/11\/PuenteVizcaya-768x480.jpg 768w, https:\/\/www.disfrutabizkaia.com\/blog\/wp-content\/uploads\/2015\/11\/PuenteVizcaya-600x375.jpg 600w, https:\/\/www.disfrutabizkaia.com\/blog\/wp-content\/uploads\/2015\/11\/PuenteVizcaya.jpg 851w\" sizes=\"auto, (max-width: 300px) 100vw, 300px\" \/>Embarcados en el paisaje cultural de la r\u00eda, un legado a conservar :<\/strong><\/em><\/p>\n<p style=\"text-align: left;\">Disfruta de un recorrido en barco por la R\u00eda desde el Museo Mar\u00edtimo al Puente Bizkaia, o Puente Colgante,\u00a0 donde descubrir\u00e1s el pasado y el presente del puente, su transformaci\u00f3n y sus secretos.<\/p>\n<p style=\"text-align: left;\"><b>&#x1f4c5;\u00a0<\/b>21 de Marzo &#8211; Gratis &#8211; Con Reserva (mayores de 18 a\u00f1os) &#8211; Plazas limitadas a 10 personas. Se recomienda llevar ropa c\u00f3moda y abrigada.<strong><br \/>\n<\/strong><\/p>\n<p>&#x1f55b; De 11:00 a 14:45 Salida desde <em>Itsasmuseum<\/em> (Bilbao).<\/p>\n<p><strong style=\"font-size: inherit;\">&#x2139; M\u00e1s informaci\u00f3n y reservas:<\/strong><span style=\"font-size: inherit;\"> 94 480 10 12\u00a0 &#8211; promocion@puente-colgante.com<\/span><\/p>\n<h4><span style=\"color: #ffc400;\">Visitas guiadas, entrada gratis y talleres en museos de Bilbao<\/span><\/h4>\n<p style=\"text-align: left;\">&#x26b1;<strong> Museo Arqueol\u00f3gico de Bizkaia: <\/strong><\/p>\n<p style=\"text-align: left; padding-left: 40px;\"><strong>\u2022 Visita guiada <em>\u00abItsasotik At. Bizkaia y la mar\u00bb:\u00a0 <\/em><\/strong><span class=\"OYPEnA text-decoration-none text-strikethrough-none\">Visitas guiadas en el museo destacando objetos relacionados con actividades marinas como pesca, comercio y navegaci\u00f3n.<\/span><\/p>\n<p style=\"text-align: left; padding-left: 40px;\"><strong>&#x1f4c5;&#x1f55b;\u00a0<\/strong>16 y 23 de marzo &#8211; 17:00h &#8211; Gratis &#8211; Con reserva<\/p>\n<p style=\"padding-left: 40px;\"><strong><strong style=\"font-size: inherit;\">&#x2139; <\/strong>Informaci\u00f3n y reservas:<\/strong> 944 040 990 \/ arkeologimuseoa@bizkaia.eus<\/p>\n<p style=\"text-align: left;\"><span class=\"_5mfr\"><span class=\"_6qdm\">&#x2693;<strong> Itsasmuseum Bilbao<\/strong><\/span><\/span>\u00a0 \u00a0 \u00a0 \u00a0 \u00a0 \u00a0 \u00a0 \u00a0 \u00a0 \u00a0 \u00a0 \u00a0 \u00a0 \u00a0 \u00a0 \u00a0 \u00a0 \u00a0 \u00a0 \u00a0 \u00a0 \u00a0 \u00a0 \u00a0 \u00a0 \u00a0 \u00a0 \u00a0 \u00a0 \u00a0 \u00a0 \u00a0 \u00a0 \u00a0 \u00a0 \u00a0 \u00a0 \u00a0 \u00a0 \u00a0 \u00a0 \u00a0 \u00a0 \u00a0<img loading=\"lazy\" decoding=\"async\" class=\"alignright size-medium wp-image-4241\" src=\"https:\/\/www.disfrutabizkaia.com\/blog\/wp-content\/uploads\/2020\/03\/itsasmuseum-300x169.jpeg\" alt=\"\" width=\"300\" height=\"169\" srcset=\"https:\/\/www.disfrutabizkaia.com\/blog\/wp-content\/uploads\/2020\/03\/itsasmuseum-300x169.jpeg 300w, https:\/\/www.disfrutabizkaia.com\/blog\/wp-content\/uploads\/2020\/03\/itsasmuseum-600x337.jpeg 600w, https:\/\/www.disfrutabizkaia.com\/blog\/wp-content\/uploads\/2020\/03\/itsasmuseum.jpeg 660w\" sizes=\"auto, (max-width: 300px) 100vw, 300px\" \/><\/p>\n<p style=\"text-align: left; padding-left: 40px;\">Entre otras actividades en familia, el museo mar\u00edtimo de Bilbao ofrece:<\/p>\n<p style=\"padding-left: 40px;\"><strong>\u2022 Mesa redonda. Mujeres pioneras: El caso de Selma Huxley.<em> E<\/em><\/strong>n este encuentro participan Micahel Barkham (doctorado en geograf\u00eda por la Universidad de Cambridge), Jaio de la Puerta (historiadora), e Itxaso D\u00edaz (creadora audiovisual).<br \/>\nDirigida especialmente a familias o grupos con menores de m\u00e1s de 12 a\u00f1os<\/p>\n<p style=\"text-align: left; padding-left: 80px;\"><strong>\u00a0&#x1f4c5;: <\/strong>7 de marzo &#8211; 19:00h &#8211; Gratis &#8211; Con reserva<\/p>\n<p style=\"text-align: left; padding-left: 80px;\"><strong style=\"font-size: inherit;\">M\u00e1s informaci\u00f3n:<\/strong><span style=\"font-size: inherit;\"> 94 608 55 00 \/ info@itsasmuseum.eus<\/span><span style=\"font-size: inherit;\">\u00a0 \u00a0 \u00a0 \u00a0\u00a0<\/span><\/p>\n<p>&nbsp;<\/p>\n<h4 style=\"text-align: left; padding-left: 80px;\"><strong><span style=\"color: #ffc400;\">Descubre el Museo Euskal Herria y el Museo de la Paz y en Gernika<\/span><\/strong><\/h4>\n<p style=\"text-align: left;\"><strong>&#x1f5bc; El <em>Museo de la Paz, de Gernika, <\/em><\/strong>(ubicado en la c\u00e9ntrica plaza de <img loading=\"lazy\" decoding=\"async\" class=\"alignright size-medium wp-image-4243\" src=\"https:\/\/www.disfrutabizkaia.com\/blog\/wp-content\/uploads\/2020\/03\/Bakean_museoa-300x225.jpg\" alt=\"\" width=\"300\" height=\"225\" srcset=\"https:\/\/www.disfrutabizkaia.com\/blog\/wp-content\/uploads\/2020\/03\/Bakean_museoa-300x225.jpg 300w, https:\/\/www.disfrutabizkaia.com\/blog\/wp-content\/uploads\/2020\/03\/Bakean_museoa-1024x768.jpg 1024w, https:\/\/www.disfrutabizkaia.com\/blog\/wp-content\/uploads\/2020\/03\/Bakean_museoa-768x576.jpg 768w, https:\/\/www.disfrutabizkaia.com\/blog\/wp-content\/uploads\/2020\/03\/Bakean_museoa-1536x1152.jpg 1536w, https:\/\/www.disfrutabizkaia.com\/blog\/wp-content\/uploads\/2020\/03\/Bakean_museoa-2048x1536.jpg 2048w, https:\/\/www.disfrutabizkaia.com\/blog\/wp-content\/uploads\/2020\/03\/Bakean_museoa-600x450.jpg 600w, https:\/\/www.disfrutabizkaia.com\/blog\/wp-content\/uploads\/2020\/03\/Bakean_museoa-945x709.jpg 945w\" sizes=\"auto, (max-width: 300px) 100vw, 300px\" \/> Los Fueros) est\u00e1 inspirado en el tr\u00e1gico bombardeo y dedicado a difundir la cultura de la paz. Durante el mes de marzo de 2023, con motivo del Mes de los Museos de la Costa Vasca, ofrece <strong>un d\u00eda\u00a0de puertas abiertas<\/strong> para conocer gratis su exposici\u00f3n permanente.<\/p>\n<p style=\"text-align: left; padding-left: 40px;\"><strong>&#x1f4c5;<\/strong>\u00a017 de marzo &#8211; De 10 a 14h &#8211; Gratis<\/p>\n<p style=\"text-align: left; padding-left: 40px;\"><strong><strong style=\"font-size: inherit;\">&#x2139; <\/strong>Informaci\u00f3n y reservas:<\/strong> 94 627 02 13 \/ museoa@gernika-lumo.net<\/p>\n<p style=\"text-align: left;\"><em><strong>&#x1f5bc; El Museo Euskal Herria: <\/strong><\/em><\/p>\n<ul>\n<li style=\"text-align: left;\"><strong>Puertas abiertas.<\/strong><\/li>\n<\/ul>\n<p style=\"text-align: left; padding-left: 40px;\"><strong>&#x1f4c5; <\/strong>2 y 3 de marzo. S\u00e1bado de 10:00 a 16:00 y Domingo de 11:00 a 15:00<\/p>\n<ul>\n<li><strong>Acceso gratuito a la expoici\u00f3n \u00abMarkos Gimenoren karteletrak\u00bb: <\/strong>Pal\u00edndromos en euskera acompa\u00f1ados por im\u00e1genes. Esta exposici\u00f3n ofrece una acercamiento art\u00edstico y diferente al euskera.<\/li>\n<\/ul>\n<p>&#x1f4c5; 2, 9, 16, 23 y 30 de marzo &#8211; Gratis- De 10:00 a 16:00<\/p>\n<p style=\"text-align: left; padding-left: 40px;\"><strong><strong style=\"font-size: inherit;\">&#x2139; <\/strong>Informaci\u00f3n y reservas: <\/strong>94 625 54 51 \/ euskalherriamuseoa@bizkaia.eus<\/p>\n<h4 style=\"text-align: left; padding-left: 40px;\"><span style=\"color: #ffc400;\">\u00a0Descubre Bermeo en otra \u00e9poca en Arrantzaleen Museoa<\/span><\/h4>\n<ul>\n<li style=\"text-align: left;\"><strong><strong>Exposici\u00f3n: <em>Bermeo en la Edad Media: <\/em><\/strong><\/strong>Por primera vez, se exhiben en Bermeo documentos importantes en pergamino, mostrando la evoluci\u00f3n hist\u00f3rica de la villa en un periodo poco estudiado.<\/li>\n<\/ul>\n<p style=\"text-align: left; padding-left: 40px;\"><strong>&#x1f4c5; <\/strong>Durante todo marzo &#8211; De martes a s\u00e1bado: 10:00 &#8211; 16:00. Domingos: 10:30 &#8211; 14:30 &#8211; Gratis<\/p>\n<p style=\"text-align: left; padding-left: 40px;\"><strong>Informaci\u00f3n y reservas:<\/strong> 94 687 04 02 \/ info.urdaibai@ekoetxea.eus<\/p>\n<ul>\n<li><strong>Conferencia <em>\u00abFamilia y pol\u00edtica. Los roles de g\u00e9nero de las damas al frente de los linajes vascos\u00bb:<\/em><\/strong> <span class=\"OYPEnA text-decoration-none text-strikethrough-none\">Junto a Isabel Mell\u00e9n, historiadora especializada en el rol de las mujeres en la vida social, pol\u00edtica y cultural de la Edad Media.<\/span><\/li>\n<\/ul>\n<p style=\"padding-left: 40px;\">&#x1f4c5; 14 de marzo &#8211; 19:00 &#8211; Gratis &#8211; En castellano<\/p>\n<ul>\n<li><b>Puertas abiertas<\/b><\/li>\n<\/ul>\n<p style=\"padding-left: 40px;\">&#x1f4c5; 2, 3, 9 y 10 de marzo &#8211; S\u00e1bados: 10:00 &#8211; 16:00. Domingos: 10:30 &#8211; 14:30 &#8211; Gratis<\/p>\n<h4 style=\"text-align: left; padding-left: 40px;\"><span style=\"color: #ffc400;\">Conoce los secretos de nuestra industria en el Museo Rialia, Portugalete<\/span><\/h4>\n<ul>\n<li style=\"text-align: left;\"><strong>Vista guiada:<\/strong> Visita la colecci\u00f3n y descubre los tesoros de este museo industrial centrado en la R\u00eda de Bilbao.<\/li>\n<\/ul>\n<p style=\"text-align: left; padding-left: 40px;\"><strong>&#x1f4c5;<\/strong> 9 de marzo &#8211;\u00a0 Con Reserva &#8211; Gratis &#8211;\u00a0 A las 12:00 en castellano y a la 13:00 en euskera.<\/p>\n<p style=\"text-align: left; padding-left: 40px;\"><strong><strong style=\"font-size: inherit;\">&#x2139; <\/strong>Informaci\u00f3n y reservas:<\/strong> https:\/\/sarrerak.portugalete.org\/ museo-de-la-industria-rialia\/<\/p>\n<h4 style=\"text-align: left; padding-left: 40px;\"><span style=\"color: #ffc400;\">Visita guiada por el museo Plasentia de Butr\u00f3n en Plentzia<\/span><\/h4>\n<ul>\n<li style=\"text-align: left;\"><em><strong>\u00abCantabria: hierro, sal y silencio\u00bb:<\/strong><\/em> La nueva exposici\u00f3n temporal del museo de Plentzia, los barcos hundidos de la costa de Cantabria y su historia.<\/li>\n<\/ul>\n<p style=\"text-align: left; padding-left: 40px;\"><strong>&#x1f4c5;<\/strong> 2, 9, 16 y 23 de marzo &#8211;\u00a0 Con Reserva &#8211; Gratis &#8211; De 12:00 a 13:00<\/p>\n<p style=\"text-align: left; padding-left: 40px;\"><strong><strong style=\"font-size: inherit;\">&#x2139; <\/strong>Informaci\u00f3n y reservas:<\/strong> 94 677 37 25 \/ contacto@museoplentzia.org<\/p>\n<h4 style=\"padding-left: 30px; text-align: left;\"><span style=\"color: #ffc400;\">Visitas guiadas en Santimami\u00f1e, en Kortezubi<\/span><\/h4>\n<p style=\"text-align: left;\"><img loading=\"lazy\" decoding=\"async\" class=\"alignright size-full wp-image-2647\" src=\"https:\/\/www.disfrutabizkaia.com\/blog\/wp-content\/uploads\/2018\/03\/Santimami\u00f1e.jpeg\" alt=\"Cueva de Santimami\u00f1e \" width=\"259\" height=\"194\" \/><\/p>\n<div>\n<ul>\n<li><strong>Vistas guiadas en Santimami\u00f1e<\/strong> centradas en el uso de recursos mar\u00edtimos y objetos como un conchero que muestra el consumo de productos del mar.<\/li>\n<\/ul>\n<\/div>\n<p style=\"text-align: left; padding-left: 40px;\"><strong>&#x1f4c5; <\/strong>23 y 24 de marzo &#8211; Gratis &#8211; Con reserva &#8211; 10:00, 11:00, 12:00 y 13:00<\/p>\n<p style=\"text-align: left; padding-left: 40px;\"><strong><strong style=\"font-size: inherit;\">&#x2139; <\/strong>M\u00e1s informaci\u00f3n y reservas:<\/strong> 94 465 16 57 \/\u00a0santimamine@bizkaia.eus<\/p>\n<h4 style=\"padding-left: 30px; text-align: left;\"><span style=\"color: #ffc400;\">Txakolingunea en Bakio<\/span><\/h4>\n<ul>\n<li style=\"text-align: left;\"><strong>\u00a0Exposici\u00f3n <em>\u00abMairin Mitchell: La cronista Irlandesa de los vascos\u00bb<\/em>:\u00a0<\/strong>En 1958, Mairin Mitchell public\u00f3 \u00abLa Odisea de Acurio\u00bb, novela sobre Juan de Acurio, contramaestre bermeano en la Primera Vuelta al Mundo. Escribi\u00f3 cr\u00f3nicas sobre navegantes vascos, tuvo relaci\u00f3n con personalidades de la cultura vasca y vivi\u00f3 en Tolosa y Zumaia.<\/li>\n<\/ul>\n<p style=\"text-align: left; padding-left: 80px;\"><strong>&#x1f4c5;\u00a0<\/strong>Todo el mes de marzo &#8211;\u00a0 De martes a domingo &#8211; De 10:00 a 14:00 &#8211; Gratis<\/p>\n<p style=\"text-align: left; padding-left: 40px;\"><strong><strong style=\"font-size: inherit;\">&#x2139; <\/strong>Informaci\u00f3n y reservas Txakolingunea:<\/strong>\u00a094 602 85 13 \/\u00a0txakolingunea@bizkaia.eus<\/p>\n<h4 style=\"padding-left: 30px; text-align: left;\"><span style=\"color: #ffc400;\">Museo Memorial del Cintur\u00f3n de Hierro<\/span><\/h4>\n<p style=\"text-align: left;\"><strong>&#x1f6b6;&#x1f3fb;&#x200d;&#x2642;&#xfe0f;Visita guiada a los restos del cintur\u00f3n de hierro cerca de la costa.<\/strong> Un agradable paseo (recomendable llevar calzado y ropa de monte) que ir\u00e1 precedido por una peque\u00f1a introducci\u00f3n en el museo.<\/p>\n<p style=\"text-align: left; padding-left: 40px;\"><strong>&#x1f4c5; <\/strong>17\u00a0de marzo &#8211; 10:00h &#8211; 13:00h &#8211; Gratis &#8211; Con reserva (punto de encuentro en el <strong>museo memorial del Cintur\u00f3n de Hierro.<\/strong> Recomendada ropa y calzado de monte) &#8211; Mayores de 6 a\u00f1os. Plazas entre 12 y 30.<\/p>\n<p style=\"padding-left: 40px;\"><strong><strong style=\"font-size: inherit;\">&#x2139; <\/strong>Informaci\u00f3n y reservas:<\/strong> 94 668 21 43 \/ berangokultura@berango.org<\/p>\n<h4 style=\"padding-left: 30px; text-align: left;\"><span style=\"color: #ffc400;\">+ y para celebrar del todo el D\u00eda del padre&#8230;<\/span><\/h4>\n<p>Tras un d\u00eda de planes y visitas, toca reponer fuerzas y qu\u00e9 mejor plan para el d\u00eda del padre que una <strong>comida en familia<\/strong>. Toca regalarle un homenaje disfrutando de la afamada gastronom\u00eda vasca en Bizkaia. \u00bfQu\u00e9 os parece ir a comer un buen txuleton?<\/p>\n<p>En Disfruta Bizkaia hemos localizado los mejores restaurantes donde comer txuleta en Bizkaia:<\/p>\n<p><a href=\"https:\/\/www.disfrutabizkaia.com\/que-hacer\/ruta-txuleta-bizkaia\/\"><img loading=\"lazy\" decoding=\"async\" class=\"lazyloaded aligncenter wp-image-4323 size-full\" src=\"https:\/\/www.disfrutabizkaia.com\/blog\/wp-content\/uploads\/2022\/03\/banner-txuleta-blog-disfruta-bizkaia.png\" alt=\"Encuentra restaurantes para comer las mejores txuletas de Bilbao y Bizkaia\" width=\"678\" height=\"181\" data-src=\"https:\/\/www.disfrutabizkaia.com\/blog\/wp-content\/uploads\/2020\/02\/Banner-restaurantes-con-ni\u00f1os-zona-Infantil-disfruta-bizkaia.gif\" srcset=\"https:\/\/www.disfrutabizkaia.com\/blog\/wp-content\/uploads\/2022\/03\/banner-txuleta-blog-disfruta-bizkaia.png 678w, https:\/\/www.disfrutabizkaia.com\/blog\/wp-content\/uploads\/2022\/03\/banner-txuleta-blog-disfruta-bizkaia-300x80.png 300w, https:\/\/www.disfrutabizkaia.com\/blog\/wp-content\/uploads\/2022\/03\/banner-txuleta-blog-disfruta-bizkaia-600x160.png 600w\" sizes=\"auto, (max-width: 678px) 100vw, 678px\" \/><\/a><\/p>\n<h4 style=\"padding-left: 30px; text-align: left;\"><span style=\"color: #ffc400;\">Planes con ni\u00f1os, talleres y actividades infantiles en la red de museos de la costa vasca<\/span><\/h4>\n<p style=\"text-align: left;\"><img loading=\"lazy\" decoding=\"async\" class=\"alignright size-full wp-image-1296\" src=\"https:\/\/www.disfrutabizkaia.com\/blog\/wp-content\/uploads\/2018\/03\/Ekoetxea-URdaibai-actividades-infantiles.jpg\" alt=\"Ekoetxea Urdaibai actividades infantiles\" width=\"250\" height=\"166\" \/>Si todav\u00eda piensas que cultura, aprendizaje y diversi\u00f3n no pueden ir de la mano, gracias al mes de los museos de la costa vasca cambiar\u00e1s de idea: A lo largo de este mes podremos disfrutar con los m\u00e1s txikis de planes y talleres organizadas especialmente para los ni\u00f1os o para divertirse en familia.<\/p>\n<p style=\"text-align: left;\">Hemos recopilado para ti los mejores<a href=\"https:\/\/www.disfrutabizkaia.com\/blog\/planes-con-ninos-marzo-mes-museos-costa-vasca\/\"><span style=\"color: #ffcc00;\"> planes con ni\u00f1os<\/span><\/a> o en familia en los museos de Bizkaia participantes en esta iniciativa: Cuentacuentos, visitas teatralizadas, juegos de pistas y talleres infantiles son algunas de las propuestas. Te lo contaremos en el siguiente post \u00a1No te lo pierdas!<\/p>\n<p style=\"text-align: left;\"><span style=\"color: #ffc400;\"><a style=\"color: #ffc400;\" href=\"https:\/\/www.disfrutabizkaia.com\/\"><strong>Disfruta Bizkaia<\/strong><\/a>,<\/span>\u00a0planes, turismo, alojamiento y restaurantes en una misma web.<br \/>\n<div class=\"crp-list-container\"><h3 class=\"crp-list-title\">Related Posts<\/h3><ul class=\"crp-list\"><li class=\"crp-list-item crp-list-item-image-left crp-list-item-has-image\"><div class=\"crp-list-item-image\"><a href=\"https:\/\/www.disfrutabizkaia.com\/blog\/5-planes-originales-con-ninos-bizkaia\/\" target=\"_blank\"><img loading=\"lazy\" decoding=\"async\" data-pin-nopin=\"true\" style=\"max-width: 100px; height: auto;\" width=\"100\" height=\"67\" src=\"https:\/\/www.disfrutabizkaia.com\/blog\/wp-content\/uploads\/2019\/05\/5_planes_excursiones_visitas_originales_ni\u00f1os_Bizkaia-372x248.jpg\" class=\"attachment-100x100 size-100x100\" alt=\"Planes-excursiones-visitas-que-hacer-con-ni\u00f1os-Bizkaia\" \/><\/a><\/div><div class=\"crp-list-item-title\"><a href=\"https:\/\/www.disfrutabizkaia.com\/blog\/5-planes-originales-con-ninos-bizkaia\/\" target=\"_blank\">5 Planes originales con ni\u00f1os<\/a><\/div><\/li><li class=\"crp-list-item crp-list-item-image-left crp-list-item-has-image\"><div class=\"crp-list-item-image\"><a href=\"https:\/\/www.disfrutabizkaia.com\/blog\/5-visitas-turisticas-bilbao\/\" target=\"_blank\"><img loading=\"lazy\" decoding=\"async\" data-pin-nopin=\"true\" style=\"max-width: 100px; height: auto;\" width=\"100\" height=\"100\" src=\"https:\/\/www.disfrutabizkaia.com\/blog\/wp-content\/uploads\/2017\/05\/Visitas-tur\u00edsticas-Bilbao-150x150.png\" class=\"attachment-100x100 size-100x100\" alt=\"Visitas tur\u00edsticas que hacer en Bilbao\" srcset=\"https:\/\/www.disfrutabizkaia.com\/blog\/wp-content\/uploads\/2017\/05\/Visitas-tur\u00edsticas-Bilbao-150x150.png 150w, https:\/\/www.disfrutabizkaia.com\/blog\/wp-content\/uploads\/2017\/05\/Visitas-tur\u00edsticas-Bilbao-257x257.png 257w\" sizes=\"auto, (max-width: 100px) 100vw, 100px\" \/><\/a><\/div><div class=\"crp-list-item-title\"><a href=\"https:\/\/www.disfrutabizkaia.com\/blog\/5-visitas-turisticas-bilbao\/\" target=\"_blank\">5+1 Visitas tur\u00edsticas que hacer en Bilbao<\/a><\/div><\/li><li class=\"crp-list-item crp-list-item-image-left crp-list-item-has-image\"><div class=\"crp-list-item-image\"><a href=\"https:\/\/www.disfrutabizkaia.com\/blog\/planes-con-ninos-marzo-mes-museos-costa-vasca\/\" target=\"_blank\"><img loading=\"lazy\" decoding=\"async\" data-pin-nopin=\"true\" style=\"max-width: 100px; height: auto;\" width=\"100\" height=\"67\" src=\"https:\/\/www.disfrutabizkaia.com\/blog\/wp-content\/uploads\/2023\/03\/BLOG-DISFRUTA-2-372x248.jpg\" class=\"attachment-100x100 size-100x100\" alt=\"\" \/><\/a><\/div><div class=\"crp-list-item-title\"><a href=\"https:\/\/www.disfrutabizkaia.com\/blog\/planes-con-ninos-marzo-mes-museos-costa-vasca\/\" target=\"_blank\">Planes con ni\u00f1os y ni\u00f1as en el Mes de los Museos de la costa vasca<\/a><\/div><\/li><li class=\"crp-list-item crp-list-item-image-left crp-list-item-has-image\"><div class=\"crp-list-item-image\"><a href=\"https:\/\/www.disfrutabizkaia.com\/blog\/turismo-cultural-artistico-bizkaia\/\" target=\"_blank\"><img loading=\"lazy\" decoding=\"async\" data-pin-nopin=\"true\" style=\"max-width: 100px; height: auto;\" width=\"100\" height=\"67\" src=\"https:\/\/www.disfrutabizkaia.com\/blog\/wp-content\/uploads\/2021\/04\/planes-culturales-y-artisticos-372x248.png\" class=\"attachment-100x100 size-100x100\" alt=\"\" \/><\/a><\/div><div class=\"crp-list-item-title\"><a href=\"https:\/\/www.disfrutabizkaia.com\/blog\/turismo-cultural-artistico-bizkaia\/\" target=\"_blank\">Turismo cultural y art\u00edstico en Bizkaia<\/a><\/div><\/li><\/ul><\/div><\/p>\n","protected":false},"excerpt":{"rendered":"<p>La Red de Museos de la Costa Vasca celebra su 11\u00aa edici\u00f3n del \u00abmes de los museos\u00bb: Un programa lleno de visitas, talleres familiares, actividades y oferta cultural gratuitas. En esta edici\u00f3n Del Mes de los Museos de la Costa&#8230; <a class=\"more-link\" href=\"https:\/\/www.disfrutabizkaia.com\/blog\/mes-museos-costa-vasca-planes-bizkaia\/\">Seguir leyendo &rarr;<\/a><\/p>\n","protected":false},"author":2,"featured_media":5959,"comment_status":"open","ping_status":"open","sticky":false,"template":"","format":"standard","meta":{"_acf_changed":false,"footnotes":""},"categories":[1,47],"tags":[28,16],"class_list":["post-1284","post","type-post","status-publish","format-standard","has-post-thumbnail","hentry","category-disfruta-bizkaia","category-planes","tag-cultura","tag-visitas-guiadas"],"acf":[],"_links":{"self":[{"href":"https:\/\/www.disfrutabizkaia.com\/blog\/wp-json\/wp\/v2\/posts\/1284","targetHints":{"allow":["GET"]}}],"collection":[{"href":"https:\/\/www.disfrutabizkaia.com\/blog\/wp-json\/wp\/v2\/posts"}],"about":[{"href":"https:\/\/www.disfrutabizkaia.com\/blog\/wp-json\/wp\/v2\/types\/post"}],"author":[{"embeddable":true,"href":"https:\/\/www.disfrutabizkaia.com\/blog\/wp-json\/wp\/v2\/users\/2"}],"replies":[{"embeddable":true,"href":"https:\/\/www.disfrutabizkaia.com\/blog\/wp-json\/wp\/v2\/comments?post=1284"}],"version-history":[{"count":81,"href":"https:\/\/www.disfrutabizkaia.com\/blog\/wp-json\/wp\/v2\/posts\/1284\/revisions"}],"predecessor-version":[{"id":6019,"href":"https:\/\/www.disfrutabizkaia.com\/blog\/wp-json\/wp\/v2\/posts\/1284\/revisions\/6019"}],"wp:featuredmedia":[{"embeddable":true,"href":"https:\/\/www.disfrutabizkaia.com\/blog\/wp-json\/wp\/v2\/media\/5959"}],"wp:attachment":[{"href":"https:\/\/www.disfrutabizkaia.com\/blog\/wp-json\/wp\/v2\/media?parent=1284"}],"wp:term":[{"taxonomy":"category","embeddable":true,"href":"https:\/\/www.disfrutabizkaia.com\/blog\/wp-json\/wp\/v2\/categories?post=1284"},{"taxonomy":"post_tag","embeddable":true,"href":"https:\/\/www.disfrutabizkaia.com\/blog\/wp-json\/wp\/v2\/tags?post=1284"}],"curies":[{"name":"wp","href":"https:\/\/api.w.org\/{rel}","templated":true}]}}