{"id":1301,"date":"2024-02-28T10:37:12","date_gmt":"2024-02-28T09:37:12","guid":{"rendered":"https:\/\/www.disfrutabizkaia.com\/blog\/?p=1301"},"modified":"2024-02-28T15:46:03","modified_gmt":"2024-02-28T14:46:03","slug":"planes-con-ninos-marzo-mes-museos-costa-vasca","status":"publish","type":"post","link":"https:\/\/www.disfrutabizkaia.com\/blog\/planes-con-ninos-marzo-mes-museos-costa-vasca\/","title":{"rendered":"Planes con ni\u00f1os y ni\u00f1as en el Mes de los Museos de la costa vasca"},"content":{"rendered":"\r\n<p>Los planes culturales con ni\u00f1os tambi\u00e9n pueden ser divertidos. Te presentamos las mejores actividades para disfrutar con ni\u00f1os y en familia, organizados por los <strong>museos de Bizkaia<\/strong> participantes en el <em><strong>Mes de los Museos de la Costa Vasca 2024<\/strong>. <\/em>Adem\u00e1s, podr\u00e1s aprovechar alguna de estas propuestas para celebrar el D\u00eda del Padre de una manera \u00fanica y original.<\/p>\r\n\r\n\r\n\r\n<p>A lo largo del mes de <strong>marzo<\/strong> podremos disfrutar con los m\u00e1s txikis de <strong>actividades y talleres infantiles<\/strong> para divertirse en familia, a la vez que conocemos el patrimonio cultural y natural de Bizkaia. qu\u00ed tienes los planes que hemos seleccionado para ti, organizados por fechas para que no te pierdas ninguno:<\/p>\r\n<h4><span style=\"color: #ffcc00; font-family: 'Roboto Slab', sans-serif; font-size: 1.25em;\">Arrantzaleen museoa &#8211; Museo del Pescador de Bermeo<\/span><\/h4>\r\n<p>&nbsp;<\/p>\r\n\r\n\r\n\r\n\r\n\r\n<p><img loading=\"lazy\" decoding=\"async\" class=\"wp-image-5088 alignleft\" src=\"https:\/\/www.disfrutabizkaia.com\/blog\/wp-content\/uploads\/2023\/03\/Bermeo_Itsas-museo_Disfruta-Bizkaia_-1-300x300.jpg\" alt=\"\" width=\"257\" height=\"257\" srcset=\"https:\/\/www.disfrutabizkaia.com\/blog\/wp-content\/uploads\/2023\/03\/Bermeo_Itsas-museo_Disfruta-Bizkaia_-1-300x300.jpg 300w, https:\/\/www.disfrutabizkaia.com\/blog\/wp-content\/uploads\/2023\/03\/Bermeo_Itsas-museo_Disfruta-Bizkaia_-1-1024x1024.jpg 1024w, https:\/\/www.disfrutabizkaia.com\/blog\/wp-content\/uploads\/2023\/03\/Bermeo_Itsas-museo_Disfruta-Bizkaia_-1-768x768.jpg 768w, https:\/\/www.disfrutabizkaia.com\/blog\/wp-content\/uploads\/2023\/03\/Bermeo_Itsas-museo_Disfruta-Bizkaia_-1-600x600.jpg 600w, https:\/\/www.disfrutabizkaia.com\/blog\/wp-content\/uploads\/2023\/03\/Bermeo_Itsas-museo_Disfruta-Bizkaia_-1-945x945.jpg 945w, https:\/\/www.disfrutabizkaia.com\/blog\/wp-content\/uploads\/2023\/03\/Bermeo_Itsas-museo_Disfruta-Bizkaia_-1.jpg 1080w\" sizes=\"auto, (max-width: 257px) 100vw, 257px\" \/><\/p>\r\n<ul>\r\n<li><strong><span style=\"color: #000000;\">Taller infantil <em>\u00abHoy t\u00fa ser\u00e1s el gu\u00eda\u00bb: <\/em><\/span><\/strong><span style=\"color: #000000;\">Con este taller, los ni\u00f1os y ni\u00f1as de entre 5 y 12 a\u00f1os, ser\u00e1n gui\u00e1s del museo por un d\u00eda.<\/span><\/li>\r\n<\/ul>\r\n\r\n\r\n\r\n<p>&#x1f4c5; 3 de marzo. Con reserva &#8211; Gratis &#8211; De 11:30 a 13:00 &#8211; En euskera.<\/p>\r\n\r\n\r\n\r\n<ul>\r\n<li><strong>Puertas abiertas:<\/strong> Visita el museo de forma gratuita.<\/li>\r\n<\/ul>\r\n<p>&#x1f4c5; 2, 3 , 9 y 10 de marzo.<\/p>\r\n<p>S\u00e1bado: 10:00 &#8211; 16:00 Domingos: 10:30-14:30<\/p>\r\n\r\n\r\n\r\n<p><strong>M\u00e1s informaci\u00f3n y reservas: <\/strong>946881171 \/ arrantzaleenmuseoa@bizkaia.eus<\/p>\r\n\r\n\r\n\r\n\r\n\r\n<h3 class=\"wp-block-heading\"><span style=\"color: #ffcc00;\">Itsasmuseum Bilbao<\/span><\/h3>\r\n\r\n\r\n<div class=\"wp-block-image\">\r\n<figure class=\"alignright\"><img loading=\"lazy\" decoding=\"async\" class=\"alignnone wp-image-5949 size-medium\" src=\"https:\/\/www.disfrutabizkaia.com\/blog\/wp-content\/uploads\/2023\/03\/itsasmuseum_taller-300x179.jpg\" alt=\"\" width=\"300\" height=\"179\" srcset=\"https:\/\/www.disfrutabizkaia.com\/blog\/wp-content\/uploads\/2023\/03\/itsasmuseum_taller-300x179.jpg 300w, https:\/\/www.disfrutabizkaia.com\/blog\/wp-content\/uploads\/2023\/03\/itsasmuseum_taller.jpg 503w\" sizes=\"auto, (max-width: 300px) 100vw, 300px\" \/><\/figure>\r\n<\/div>\r\n\r\n\r\n<p><strong>Visitas Guiadas en familia y Talleres infantiles:<\/strong>\u00a0<\/p>\r\n<p>&#x1f4c5; 2 y 3 de marzo. Con reserva &#8211; Gratis:<\/p>\r\n<ul>\r\n<li>De 11:30 a 12:00: Breve visita guiada a la zona dedicada al surf. Esta actividad coincide con la V edici\u00f3n del Laboral Kutxa Bilbao Surf Film Festival).<\/li>\r\n<li>De 12:00 a 13:30: Taller infantil con tem\u00e1tica del surf. De 8 a 12 a\u00f1os.<\/li>\r\n<\/ul>\r\n\r\n\r\n\r\n<p>&#x1f4c5; 9, 10, 23 y 24 de marzo. Con reserva &#8211; Gratis:<\/p>\r\n<ul>\r\n<li>De 11:30 a 12:00: Breve visita guiada a la exposici\u00f3n <em>\u00abNuevo Anch\u00fastegui, Gure Se\u00f1oriti\u00bb<\/em><\/li>\r\n<li>De 12:00 a 13:30: Taller infantil <em>\u00abUn d\u00eda de pesca\u00bb<\/em> para p\u00fablico infantil de 4 a 12 a\u00f1os.<\/li>\r\n<\/ul>\r\n<p>&#x1f4c5; 16, 17, 30 Y 31 de marzo. Con reserva &#8211; Gratis:<\/p>\r\n<ul>\r\n<li>De 11:30 a 12:00: Breve visita guiada a la exposici\u00f3n <em>\u00abSelma Huxley: descubriendo a los vascos en Terra Nova. Siglo XVI\u00bb<\/em><\/li>\r\n<li>De 12:00 a 13:30: Taller infantil <em>\u00abUn d\u00eda de pesca\u00bb<\/em> para p\u00fablico infantil de 4 a 12 a\u00f1os.<\/li>\r\n<\/ul>\r\n\r\n\r\n\r\n<p><strong>M\u00e1s informaci\u00f3n y reservas: <\/strong>946085500 \/ info@itsasmuseum.eus<\/p>\r\n\r\n\r\n\r\n<h3 class=\"wp-block-heading\"><span style=\"color: #ffcc00;\">Euskal Herria Museoa &#8211; Gernika<\/span><\/h3>\r\n\r\n\r\n<div class=\"wp-block-image\">\r\n<figure class=\"alignright\"><img loading=\"lazy\" decoding=\"async\" width=\"300\" height=\"169\" class=\"wp-image-4285\" src=\"https:\/\/www.disfrutabizkaia.com\/blog\/wp-content\/uploads\/2019\/03\/euskal_herria_museoa-300x169.jpg\" alt=\"\" srcset=\"https:\/\/www.disfrutabizkaia.com\/blog\/wp-content\/uploads\/2019\/03\/euskal_herria_museoa-300x169.jpg 300w, https:\/\/www.disfrutabizkaia.com\/blog\/wp-content\/uploads\/2019\/03\/euskal_herria_museoa-768x432.jpg 768w, https:\/\/www.disfrutabizkaia.com\/blog\/wp-content\/uploads\/2019\/03\/euskal_herria_museoa-600x337.jpg 600w, https:\/\/www.disfrutabizkaia.com\/blog\/wp-content\/uploads\/2019\/03\/euskal_herria_museoa.jpg 786w\" sizes=\"auto, (max-width: 300px) 100vw, 300px\" \/><\/figure>\r\n<\/div>\r\n\r\n\r\n<p class=\"has-small-font-size\"><strong>\u2022 Taller familiar: <\/strong><em><strong>\u00abEmakumeak historian<\/strong>\u00bb &#8211; <strong>\u00abLas mujeres en la historia\u00bb<\/strong><\/em><\/p>\r\n\r\n\r\n\r\n<p>Este actividad did\u00e1ctica ense\u00f1ar\u00e1 a los y las txikis de m\u00e1s de 4 a\u00f1os (acompa\u00f1ados por un familiar), el lugar de las mujeres en nuestra historia.<\/p>\r\n\r\n\r\n\r\n<p>Gratis &#8211; Con reserva &#8211; En Euskera &#8211; Por cada adultpo podr\u00e1n ir 3 menores.<\/p>\r\n\r\n\r\n\r\n<p>&#x1f4c5; 3 de marzo &#8211; De 11:30 a 13:30\u00a0<\/p>\r\n\r\n\r\n\r\n\r\n\r\n<p><strong>M\u00e1s informaci\u00f3n y reservas:<\/strong> 946255451 \/ euskalherriamuseoa@bizkaia.eus<\/p>\r\n<h3><span style=\"color: #ffcc00;\">Museo de la Paz de Gernika<\/span><\/h3>\r\n<p class=\"has-small-font-size\"><strong>\u2022 Taller familiar: <\/strong><em><strong>\u00abHiroshima y Nagasaki<\/strong>\u00bb <img loading=\"lazy\" decoding=\"async\" class=\"size-full wp-image-5941 alignleft\" src=\"https:\/\/www.disfrutabizkaia.com\/blog\/wp-content\/uploads\/2023\/03\/t_hiroshima.jpg\" alt=\"\" width=\"153\" height=\"153\" \/><\/em><\/p>\r\n<p>\r\n\r\n<\/p>\r\n<p>Taller sobre Hiroshima y Nagasaki para mayores de 4 a\u00f1os.<\/p>\r\n<p>\r\n\r\n<\/p>\r\n<p>Gratis &#8211; Con reserva &#8211; En Euskera\u00a0<\/p>\r\n<p>\r\n\r\n<\/p>\r\n<p>&#x1f4c5; 17 de marzo &#8211; De 11:30 a 12:30 y De 12:45 a 13:45.<\/p>\r\n<p>\r\n\r\n\r\n\r\n<\/p>\r\n<p><strong>M\u00e1s informaci\u00f3n y reservas:<\/strong> 946270213 \/ museoa@gernika-lumo.net<\/p>\r\n<h3><span style=\"color: #ffcc00;\">Museo del Txakoli &#8211; Txakolingunea en Bakio<\/span><\/h3>\r\n<p class=\"has-small-font-size\"><strong>\u2022 Taller infantil: <\/strong><em><strong>\u00abMirando al mar<\/strong>\u00bb\u00a0<\/em><\/p>\r\n<p>\r\n\r\n<\/p>\r\n<p>Manualidades relacionadas con el mar para ni\u00f1os y ni\u00f1as de 4 a 12 a\u00f1os.<\/p>\r\n<p>\r\n\r\n<\/p>\r\n<p>1\u20ac &#8211; Con reserva &#8211; En Euskera\u00a0<\/p>\r\n<p>\r\n\r\n<\/p>\r\n<p>&#x1f4c5; 24 de marzo &#8211; De 11:30 a 13:00.<\/p>\r\n<p>\r\n\r\n\r\n\r\n<\/p>\r\n<p><strong>M\u00e1s informaci\u00f3n y reservas:<\/strong> 946028513 \/ txakolingunea@bizkaia.eus<\/p>\r\n<h3><span style=\"color: #ffcc00;\">Museo Arqueol\u00f3gico de Bizkaia<\/span><\/h3>\r\n<p><img loading=\"lazy\" decoding=\"async\" class=\"wp-image-5947  alignright\" src=\"https:\/\/www.disfrutabizkaia.com\/blog\/wp-content\/uploads\/2023\/03\/22_2_124__11_40_23_Talleres_mar-abr-2024-300x300.png\" alt=\"\" width=\"218\" height=\"218\" srcset=\"https:\/\/www.disfrutabizkaia.com\/blog\/wp-content\/uploads\/2023\/03\/22_2_124__11_40_23_Talleres_mar-abr-2024-300x300.png 300w, https:\/\/www.disfrutabizkaia.com\/blog\/wp-content\/uploads\/2023\/03\/22_2_124__11_40_23_Talleres_mar-abr-2024-1024x1024.png 1024w, https:\/\/www.disfrutabizkaia.com\/blog\/wp-content\/uploads\/2023\/03\/22_2_124__11_40_23_Talleres_mar-abr-2024-768x768.png 768w, https:\/\/www.disfrutabizkaia.com\/blog\/wp-content\/uploads\/2023\/03\/22_2_124__11_40_23_Talleres_mar-abr-2024-600x600.png 600w, https:\/\/www.disfrutabizkaia.com\/blog\/wp-content\/uploads\/2023\/03\/22_2_124__11_40_23_Talleres_mar-abr-2024-945x945.png 945w, https:\/\/www.disfrutabizkaia.com\/blog\/wp-content\/uploads\/2023\/03\/22_2_124__11_40_23_Talleres_mar-abr-2024.png 1080w\" sizes=\"auto, (max-width: 218px) 100vw, 218px\" \/><\/p>\r\n<p class=\"has-small-font-size\"><strong>\u2022 Taller familiar: <\/strong><em><strong>\u00abPueblos balleneros de la costa vasca<\/strong>\u00bb\u00a0<\/em><\/p>\r\n<p>\r\n\r\n<\/p>\r\n<p>Con este taller tendr\u00e1s la oportunidad de conocer c\u00f3mo era la sociedad de los pueblos de la costa de Bizkaia a trav\u00e9s de las huellas arqueol\u00f3gicas que han dejado las actividades balleneras.<\/p>\r\n<p>\r\n\r\n<\/p>\r\n<p>Gratis &#8211; Con reserva\u00a0<\/p>\r\n<p>\r\n\r\n<\/p>\r\n<p>&#x1f4c5; 10, 17, 24 y 31 de marzo &#8211; 11:30\u00a0<\/p>\r\n<p>\r\n\r\n\r\n\r\n<\/p>\r\n<p><strong>M\u00e1s informaci\u00f3n y reservas:<\/strong> 944040990 \/ arqueologimuseoa@bizkaia.eus<\/p>\r\n\r\n\r\n\r\n<h3 class=\"wp-block-heading\"><span style=\"color: #ffcc00;\">Ferrer\u00eda de El Pobal. Muskiz.<\/span><\/h3>\r\n\r\n\r\n\r\n\r\n\r\n<p><img loading=\"lazy\" decoding=\"async\" class=\"wp-image-5931 size-medium alignleft\" src=\"https:\/\/www.disfrutabizkaia.com\/blog\/wp-content\/uploads\/2023\/03\/30_4_2015__12_24_56_Sin-titulo-1-250x300.jpg\" alt=\"\" width=\"250\" height=\"300\" srcset=\"https:\/\/www.disfrutabizkaia.com\/blog\/wp-content\/uploads\/2023\/03\/30_4_2015__12_24_56_Sin-titulo-1-250x300.jpg 250w, https:\/\/www.disfrutabizkaia.com\/blog\/wp-content\/uploads\/2023\/03\/30_4_2015__12_24_56_Sin-titulo-1-768x922.jpg 768w, https:\/\/www.disfrutabizkaia.com\/blog\/wp-content\/uploads\/2023\/03\/30_4_2015__12_24_56_Sin-titulo-1-600x720.jpg 600w, https:\/\/www.disfrutabizkaia.com\/blog\/wp-content\/uploads\/2023\/03\/30_4_2015__12_24_56_Sin-titulo-1.jpg 800w\" sizes=\"auto, (max-width: 250px) 100vw, 250px\" \/><\/p>\r\n<p><strong>Visita tem\u00e1tica y taller medioambiental en El D\u00eda Mundial del Agua e Internacional de los Bosques<\/strong><\/p>\r\n\r\n\r\n\r\n<p>Disfruta de un recorrido guiado por el entorno de la ferrer\u00eda y la relaci\u00f3n de este enclave hidr\u00e1ulico con su rico patrimonio natural.<\/p>\r\n\r\n\r\n\r\n<p>Incluye: plantaci\u00f3n de diferentes \u00e1rboles y una exhibici\u00f3n en directo de la elaboraci\u00f3n del carb\u00f3n vegetal mediante una peque\u00f1a txandorra,<\/p>\r\n\r\n\r\n\r\n<p>Gratis &#8211; Con reserva\u00a0<\/p>\r\n\r\n\r\n\r\n<p>&#x1f4c5; 16 de marzo<\/p>\r\n\r\n\r\n\r\n<p>Se recomienda llevar ropa y calzado c\u00f3modo y adecuado.<\/p>\r\n\r\n\r\n\r\n<p><strong>M\u00e1s informaci\u00f3n y reservas:<\/strong> 629271516 \/ elpobal@bizkaia.eus<\/p>\r\n<h3><span style=\"color: #ffcc00;\">Rialia &#8211; Industria Museoa en Portugalete<\/span><\/h3>\r\n<p><img loading=\"lazy\" decoding=\"async\" class=\"size-medium wp-image-5945 alignleft\" src=\"https:\/\/www.disfrutabizkaia.com\/blog\/wp-content\/uploads\/2023\/03\/antzinako_mapa-300x204.jpg\" alt=\"\" width=\"300\" height=\"204\" srcset=\"https:\/\/www.disfrutabizkaia.com\/blog\/wp-content\/uploads\/2023\/03\/antzinako_mapa-300x204.jpg 300w, https:\/\/www.disfrutabizkaia.com\/blog\/wp-content\/uploads\/2023\/03\/antzinako_mapa-768x522.jpg 768w, https:\/\/www.disfrutabizkaia.com\/blog\/wp-content\/uploads\/2023\/03\/antzinako_mapa-600x408.jpg 600w, https:\/\/www.disfrutabizkaia.com\/blog\/wp-content\/uploads\/2023\/03\/antzinako_mapa-945x643.jpg 945w, https:\/\/www.disfrutabizkaia.com\/blog\/wp-content\/uploads\/2023\/03\/antzinako_mapa.jpg 1000w\" sizes=\"auto, (max-width: 300px) 100vw, 300px\" \/><\/p>\r\n<p class=\"has-small-font-size\"><strong>\u2022 Taller <\/strong><em><strong>\u00abAcuario<\/strong>\u00bb\u00a0<\/em><\/p>\r\n<p>\r\n\r\n<\/p>\r\n<p>Tras visitar el museo los ni\u00f1os y ni\u00f1as de entre 5 y 8 a\u00f1os podr\u00e1n realizar esta divertida actividad.<\/p>\r\n<p>\r\n\r\n<\/p>\r\n<p>Gratis &#8211; Con reserva &#8211; En euskera<\/p>\r\n<p>\r\n\r\n<\/p>\r\n<p>&#x1f4c5; 16 de marzo &#8211; De 10:30 a 12:00<\/p>\r\n<p class=\"has-small-font-size\"><strong>\u2022 Taller <\/strong><em><strong>\u00abAntzinako mapa<\/strong>\u00bb\u00a0<\/em><\/p>\r\n<p>\r\n\r\n<\/p>\r\n<p>Los ni\u00f1os y ni\u00f1as de 9 a 12 a\u00f1os aprender\u00e1n a hacer mapas como nlos primeros que se realizaban a mano en pergaminos.<\/p>\r\n<p>\r\n\r\n<\/p>\r\n<p>Gratis &#8211; Con reserva &#8211; En euskera<\/p>\r\n<p>\r\n\r\n<\/p>\r\n<p>&#x1f4c5; 16 de marzo &#8211; De 12:00 a 13:30<\/p>\r\n<p>\r\n\r\n\r\n\r\n<\/p>\r\n<p><strong>M\u00e1s informaci\u00f3n y reservas:<\/strong> <a href=\"https:\/\/sarrerak.portugalete.org\/museo-de-la-industria-rialia\/\">https:\/\/sarrerak.portugalete.org\/museo-de-la-industria-rialia\/<\/a><\/p>\r\n\r\n\r\n\r\n<h3 class=\"wp-block-heading\"><span style=\"color: #ffcc00;\">Barco Museo Agurtza. Santurzi\u00a0\u00a0<\/span><\/h3>\r\n\r\n\r\n\r\n\r\n\r\n<p><img loading=\"lazy\" decoding=\"async\" class=\"wp-image-5092 alignleft\" src=\"https:\/\/www.disfrutabizkaia.com\/blog\/wp-content\/uploads\/2023\/03\/agurtza-Santurtzi-Disfruta-Bizkaia-1024x683.webp\" alt=\"\" width=\"256\" height=\"171\" srcset=\"https:\/\/www.disfrutabizkaia.com\/blog\/wp-content\/uploads\/2023\/03\/agurtza-Santurtzi-Disfruta-Bizkaia-1024x683.webp 1024w, https:\/\/www.disfrutabizkaia.com\/blog\/wp-content\/uploads\/2023\/03\/agurtza-Santurtzi-Disfruta-Bizkaia-300x200.webp 300w, https:\/\/www.disfrutabizkaia.com\/blog\/wp-content\/uploads\/2023\/03\/agurtza-Santurtzi-Disfruta-Bizkaia-372x248.webp 372w, https:\/\/www.disfrutabizkaia.com\/blog\/wp-content\/uploads\/2023\/03\/agurtza-Santurtzi-Disfruta-Bizkaia-768x512.webp 768w, https:\/\/www.disfrutabizkaia.com\/blog\/wp-content\/uploads\/2023\/03\/agurtza-Santurtzi-Disfruta-Bizkaia-600x400.webp 600w, https:\/\/www.disfrutabizkaia.com\/blog\/wp-content\/uploads\/2023\/03\/agurtza-Santurtzi-Disfruta-Bizkaia-945x630.webp 945w, https:\/\/www.disfrutabizkaia.com\/blog\/wp-content\/uploads\/2023\/03\/agurtza-Santurtzi-Disfruta-Bizkaia.webp 1200w\" sizes=\"auto, (max-width: 256px) 100vw, 256px\" \/><\/p>\r\n<p><strong>Puertas abiertas en el barco-museo Agurtza<\/strong><\/p>\r\n\r\n\r\n\r\n<p>Conoce la vida a bordo de un barco atunero de mediados del siglo XX.<\/p>\r\n\r\n\r\n\r\n<p>Gratis &#8211; Con reserva<\/p>\r\n\r\n\r\n\r\n<p>&#x1f4c5; 2, 9, 16, 23 y 30 de marzo: 11:00 a 12:00<\/p>\r\n\r\n\r\n\r\n<p><strong>M\u00e1s informaci\u00f3n y reservas:<\/strong> 944839494 \/ turismo@santurtzi.eus<\/p>\r\n\r\n\r\n\r\n<h3 class=\"wp-block-heading\"><span style=\"color: #ffcc00;\">Santurtzi Itsas Museoa<\/span><\/h3>\r\n\r\n\r\n\r\n\r\n<div class=\"wp-block-image\">\r\n<figure class=\"alignright size-large is-resized\"><img loading=\"lazy\" decoding=\"async\" class=\"wp-image-5094\" src=\"https:\/\/www.disfrutabizkaia.com\/blog\/wp-content\/uploads\/2023\/03\/Itsas-museos-santurtzi_visitas_serantes_disfruta-bizkaia-1024x1024.jpg\" alt=\"\" width=\"256\" height=\"256\" srcset=\"https:\/\/www.disfrutabizkaia.com\/blog\/wp-content\/uploads\/2023\/03\/Itsas-museos-santurtzi_visitas_serantes_disfruta-bizkaia-1024x1024.jpg 1024w, https:\/\/www.disfrutabizkaia.com\/blog\/wp-content\/uploads\/2023\/03\/Itsas-museos-santurtzi_visitas_serantes_disfruta-bizkaia-300x300.jpg 300w, https:\/\/www.disfrutabizkaia.com\/blog\/wp-content\/uploads\/2023\/03\/Itsas-museos-santurtzi_visitas_serantes_disfruta-bizkaia-768x768.jpg 768w, https:\/\/www.disfrutabizkaia.com\/blog\/wp-content\/uploads\/2023\/03\/Itsas-museos-santurtzi_visitas_serantes_disfruta-bizkaia-600x600.jpg 600w, https:\/\/www.disfrutabizkaia.com\/blog\/wp-content\/uploads\/2023\/03\/Itsas-museos-santurtzi_visitas_serantes_disfruta-bizkaia-945x945.jpg 945w, https:\/\/www.disfrutabizkaia.com\/blog\/wp-content\/uploads\/2023\/03\/Itsas-museos-santurtzi_visitas_serantes_disfruta-bizkaia.jpg 1080w\" sizes=\"auto, (max-width: 256px) 100vw, 256px\" \/><\/figure>\r\n<\/div>\r\n\r\n\r\n<p><strong>Visita guiada al Monte Serantes<\/strong><\/p>\r\n\r\n\r\n\r\n<p>Descubre las vistas y situaci\u00f3n estrat\u00e9gica del monte Serantes en la vigilancia del Abra y acceso mar\u00edtimo de la r\u00eda de Bilbao.<\/p>\r\n\r\n\r\n\r\n<p>Gratis &#8211; Con reserva &#8211; En castellano.<\/p>\r\n\r\n\r\n\r\n<p>&#x1f4c5; 9 y 23 de marzo: De 09:30 a 12:30<\/p>\r\n\r\n\r\n\r\n<p><strong>Talleres infantiles<\/strong><\/p>\r\n<p>\r\n\r\n<\/p>\r\n<p>Aprende a reutilizar materiales desechables construyendo objetos decorativos, instrumentos y otros objeto, alimentado la conciencia ambiental y la sostenibilidad.<\/p>\r\n<p>\r\n\r\n<\/p>\r\n<p>Gratis &#8211; Con reserva- En euskera<\/p>\r\n<p><span style=\"font-size: inherit; color: initial;\">&#x1f4c5; 9 y 23 de marzo: De 11:00 a 12:30<\/span><\/p>\r\n<p>\r\n\r\n<\/p>\r\n<p><strong>Visita teatralizada<\/strong><\/p>\r\n<p>\r\n\r\n<\/p>\r\n<p>Carmen, la pintoresca sardinera del Itsas Museoa, acompa\u00f1ada de otros personajes populares representan para todos los visitantes, de una manera l\u00fadica y divertida la historia y tradiciones de Santurtzi.<\/p>\r\n<p>Gratis &#8211; Con reserva &#8211; En castellano.<\/p>\r\n<p>&#x1f4c5; 16 de marzo. De 12:30 a 13:30<\/p>\r\n<p>\r\n\r\n<\/p>\r\n<p><strong>M\u00e1s informaci\u00f3n y reservas:<\/strong> 944839494 \/ turismo@santurtzi.eus<\/p>\r\n<p>&nbsp;<\/p>\r\n<p>\r\n\r\n<\/p>\r\n<p>\u00bfEres de los que se apunta a todos los planes? Echa un vistazo al<span style=\"color: #ffcc00;\"> <a style=\"color: #ffcc00;\" href=\"https:\/\/www.losmuseosdelacostavasca.eus\/es\/mes-de-los-museos-2\/\" target=\"_blank\" rel=\"noreferrer noopener\">programa completo<\/a> <\/span>para no perderte ni uno. \u00a1Disfr\u00fatalos en familia o con amigos!<\/p>\r\n<p>\r\n\r\n<\/p>\r\n<p><span style=\"color: #ffcc00;\"><a style=\"color: #ffcc00;\" href=\"https:\/\/www.disfrutabizkaia.com\/\"><strong>Disfruta Bizkaia<\/strong><\/a>,<\/span> planes, turismo, alojamiento y restaurantes en una misma web.\u00a0<\/p>\r\n<p>\r\n\r\n<\/p>\r\n<figure class=\"wp-block-image size-large\"><a href=\"https:\/\/www.disfrutabizkaia.com\/comer-beber\/restaurantes\/?nombre=&amp;localidad=-1&amp;zona=-1&amp;categorias%5B%5D=18&amp;categorias%5B%5D=17&amp;servicios%5B%5D=222&amp;order=ASC\"><img loading=\"lazy\" decoding=\"async\" width=\"678\" height=\"181\" class=\"wp-image-3656\" src=\"https:\/\/www.disfrutabizkaia.com\/blog\/wp-content\/uploads\/2020\/02\/Banner-restaurantes-con-ni\u00f1os-zona-Infantil-disfruta-bizkaia.gif\" alt=\"\" \/><\/a><\/figure>\r\n<p>\r\n\r\n<\/p>\r\n<p>&nbsp;<\/p>\r\n<p>\r\n\r\n<\/p>","protected":false},"excerpt":{"rendered":"<p>Los planes culturales con ni\u00f1os tambi\u00e9n pueden ser divertidos. Te presentamos las mejores actividades para disfrutar con ni\u00f1os y en familia, organizados por los museos de Bizkaia participantes en el Mes de los Museos de la Costa Vasca 2024. Adem\u00e1s,&#8230; <a class=\"more-link\" href=\"https:\/\/www.disfrutabizkaia.com\/blog\/planes-con-ninos-marzo-mes-museos-costa-vasca\/\">Seguir leyendo &rarr;<\/a><\/p>\n","protected":false},"author":2,"featured_media":5952,"comment_status":"open","ping_status":"open","sticky":false,"template":"","format":"standard","meta":{"_acf_changed":false,"footnotes":""},"categories":[48,1,47],"tags":[],"class_list":["post-1301","post","type-post","status-publish","format-standard","has-post-thumbnail","hentry","category-con-ninos","category-disfruta-bizkaia","category-planes"],"acf":[],"_links":{"self":[{"href":"https:\/\/www.disfrutabizkaia.com\/blog\/wp-json\/wp\/v2\/posts\/1301","targetHints":{"allow":["GET"]}}],"collection":[{"href":"https:\/\/www.disfrutabizkaia.com\/blog\/wp-json\/wp\/v2\/posts"}],"about":[{"href":"https:\/\/www.disfrutabizkaia.com\/blog\/wp-json\/wp\/v2\/types\/post"}],"author":[{"embeddable":true,"href":"https:\/\/www.disfrutabizkaia.com\/blog\/wp-json\/wp\/v2\/users\/2"}],"replies":[{"embeddable":true,"href":"https:\/\/www.disfrutabizkaia.com\/blog\/wp-json\/wp\/v2\/comments?post=1301"}],"version-history":[{"count":49,"href":"https:\/\/www.disfrutabizkaia.com\/blog\/wp-json\/wp\/v2\/posts\/1301\/revisions"}],"predecessor-version":[{"id":5951,"href":"https:\/\/www.disfrutabizkaia.com\/blog\/wp-json\/wp\/v2\/posts\/1301\/revisions\/5951"}],"wp:featuredmedia":[{"embeddable":true,"href":"https:\/\/www.disfrutabizkaia.com\/blog\/wp-json\/wp\/v2\/media\/5952"}],"wp:attachment":[{"href":"https:\/\/www.disfrutabizkaia.com\/blog\/wp-json\/wp\/v2\/media?parent=1301"}],"wp:term":[{"taxonomy":"category","embeddable":true,"href":"https:\/\/www.disfrutabizkaia.com\/blog\/wp-json\/wp\/v2\/categories?post=1301"},{"taxonomy":"post_tag","embeddable":true,"href":"https:\/\/www.disfrutabizkaia.com\/blog\/wp-json\/wp\/v2\/tags?post=1301"}],"curies":[{"name":"wp","href":"https:\/\/api.w.org\/{rel}","templated":true}]}}