{"id":1396,"date":"2019-03-25T06:55:08","date_gmt":"2019-03-25T06:55:08","guid":{"rendered":"https:\/\/www.disfrutabizkaia.com\/blog\/?p=1396"},"modified":"2019-03-25T07:20:42","modified_gmt":"2019-03-25T07:20:42","slug":"uribe-gastrofest-feria-gastronomica-bizkaia","status":"publish","type":"post","link":"https:\/\/www.disfrutabizkaia.com\/blog\/uribe-gastrofest-feria-gastronomica-bizkaia\/","title":{"rendered":"Uribe Gastrofest 2019: Feria gastron\u00f3mica"},"content":{"rendered":"<p>La feria gastron\u00f3mica Uribe Gastrofest 2019 se celebrar\u00e1 el fin de semana del 6 y 7 de abril en la comarca vizca\u00edna de Uribe:\u00a0El s\u00e1bado ofrecer\u00e1 catas y visitas en las sedes de los productores locales, y el domingo tendr\u00e1n lugar en Urduliz una feria de productos y talleres para ni\u00f1os y adultos.<\/p>\n<p>Este evento gastron\u00f3mico no es una feria m\u00e1s, es <strong>una fiesta dirigida a toda la familia en la que se mostrar\u00e1n los mejores productos gastron\u00f3micos de la comarca de Uribe<\/strong> y de Km. 0 de Bizkaia, desde su producci\u00f3n hasta su cata, pasando por su elaboraci\u00f3n. Adem\u00e1s de la exposici\u00f3n, degustaci\u00f3n y venta de productos gastron\u00f3micos, <strong>tambi\u00e9n se realizar\u00e1n talleres y catas dirigidos a los amantes de la gastronom\u00eda, y actividades y talleres infantiles<\/strong> para que los ni\u00f1os se diviertan mientras aprenden sobre los productos y la cocina vizca\u00edna.<\/p>\n<p>Entre la amplia oferta de <strong>actividades gratuitas que ofrece<\/strong> <em><strong>Uribe Gastrofest<\/strong><\/em> se incluyen <strong>visitas a productores y talleres<\/strong>, que se realizar\u00e1n el s\u00e1bado 6 y para los que es necesario reservar plaza: Visita la plantaci\u00f3n de piparras de La Gilda del Norte en Lezama, o los invernaderos Elortza de tomate Eusko Label y los huertos de Adela Andikoetxea en Urduliz. Participa en una cata de cerveza de Etxeandia en Barrika o en un taller de pintxos en Sondika.<\/p>\n<h3>Gastrofest un plan gastron\u00f3mico con ni\u00f1os<\/h3>\n<p>El domingo 7, en la plaza Antsonekoa de Urduliz, <em>Uribe Gastrofest<\/em> se convertir\u00e1 en un evento gastron\u00f3mico para toda la familia, en el que los ni\u00f1os tomar\u00e1n el protagonismo en los <strong>talleres infantiles<\/strong>.<\/p>\n<div id=\"attachment_1398\" style=\"width: 686px\" class=\"wp-caption aligncenter\"><img loading=\"lazy\" decoding=\"async\" aria-describedby=\"caption-attachment-1398\" class=\"size-large wp-image-1398\" src=\"https:\/\/www.disfrutabizkaia.com\/blog\/wp-content\/uploads\/2018\/04\/Talleres-de-cocina-infantiles-en-Uribe-Gastrofest-Bizkaia-JataOndo-Visit-Uribe-1024x535.jpg\" alt=\"Actividades y talleres para ni\u00f1os en Uribe Gastrofest 2018 - Mungia - Bizkaia\" width=\"676\" height=\"353\" srcset=\"https:\/\/www.disfrutabizkaia.com\/blog\/wp-content\/uploads\/2018\/04\/Talleres-de-cocina-infantiles-en-Uribe-Gastrofest-Bizkaia-JataOndo-Visit-Uribe-1024x535.jpg 1024w, https:\/\/www.disfrutabizkaia.com\/blog\/wp-content\/uploads\/2018\/04\/Talleres-de-cocina-infantiles-en-Uribe-Gastrofest-Bizkaia-JataOndo-Visit-Uribe-300x157.jpg 300w, https:\/\/www.disfrutabizkaia.com\/blog\/wp-content\/uploads\/2018\/04\/Talleres-de-cocina-infantiles-en-Uribe-Gastrofest-Bizkaia-JataOndo-Visit-Uribe-768x401.jpg 768w, https:\/\/www.disfrutabizkaia.com\/blog\/wp-content\/uploads\/2018\/04\/Talleres-de-cocina-infantiles-en-Uribe-Gastrofest-Bizkaia-JataOndo-Visit-Uribe-945x494.jpg 945w, https:\/\/www.disfrutabizkaia.com\/blog\/wp-content\/uploads\/2018\/04\/Talleres-de-cocina-infantiles-en-Uribe-Gastrofest-Bizkaia-JataOndo-Visit-Uribe-600x314.jpg 600w, https:\/\/www.disfrutabizkaia.com\/blog\/wp-content\/uploads\/2018\/04\/Talleres-de-cocina-infantiles-en-Uribe-Gastrofest-Bizkaia-JataOndo-Visit-Uribe.jpg 1200w\" sizes=\"auto, (max-width: 676px) 100vw, 676px\" \/><p id=\"caption-attachment-1398\" class=\"wp-caption-text\">Visit Uribe: www.uribe-eu<\/p><\/div>\n<p>Entre los <strong>planes con ni\u00f1os<\/strong> que ofrece <em>Uribe Gastrofest<\/em>, encontrar\u00e9is <strong>talleres para aprender a hacer talo<\/strong> (dirigido a ni\u00f1os y ni\u00f1as de 4 a 14 a\u00f1os), o <strong>talleres de almuerzo saludable y creativo<\/strong> (para ni\u00f1as y ni\u00f1os de 4 a 10 a\u00f1os).<\/p>\n<p>La asistencia a estos talleres es gratuita, pero es imprescindible la inscripci\u00f3n previa.<\/p>\n<h3>Productos locales, cocina de temporada, y catas de txakoli en Uribe Gastrofest<\/h3>\n<p><img loading=\"lazy\" decoding=\"async\" class=\"alignright size-medium wp-image-1399\" src=\"https:\/\/www.disfrutabizkaia.com\/blog\/wp-content\/uploads\/2018\/04\/Uribe-Gastrofest-taller-de-talo-Visit-Uribe-Jata-Ondo-300x191.jpg\" alt=\"Uribe Gastrofest taller de talo - Visit Uribe - Jata Ondo\" width=\"300\" height=\"191\" srcset=\"https:\/\/www.disfrutabizkaia.com\/blog\/wp-content\/uploads\/2018\/04\/Uribe-Gastrofest-taller-de-talo-Visit-Uribe-Jata-Ondo-300x191.jpg 300w, https:\/\/www.disfrutabizkaia.com\/blog\/wp-content\/uploads\/2018\/04\/Uribe-Gastrofest-taller-de-talo-Visit-Uribe-Jata-Ondo-768x490.jpg 768w, https:\/\/www.disfrutabizkaia.com\/blog\/wp-content\/uploads\/2018\/04\/Uribe-Gastrofest-taller-de-talo-Visit-Uribe-Jata-Ondo-600x383.jpg 600w, https:\/\/www.disfrutabizkaia.com\/blog\/wp-content\/uploads\/2018\/04\/Uribe-Gastrofest-taller-de-talo-Visit-Uribe-Jata-Ondo.jpg 800w\" sizes=\"auto, (max-width: 300px) 100vw, 300px\" \/>Los adultos tambi\u00e9n podr\u00e1n participar el domingo en Uribe\u00a0 Gastrofest en <strong>talleres gastron\u00f3micos<\/strong> para conocer de primera mano los productos locales y la importancia de la utilizaci\u00f3n de los productos de temporada en la cocina. Los <em>foodlovers<\/em>, los <em>winelovers<\/em>\u00a0 o, como se ha dicho siempre, los <em>cocinillas<\/em> y amantes de la gastronom\u00eda, tendr\u00e1n la oportunidad de aprender y disfrutar en el <strong>showcooking de cocina con productos de temporada<\/strong> y en la\u00a0<strong>cata de txakolis de Uribe<\/strong>.<\/p>\n<p>Al igual que ocurre con los talleres infantiles, los talleres para adultos del domingo <strong>son gratuitos pero las plazas son limitadas, por lo que es necesario apuntarse con antelaci\u00f3n<\/strong>. Pod\u00e9is encontrar toda la informaci\u00f3n de talleres y horarios, e <span style=\"color: #ff9900\">inscribiros, <a style=\"color: #ff9900\" href=\"http:\/\/www.uribe.eu\/ms\/\" target=\"_blank\" rel=\"noopener\">en este enlace<\/a>\u00a0<\/span> o por tel\u00e9fono 946 15 66 12 (de 8 a 15h).<\/p>\n<p>Un plan de domingo apetecible para toda la familia, organizado por\u00a0<em>Jata Ondo<\/em>\u00a0la Asociaci\u00f3n de Desarrollo Rural de Uribe<\/p>\n<p>Y si, despu\u00e9s de conocer los productos gastron\u00f3micos locales en Uribe Gastrofest, te apetece quedarte a comer o tomar algo por la zona, recuerda que en la gu\u00eda de <span style=\"color: #ff9900\"><a style=\"color: #ff9900\" href=\"https:\/\/www.disfrutabizkaia.com\/comer-beber\">bares y restaurantes<\/a><\/span>\u00a0de Disfruta Bizkaia encontrar\u00e1s d\u00f3nde (busca por localidades y filtra seg\u00fan tus preferencias).<\/p>\n<p><span style=\"color: #ff9900\"><a style=\"color: #ff9900\" href=\"https:\/\/www.disfrutabizkaia.com\/\"><strong>Disfruta Bizkaia<\/strong><\/a><\/span>,\u00a0planes, turismo, alojamiento y restaurantes en una misma web<\/p>\n","protected":false},"excerpt":{"rendered":"<p>La feria gastron\u00f3mica Uribe Gastrofest 2019 se celebrar\u00e1 el fin de semana del 6 y 7 de abril en la comarca vizca\u00edna de Uribe:\u00a0El s\u00e1bado ofrecer\u00e1 catas y visitas en las sedes de los productores locales, y el domingo tendr\u00e1n&#8230; <a class=\"more-link\" href=\"https:\/\/www.disfrutabizkaia.com\/blog\/uribe-gastrofest-feria-gastronomica-bizkaia\/\">Seguir leyendo &rarr;<\/a><\/p>\n","protected":false},"author":2,"featured_media":1401,"comment_status":"open","ping_status":"open","sticky":false,"template":"","format":"standard","meta":{"_acf_changed":false,"footnotes":""},"categories":[1],"tags":[24,27,42],"class_list":["post-1396","post","type-post","status-publish","format-standard","has-post-thumbnail","hentry","category-disfruta-bizkaia","tag-bizkaia","tag-ferias","tag-gastronomia"],"acf":[],"_links":{"self":[{"href":"https:\/\/www.disfrutabizkaia.com\/blog\/wp-json\/wp\/v2\/posts\/1396","targetHints":{"allow":["GET"]}}],"collection":[{"href":"https:\/\/www.disfrutabizkaia.com\/blog\/wp-json\/wp\/v2\/posts"}],"about":[{"href":"https:\/\/www.disfrutabizkaia.com\/blog\/wp-json\/wp\/v2\/types\/post"}],"author":[{"embeddable":true,"href":"https:\/\/www.disfrutabizkaia.com\/blog\/wp-json\/wp\/v2\/users\/2"}],"replies":[{"embeddable":true,"href":"https:\/\/www.disfrutabizkaia.com\/blog\/wp-json\/wp\/v2\/comments?post=1396"}],"version-history":[{"count":9,"href":"https:\/\/www.disfrutabizkaia.com\/blog\/wp-json\/wp\/v2\/posts\/1396\/revisions"}],"predecessor-version":[{"id":2701,"href":"https:\/\/www.disfrutabizkaia.com\/blog\/wp-json\/wp\/v2\/posts\/1396\/revisions\/2701"}],"wp:featuredmedia":[{"embeddable":true,"href":"https:\/\/www.disfrutabizkaia.com\/blog\/wp-json\/wp\/v2\/media\/1401"}],"wp:attachment":[{"href":"https:\/\/www.disfrutabizkaia.com\/blog\/wp-json\/wp\/v2\/media?parent=1396"}],"wp:term":[{"taxonomy":"category","embeddable":true,"href":"https:\/\/www.disfrutabizkaia.com\/blog\/wp-json\/wp\/v2\/categories?post=1396"},{"taxonomy":"post_tag","embeddable":true,"href":"https:\/\/www.disfrutabizkaia.com\/blog\/wp-json\/wp\/v2\/tags?post=1396"}],"curies":[{"name":"wp","href":"https:\/\/api.w.org\/{rel}","templated":true}]}}