{"id":1405,"date":"2019-04-02T08:00:42","date_gmt":"2019-04-02T08:00:42","guid":{"rendered":"https:\/\/www.disfrutabizkaia.com\/blog\/?p=1405"},"modified":"2019-04-02T08:58:52","modified_gmt":"2019-04-02T08:58:52","slug":"gutun-zuria-2019-festival-letras-bilbao","status":"publish","type":"post","link":"https:\/\/www.disfrutabizkaia.com\/blog\/gutun-zuria-2019-festival-letras-bilbao\/","title":{"rendered":"Gutun Zuria: Festival de las letras en Bilbao"},"content":{"rendered":"<p>El Festival Internacional de las Letras de Bilbao,\u00a0<em>Gutun Zuria<\/em>, se celebra este a\u00f1o del 2 al 6 de abril\u00a0en AZ Zentroa, bajo el lema <em>Si mi biblioteca ardiera esta noche. El arte de narrar el arte.\u00a0<\/em><\/p>\n<p><em>Gutun Zuria<\/em>\u00a0re\u00fane en Bilbao a escritores locales y figuras internacionales relevantes en el mundo de la literatura y el arte.\u00a0<strong>Un festival dirigido al p\u00fablico en forma de encuentros, charlas cercanas y abiertas al di\u00e1logo, y tambi\u00e9n talleres, en los que se reflexionar\u00e1 sobre la relaci\u00f3n entre la literatura y otras expresiones art\u00edsticas<\/strong>.<\/p>\n<h4><span style=\"color: #ffbf00\"><strong>Gutun Zuria une literatura y arte<\/strong><\/span><\/h4>\n<p>Cada edici\u00f3n de Gutun Zuria se organiza inspirado en un tema, en torno al que se reflexiona. Este a\u00f1o <strong>el lema del festival de las letras de Bilbao,\u00a0<em>Si mi biblioteca ardiera esta noche. El arte de narrar el arte<\/em><em>, <\/em><\/strong>que\u00a0est\u00e1 inspirado en el ensayo de Aldous Huxley, en el que reflexiona sobre la inutilidad de quemar una biblioteca ya que los libros pueden volver a leerse o poseerse, y tambi\u00e9n en un poema de Jos\u00e9 Lezama Lima sobre el arte verbal.<\/p>\n<p>Gutun Zuria 2019 contempla el libro como un proceso creativo abierto a la expresi\u00f3n art\u00edstica y ahonda en la relaci\u00f3n de la literatura con otras artes. Por eso, <strong>en esta edici\u00f3n, el festival de las letras incorpora nuevos formatos como: Talleres con artistas y conciertos<\/strong>.<\/p>\n<p>En este festival de las letras, adem\u00e1s de representantes de la literatura y el arte vascos (como Bernardo Atxaga y Harkaitz Cano) y del panorama internacional (como Carlos Fonseca), podremos conocer a creadores de otras disciplinas art\u00edsticas, como los Premio Nacional de Fotograf\u00eda Cristina de Middel y Joan Fontcuberta, o la bertsolari Maialen Lujanbio, la artista visual Val\u00e9rie Mr\u00e9jen o la compositora y cantante Christina Rosenvinge.<\/p>\n<p><strong style=\"color: #ffbf00;font-family: 'Roboto Slab', sans-serif;font-size: 1.25em\">\u00bfC\u00f3mo podemos participar en Gutun Zuria 2019?<\/strong><\/p>\n<p>Con el t\u00edtulo\u00a0<span style=\"color: #000000\"><strong><em>Conversaciones<\/em><\/strong><\/span>\u00a0podremos asistir a encuentros entre escritores que nos har\u00e1n part\u00edcipes de sus reflexiones. Pod\u00e9is<strong> <a href=\"https:\/\/www.azkunazentroa.eus\/az\/cast\/noticias\/gutun-zuria-2019\/al_evento_fa\" target=\"_blank\" rel=\"noopener\">consultar en este enlace la programaci\u00f3n<\/a>\u00a0completa de Gutun Zuria<\/strong>\u00a0, en la que encontrar\u00e9is estas charlas, en las que conocer las vivencias y pensamiento de los escritores que os hemos presentado en el apartado anterior.<\/p>\n<p>No os perd\u00e1is el viernes 5 de de abril a uno de los autores en lengua vasca m\u00e1s le\u00eddos, <i>Bernardo Atxaga<\/i>, autor entre otros de <em>Obabakoak\u00a0<\/em>, en conversaci\u00f3n con el periodista de viajes Oskar Alegr\u00eda. O la mesa redonda, el jueves 4 de abril, titulada <em>El arte de narrar el arte<\/em><\/p>\n<p><strong>El precio de la entrada a las \u00abConversaciones\u00bb es de\u00a03\u20ac cada una, o 2\u20ac con la tarjeta AZ<\/strong>.<\/p>\n<p><span style=\"color: #ffbf00\"><strong>M\u00fasica en Gutun Zuria 2019:<\/strong><\/span><\/p>\n<p>Adem\u00e1s de las letras, en este festival podremos disfrutar de otras disciplinas. Especialmente recomendable el s\u00e1bado 6 de abril la actuaci\u00f3n de <em>Rafael Lechowski, <\/em>uno de los letristas m\u00e1s importantes de habla hispana, con su fusi\u00f3n de jazz, rap y poes\u00eda.<\/p>\n<p>\u00bfD\u00f3nde y cu\u00e1ndo? En el Atrio de las Culturas. El s\u00e1bado a las 21:30h<\/p>\n<p>Precio: <strong>12\u20ac, o 10\u20ac con la tarjeta AZ<\/strong><\/p>\n<p><span style=\"color: #ffbf00\"><strong>Actividades paralelas al festival de las letras de Bilbao<\/strong><\/span><\/p>\n<p>A lo largo de todo el festival hay programadas otro tipo de actividades en Azkuna Zentroa, dirigidas a todos los p\u00fablicos.<\/p>\n<p>Gracias al Festival de las Letras de Bilbao del 2 al 6 de abril podremos participar en talleres, conferencias y actividades como: El taller \u00abLa destrucci\u00f3n de las palabras es algo hermoso\u00bb, o \u00abIm\u00e1genes y palabras: Un taller con otra perspectiva\u00bb. Pero entre<strong>\u00a0los mejores planes de Gutun Zuria 2019\u00a0<\/strong>proponemos uno que se alargar\u00e1 en el tiempo m\u00e1s all\u00e1 del festival: La exposici\u00f3n paralela <em>Nunca real\/ Siempre verdadero<\/em>.<\/p>\n<p>La <strong>exposici\u00f3n \u00abNunca real y siempre verdadero\u00bb <\/strong>propone una uni\u00f3n entre arte y literatura a trav\u00e9s de la visi\u00f3n de 13 artistas que trabajan el arte como un g\u00e9nero literario y la literatura como un proyecto expositivo.<\/p>\n<p><img loading=\"lazy\" decoding=\"async\" class=\"alignright size-medium wp-image-2741\" src=\"https:\/\/www.disfrutabizkaia.com\/blog\/wp-content\/uploads\/2018\/04\/exposici\u00f3n_Gutun_zuria_az_zentroa_Bilbao-300x213.jpg\" alt=\"Exposici\u00f3n siempre real nunca verdadero en AZ Zentroa\" width=\"300\" height=\"213\" srcset=\"https:\/\/www.disfrutabizkaia.com\/blog\/wp-content\/uploads\/2018\/04\/exposici\u00f3n_Gutun_zuria_az_zentroa_Bilbao-300x213.jpg 300w, https:\/\/www.disfrutabizkaia.com\/blog\/wp-content\/uploads\/2018\/04\/exposici\u00f3n_Gutun_zuria_az_zentroa_Bilbao-600x427.jpg 600w, https:\/\/www.disfrutabizkaia.com\/blog\/wp-content\/uploads\/2018\/04\/exposici\u00f3n_Gutun_zuria_az_zentroa_Bilbao.jpg 700w\" sizes=\"auto, (max-width: 300px) 100vw, 300px\" \/><\/p>\n<p>Esta exposici\u00f3n, definida como \u00abun libro de libros\u00bb est\u00e1 organizada en torno al festival Gutun Zuria pero tiene una duraci\u00f3n m\u00e1s amplia: podr\u00e1 visitarse hasta el 22 de septiembre y <strong>la\u00a0entrada <\/strong><strong>es gratuita.<\/strong><\/p>\n<p style=\"margin: 0cm 0cm 0.0001pt\">\u00bfD\u00f3nde? En la sala de exposiciones de la planta -2, en Azkuna Zentroa<\/p>\n<p style=\"margin: 0cm 0cm 0.0001pt\">\u00bfCu\u00e1ndo? De martes a jueves de 11 a 20h. Los viernes, s\u00e1bados y festivos, de 11 a 21h.<\/p>\n<p>&nbsp;<\/p>\n<p><strong>Recomendaci\u00f3n: Del 3 al 6 de abril, aprovechad las visitas guiadas gratuitas de la mano del comisario de la exposici\u00f3n y varios de los artistas.\u00a0\u00a0<\/strong><\/p>\n<p>\u00bfCu\u00e1ndo? De mi\u00e9rcoles a s\u00e1bado, a las 12:30h. La visita es gratis, pero hay que apuntarse previamente en el Infopuntua que encontrar\u00e9is en el Atrio de las columnas en AZ Zentroa.<\/p>\n<h4><span style=\"color: #ffbf00\"><strong>La sede de Gutun Zuria<\/strong><\/span><\/h4>\n<p>El festival\u00a0<em>Gutun Zuria<\/em>\u00a0es adem\u00e1s una oportunidad para conocer por dentro <em><strong>AZ ZENTROA<\/strong><\/em>, una antigua alh\u00f3ndiga reconvertida en espacio p\u00fablico de ocio y cultura, situado en pleno centro de Bilbao.<\/p>\n<p><img loading=\"lazy\" decoding=\"async\" class=\"aligncenter size-full wp-image-1181\" src=\"https:\/\/www.disfrutabizkaia.com\/blog\/wp-content\/uploads\/2017\/12\/Columnas-AZ-Zentroa.jpg\" alt=\"AZ Zentroa - Azkuna Zentroa - Antigua Alh\u00f3ndiga Bilbao\" width=\"640\" height=\"400\" srcset=\"https:\/\/www.disfrutabizkaia.com\/blog\/wp-content\/uploads\/2017\/12\/Columnas-AZ-Zentroa.jpg 640w, https:\/\/www.disfrutabizkaia.com\/blog\/wp-content\/uploads\/2017\/12\/Columnas-AZ-Zentroa-300x188.jpg 300w, https:\/\/www.disfrutabizkaia.com\/blog\/wp-content\/uploads\/2017\/12\/Columnas-AZ-Zentroa-600x375.jpg 600w\" sizes=\"auto, (max-width: 640px) 100vw, 640px\" \/><\/p>\n<p>En Disfruta Bizkaia te damos todas las pistas para conocer\u00a0<span style=\"color: #ffbf00\"><a style=\"color: #ffbf00\" href=\"https:\/\/www.disfrutabizkaia.com\/que-hacer\/salas-exposiciones\/azkuna-zentroa\/c-533\/es\" target=\"_blank\" rel=\"noopener\"><strong><em>Azkuna Zentroa<\/em><\/strong><\/a><\/span>\u00a0e informaci\u00f3n sobre los establecimientos m\u00e1s cercanos para comer o tomar algo por la zona.<\/p>\n<p>Esperamos que disfrut\u00e9is de\u00a0<strong>Gutun Zuria, el festival de las letras de Bilbao. \u00a1Un recomendable plan de ocio cultural en Bizkaia!<\/strong><\/p>\n<p><span style=\"color: #ffbf00\"><a style=\"color: #ffbf00\" href=\"https:\/\/www.disfrutabizkaia.com\/\"><strong>Disfruta Bizkaia<\/strong><\/a><\/span>, los mejores planes de ocio, turismo y gastronom\u00eda en una sola web.<\/p>\n","protected":false},"excerpt":{"rendered":"<p>El Festival Internacional de las Letras de Bilbao,\u00a0Gutun Zuria, se celebra este a\u00f1o del 2 al 6 de abril\u00a0en AZ Zentroa, bajo el lema Si mi biblioteca ardiera esta noche. El arte de narrar el arte.\u00a0 Gutun Zuria\u00a0re\u00fane en Bilbao&#8230; <a class=\"more-link\" href=\"https:\/\/www.disfrutabizkaia.com\/blog\/gutun-zuria-2019-festival-letras-bilbao\/\">Seguir leyendo &rarr;<\/a><\/p>\n","protected":false},"author":2,"featured_media":2738,"comment_status":"open","ping_status":"open","sticky":false,"template":"","format":"standard","meta":{"_acf_changed":false,"footnotes":""},"categories":[1],"tags":[],"class_list":["post-1405","post","type-post","status-publish","format-standard","has-post-thumbnail","hentry","category-disfruta-bizkaia"],"acf":[],"_links":{"self":[{"href":"https:\/\/www.disfrutabizkaia.com\/blog\/wp-json\/wp\/v2\/posts\/1405","targetHints":{"allow":["GET"]}}],"collection":[{"href":"https:\/\/www.disfrutabizkaia.com\/blog\/wp-json\/wp\/v2\/posts"}],"about":[{"href":"https:\/\/www.disfrutabizkaia.com\/blog\/wp-json\/wp\/v2\/types\/post"}],"author":[{"embeddable":true,"href":"https:\/\/www.disfrutabizkaia.com\/blog\/wp-json\/wp\/v2\/users\/2"}],"replies":[{"embeddable":true,"href":"https:\/\/www.disfrutabizkaia.com\/blog\/wp-json\/wp\/v2\/comments?post=1405"}],"version-history":[{"count":21,"href":"https:\/\/www.disfrutabizkaia.com\/blog\/wp-json\/wp\/v2\/posts\/1405\/revisions"}],"predecessor-version":[{"id":2750,"href":"https:\/\/www.disfrutabizkaia.com\/blog\/wp-json\/wp\/v2\/posts\/1405\/revisions\/2750"}],"wp:featuredmedia":[{"embeddable":true,"href":"https:\/\/www.disfrutabizkaia.com\/blog\/wp-json\/wp\/v2\/media\/2738"}],"wp:attachment":[{"href":"https:\/\/www.disfrutabizkaia.com\/blog\/wp-json\/wp\/v2\/media?parent=1405"}],"wp:term":[{"taxonomy":"category","embeddable":true,"href":"https:\/\/www.disfrutabizkaia.com\/blog\/wp-json\/wp\/v2\/categories?post=1405"},{"taxonomy":"post_tag","embeddable":true,"href":"https:\/\/www.disfrutabizkaia.com\/blog\/wp-json\/wp\/v2\/tags?post=1405"}],"curies":[{"name":"wp","href":"https:\/\/api.w.org\/{rel}","templated":true}]}}