{"id":2025,"date":"2024-07-09T10:55:45","date_gmt":"2024-07-09T08:55:45","guid":{"rendered":"https:\/\/www.disfrutabizkaia.com\/blog\/?p=2025"},"modified":"2024-07-29T11:16:02","modified_gmt":"2024-07-29T09:16:02","slug":"visitas-bizkaia-verano","status":"publish","type":"post","link":"https:\/\/www.disfrutabizkaia.com\/blog\/visitas-bizkaia-verano\/","title":{"rendered":"Explorando Bizkaia: Visitas para este verano"},"content":{"rendered":"<div>Tanto si nos visitas por turismo como si eres de aqu\u00ed y buscas planes diferentes, hemos recopilado para ti las mejores visitas tur\u00edsticas, guiadas o a tu aire, para conocer Bilbao y Bizkaia:<\/div>\n<div><\/div>\n<div>Desde visitar museos, o dar un paseo por <strong>Bilbao<\/strong> y su<strong>\u00a0Casco Viejo,<\/strong> donde cada callejuela cuenta una historia llena de tradici\u00f3n y sabor locall, hasta realizar visitas guiadas por diferentes pueblos de costa o interior.<\/div>\n<div><\/div>\n<div>No te pierdas el <strong>Puente Colgante de Portugalete y Getxo,<\/strong>\u00a0una maravilla de la ingenier\u00eda que ofrece vistas panor\u00e1micas impresionantes.<\/div>\n<div><\/div>\n<div>Para quienes prefieren la naturaleza, la <strong>Reserva de la Biosfera de Urdaibai<\/strong> es una parada obligatoria. Adem\u00e1s, las playas de Sopelana y Mundaka son perfectas para los amantes del surf y el mar.<\/div>\n<div><\/div>\n<div>Y como hay que tomarse un descanso entre visita y visita, aprovecha para probar los <strong>pintxos<\/strong> en nuestros bares y tabernas, y no olvides probar el bacalao a la vizca\u00edna, o el marmitako (en plena temporada) en alguno de nuestros restaurantes de comida tradicional<\/div>\n<div><\/div>\n<div>\u00a1Ven y descubre todo lo que Bizkaia tiene preparado para ti!<\/div>\n<h2>Visitas este verano en Bizkaia<\/h2>\n<h3><span style=\"color: #ffcc00;\">DESCUBRE EL FLYSCH DE BIZKAIA EXPLORANDO LOS ACANTILADOS DE URIBE COSTA<\/span><\/h3>\n<div>\n<p><img loading=\"lazy\" decoding=\"async\" class=\"wp-image-6421 alignright\" src=\"https:\/\/www.disfrutabizkaia.com\/blog\/wp-content\/uploads\/2023\/07\/NUEVO-destacado-BLOG-Disfruta-560x315-14.jpg\" alt=\"\" width=\"311\" height=\"175\" srcset=\"https:\/\/www.disfrutabizkaia.com\/blog\/wp-content\/uploads\/2023\/07\/NUEVO-destacado-BLOG-Disfruta-560x315-14.jpg 560w, https:\/\/www.disfrutabizkaia.com\/blog\/wp-content\/uploads\/2023\/07\/NUEVO-destacado-BLOG-Disfruta-560x315-14-300x169.jpg 300w\" sizes=\"auto, (max-width: 311px) 100vw, 311px\" \/>Explora las impresionantes formaciones rocosas que surgieron del mar hace 60 millones de a\u00f1os en la costa de Bizkaia. Aprovecha el buen la ruta de los acantilados que conecta Getxo y Armintza y disfrutar de las hermosas vistas de nuestra costa. Para completar tu plan, descubre d\u00f3nde comer o tomar algo en los<span style=\"color: #ffcc00;\"><a style=\"color: #ffcc00;\" href=\"https:\/\/www.disfrutabizkaia.com\/comer-beber\/restaurantes\/\"> restaurantes<\/a> <\/span>de la zona.<\/p>\n<\/div>\n<p>&nbsp;<\/p>\n<h3><span style=\"color: #ffcc00;\">ERMITA DE SAN JUAN DE GAZTELUGATXE. Bermeo<\/span><\/h3>\n<p>De sobra es conocida la magia de Gaztelugatxe (ubicado en la costa entre Bakio y Bermeo) y su estrecho camino de 241 escalones, que une el islote con la costa y que conduce a la Ermita de San Juan erigida en su alto.<\/p>\n<p><img loading=\"lazy\" decoding=\"async\" class=\"alignleft wp-image-6417 \" src=\"https:\/\/www.disfrutabizkaia.com\/blog\/wp-content\/uploads\/2023\/07\/postcarrusel-1.jpg\" alt=\"\" width=\"293\" height=\"293\" srcset=\"https:\/\/www.disfrutabizkaia.com\/blog\/wp-content\/uploads\/2023\/07\/postcarrusel-1.jpg 1080w, https:\/\/www.disfrutabizkaia.com\/blog\/wp-content\/uploads\/2023\/07\/postcarrusel-1-300x300.jpg 300w, https:\/\/www.disfrutabizkaia.com\/blog\/wp-content\/uploads\/2023\/07\/postcarrusel-1-1024x1024.jpg 1024w, https:\/\/www.disfrutabizkaia.com\/blog\/wp-content\/uploads\/2023\/07\/postcarrusel-1-768x768.jpg 768w, https:\/\/www.disfrutabizkaia.com\/blog\/wp-content\/uploads\/2023\/07\/postcarrusel-1-600x600.jpg 600w, https:\/\/www.disfrutabizkaia.com\/blog\/wp-content\/uploads\/2023\/07\/postcarrusel-1-945x945.jpg 945w\" sizes=\"auto, (max-width: 293px) 100vw, 293px\" \/><\/p>\n<p>En el apartado \u00abLugares con encanto\u00bb de nuestra web pod\u00e9is encontrar toda la informaci\u00f3n sobre <span style=\"color: #ffcc00;\"><a style=\"color: #ffcc00;\" href=\"https:\/\/www.disfrutabizkaia.com\/que-hacer\/lugares-con-encanto\/san-juan-de-gaztelugatxe\/c-523\/es\">San Juan de Gaztelugatxe<\/a><\/span>, c\u00f3mo llegar, d\u00f3nde comer, e incluso <strong>reservar el ticket gratuito de acceso con el que en verano y otras temporadas altas se est\u00e1 controlando el n\u00famero de visitantes.<\/strong><\/p>\n<p>La visita a Gaztelugatxe es, sin duda, uno de nuestros planes favoritos: Se puede simplemente contemplar la preciosa vista desde Eneperi, o realizar la excursi\u00f3n completa caminando hasta all\u00ed y ascendiendo los escalones hasta alcanzar la ermita y sus privilegiadas vistas sobre el mar y la costa. Si tienes suerte y llegas cuando la comisi\u00f3n de voluntarios de Bermeo est\u00e1 limpiando la ermita, podr\u00e1s verla por dentro. Te sorprender\u00e1n las ofrendas de los pescadores para la protecci\u00f3n de sus barcos.<\/p>\n<h3><span style=\"color: #ffcc00;\">PARQUE DE LOS PUEBLOS DE EUROPA. Gernika<\/span><\/h3>\n<div id=\"attachment_679\" style=\"width: 310px\" class=\"wp-caption alignright\"><img loading=\"lazy\" decoding=\"async\" aria-describedby=\"caption-attachment-679\" class=\"size-medium wp-image-679\" src=\"https:\/\/www.disfrutabizkaia.com\/blog\/wp-content\/uploads\/2017\/01\/Gernika0085_Escultura-Chillida-parque-300x142.jpg\" alt=\"Escultura Chillida Gernika. Arte Bizkaia\" width=\"300\" height=\"142\" srcset=\"https:\/\/www.disfrutabizkaia.com\/blog\/wp-content\/uploads\/2017\/01\/Gernika0085_Escultura-Chillida-parque-300x142.jpg 300w, https:\/\/www.disfrutabizkaia.com\/blog\/wp-content\/uploads\/2017\/01\/Gernika0085_Escultura-Chillida-parque-600x283.jpg 600w, https:\/\/www.disfrutabizkaia.com\/blog\/wp-content\/uploads\/2017\/01\/Gernika0085_Escultura-Chillida-parque.jpg 640w\" sizes=\"auto, (max-width: 300px) 100vw, 300px\" \/><p id=\"caption-attachment-679\" class=\"wp-caption-text\">Parque de los pueblos de Europa.<\/p><\/div>\n<div>El<strong> Parque de los Pueblos de Europa<\/strong>, ubicado cerca de la <strong>Casa de Juntas<\/strong>, es un parque de gran inter\u00e9s art\u00edstico donde se pueden apreciar las esculturas de Eduardo Chillida y Henry Moore mientras paseas.<\/div>\n<div><\/div>\n<div>La escultura de Chillida <strong>\u00abGure Aitaren Etxea\u00bb<\/strong> es un monumento dedicado a la paz, encargado por el Gobierno Vasco para conmemorar el 50 aniversario del bombardeo de Guernica. Fue dise\u00f1ado de manera que desde su ventana se pudiera contemplar el \u00c1rbol de Gernika.<\/div>\n<h3><span style=\"color: #ffcc00;\">AZKUNA ZENTROA. Bilbao<\/span><\/h3>\n<div>\n<p><img loading=\"lazy\" decoding=\"async\" class=\"wp-image-435 alignleft\" style=\"text-align: justify;\" src=\"https:\/\/www.disfrutabizkaia.com\/blog\/wp-content\/uploads\/2016\/07\/Alhondiga_Bilbao-columna-225x300.jpg\" alt=\"\" width=\"216\" height=\"288\" srcset=\"https:\/\/www.disfrutabizkaia.com\/blog\/wp-content\/uploads\/2016\/07\/Alhondiga_Bilbao-columna-225x300.jpg 225w, https:\/\/www.disfrutabizkaia.com\/blog\/wp-content\/uploads\/2016\/07\/Alhondiga_Bilbao-columna.jpg 768w, https:\/\/www.disfrutabizkaia.com\/blog\/wp-content\/uploads\/2016\/07\/Alhondiga_Bilbao-columna-600x800.jpg 600w\" sizes=\"auto, (max-width: 216px) 100vw, 216px\" \/>Este antiguo mercado o almac\u00e9n de vinos, que ha sido restaurado y transformado en un centro de ocio y cultura, se destaca como uno de los atractivos del nuevo Bilbao.<\/p>\n<p>Construido entre 1905 y 1909 por el arquitecto Ricardo Bastida, este edificio estuvo cerrado durante a\u00f1os despu\u00e9s de finalizar su antigua funci\u00f3n. En 2010, gracias a la iniciativa del alcalde Azkuna (a quien debe su nombre actual) y con la colaboraci\u00f3n del dise\u00f1ador Philippe Starck, fue restaurado y devuelto a la ciudad para su disfrute.<\/p>\n<p>En su atrio, llaman la atenci\u00f3n las 43\u00a0columnas distintas que sostienen los tres bloques del edificio, simbolizando la diversidad de culturas, arquitecturas y religiones a lo largo de la historia humana. Al visitar el atrio, no olvides mirar hacia arriba y sorprenderte al descubrir que parte del techo es el fondo de la piscina; una imagen divertida que encanta especialmente a los ni\u00f1os que visitan la Alh\u00f3ndiga. Adem\u00e1s, tendr\u00e1s la oportunidad de disfrutar de diversas instalaciones y eventos culturales que se llevan a cabo en los diferentes espacios de Az Zentroa.<\/p>\n<\/div>\n<p style=\"text-align: justify;\"><strong>El acceso al atrio es libre y encontrar\u00e1s informaci\u00f3n para auto-guiarte en la web de AZ Zentroa<br \/>\n&#x1f449;&#x1f3fc;<\/strong><span style=\"color: #ffcc00;\"><a style=\"color: #ffcc00;\" href=\"https:\/\/www.azkunazentroa.eus\/es\/\">https:\/\/www.azkunazentroa.eus\/es\/<\/a><\/span><\/p>\n<h5 style=\"text-align: justify;\">Y por si te has quedado con ganas de conocer m\u00e1s rincones con encanto en Bizkaia, te ofrecemos otras visitas, que aunque no son gratuitas, merece la pena hacer por un precio asequible:<\/h5>\n<h3><span style=\"color: #ffcc00;\">CASTILLO MU\u00d1ATONES y FERRER\u00cdA EL POBAL. Muskiz<\/span><\/h3>\n<p>Esta fortaleza medieval de los siglos XIV y XV constituye un conjunto monumental de gran valor hist\u00f3rico, por lo que fue declarado <strong>Conjunto Monumental<\/strong>. Es considerada la u\u0301nica torre de Bizkaia que merece la calificacio\u0301n de castillo, por sus murallas exteriores.<\/p>\n<p style=\"text-align: justify;\">Esta fortaleza guarda una estrecha relaci\u00f3n con la <span style=\"color: #ffcc00;\"><a style=\"color: #ffcc00;\" href=\"https:\/\/www.visitenkarterri.com\/ver-hacer\/museos\/ferreria-el-pobal.html\"><strong>FERRER\u00cdA EL POBAL<\/strong>,<\/a> <\/span>construida por a principios del s XVI y que puedes aprovechar a visitar en la misma jornada.<\/p>\n<p style=\"text-align: justify;\">En el conjunto de El Pobal podr\u00e1s visitar los elementos m\u00e1s importantes del proceso de la ferrer\u00eda:\u00a0El edificio ferr\u00f3n, el molino harinero y la casa palacio de los Salazar construida para dar cobijo a los ferrones.<\/p>\n\n\t\t<style type=\"text\/css\">\n\t\t\t#gallery-1 {\n\t\t\t\tmargin: auto;\n\t\t\t}\n\t\t\t#gallery-1 .gallery-item {\n\t\t\t\tfloat: left;\n\t\t\t\tmargin-top: 10px;\n\t\t\t\ttext-align: center;\n\t\t\t\twidth: 50%;\n\t\t\t}\n\t\t\t#gallery-1 img {\n\t\t\t\tborder: 2px solid #cfcfcf;\n\t\t\t}\n\t\t\t#gallery-1 .gallery-caption {\n\t\t\t\tmargin-left: 0;\n\t\t\t}\n\t\t\t\/* see gallery_shortcode() in wp-includes\/media.php *\/\n\t\t<\/style>\n\t\t<div id='gallery-1' class='gallery galleryid-2025 gallery-columns-2 gallery-size-thumbnail'><dl class='gallery-item'>\n\t\t\t<dt class='gallery-icon landscape'>\n\t\t\t\t<a href='https:\/\/www.disfrutabizkaia.com\/blog\/?attachment_id=3387'><img loading=\"lazy\" decoding=\"async\" width=\"372\" height=\"248\" src=\"https:\/\/www.disfrutabizkaia.com\/blog\/wp-content\/uploads\/2019\/12\/ferreria-el-pobal-museos-Bizkaia-Bizkaikoa-372x248.jpg\" class=\"attachment-thumbnail size-thumbnail\" alt=\"ferrer\u00eda-pobal-museos-muskiz-bizkaia-planes\" \/><\/a>\n\t\t\t<\/dt><\/dl><dl class='gallery-item'>\n\t\t\t<dt class='gallery-icon landscape'>\n\t\t\t\t<a href='https:\/\/www.disfrutabizkaia.com\/blog\/visitas-bizkaia-verano\/olympus-digital-camera-7\/'><img loading=\"lazy\" decoding=\"async\" width=\"372\" height=\"248\" src=\"https:\/\/www.disfrutabizkaia.com\/blog\/wp-content\/uploads\/2023\/06\/28_6_113__13_40_38_Castillo-Munatones-foto-para-la-encuesta-372x248.jpg\" class=\"attachment-thumbnail size-thumbnail\" alt=\"\" \/><\/a>\n\t\t\t<\/dt><\/dl><br style=\"clear: both\" \/>\n\t\t<\/div>\n\n<h5 style=\"padding-left: 40px;\"><strong>\u2022VISITAS GUIADAS:<\/strong><\/h5>\n<p style=\"padding-left: 40px;\">El Castillo de Mu\u00f1atones ha organizado <strong>visitas guiadas\u00a0<\/strong>todos los domingos de verano, concretamente hasta el pr\u00f3ximo 15 de septiembre. Habr\u00e1 dos pases: el primero a las 10.30 (que se puede combinar con la visita a la\u00a0<strong>Ferrer\u00eda de El Pobal<\/strong> a las 12.00) y el siguiente a las 12.30 horas.<\/p>\n<p style=\"padding-left: 40px;\">Adem\u00e1s, los s\u00e1bados <strong>17 y 27 de julio<\/strong> se abrir\u00e1 de modo extraordinario el Castillo, con visita en la fortaleza y tambi\u00e9n demostraci\u00f3n\u00a0en la <strong>Ferrer\u00eda El Pobal.\u00a0<\/strong><\/p>\n<h5 style=\"padding-left: 40px;\"><strong>\u2022VISITA TEATRALIZADA \u00abLas intrigas de Mu\u00f1atones\u00bb:\u00a0<\/strong><\/h5>\n<p style=\"padding-left: 40px;\">En esta visita teatralizada, el domingo <strong>21 de julio<\/strong>,\u00a0a trav\u00e9s de varios personajes se podr\u00e1 saber m\u00e1s sobre las claves del pasado de la\u00a0<strong>torre medieval.<\/strong> Se contar\u00e1n algunos de los pasajes hist\u00f3ricos m\u00e1s destacados que ocurrieron en este lugar durante los a\u00f1os de la Guerra de los Bandos. Una obra de Juan Manuel Gonz\u00e1lez Cembell\u00edn, y contada a trav\u00e9s de las vivencias de 3 mujeres que estuvieron presentes: In\u00e9s de Mu\u00f1atones, Juana de Butr\u00f3n y Menc\u00eda de Avellaneda. Lope Garc\u00eda de Salazar, cuya vida estuvo ligada a la de estas tres mujeres, ser\u00e1 quien les de la r\u00e9plica.<\/p>\n<p style=\"padding-left: 40px;\">Precio: 3.50\u20ac (Menores de 12 a\u00f1os gratis). <strong>12:00h.<\/strong><\/p>\n<h5 style=\"padding-left: 40px;\"><strong>\u2022TALLERES Y ACTIVIDADES INFANTILES:<\/strong><\/h5>\n<p style=\"padding-left: 40px;\"><strong><em>\u00abHerrero por un d\u00eda\u00bb<\/em>: <\/strong>13 y 19 de julio a las 11:00<\/p>\n<p style=\"padding-left: 40px;\"><strong><em>\u00abPizza per tutti\u00bb<\/em>:\u00a0<\/strong>17 de julio a las 11:00<\/p>\n<p style=\"padding-left: 40px;\"><strong><em>\u00ab\u00bfMontamos unas cajas nido?\u00bb<\/em>: <\/strong>23 de julio a las 11:00<\/p>\n<p style=\"padding-left: 40px;\"><strong><em>\u00abHaciendo pan\u00bb<\/em>: <\/strong>24 de julio a las 11:00<\/p>\n<p style=\"padding-left: 40px;\"><em><strong>\u00abPon un castillo en tu vida\u00bb<\/strong><\/em><strong>:\u00a0<\/strong>Domingos a las 10:30 y 12:30<\/p>\n<p>&nbsp;<\/p>\n<div>\n<p><strong>Reservas y m\u00e1s info: <\/strong>Llamando o 629 271 51 escribiendo a: <strong><a class=\"email\" href=\"mailto:elpobal@bizkaia.eus\">elpobal@bizkaia.eus<\/a><\/strong><\/p>\n<\/div>\n<p><b>Tarifa general:\u00a0<\/b>3,50 \u20ac<\/p>\n<p><strong>Tarifa reducida<\/strong>: 2,50 \u20ac para menores de 26 a\u00f1os, mayores de 60 a\u00f1os, personas discapacitadas, desempleadas, pensionistas, familia numerosa y grupos de m\u00e1s de 10 adultos.<\/p>\n<p><b>Entrada gratuita:<\/b> hasta 12 a\u00f1os<\/p>\n<p><strong>Castillo de Mu\u00f1atones + Ferrer\u00eda de El Pobal (visita conjunta)<\/strong>:<\/p>\n<ul>\n<li>General: 4,50 \u20ac (3,50+1)<\/li>\n<li>Reducida: 3,50 \u20ac (2,50+1)<\/li>\n<\/ul>\n<h3><span style=\"color: #ffcc00;\">PUENTE BIZKAIA. Getxo y Portugalete<\/span><\/h3>\n<p>El Puente Bizkaia, tambi\u00e9n conocido como Puente Colgante, es una de las im\u00e1genes emblem\u00e1ticas de Bizkaia. Este puente de hierro, ideado como medio de transporte para unir Getxo con Portugalete, es una de las maravillas de la ingenier\u00eda del siglo XX y fue declarado Patrimonio Mundial por la Unesco en 2006.<\/p>\n<p>&nbsp;<\/p>\n<p><img loading=\"lazy\" decoding=\"async\" class=\"aligncenter wp-image-6426 size-full\" src=\"https:\/\/www.disfrutabizkaia.com\/blog\/wp-content\/uploads\/2023\/07\/NUEVO-destacado-BLOG-Disfruta-560x315-15.jpg\" alt=\"\" width=\"560\" height=\"315\" srcset=\"https:\/\/www.disfrutabizkaia.com\/blog\/wp-content\/uploads\/2023\/07\/NUEVO-destacado-BLOG-Disfruta-560x315-15.jpg 560w, https:\/\/www.disfrutabizkaia.com\/blog\/wp-content\/uploads\/2023\/07\/NUEVO-destacado-BLOG-Disfruta-560x315-15-300x169.jpg 300w\" sizes=\"auto, (max-width: 560px) 100vw, 560px\" \/><\/p>\n<p>Se puede simplemente ir a Portugalete a pasear y contemplar el famoso <em>puente colgante<\/em>, o incluso cruzar en su barquilla a Getxo y continuar el paseo hasta el Puerto Deportivo, y acabar en el Puerto Viejo de Algorta. Pero en esta ocasi\u00f3n os recomendamos otra experiencia:<\/p>\n<ul>\n<li>Subir en ascensor panor\u00e1mico (desde Portugalete) hasta la pasarela peatonal del <span style=\"color: #ffcc00;\"><a style=\"color: #ffcc00;\" href=\"https:\/\/www.disfrutabizkaia.com\/que-hacer\/puente-de-vizcaya\/\">Puente Bizkaia<\/a> <\/span>y contemplar toda la desembocadura del Nervi\u00f3n. <strong>Precio:<\/strong> Entrada b\u00e1sica 9,50\u20ac \/ Entrada con audiogu\u00eda: 12\u20ac<\/li>\n<\/ul>\n<p>&#x1f4a1; Un consejo extra para tu visita a Portugalete: Junto a la <em>Bas\u00edlica de Santa Mar\u00eda<\/em> encontrar\u00e1s el <em><strong>Mirador del campo de la Iglesia de Portugalete <\/strong><\/em>con unas maravillosas vistas sobre la R\u00eda, el paseo y el <em>puente colgante<\/em>.<br \/>\n\u00a1Desde aqu\u00ed podr\u00e1s sacar las mejores fotos para tu Instagram!<\/p>\n<p>Adem\u00e1s, si vas bien de tiempo, tambi\u00e9n puedes visitar Rialia, el museo de la industria.<\/p>\n<h2><span style=\"color: #ffcc00;\">Vive una\u00a0 tradicional subasta de pescado teatralizada en Santurtzi<\/span><\/h2>\n<div>Si andas por Bilbao en estas vacaciones de verano, \u00a1no te pierdas Santurtzi! Este pueblo con sabor, a mar es famoso por sus sardineras y tradici\u00f3n pesquera. Sum\u00e9rgete en su cultura marinera con estas dos experiencias \u00fanicas:<\/div>\n<h4>Subasta de pescado teatralizada en el Santurce marinero<\/h4>\n<p><img loading=\"lazy\" decoding=\"async\" class=\"wp-image-6379 alignleft lazyloaded\" src=\"https:\/\/www.disfrutabizkaia.com\/blog\/wp-content\/uploads\/2024\/06\/santurtzi-Teatralizada1-1200-2-300x225.webp\" sizes=\"auto, (max-width: 336px) 100vw, 336px\" srcset=\"https:\/\/www.disfrutabizkaia.com\/blog\/wp-content\/uploads\/2024\/06\/santurtzi-Teatralizada1-1200-2-300x225.webp 300w, https:\/\/www.disfrutabizkaia.com\/blog\/wp-content\/uploads\/2024\/06\/santurtzi-Teatralizada1-1200-2-1024x768.webp 1024w, https:\/\/www.disfrutabizkaia.com\/blog\/wp-content\/uploads\/2024\/06\/santurtzi-Teatralizada1-1200-2-768x576.webp 768w, https:\/\/www.disfrutabizkaia.com\/blog\/wp-content\/uploads\/2024\/06\/santurtzi-Teatralizada1-1200-2-600x450.webp 600w, https:\/\/www.disfrutabizkaia.com\/blog\/wp-content\/uploads\/2024\/06\/santurtzi-Teatralizada1-1200-2-945x709.webp 945w, https:\/\/www.disfrutabizkaia.com\/blog\/wp-content\/uploads\/2024\/06\/santurtzi-Teatralizada1-1200-2.webp 1200w\" alt=\"\" width=\"336\" height=\"252\" data-src=\"https:\/\/www.disfrutabizkaia.com\/blog\/wp-content\/uploads\/2024\/06\/santurtzi-Teatralizada1-1200-2-300x225.webp\" data-srcset=\"https:\/\/www.disfrutabizkaia.com\/blog\/wp-content\/uploads\/2024\/06\/santurtzi-Teatralizada1-1200-2-300x225.webp 300w, https:\/\/www.disfrutabizkaia.com\/blog\/wp-content\/uploads\/2024\/06\/santurtzi-Teatralizada1-1200-2-1024x768.webp 1024w, https:\/\/www.disfrutabizkaia.com\/blog\/wp-content\/uploads\/2024\/06\/santurtzi-Teatralizada1-1200-2-768x576.webp 768w, https:\/\/www.disfrutabizkaia.com\/blog\/wp-content\/uploads\/2024\/06\/santurtzi-Teatralizada1-1200-2-600x450.webp 600w, https:\/\/www.disfrutabizkaia.com\/blog\/wp-content\/uploads\/2024\/06\/santurtzi-Teatralizada1-1200-2-945x709.webp 945w, https:\/\/www.disfrutabizkaia.com\/blog\/wp-content\/uploads\/2024\/06\/santurtzi-Teatralizada1-1200-2.webp 1200w\" data-sizes=\"(max-width: 336px) 100vw, 336px\" \/><\/p>\n<p>Podr\u00e1s conocer el pasado de este pueblo de la costa de Bizkaia participando de una animada subasta de pescado como las de anta\u00f1o, de la mano de la sardinera y otros personajes locales, organizada por\u00a0<em>Santutzi Itsas Museoa.<\/em><\/p>\n<p>Se trata de una\u00a0<strong>subasta de pescado teatralizada<\/strong>\u00a0para conocer c\u00f3mo se realizaba la venta de pescado o \u201cenkante\u201d en la costa\u00a0de Bizkaia.<\/p>\n<p><strong>\u00bfD\u00f3nde?<\/strong>\u00a0En Santurtzi, en el puerto pesquero.<\/p>\n<p><strong>\u00bfCu\u00e1ndo?<\/strong>\u00a06, 13, 20 y 27de julio \u2013 3,10,17, 24 y 31 agosto y 14 de septiembre de 2024<br \/>\na las 12:30h.<\/p>\n<p>Precio 2 \u20ac<\/p>\n<p>Necesaria reserva: 94 483 94 94 \/\u00a0 turismo@santurtzi.net \/<\/p>\n<h4>Visitas al pesquero Agurtza<\/h4>\n<p>Agurtza es una de las \u00faltimas embarcaciones de madera de pesca tradicional de nuestras costas, convertido en barco-museo.<\/p>\n<p>En esta visita guiada podr\u00e1s conocer el trabajo y la vida de los arrantzales o pescadores vascos.<\/p>\n<p><strong>\u00bfD\u00f3nde?<\/strong>\u00a0en Santurtzi, en el paseo Reina Victoria.<\/p>\n<p><strong>\u00bfCu\u00e1ndo?\u00a0<\/strong>Julio-Agosto<br \/>\nTodos los d\u00edas: 11:00 y 12:30\u00a0 (Con posibilidad de realizar visitas para grupos fuera de esos horarios).<\/p>\n<p>Puedes solicitar tu\u00a0<a href=\"https:\/\/visitsanturtzi.eus\/experiencias\/barco-museo-agurtza\/\">reserva en la web de VisitSanturtzi<\/a><\/p>\n<p><strong>Precio<\/strong>\u00a02.50 \u20ac. Ni\u00f1os menores de 5 a\u00f1os gratis. Reducida 1.50\u20ac (Mayores de 65 a\u00f1os y ni\u00f1os o j\u00f3venes entre 5 y 17 a\u00f1os)Visitas concertadas\/act. especiales (+10 personas): 1,50 \u20ac<\/p>\n<p>&#x2795;\u00a0Consulta la entrada combinada al Agurtza y a Itsas Museum y otras ventajas en la web.<\/p>\n<h3 style=\"text-align: justify;\"><span style=\"color: #ffcc00;\"><strong>PUERTO VIEJO DE ALGORTA. Getxo<\/strong><\/span><\/h3>\n<div>\n<p><img loading=\"lazy\" decoding=\"async\" class=\"alignleft wp-image-6414 \" src=\"https:\/\/www.disfrutabizkaia.com\/blog\/wp-content\/uploads\/2023\/07\/postcarrusel-.jpg\" alt=\"\" width=\"387\" height=\"387\" srcset=\"https:\/\/www.disfrutabizkaia.com\/blog\/wp-content\/uploads\/2023\/07\/postcarrusel-.jpg 1080w, https:\/\/www.disfrutabizkaia.com\/blog\/wp-content\/uploads\/2023\/07\/postcarrusel--300x300.jpg 300w, https:\/\/www.disfrutabizkaia.com\/blog\/wp-content\/uploads\/2023\/07\/postcarrusel--1024x1024.jpg 1024w, https:\/\/www.disfrutabizkaia.com\/blog\/wp-content\/uploads\/2023\/07\/postcarrusel--768x768.jpg 768w, https:\/\/www.disfrutabizkaia.com\/blog\/wp-content\/uploads\/2023\/07\/postcarrusel--600x600.jpg 600w, https:\/\/www.disfrutabizkaia.com\/blog\/wp-content\/uploads\/2023\/07\/postcarrusel--945x945.jpg 945w\" sizes=\"auto, (max-width: 387px) 100vw, 387px\" \/>Hablando de lugares que narran la historia de <strong>Bizkaia<\/strong>, y tambi\u00e9n en el municipio de Getxo, no podemos dejar de mencionar uno de sus rincones m\u00e1s aut\u00e9nticos: <strong>El Puerto Viejo de Algorta<\/strong>. Es un lugar que no te puedes perder para pasear y sumergirse en su atm\u00f3sfera. Es especialmente recomendable disfrutar del \u00abpoteo\u00bb los fines de semana, disfrutando de un vino o un zurito de cerveza con unas rabas, o quedarse a comer pescado en alguno de sus restaurantes.<\/p>\n<p>No te pierdas las entretenidas <strong>visitas teatralizadas al Puerto Viejo<\/strong>. En estas visitas, podr\u00e1s no solo conocer este pintoresco lugar, sino tambi\u00e9n su historia, las costumbres de este barrio de pescadores y sus curiosidades.<\/p>\n<\/div>\n<p><strong>\u00bfCu\u00e1ndo y D\u00f3nde?<\/strong><\/p>\n<p>En Getxo, en la rampa del Puerto Viejo<\/p>\n<p><strong>Fechas:\u00a0 <\/strong>Julio: 13, 20 y 27 &#8211; Septiembre: 7, 14, 21 y 28<\/p>\n<p>Las visitas se realizan en castellano. De 11:00h a 12:30h<\/p>\n<p>Puedes reservar en la oficina de Turismo de Getxo de la playa de Ereaga, o previamente por tel\u00e9fono 94 491 08 00 o escribiendo a\u00a0 infoturismo@getxo.eus. O <span style=\"color: #ffcc00;\"><a style=\"color: #ffcc00;\" href=\"https:\/\/eudala.getxo.eus\/ReservaVisitasPB\/ReservaVisitasPB.aspx?OpcionMNU_Llamado=1267\">reserva online<\/a><\/span><\/p>\n<p><span style=\"color: #000000;\"><strong>Precio<\/strong>: 6\u20ac (Ni\u00f1os menores 12 a\u00f1os gratis) Paga en met\u00e1lico o con tarjeta, y recoge tu entrada <strong>en la Oficina de turismo &#8211; Playa de Ereaga.<\/strong><\/span><\/p>\n<h3><span style=\"color: #ffcc00;\">VISITA M\u00c1GICA AL BOSQUE DE OMA<\/span><\/h3>\n<div>\n<div>\n<div>\n<p>El Bosque de Oma, conocido tambi\u00e9n como Omako Basoa o Bosque Pintado, fusiona arte y naturaleza con pinturas que embellecen los \u00e1rboles, convirti\u00e9ndolo en uno de los lugares m\u00e1s encantadores de Bizkaia y Euskadi. Al pasear por el bosque, te adentras en un universo asombroso donde las figuras se transforman seg\u00fan tu ubicaci\u00f3n, invit\u00e1ndote a interpretarlas.\u00a0 <img loading=\"lazy\" decoding=\"async\" class=\"alignleft wp-image-6432 \" src=\"https:\/\/www.disfrutabizkaia.com\/blog\/wp-content\/uploads\/2023\/07\/reserva-de-entradas.jpg\" alt=\"\" width=\"332\" height=\"187\" srcset=\"https:\/\/www.disfrutabizkaia.com\/blog\/wp-content\/uploads\/2023\/07\/reserva-de-entradas.jpg 1000w, https:\/\/www.disfrutabizkaia.com\/blog\/wp-content\/uploads\/2023\/07\/reserva-de-entradas-300x169.jpg 300w, https:\/\/www.disfrutabizkaia.com\/blog\/wp-content\/uploads\/2023\/07\/reserva-de-entradas-768x432.jpg 768w, https:\/\/www.disfrutabizkaia.com\/blog\/wp-content\/uploads\/2023\/07\/reserva-de-entradas-600x338.jpg 600w, https:\/\/www.disfrutabizkaia.com\/blog\/wp-content\/uploads\/2023\/07\/reserva-de-entradas-945x532.jpg 945w\" sizes=\"auto, (max-width: 332px) 100vw, 332px\" \/><\/p>\n<\/div>\n<\/div>\n<p>Una experiencia \u00fanica que no deber\u00edas perderte. Este paraje m\u00e1gico resulta ideal para familias en busca de aventuras, con \u00e1rboles adornados con formas y colores singulares. Puedes explorarlo por tu cuenta o en compa\u00f1\u00eda de un gu\u00eda experto, contactando al tel\u00e9fono<strong> 94 465 16 57 o por correo electr\u00f3nico a oma@bizkaia.eus. Para m\u00e1s informaci\u00f3n en su p\u00e1gina web<span style=\"color: #ffcc00;\"> <a style=\"color: #ffcc00;\" href=\"https:\/\/www.bizkaia.eus\/es\/web\/bosque-oma-basoa\">bizkaia.eus\/es\/bosque-oma.<\/a><\/span><\/strong><\/p>\n<\/div>\n<p>\u00bfQuieres conocer la creaci\u00f3n y la historia detr\u00e1s de este bosque m\u00e1gico?Desc\u00fabrelo en<span style=\"color: #ffcc00;\"> <a style=\"color: #ffcc00;\" href=\"https:\/\/www.disfrutabizkaia.com\/que-hacer\/bosque-de-oma\/\">este art\u00edculo<\/a><\/span><\/p>\n<h3><span style=\"color: #ffcc00;\"><strong>FARO Y CASCO ANTIGUO. Lekeitio<\/strong><\/span><\/h3>\n\n\t\t<style type=\"text\/css\">\n\t\t\t#gallery-2 {\n\t\t\t\tmargin: auto;\n\t\t\t}\n\t\t\t#gallery-2 .gallery-item {\n\t\t\t\tfloat: left;\n\t\t\t\tmargin-top: 10px;\n\t\t\t\ttext-align: center;\n\t\t\t\twidth: 50%;\n\t\t\t}\n\t\t\t#gallery-2 img {\n\t\t\t\tborder: 2px solid #cfcfcf;\n\t\t\t}\n\t\t\t#gallery-2 .gallery-caption {\n\t\t\t\tmargin-left: 0;\n\t\t\t}\n\t\t\t\/* see gallery_shortcode() in wp-includes\/media.php *\/\n\t\t<\/style>\n\t\t<div id='gallery-2' class='gallery galleryid-2025 gallery-columns-2 gallery-size-medium'><dl class='gallery-item'>\n\t\t\t<dt class='gallery-icon landscape'>\n\t\t\t\t<a href='https:\/\/www.disfrutabizkaia.com\/blog\/visitas-bizkaia-verano\/gl_plan19_farolekeitio\/'><img loading=\"lazy\" decoding=\"async\" width=\"300\" height=\"171\" src=\"https:\/\/www.disfrutabizkaia.com\/blog\/wp-content\/uploads\/2023\/06\/GL_Plan19_FaroLekeitio-300x171.jpg\" class=\"attachment-medium size-medium\" alt=\"\" srcset=\"https:\/\/www.disfrutabizkaia.com\/blog\/wp-content\/uploads\/2023\/06\/GL_Plan19_FaroLekeitio-300x171.jpg 300w, https:\/\/www.disfrutabizkaia.com\/blog\/wp-content\/uploads\/2023\/06\/GL_Plan19_FaroLekeitio.jpg 385w\" sizes=\"auto, (max-width: 300px) 100vw, 300px\" \/><\/a>\n\t\t\t<\/dt><\/dl><dl class='gallery-item'>\n\t\t\t<dt class='gallery-icon landscape'>\n\t\t\t\t<a href='https:\/\/www.disfrutabizkaia.com\/blog\/visitas-bizkaia-verano\/nuevo-destacado-blog-disfruta-560x315-16\/'><img loading=\"lazy\" decoding=\"async\" width=\"300\" height=\"169\" src=\"https:\/\/www.disfrutabizkaia.com\/blog\/wp-content\/uploads\/2023\/07\/NUEVO-destacado-BLOG-Disfruta-560x315-16-300x169.jpg\" class=\"attachment-medium size-medium\" alt=\"\" srcset=\"https:\/\/www.disfrutabizkaia.com\/blog\/wp-content\/uploads\/2023\/07\/NUEVO-destacado-BLOG-Disfruta-560x315-16-300x169.jpg 300w, https:\/\/www.disfrutabizkaia.com\/blog\/wp-content\/uploads\/2023\/07\/NUEVO-destacado-BLOG-Disfruta-560x315-16.jpg 560w\" sizes=\"auto, (max-width: 300px) 100vw, 300px\" \/><\/a>\n\t\t\t<\/dt><\/dl><br style=\"clear: both\" \/>\n\t\t<\/div>\n\n<p>No necesitamos excusas para visitar este precioso pueblo pesquero de Bizkaia: <span style=\"color: #ffcc00;\"><a style=\"color: #ffcc00;\" href=\"https:\/\/www.disfrutabizkaia.com\/que-hacer\/pueblos-pesqueros\/lekeitio\/c-521\">Lekeitio<\/a><\/span>.<\/p>\n<p>Nos encantan esta villa marinera, su ambiente, gastronom\u00eda y paisajes. Pero, este verano, si quieres conocer m\u00e1s a fondo algunos de los atractivos tur\u00edsticos de Lekeitio no dudes en aprovechar las visitas tur\u00edsticas al Faro de Santa Catalina, al Casco Antiguo de Lekeitio, a su Bas\u00edlica de Santa Mar\u00eda y al Molino de Mareas.<\/p>\n<p>Puedes consultar toda la informaci\u00f3n, horarios y precios en la oficina de Turismo de Lekeitio: 94 684 40 17 o en la <a href=\"http:\/\/lekeitioturismo.eus\/es\/\">web<\/a><\/p>\n<div class=\"row\">\n<div class=\"col-md-8 border-right\">\n<div><strong>Horarios:<\/strong><\/div>\n<div>\n<ul>\n<li>Julio y agosto: de mi\u00e9rcoles a domingo &#8211; Por las ma\u00f1anas 11:30 y 13:00 &#8211; Por las tardes (excepto domingos) 16:30 y 18:00<\/li>\n<li>Duraci\u00f3n: 50\u2032<\/li>\n<\/ul>\n<\/div>\n<div><strong>Precios:<\/strong> Adultos 6\u20ac \/ Ni\u00f1os y jubilados: 4,5\u20ac (de 3 a 12 a\u00f1os).<\/div>\n<p>A tener en cuenta:<\/p>\n<ul>\n<li>19 personas m\u00e1ximo por visita.<\/li>\n<li>No se permite la entrada a menores de 3 a\u00f1os<\/li>\n<li>Entre semana para grupos, pedir cita previa. M\u00ednimo 20 personas.<\/li>\n<\/ul>\n<\/div>\n<div class=\"col-12 col-md-4\">\n<p class=\"text-xl mt-4 mb-8\"><strong>Contacto:\u00a0 <\/strong>&#x260e; 94 648 40 17\u00a0 &#x1f4e7; turismo@lekeitio.eus<\/p>\n<\/div>\n<\/div>\n<p>&nbsp;<\/p>\n<h3><span style=\"color: #ffcc00;\"><strong>PAISAJES DE POSTAL, TXAKOLI Y EL CASER\u00cdO M\u00c1S ANTIGUO. Uribe<\/strong><\/span><\/h3>\n<p>Uribe es una comarca de Bizkaia formada por municipios, como Bakio, Barrika, Gorliz, Plentzia, Mungia o Sopela, en los que podr\u00e1s disfrutar de una amplia oferta tur\u00edstica y de ocio. A pocos kil\u00f3metros de Bilbao, podr\u00e1s encontrar un paisaje singular, costa e interior, tradici\u00f3n y vanguardia\u2026y disfrutar de la gastronom\u00eda y la cultura locales.<\/p>\n<p><img loading=\"lazy\" decoding=\"async\" class=\"aligncenter wp-image-4368 \" src=\"https:\/\/www.disfrutabizkaia.com\/blog\/wp-content\/uploads\/2019\/04\/uribe-txakoli-scaled.jpg\" alt=\"\" width=\"606\" height=\"314\" \/><\/p>\n<p>Este verano, para que descubras la comarca, te recomendamos estas <strong>experiencias y visitas guiadas:<\/strong><\/p>\n<h5 style=\"padding-left: 40px;\"><b>\u2022 Visita Txakolin Museoa &#8211; Txakolingunea en Bakio:\u00a0<\/b><\/h5>\n<p style=\"padding-left: 40px;\"><strong>Horario:<\/strong> De lunes a domingo: 10:00-15:00 \/ 16:00-19:00<\/p>\n<p style=\"padding-left: 40px;\"><strong>Reservas<\/strong> en &#x1f4e7; txakolingunea@bizkaia.eus\u00a0 \u00f3 &#x1f4de; 946 02 85 13<\/p>\n<p style=\"padding-left: 40px;\"><strong>Precio<\/strong> general de las visitas: 3.50\u20ac<\/p>\n<h5 style=\"padding-left: 20px;\">\u2022 Conoce las b<strong>odegas de txakoli de esta zona:<\/strong><\/h5>\n<p style=\"padding-left: 40px;\">Visita, cata de txakolis degustaci\u00f3n de dos pintxos&#8230;)<br \/>\n(Bodega Magalarte Zamudio. Bodega Zabala Txakolina (Bakio) ,Bodega Magalarte Lezama, Bodega Gorka Izagirre (Larrabetzu)&#8230; <span style=\"color: #ffcc00;\"><a style=\"color: #ffcc00;\" href=\"https:\/\/www.uribe.eu\/saborea\/euskadi-gastronomika\/bodegas-txakoli\">Descubre las bodegas y reserva tu visita<\/a><\/span><\/p>\n<h5 style=\"padding-left: 20px;\">\u2022 Descubre la Ruta del txakoli:<\/h5>\n<div style=\"padding-left: 40px;\">El txakoli es un vino joven y fresco, con un toquecito de acidez que despierta tu paladar.El Txakoli con denominaci\u00f3n de Origen <strong>Bizkaiko Txakolina<\/strong> destaca por las uvas locales como la Hondarrabi Zuri. Aunque la mayor\u00eda del txakoli de Bizkaia es blanco y refrescante, algunos en\u00f3logos han innovado con blancos fermentados en l\u00edas, rosados e incluso un txakoli tinto sorprendente, adem\u00e1s de espumosos y vinos de vendimia tard\u00eda. Ahora, puedes explorar nuevas facetas del mundo del txakoli a trav\u00e9s de la <span style=\"color: #ffcc00;\"><a style=\"color: #ffcc00;\" href=\"https:\/\/www.visitbiscay.eus\/es\/ruta-txakoli\">\u00abRuta del Txakoli Bilbao-Bizkaia\u00bb<\/a><\/span> , recorriendo los 10 caminos que te llevar\u00e1n por los espectaculares paisajes de Bizkaia, donde el txakoli est\u00e1 presente.<\/div>\n<h5 style=\"padding-left: 40px;\"><strong>\u2022Landetxo Goikoa, el caser\u00edo m\u00e1s antiguo de Bizkaia:\u00a0<\/strong><\/h5>\n<p style=\"padding-left: 40px;\">En estas visitas guiadas podr\u00e1s conocer ste caser\u00edo de 1510, y la estructura arquitect\u00f3nica de los <em>baserris<\/em> o caser\u00edos vascos y su evoluci\u00f3n y adaptaci\u00f3n a los nuevos tiempos, y descubrir c\u00f3mo era la vida de nuestros abuelos en los caser\u00edos.<\/p>\n<p style=\"padding-left: 40px;\"><strong>M\u00e1s informaci\u00f3n y Reservas<\/strong> en el tel\u00e9fono 946 740 061 (9:00-18:00)\u00a0 &#x1f4e7; izenaduba.basoa@gmail.com\u00a0 \/<a href=\"https:\/\/www.izenaduba.com\/\"> www.izenaduba.com<\/a><\/p>\n<p>&nbsp;<\/p>\n<p><img loading=\"lazy\" decoding=\"async\" class=\"aligncenter wp-image-3056 size-large\" src=\"https:\/\/www.disfrutabizkaia.com\/blog\/wp-content\/uploads\/2018\/09\/Collage-visitas-Uribe-verano-1024x467.jpg\" alt=\"Visitas guiadas en la comarca de Uribe en Bizkaia verano 2019\" width=\"676\" height=\"308\" \/><\/p>\n<p>&nbsp;<\/p>\n<div>\n<p>De momento, estas son algunas de las excursiones que te proponemos para este verano. Seguiremos recopilando m\u00e1s planes para\u00a0 tu verano en Bizkaia. \u00a1Atent@ a nuestars redes y blog !<\/p>\n<p>Adem\u00e1s, en nuestra web encontrar\u00e1s m\u00e1s ideas y planes que te van a encantar.<\/p>\n<\/div>\n<p>&nbsp;<\/p>\n<p><a href=\"https:\/\/www.disfrutabizkaia.com\/que-hacer\"><img loading=\"lazy\" decoding=\"async\" class=\"aligncenter wp-image-3540 size-full\" src=\"https:\/\/www.disfrutabizkaia.com\/blog\/wp-content\/uploads\/2020\/04\/Desktop_planes.gif\" alt=\"qu\u00e9-ver-hacer-rutas-gastron\u00f3micas-Bizkaia\" width=\"678\" height=\"181\" \/><\/a><\/p>\n<h5><span style=\"color: #ffcc00;\"><a style=\"color: #ffcc00;\" href=\"https:\/\/www.disfrutabizkaia.com\/\"><strong>Disfruta Bizkaia<\/strong><\/a>,<\/span>\u00a0planes, turismo, alojamiento y restaurantes en una misma web<\/h5>\n<div class=\"crp-list-container\"><h3 class=\"crp-list-title\">Related Posts<\/h3><ul class=\"crp-list\"><li class=\"crp-list-item crp-list-item-image-left crp-list-item-has-image\"><div class=\"crp-list-item-image\"><a href=\"https:\/\/www.disfrutabizkaia.com\/blog\/exposicion-de-gigantes-de-bilbao-bilboko-erraldoiak-verano-2023\/\" target=\"_blank\"><img loading=\"lazy\" decoding=\"async\" data-pin-nopin=\"true\" style=\"max-width: 100px; height: auto;\" width=\"100\" height=\"67\" src=\"https:\/\/www.disfrutabizkaia.com\/blog\/wp-content\/uploads\/2023\/07\/NUEVO-destacado-BLOG-Disfruta-560x315-13-372x248.jpg\" class=\"attachment-100x100 size-100x100\" alt=\"\" \/><\/a><\/div><div class=\"crp-list-item-title\"><a href=\"https:\/\/www.disfrutabizkaia.com\/blog\/exposicion-de-gigantes-de-bilbao-bilboko-erraldoiak-verano-2023\/\" target=\"_blank\">Exposici\u00f3n de \u201cGIGANTES DE BILBAO\" - Verano 2024<\/a><\/div><\/li><li class=\"crp-list-item crp-list-item-image-left crp-list-item-has-image\"><div class=\"crp-list-item-image\"><a href=\"https:\/\/www.disfrutabizkaia.com\/blog\/musica-y-festivales-de-verano-en-bizkaia\/\" target=\"_blank\"><img loading=\"lazy\" decoding=\"async\" data-pin-nopin=\"true\" style=\"max-width: 100px; height: auto;\" width=\"100\" height=\"67\" src=\"https:\/\/www.disfrutabizkaia.com\/blog\/wp-content\/uploads\/2023\/06\/NUEVO-destacado-BLOG-Disfruta-560x315-10-372x248.png\" class=\"attachment-100x100 size-100x100\" alt=\"\" \/><\/a><\/div><div class=\"crp-list-item-title\"><a href=\"https:\/\/www.disfrutabizkaia.com\/blog\/musica-y-festivales-de-verano-en-bizkaia\/\" target=\"_blank\">Festivales de verano en Bizkaia<\/a><\/div><\/li><li class=\"crp-list-item crp-list-item-image-left crp-list-item-has-image\"><div class=\"crp-list-item-image\"><a href=\"https:\/\/www.disfrutabizkaia.com\/blog\/fin-de-semana-con-encanto-urdaibai\/\" target=\"_blank\"><img loading=\"lazy\" decoding=\"async\" data-pin-nopin=\"true\" style=\"max-width: 100px; height: auto;\" width=\"100\" height=\"100\" src=\"https:\/\/www.disfrutabizkaia.com\/blog\/wp-content\/uploads\/2016\/10\/urdaibai-150x150.jpg\" class=\"attachment-100x100 size-100x100\" alt=\"Vistas de Urdaibai reserva de la Biosfera Bizkaia\" srcset=\"https:\/\/www.disfrutabizkaia.com\/blog\/wp-content\/uploads\/2016\/10\/urdaibai-150x150.jpg 150w, https:\/\/www.disfrutabizkaia.com\/blog\/wp-content\/uploads\/2016\/10\/urdaibai-e1522745523489-257x257.jpg 257w\" sizes=\"auto, (max-width: 100px) 100vw, 100px\" \/><\/a><\/div><div class=\"crp-list-item-title\"><a href=\"https:\/\/www.disfrutabizkaia.com\/blog\/fin-de-semana-con-encanto-urdaibai\/\" target=\"_blank\">Fin de semana con encanto en Urdaibai<\/a><\/div><\/li><li class=\"crp-list-item crp-list-item-image-left crp-list-item-has-image\"><div class=\"crp-list-item-image\"><a href=\"https:\/\/www.disfrutabizkaia.com\/blog\/planes-para-exprimir-el-verano-en-bizkaia\/\" target=\"_blank\"><img loading=\"lazy\" decoding=\"async\" data-pin-nopin=\"true\" style=\"max-width: 100px; height: auto;\" width=\"100\" height=\"67\" src=\"https:\/\/www.disfrutabizkaia.com\/blog\/wp-content\/uploads\/2024\/06\/NUEVO-destacado-BLOG-Disfruta-560x315-12-372x248.jpg\" class=\"attachment-100x100 size-100x100\" alt=\"\" \/><\/a><\/div><div class=\"crp-list-item-title\"><a href=\"https:\/\/www.disfrutabizkaia.com\/blog\/planes-para-exprimir-el-verano-en-bizkaia\/\" target=\"_blank\">Planes para exprimir el verano en Bizkaia<\/a><\/div><\/li><li class=\"crp-list-item crp-list-item-image-left crp-list-item-has-image\"><div class=\"crp-list-item-image\"><a href=\"https:\/\/www.disfrutabizkaia.com\/blog\/que-hacer-un-fin-de-semana-en-bilbao\/\" target=\"_blank\"><img loading=\"lazy\" decoding=\"async\" data-pin-nopin=\"true\" style=\"max-width: 100px; height: auto;\" width=\"100\" height=\"67\" src=\"https:\/\/www.disfrutabizkaia.com\/blog\/wp-content\/uploads\/2019\/02\/Bilbao_panoramica_verano-Fotolia_141970894_S-372x248.jpg\" class=\"attachment-100x100 size-100x100\" alt=\"bilbao-ver-hacer-fin-de-semana-escapadas-turismo\" srcset=\"https:\/\/www.disfrutabizkaia.com\/blog\/wp-content\/uploads\/2019\/02\/Bilbao_panoramica_verano-Fotolia_141970894_S-372x248.jpg 372w, https:\/\/www.disfrutabizkaia.com\/blog\/wp-content\/uploads\/2019\/02\/Bilbao_panoramica_verano-Fotolia_141970894_S-300x200.jpg 300w, https:\/\/www.disfrutabizkaia.com\/blog\/wp-content\/uploads\/2019\/02\/Bilbao_panoramica_verano-Fotolia_141970894_S-768x512.jpg 768w, https:\/\/www.disfrutabizkaia.com\/blog\/wp-content\/uploads\/2019\/02\/Bilbao_panoramica_verano-Fotolia_141970894_S-600x400.jpg 600w, https:\/\/www.disfrutabizkaia.com\/blog\/wp-content\/uploads\/2019\/02\/Bilbao_panoramica_verano-Fotolia_141970894_S.jpg 849w\" sizes=\"auto, (max-width: 100px) 100vw, 100px\" \/><\/a><\/div><div class=\"crp-list-item-title\"><a href=\"https:\/\/www.disfrutabizkaia.com\/blog\/que-hacer-un-fin-de-semana-en-bilbao\/\" target=\"_blank\">Qu\u00e9 hacer un fin de semana en Bilbao<\/a><\/div><\/li><\/ul><\/div>\n","protected":false},"excerpt":{"rendered":"<p>Tanto si nos visitas por turismo como si eres de aqu\u00ed y buscas planes para este verano, hemos recopilado para ti las mejores visitas tur\u00edsticas, guiadas o a tu aire, para conocer Bilbao y Bizkaia.<\/p>\n","protected":false},"author":1,"featured_media":6436,"comment_status":"open","ping_status":"open","sticky":false,"template":"","format":"standard","meta":{"_acf_changed":false,"footnotes":""},"categories":[1,47,49],"tags":[24,20,15,16],"class_list":["post-2025","post","type-post","status-publish","format-standard","has-post-thumbnail","hentry","category-disfruta-bizkaia","category-planes","category-turismo","tag-bizkaia","tag-planes","tag-turismo","tag-visitas-guiadas"],"acf":[],"_links":{"self":[{"href":"https:\/\/www.disfrutabizkaia.com\/blog\/wp-json\/wp\/v2\/posts\/2025","targetHints":{"allow":["GET"]}}],"collection":[{"href":"https:\/\/www.disfrutabizkaia.com\/blog\/wp-json\/wp\/v2\/posts"}],"about":[{"href":"https:\/\/www.disfrutabizkaia.com\/blog\/wp-json\/wp\/v2\/types\/post"}],"author":[{"embeddable":true,"href":"https:\/\/www.disfrutabizkaia.com\/blog\/wp-json\/wp\/v2\/users\/1"}],"replies":[{"embeddable":true,"href":"https:\/\/www.disfrutabizkaia.com\/blog\/wp-json\/wp\/v2\/comments?post=2025"}],"version-history":[{"count":88,"href":"https:\/\/www.disfrutabizkaia.com\/blog\/wp-json\/wp\/v2\/posts\/2025\/revisions"}],"predecessor-version":[{"id":5411,"href":"https:\/\/www.disfrutabizkaia.com\/blog\/wp-json\/wp\/v2\/posts\/2025\/revisions\/5411"}],"wp:featuredmedia":[{"embeddable":true,"href":"https:\/\/www.disfrutabizkaia.com\/blog\/wp-json\/wp\/v2\/media\/6436"}],"wp:attachment":[{"href":"https:\/\/www.disfrutabizkaia.com\/blog\/wp-json\/wp\/v2\/media?parent=2025"}],"wp:term":[{"taxonomy":"category","embeddable":true,"href":"https:\/\/www.disfrutabizkaia.com\/blog\/wp-json\/wp\/v2\/categories?post=2025"},{"taxonomy":"post_tag","embeddable":true,"href":"https:\/\/www.disfrutabizkaia.com\/blog\/wp-json\/wp\/v2\/tags?post=2025"}],"curies":[{"name":"wp","href":"https:\/\/api.w.org\/{rel}","templated":true}]}}