{"id":3641,"date":"2020-05-21T17:51:58","date_gmt":"2020-05-21T15:51:58","guid":{"rendered":"https:\/\/www.disfrutabizkaia.com\/blog\/?p=3641"},"modified":"2020-07-03T13:10:38","modified_gmt":"2020-07-03T11:10:38","slug":"bilbao-retrasa-la-celebracion-de-su-gau-zuria","status":"publish","type":"post","link":"https:\/\/www.disfrutabizkaia.com\/blog\/bilbao-retrasa-la-celebracion-de-su-gau-zuria\/","title":{"rendered":"Bilbao retrasa la celebraci\u00f3n de su Gau Zuria"},"content":{"rendered":"\r\n<p>El Ayuntamiento de Bilbao ha anunciado que este a\u00f1o <em>#GauZuria<\/em> se retrasa al 2 y 3 de octubre &#8230; si las condiciones sanitarias lo permiten.<\/p>\r\n\r\n\r\n\r\n<div class=\"wp-block-image is-style-rounded\">\r\n<figure class=\"alignright size-large is-resized\">\r\n<div id=\"attachment_2930\" style=\"width: 228px\" class=\"wp-caption alignnone\"><img loading=\"lazy\" decoding=\"async\" aria-describedby=\"caption-attachment-2930\" class=\"wp-image-2930\" src=\"https:\/\/www.disfrutabizkaia.com\/blog\/wp-content\/uploads\/2018\/06\/sugarrak_gau_zuria_2019_Bilbao_Fundaci\u00f3n_Bilbao-700.jpg\" alt=\"\" width=\"218\" height=\"218\" srcset=\"https:\/\/www.disfrutabizkaia.com\/blog\/wp-content\/uploads\/2018\/06\/sugarrak_gau_zuria_2019_Bilbao_Fundaci\u00f3n_Bilbao-700.jpg 325w, https:\/\/www.disfrutabizkaia.com\/blog\/wp-content\/uploads\/2018\/06\/sugarrak_gau_zuria_2019_Bilbao_Fundaci\u00f3n_Bilbao-700-300x300.jpg 300w\" sizes=\"auto, (max-width: 218px) 100vw, 218px\" \/><p id=\"caption-attachment-2930\" class=\"wp-caption-text\">Im\u00e1genes Fund. Bilbao 700<\/p><\/div>\r\n<\/figure>\r\n<\/div>\r\n\r\n\r\n\r\n<p>Cada a\u00f1o, el 15 de junio, Bilbao celebra el aniversario de la firma de la Carta Puebla y su fundaci\u00f3n como Villa. Y no hay mejor celebraci\u00f3n que con la <em>#NocheBlanca<\/em> : Una noche m\u00e1gica, organizada por la <em>Fundaci\u00f3n Bilbao 700<\/em>, en la que la ciudad se ilumina y se llena de espect\u00e1culos audiovisuales&#8230;<\/p>\r\n\r\n\r\n\r\n<p>&#x1f609; \u00a1Y como en Bilbao todo se hace a lo grande, hace ya unos a\u00f1os que la \u00abNoche Blanca\u00bb aqu\u00ed dura dos d\u00edas!\u00a0<\/p>\r\n\r\n<div class=\"\" data-block=\"true\" data-editor=\"eaa36\" data-offset-key=\"5b6ci-0-0\">\r\n<div class=\"_1mf _1mj\" data-offset-key=\"5b6ci-0-0\">\r\n<p><span data-offset-key=\"95kr9-0-0\">Est\u00e1bamos deseando disfrutar el fin de semana m\u00e1s pr\u00f3ximo al 15 de junio de una nueva edici\u00f3n de <\/span><span class=\"_5zk7\" data-offset-key=\"95kr9-1-0\"><span data-offset-key=\"95kr9-1-0\">#GauZuria<\/span><\/span><span data-offset-key=\"95kr9-2-0\"> pero la seguridad y la salud son lo primero&#8230; Por lo que, teniendo en cuenta la situaci\u00f3n provocada por el Covid-19 y, atendiendo a criterios de Salud P\u00fablica y a las recomendaciones respecto a la celebraci\u00f3n de eventos culturales y festivos, Bilboko Udala ha anunciado que la Gau Zuria no se celebrar\u00e1 en junio, sino en octubre.\u00a0<\/span><\/p>\r\n<\/div>\r\n<\/div>\r\n\r\n<p>\u00a1Las buenas noticias son que no se cancela sino que se aplaza!\u00a0<\/p>\r\n\r\n\r\n\r\n<p>Mientras &#8230; #MeQuedoEnCasa haciendo #planes y reiniciando la actividad por fases y con seguridad &#x1f637; &#x2194;&#xfe0f;&#x1f6b6;&#x200d;&#x2640;&#xfe0f; en esta #DesescaladaResponsable \u00a0<\/p>\r\n\r\n\r\n\r\n<div class=\"wp-block-image\">\r\n<figure class=\"aligncenter\"><a href=\"https:\/\/www.disfrutabizkaia.com\/que-hacer\" target=\"_blank\" rel=\"noreferrer noopener\"><img loading=\"lazy\" decoding=\"async\" width=\"678\" height=\"181\" class=\"wp-image-3540\" src=\"https:\/\/www.disfrutabizkaia.com\/blog\/wp-content\/uploads\/2020\/04\/Desktop_planes.gif\" alt=\"qu\u00e9-ver-hacer-rutas-gastron\u00f3micas-Bizkaia\" \/><\/a><\/figure>\r\n<\/div>\r\n\r\n\r\n\r\n<h5 class=\"wp-block-heading\"><a href=\"https:\/\/www.disfrutabizkaia.com\/\"><strong>Disfruta Bizkaia<\/strong><\/a>,\u00a0planes, turismo, alojamiento y restaurantes en una misma web<\/h5>\r\n\r\n\r\n<div class=\"crp-list-container\"><h3 class=\"crp-list-title\">Related Posts<\/h3><ul class=\"crp-list\"><li class=\"crp-list-item crp-list-item-image-left crp-list-item-has-image\"><div class=\"crp-list-item-image\"><a href=\"https:\/\/www.disfrutabizkaia.com\/blog\/mequedoencasa-haciendo-planes\/\" target=\"_blank\"><img loading=\"lazy\" decoding=\"async\" data-pin-nopin=\"true\" style=\"max-width: 100px; height: auto;\" width=\"100\" height=\"67\" src=\"https:\/\/www.disfrutabizkaia.com\/blog\/wp-content\/uploads\/2020\/03\/Paisajes-Disfruta-Bizkaia-372x248.jpg\" class=\"attachment-100x100 size-100x100\" alt=\"#mequedoencasa-planes-cuarentena-Bizkaia\" \/><\/a><\/div><div class=\"crp-list-item-title\"><a href=\"https:\/\/www.disfrutabizkaia.com\/blog\/mequedoencasa-haciendo-planes\/\" target=\"_blank\">#MeQuedoEnCasa haciendo planes<\/a><\/div><\/li><li class=\"crp-list-item crp-list-item-image-left crp-list-item-has-image\"><div class=\"crp-list-item-image\"><a href=\"https:\/\/www.disfrutabizkaia.com\/blog\/18-de-mayo-dia-internacional-de-los-museos\/\" target=\"_blank\"><img loading=\"lazy\" decoding=\"async\" data-pin-nopin=\"true\" style=\"max-width: 100px; height: auto;\" width=\"100\" height=\"67\" src=\"https:\/\/www.disfrutabizkaia.com\/blog\/wp-content\/uploads\/2020\/05\/Planes-en-casa-d\u00eda-de-museos-online-Bilbao-Bizkaia-372x248.jpg\" class=\"attachment-100x100 size-100x100\" alt=\"D\u00eda Internacional de los Museos - Exposici\u00f3n virtual museos Bizkaia\" \/><\/a><\/div><div class=\"crp-list-item-title\"><a href=\"https:\/\/www.disfrutabizkaia.com\/blog\/18-de-mayo-dia-internacional-de-los-museos\/\" target=\"_blank\">Exposici\u00f3n virtual: D\u00eda Internacional de los Museos<\/a><\/div><\/li><\/ul><\/div>\r\n\r\n\r\n<p>&nbsp;<\/p>\r\n","protected":false},"excerpt":{"rendered":"<p>El Ayuntamiento de Bilbao ha anunciado que este a\u00f1o #GauZuria se retrasa al 2 y 3 de octubre &#8230; si las condiciones sanitarias lo permiten. Cada a\u00f1o, el 15 de junio, Bilbao celebra el aniversario de la firma de la&#8230; <a class=\"more-link\" href=\"https:\/\/www.disfrutabizkaia.com\/blog\/bilbao-retrasa-la-celebracion-de-su-gau-zuria\/\">Seguir leyendo &rarr;<\/a><\/p>\n","protected":false},"author":2,"featured_media":3642,"comment_status":"open","ping_status":"closed","sticky":false,"template":"","format":"standard","meta":{"_acf_changed":false,"footnotes":""},"categories":[1,47,50],"tags":[],"class_list":["post-3641","post","type-post","status-publish","format-standard","has-post-thumbnail","hentry","category-disfruta-bizkaia","category-planes","category-tradiciones"],"acf":[],"_links":{"self":[{"href":"https:\/\/www.disfrutabizkaia.com\/blog\/wp-json\/wp\/v2\/posts\/3641","targetHints":{"allow":["GET"]}}],"collection":[{"href":"https:\/\/www.disfrutabizkaia.com\/blog\/wp-json\/wp\/v2\/posts"}],"about":[{"href":"https:\/\/www.disfrutabizkaia.com\/blog\/wp-json\/wp\/v2\/types\/post"}],"author":[{"embeddable":true,"href":"https:\/\/www.disfrutabizkaia.com\/blog\/wp-json\/wp\/v2\/users\/2"}],"replies":[{"embeddable":true,"href":"https:\/\/www.disfrutabizkaia.com\/blog\/wp-json\/wp\/v2\/comments?post=3641"}],"version-history":[{"count":10,"href":"https:\/\/www.disfrutabizkaia.com\/blog\/wp-json\/wp\/v2\/posts\/3641\/revisions"}],"predecessor-version":[{"id":3730,"href":"https:\/\/www.disfrutabizkaia.com\/blog\/wp-json\/wp\/v2\/posts\/3641\/revisions\/3730"}],"wp:featuredmedia":[{"embeddable":true,"href":"https:\/\/www.disfrutabizkaia.com\/blog\/wp-json\/wp\/v2\/media\/3642"}],"wp:attachment":[{"href":"https:\/\/www.disfrutabizkaia.com\/blog\/wp-json\/wp\/v2\/media?parent=3641"}],"wp:term":[{"taxonomy":"category","embeddable":true,"href":"https:\/\/www.disfrutabizkaia.com\/blog\/wp-json\/wp\/v2\/categories?post=3641"},{"taxonomy":"post_tag","embeddable":true,"href":"https:\/\/www.disfrutabizkaia.com\/blog\/wp-json\/wp\/v2\/tags?post=3641"}],"curies":[{"name":"wp","href":"https:\/\/api.w.org\/{rel}","templated":true}]}}