{"id":3779,"date":"2022-05-30T13:03:18","date_gmt":"2022-05-30T11:03:18","guid":{"rendered":"https:\/\/www.disfrutabizkaia.com\/blog\/?p=3779"},"modified":"2022-06-08T14:14:43","modified_gmt":"2022-06-08T12:14:43","slug":"getxophoto","status":"publish","type":"post","link":"https:\/\/www.disfrutabizkaia.com\/blog\/getxophoto\/","title":{"rendered":"Getxophoto 2022 &#8211; Arte y actividades al aire libre"},"content":{"rendered":"<p>La se\u00f1a de identidad de Getxophoto, festival internacional de artes visuales, siempre ha sido su celebraci\u00f3n al aire libre utilizando espacios, soportes y formatos no convencionales para contar historias a trav\u00e9s de sus im\u00e1genes.<\/p>\n<p>Ahora que empieza el buen tiempo, la calle y los espacios p\u00fablicos al aire libre se han convertido en el escenario favorito del p\u00fablico para disfrutar de experiencias y actividades de ocio. Por lo que Getxophoto ser\u00e1, sin duda, uno de los planes favoritos en Bizkaia este junio.<\/p>\n<h2><strong>\u00bfQu\u00e9 es <\/strong><strong>Getxophoto 2022?<\/strong><\/h2>\n<p><em>GETXOPHOTO<\/em> utiliza la imagen como un medio para tratar, reflexionar, y vivir las grandes cuestiones que nos afectan, mediante una programaci\u00f3n que cada edici\u00f3n se articula en torno a un tema espec\u00edfico, siempre de inter\u00e9s general.<\/p>\n<p>El tema de este a\u00f1o es \u00abImaginar\u00bb:\u00a0 En esta 16\u00aa edici\u00f3n nos invitan a imaginar otros escenarios, recuperando el tiempo y el espacio. Las im\u00e1genes nos permiten representar ideas presentes o del pasado, fantas\u00edas de la mente&#8230; en definitiva, son la base de la imaginaci\u00f3n. Getxophoto 2022 con sus instalaciones art\u00edsticas nos propone explorar la grandeza de una <em>imaginaci\u00f3n cr\u00edtica<\/em>.<\/p>\n<h3>\u00bfQu\u00e9 puedo hacer en Getxophoto?<\/h3>\n<p>Getxophoto propone disfrutar, tanto online como en espacios al aire libre y salas de exposiciones, de la cultura visual.<\/p>\n<p>Si lo que buscas es planes al aire libre, podr\u00e1s disfrutar de una serie de recorridos para contemplar las fotograf\u00edas y obras de arte visuales que puedes adaptar a tu gusto, seg\u00fan el tiempo de que dispongas, o en funci\u00f3n del tipo de planes que busques (planes de d\u00eda, paseos, planes en familia, actividades cortas de ocio, &#8230;)<\/p>\n<p>Adem\u00e1s de visitar gratis las exposiciones al aire libre se puede participar en actividades como talleres, encuentros con artistas, recorridos nocturnos, visitas de d\u00eda o visitas guiadas especiales. Puedes consultar en su web toda la <a href=\"https:\/\/www.getxophoto.com\/en\/calendar\/\" target=\"_blank\" rel=\"noopener noreferrer\">programaci\u00f3n de actividades<\/a><\/p>\n<p>Y si buscas planes con ni\u00f1os, no te pierdas las <a href=\"https:\/\/www.getxophoto.com\/edicion-2022\/actividades\/visita-especial\/\">ideas, juegos y pistas que Getxophoto propone para disfrutar en familia<\/a> de vuestro paseo por las exposiciones.<\/p>\n<h3><em>Getxophoto Por<\/em> &#8211; No te pierdas las visitas guiadas<\/h3>\n<p>Podr\u00e1s conocer las diferentes obras expuestas a trav\u00e9s de un recorrido \u00fanico, de la mano de 4 artistas que te guiar\u00e1n y acompa\u00f1ar\u00e1n, compartiendo su punto de vista de las exposiciones que encontrar\u00e1s durante la visita guida.<\/p>\n<p>Consigue tu <strong><a href=\"https:\/\/entradium.com\/events\/getxophoto-por-getxo-getxophoto-festival-bizkaia\">entrada<\/a> <\/strong>y descubre Getxophoto de una manera diferente y original.<\/p>\n<p>Aqu\u00ed te dejamos las fechas, horarios y puntos de partida:<\/p>\n<ul>\n<li><strong>S\u00e1bado 11 de junio<\/strong>, con <strong>YOGURINHA BOROVA (eus\/cast)<\/strong><br \/>\nSalida desde: Containers Puerto Viejo (n\u00ba 10 en el mapa)<\/li>\n<li><strong>S\u00e1bado 18 de junio<\/strong> con <strong>ALAIA MARTIN y JONE URIA (eus)\u00a0<\/strong><\/li>\n<li><strong>S\u00e1bado 25 de junio<\/strong> con <strong>TOTI MART\u00cdNEZ DE LEZEA (cast)\u00a0<\/strong><\/li>\n<\/ul>\n<p><strong> Hora:<\/strong> 19:00 \u2013 20:30\u00a0 \u00a0<strong>Precio:<\/strong> 5\u20ac\u00a0 \u00a0<strong>Plazas<\/strong>: 25 en cada sesi\u00f3n<\/p>\n<h3>\u00bf<strong>Cu\u00e1ndo y d\u00f3nde se celebra Getxophoto?<\/strong><\/h3>\n<p>Del 2 al 26 de junio de 2022.<\/p>\n<p>En el Puerto Viejo, el paseo de Ereaga y otros puntos de Algorta (Getxo), como la plaza San Nicol\u00e1s, la plaza del metro de Algorta y tambi\u00e9n <em>online. <\/em>Aqu\u00ed tienes el <a href=\"https:\/\/www.getxophoto.com\/en\/map\/\" target=\"_blank\" rel=\"noopener noreferrer\">mapa<\/a> para encontrar las exposiciones (al aire libre o en salas) y los recorridos recomendados.<\/p>\n<p>Puedes llegar en transporte p\u00fablico f\u00e1cilmente: Metro hasta la estaci\u00f3n de Algorta (salida Telletxe).<\/p>\n<p><strong>Precio:\u00a0<\/strong>Entrada libre. (Todas las exposiciones son gratuitas. Consulta el precio el programa de actividades para aficionados y profesionales)<\/p>\n<p><img loading=\"lazy\" decoding=\"async\" class=\"ls-is-cached lazyloaded aligncenter wp-image-4564 \" src=\"https:\/\/www.disfrutabizkaia.com\/blog\/wp-content\/uploads\/2021\/09\/Flashback_31-1-300x200.jpg\" alt=\"\" width=\"395\" height=\"263\" data-src=\"https:\/\/www.disfrutabizkaia.com\/blog\/wp-content\/uploads\/2017\/09\/Getxophoto.jpg\" data-srcset=\"https:\/\/www.disfrutabizkaia.com\/blog\/wp-content\/uploads\/2017\/09\/Getxophoto.jpg 500w, https:\/\/www.disfrutabizkaia.com\/blog\/wp-content\/uploads\/2017\/09\/Getxophoto-300x200.jpg 300w\" data-sizes=\"(max-width: 500px) 100vw, 500px\" srcset=\"https:\/\/www.disfrutabizkaia.com\/blog\/wp-content\/uploads\/2021\/09\/Flashback_31-1-300x200.jpg 300w, https:\/\/www.disfrutabizkaia.com\/blog\/wp-content\/uploads\/2021\/09\/Flashback_31-1-1024x683.jpg 1024w, https:\/\/www.disfrutabizkaia.com\/blog\/wp-content\/uploads\/2021\/09\/Flashback_31-1-372x248.jpg 372w, https:\/\/www.disfrutabizkaia.com\/blog\/wp-content\/uploads\/2021\/09\/Flashback_31-1-768x512.jpg 768w, https:\/\/www.disfrutabizkaia.com\/blog\/wp-content\/uploads\/2021\/09\/Flashback_31-1-600x400.jpg 600w, https:\/\/www.disfrutabizkaia.com\/blog\/wp-content\/uploads\/2021\/09\/Flashback_31-1-945x630.jpg 945w, https:\/\/www.disfrutabizkaia.com\/blog\/wp-content\/uploads\/2021\/09\/Flashback_31-1.jpg 1200w\" sizes=\"auto, (max-width: 395px) 100vw, 395px\" \/><\/p>\n<p>Esperamos que disfrutes de uno de nuestros planes favoritos de septiembre en Bizkaia &#8230; \u00a1y adem\u00e1s al aire libre!. An\u00edmate a descubrir el <em>festival Getxophoto<\/em> mientras paseas tranquilamente por el paisaje de <em>Getxo <\/em>y las calles de Algorta, caminando entre las im\u00e1genes expuestas.<\/p>\n<p><a href=\"https:\/\/www.disfrutabizkaia.com\/que-hacer\"><img loading=\"lazy\" decoding=\"async\" class=\"aligncenter wp-image-3540 size-full\" src=\"https:\/\/www.disfrutabizkaia.com\/blog\/wp-content\/uploads\/2020\/04\/Desktop_planes.gif\" alt=\"qu\u00e9-ver-hacer-rutas-gastron\u00f3micas-Bizkaia\" width=\"678\" height=\"181\" \/><\/a><\/p>\n<div class=\"crp-list-container\"><h3 class=\"crp-list-title\">Related Posts<\/h3><ul class=\"crp-list\"><li class=\"crp-list-item crp-list-item-image-left crp-list-item-has-image\"><div class=\"crp-list-item-image\"><a href=\"https:\/\/www.disfrutabizkaia.com\/blog\/turismo-cultural-artistico-bizkaia\/\" target=\"_blank\"><img loading=\"lazy\" decoding=\"async\" data-pin-nopin=\"true\" style=\"max-width: 100px; height: auto;\" width=\"100\" height=\"67\" src=\"https:\/\/www.disfrutabizkaia.com\/blog\/wp-content\/uploads\/2021\/04\/planes-culturales-y-artisticos-372x248.png\" class=\"attachment-100x100 size-100x100\" alt=\"\" \/><\/a><\/div><div class=\"crp-list-item-title\"><a href=\"https:\/\/www.disfrutabizkaia.com\/blog\/turismo-cultural-artistico-bizkaia\/\" target=\"_blank\">Turismo cultural y art\u00edstico en Bizkaia<\/a><\/div><\/li><\/ul><\/div>\n","protected":false},"excerpt":{"rendered":"<p>La se\u00f1a de identidad de Getxophoto, festival internacional de artes visuales, siempre ha sido su celebraci\u00f3n al aire libre utilizando espacios, soportes y formatos no convencionales para contar historias a trav\u00e9s de sus im\u00e1genes. Ahora que empieza el buen tiempo,&#8230; <a class=\"more-link\" href=\"https:\/\/www.disfrutabizkaia.com\/blog\/getxophoto\/\">Seguir leyendo &rarr;<\/a><\/p>\n","protected":false},"author":2,"featured_media":4567,"comment_status":"open","ping_status":"closed","sticky":false,"template":"","format":"standard","meta":{"_acf_changed":false,"footnotes":""},"categories":[48,1,47],"tags":[25,24,28,14,11],"class_list":["post-3779","post","type-post","status-publish","format-standard","has-post-thumbnail","hentry","category-con-ninos","category-disfruta-bizkaia","category-planes","tag-arte","tag-bizkaia","tag-cultura","tag-getxo","tag-ocio"],"acf":[],"_links":{"self":[{"href":"https:\/\/www.disfrutabizkaia.com\/blog\/wp-json\/wp\/v2\/posts\/3779","targetHints":{"allow":["GET"]}}],"collection":[{"href":"https:\/\/www.disfrutabizkaia.com\/blog\/wp-json\/wp\/v2\/posts"}],"about":[{"href":"https:\/\/www.disfrutabizkaia.com\/blog\/wp-json\/wp\/v2\/types\/post"}],"author":[{"embeddable":true,"href":"https:\/\/www.disfrutabizkaia.com\/blog\/wp-json\/wp\/v2\/users\/2"}],"replies":[{"embeddable":true,"href":"https:\/\/www.disfrutabizkaia.com\/blog\/wp-json\/wp\/v2\/comments?post=3779"}],"version-history":[{"count":8,"href":"https:\/\/www.disfrutabizkaia.com\/blog\/wp-json\/wp\/v2\/posts\/3779\/revisions"}],"predecessor-version":[{"id":4585,"href":"https:\/\/www.disfrutabizkaia.com\/blog\/wp-json\/wp\/v2\/posts\/3779\/revisions\/4585"}],"wp:featuredmedia":[{"embeddable":true,"href":"https:\/\/www.disfrutabizkaia.com\/blog\/wp-json\/wp\/v2\/media\/4567"}],"wp:attachment":[{"href":"https:\/\/www.disfrutabizkaia.com\/blog\/wp-json\/wp\/v2\/media?parent=3779"}],"wp:term":[{"taxonomy":"category","embeddable":true,"href":"https:\/\/www.disfrutabizkaia.com\/blog\/wp-json\/wp\/v2\/categories?post=3779"},{"taxonomy":"post_tag","embeddable":true,"href":"https:\/\/www.disfrutabizkaia.com\/blog\/wp-json\/wp\/v2\/tags?post=3779"}],"curies":[{"name":"wp","href":"https:\/\/api.w.org\/{rel}","templated":true}]}}