{"id":4053,"date":"2023-08-31T12:45:24","date_gmt":"2023-08-31T10:45:24","guid":{"rendered":"https:\/\/www.disfrutabizkaia.com\/blog\/?p=4053"},"modified":"2023-08-31T13:58:49","modified_gmt":"2023-08-31T11:58:49","slug":"eszena-kalera-teatro-arte-al-aire-libre-en-bilbao","status":"publish","type":"post","link":"https:\/\/www.disfrutabizkaia.com\/blog\/eszena-kalera-teatro-arte-al-aire-libre-en-bilbao\/","title":{"rendered":"Eszena Kalera: Teatro y arte al aire libre en Bilbao"},"content":{"rendered":"<h3>En septiembre se retoma Eszena Kalera 2023, que ofrece espect\u00e1culos gratis al aire libre.<\/h3>\n<h4>Desde mayo hasta finales de septiembre se celebra en Bilbao <em>Eszena Kalera<\/em>, la m\u00e1s amplia programaci\u00f3n de artes de calle en Bizkaia.<\/h4>\n<p><!--more--><\/p>\n<p style=\"text-align: justify;\"><strong><em>Eszena Kalera<\/em><\/strong> ofrecer\u00e1 en total 34 espect\u00e1culos de teatro, circo, folklore, verbenas infantiles o danza, de la mano de 20 compa\u00f1\u00edas locales, en escenarios repartidos por las calles y plazas en todos los barrios de Bilbao.<\/p>\n<h5><strong><span style=\"color: #ffcc00;\">\u00bfQu\u00e9 nos ofrece Eszena Kalera?<\/span><\/strong><\/h5>\n<p style=\"text-align: justify;\"><img loading=\"lazy\" decoding=\"async\" class=\"aligncenter wp-image-5516 size-full\" src=\"https:\/\/www.disfrutabizkaia.com\/blog\/wp-content\/uploads\/2022\/09\/eszenakalera.jpg\" alt=\"\" width=\"540\" height=\"360\" srcset=\"https:\/\/www.disfrutabizkaia.com\/blog\/wp-content\/uploads\/2022\/09\/eszenakalera.jpg 540w, https:\/\/www.disfrutabizkaia.com\/blog\/wp-content\/uploads\/2022\/09\/eszenakalera-300x200.jpg 300w, https:\/\/www.disfrutabizkaia.com\/blog\/wp-content\/uploads\/2022\/09\/eszenakalera-372x248.jpg 372w\" sizes=\"auto, (max-width: 540px) 100vw, 540px\" \/><\/p>\n<p style=\"text-align: justify;\">En primer lugar la oportunidad de disfrutar del <strong>teatro y otras artes esc\u00e9nicas al aire libre<\/strong>, con una programaci\u00f3n gratuita y dirigida a todos los p\u00fablicos, con actuaciones en euskera, biling\u00fce, en castellano o sin texto. En la edici\u00f3n de este a\u00f1o destacan la apuesta por el euskera y la presencia de un mayor n\u00famero de mujeres en las compa\u00f1\u00edas participantes.<br \/>\nLas mejores compa\u00f1\u00edas locales, representar\u00e1n sus espect\u00e1culos para acercar el arte de calle al p\u00fablico y entretener con su variada oferta de teatro de calle, humor, circo y magia.<\/p>\n<p style=\"text-align: justify;\">En una \u00e9poca en la que estamos deseosos de planes al aire libre y de pasarlo bien, es de agradecer esta amplia programaci\u00f3n de espect\u00e1culos. Adem\u00e1s, <strong>las entradas ser\u00e1n gratuitas,y sin la necesidad de pedir entradas o localidades anticipadas.\u00a0<\/strong><\/p>\n<h5 style=\"text-align: justify;\"><strong><span style=\"color: #ffcc00;\">En septiembre se reactiva la programaci\u00f3n<\/span><\/strong><\/h5>\n<p>El fin de semana del 1 al 2 de septiembre da comienzo de nuevo, tras el par\u00f3n veraniego, la programaci\u00f3n de espect\u00e1culos de artes de calle en distintas zonas de Bilbao, con estas actuaciones gratuitas:<\/p>\n<ul>\n<li><strong>Viernes 1, a las 19h. En la Plaza Zumarraga de Solokoetxe: <\/strong>El espect\u00e1culo familiar con gui\u00f1os al mundo del teatro y el circo <strong>\u201c\u00a1<span class=\"cursiva\">Qu\u00e9 circo de mujer!<\/span>\u201d <\/strong>de la compa\u00f1\u00eda Ido LocA.<\/li>\n<li><strong>S\u00e1bado 2 de septiembre, a las 19h. En Gernikako lorategia etorbidea (frente al n\u00ba 8), en Miribilla: <\/strong>el espect\u00e1culo <strong>\u201c\u00a1<span class=\"cursiva\">Qu\u00e9 circo de mujer!<\/span>\u201d <\/strong>y <strong> a las 19:45h en Trenbide Plaza de Miribilla: \u00abOndoloin\u00bb <\/strong>de la compa\u00f1\u00eda Organik.<\/li>\n<\/ul>\n<h5><strong><span style=\"color: #ffcc00;\">Espect\u00e1culos: \u00bfD\u00f3nde y cu\u00e1ndo?<\/span><\/strong><\/h5>\n<p style=\"text-align: justify;\"><em>#EszenaKalera<\/em> ha programado -hasta el 30 de septiembre- una variada oferta de espect\u00e1culos distribuida por todos los barrios de Bilbao. Para que no te pierdas nada, consulta aqu\u00ed el <strong><span style=\"color: #ffcc00;\"><a style=\"color: #ffcc00;\" href=\"https:\/\/www.kulturklik.euskadi.eus\/evento\/2023\/09\/01\/programa-de-eszena-kalera-2023\/z12-detalle\/es\/adjuntos\/Programa-Eszena-Kalera-2023.pdf\">programa de Eszena Kalera 2023.<\/a><\/span><\/strong><\/p>\n<p>\u00a1Descarga el programa, elige las funciones que m\u00e1s te gusten y disfruta del espect\u00e1culo al aire libre en Bilbao!<\/p>\n<p>Y para redondear el plan, disfruta de unos pintxos o reserva mesa en alguno de los bares y restaurantes de Bilbao para disfrutar de nuestra gastronom\u00eda.<\/p>\n<p><a href=\"https:\/\/www.disfrutabizkaia.com\/comer-beber\/establecimientos?buscadorEstablecimiento=BILBAO&amp;buscadorMunicipio=&amp;localidad_id=&amp;cp=&amp;categoria=1%2C2&amp;ofertasGastronomicas=&amp;ocios=&amp;facilidades=&amp;otros=&amp;sort=-id&amp;pagesize=30\"><img loading=\"lazy\" decoding=\"async\" class=\"ls-is-cached lazyloaded wp-image-4340 size-full aligncenter\" src=\"https:\/\/www.disfrutabizkaia.com\/blog\/wp-content\/uploads\/2022\/03\/banner-restaurantes-Bilbao-blog-disfruta-bizkaia.gif\" alt=\"\" width=\"678\" height=\"180\" aria-describedby=\"caption-attachment-3944\" data-src=\"https:\/\/www.disfrutabizkaia.com\/blog\/wp-content\/uploads\/2021\/03\/Paisajes-Disfruta-Bizkaia.png\" data-srcset=\"https:\/\/www.disfrutabizkaia.com\/blog\/wp-content\/uploads\/2021\/03\/Paisajes-Disfruta-Bizkaia.png 810w, https:\/\/www.disfrutabizkaia.com\/blog\/wp-content\/uploads\/2021\/03\/Paisajes-Disfruta-Bizkaia-300x167.png 300w, https:\/\/www.disfrutabizkaia.com\/blog\/wp-content\/uploads\/2021\/03\/Paisajes-Disfruta-Bizkaia-768x427.png 768w, https:\/\/www.disfrutabizkaia.com\/blog\/wp-content\/uploads\/2021\/03\/Paisajes-Disfruta-Bizkaia-600x333.png 600w\" data-sizes=\"(max-width: 810px) 100vw, 810px\" \/><\/a><\/p>\n<h5><span style=\"color: #ff9900;\"><a style=\"color: #ff9900;\" href=\"https:\/\/www.disfrutabizkaia.com\/\"><strong>Disfruta Bizkaia<\/strong><\/a><\/span>,\u00a0planes, turismo, alojamiento y restaurantes en una misma web<\/h5>\n","protected":false},"excerpt":{"rendered":"<p>En septiembre se retoma Eszena Kalera 2023, que ofrece espect\u00e1culos gratis al aire libre. Desde mayo hasta finales de septiembre se celebra en Bilbao Eszena Kalera, la m\u00e1s amplia programaci\u00f3n de artes de calle en Bizkaia.<\/p>\n","protected":false},"author":2,"featured_media":5518,"comment_status":"open","ping_status":"closed","sticky":false,"template":"","format":"standard","meta":{"_acf_changed":false,"footnotes":""},"categories":[48,1,47],"tags":[],"class_list":["post-4053","post","type-post","status-publish","format-standard","has-post-thumbnail","hentry","category-con-ninos","category-disfruta-bizkaia","category-planes"],"acf":[],"_links":{"self":[{"href":"https:\/\/www.disfrutabizkaia.com\/blog\/wp-json\/wp\/v2\/posts\/4053","targetHints":{"allow":["GET"]}}],"collection":[{"href":"https:\/\/www.disfrutabizkaia.com\/blog\/wp-json\/wp\/v2\/posts"}],"about":[{"href":"https:\/\/www.disfrutabizkaia.com\/blog\/wp-json\/wp\/v2\/types\/post"}],"author":[{"embeddable":true,"href":"https:\/\/www.disfrutabizkaia.com\/blog\/wp-json\/wp\/v2\/users\/2"}],"replies":[{"embeddable":true,"href":"https:\/\/www.disfrutabizkaia.com\/blog\/wp-json\/wp\/v2\/comments?post=4053"}],"version-history":[{"count":21,"href":"https:\/\/www.disfrutabizkaia.com\/blog\/wp-json\/wp\/v2\/posts\/4053\/revisions"}],"predecessor-version":[{"id":5520,"href":"https:\/\/www.disfrutabizkaia.com\/blog\/wp-json\/wp\/v2\/posts\/4053\/revisions\/5520"}],"wp:featuredmedia":[{"embeddable":true,"href":"https:\/\/www.disfrutabizkaia.com\/blog\/wp-json\/wp\/v2\/media\/5518"}],"wp:attachment":[{"href":"https:\/\/www.disfrutabizkaia.com\/blog\/wp-json\/wp\/v2\/media?parent=4053"}],"wp:term":[{"taxonomy":"category","embeddable":true,"href":"https:\/\/www.disfrutabizkaia.com\/blog\/wp-json\/wp\/v2\/categories?post=4053"},{"taxonomy":"post_tag","embeddable":true,"href":"https:\/\/www.disfrutabizkaia.com\/blog\/wp-json\/wp\/v2\/tags?post=4053"}],"curies":[{"name":"wp","href":"https:\/\/api.w.org\/{rel}","templated":true}]}}