{"id":4088,"date":"2023-06-16T11:00:58","date_gmt":"2023-06-16T09:00:58","guid":{"rendered":"https:\/\/www.disfrutabizkaia.com\/blog\/?p=4088"},"modified":"2023-06-16T12:40:30","modified_gmt":"2023-06-16T10:40:30","slug":"luces-espectaculos-en-el-aniversario-de-bilbao","status":"publish","type":"post","link":"https:\/\/www.disfrutabizkaia.com\/blog\/luces-espectaculos-en-el-aniversario-de-bilbao\/","title":{"rendered":"Gau Zuria: Luces y espect\u00e1culos en el aniversario de Bilbao"},"content":{"rendered":"<p>El primer s\u00e1bado despu\u00e9s de cada 15 de junio, bilba\u00ednos y visitantes acostumbran a celebrar el aniversario de la fundaci\u00f3n de la Villa de Bilbao por Don Diego L\u00f3pez de Haro con <em>\u00abGau zuria &#8211; la noche blanca\u00bb,<\/em> una noche especial, llena de luces en la que se iluminan con montajes audiovisuales los principales edificios y lugares emblem\u00e1ticos de Bilbao.<br \/>\nEn 2022, tras dos a\u00f1os de limitaciones por la pandemia, la ciudad retoma con ilusi\u00f3n su gran fiesta <em>Gau Zuria<\/em>: El fin de semana del <strong>16 y 17 de junio Bilbao celebrar\u00e1 su 723 aniversario con luces y espect\u00e1culos en la calle.<\/strong> <!--more--><\/p>\n<p>Este 2023, el Ayuntamiento ha organizado <strong>31 intervenciones art\u00edsticas que iluminar\u00e1n, animar\u00e1n y decorar\u00e1n plazas, calles, esculturas, museos, iglesias y espacios emblem\u00e1ticos de Bilbao.<br \/>\n<\/strong>En total se podr\u00e1n recorrer y disfrutar <strong>26 espacios de la ciudad<\/strong>, divididos en las zonas del Casco Viejo, Atxuri, Indautxu, Abando y Deusto y adem\u00e1s, se sumar\u00e1n <strong>dos espect\u00e1culos itinerantes de danza<\/strong> que recorrer\u00e1n diferentes puntos de la capital vizca\u00edna para llenarla de sonidos y movimiento.<br \/>\nAdem\u00e1s, Azkuna Zentroa y el Museo de Bellas Artes abrir\u00e1n sus puertas hasta las 12 de la noche.<\/p>\n<p><a href=\"https:\/\/www.bilbaoturismo.net\/servlet\/Satellite?blobcol=urldata&amp;blobheader=application%2Fpdf&amp;blobheadername1=Content-Disposition&amp;blobheadername2=Pragma&amp;blobheadervalue1=filename%3D693%5C886%5CGau_Zuria.pdf&amp;blobheadervalue2=cache&amp;blobkey=id&amp;blobnocache=false&amp;blobtable=MungoBlobs&amp;blobwhere=1369159894989&amp;ssbinary=true\" target=\"_blank\" rel=\"noopener noreferrer\">Encuentra aqu\u00ed el programa completo<\/a>,\u00a0 para saber cu\u00e1les son esos espect\u00e1culos o iluminaciones especiales y d\u00f3nde disfrutarlos (ver mapa del programa)<\/p>\n<p>&#x231a; <strong>Horario de visitas de las instalaciones:<\/strong>\u00a0<strong>de 19:30 a 00:30h<\/strong>.<\/p>\n<p>A parte de que puedan disfrutarlo todos los p\u00fablicos, que el horario sea amplio est\u00e1 pensado <strong>para poder disfrutarlas tanto de d\u00eda como de noche y poder disfrutar de su transformaci\u00f3n con las diferentes luces del d\u00eda.<\/strong><br \/>\nEjemplo de ello es la instalaci\u00f3n \u00abCuerpo Gris\u00bb, que ha sido construida expresamente para ubicarse en el claustro de la Encarnaci\u00f3n, y es un\u00a0 hinchable inmersivo de d\u00eda y, a trav\u00e9s de la iluminaci\u00f3n se potencia la experiencia durante la noche.<\/p>\n<p>Te animamos a mirar el programa y el plano de ubicaci\u00f3n de estas instalaciones de luz, sonido y arte para elegir tus favoritas y organizar tu propio recorrido. \u00a1Planes a la carta: en familia, con amigos, en pareja&#8230;de d\u00eda o de noche!<\/p>\n<p>Y ya el domingo, tras las dos noches de Gau Zuria y para finalizar las actividades de celebraci\u00f3n del aniversario de Bilbao, se realizar\u00e1 la <strong>ofrenda floral a la estatua de Don Diego L\u00f3pez de Haro, fundador de la Villa de Bilbao:<\/strong><br \/>\n<strong><br \/>\n&#x1f4c5; 18 de junio<br \/>\n<\/strong>&#x1f4cd; Plaza Circular. Bilbao<\/p>\n<p><span class=\"cursiva\">Junto al alcalde de la Villa, y acompa\u00f1ados de dantzaris y txistularis, participar\u00e1n en este acto representantes del consistorio bilba\u00edno, de la vida social, cultural y econ\u00f3mica de la ciudad, y todos los ciudadanos y visitantes que quieran presenciar el acto.<\/span><\/p>\n<p>Esperamos que disfrutes de las actividades culturales y espect\u00e1culos organizados para celebrar el <strong>723 aniversario de Bilbao<\/strong> y, si quieres redondear el plan, degusta unos pintxos o reserva mesa para comer o cenar en alguno de los bares y restaurantes de Bilbao, y disfruta de nuestra gastronom\u00eda.<\/p>\n<p><a href=\"https:\/\/www.disfrutabizkaia.com\/comer-beber\/establecimientos?buscadorEstablecimiento=&amp;buscadorMunicipio=Bilbao&amp;localidad_id=7542&amp;cp=&amp;categoria=1&amp;ofertasGastronomicas=&amp;ocios=&amp;facilidades=&amp;otros=&amp;sort=-id&amp;pagesize=30\"><img loading=\"lazy\" decoding=\"async\" class=\"aligncenter size-full wp-image-4340\" src=\"https:\/\/www.disfrutabizkaia.com\/blog\/wp-content\/uploads\/2022\/03\/banner-restaurantes-Bilbao-blog-disfruta-bizkaia.gif\" alt=\"\" width=\"678\" height=\"180\" \/><\/a><\/p>\n<p><span style=\"color: #ff9900;\"><a style=\"color: #ff9900;\" href=\"https:\/\/www.disfrutabizkaia.com\/\"><strong>Disfruta Bizkaia<\/strong><\/a><\/span><span style=\"color: inherit; font-size: 1em; font-weight: 600;\">,\u00a0planes, turismo, alojamiento y restaurantes en una misma web<\/span><\/p>\n","protected":false},"excerpt":{"rendered":"<p>El primer s\u00e1bado despu\u00e9s de cada 15 de junio, bilba\u00ednos y visitantes acostumbran a celebrar el aniversario de la fundaci\u00f3n de la Villa de Bilbao por Don Diego L\u00f3pez de Haro con \u00abGau zuria &#8211; la noche blanca\u00bb, una noche&#8230; <a class=\"more-link\" href=\"https:\/\/www.disfrutabizkaia.com\/blog\/luces-espectaculos-en-el-aniversario-de-bilbao\/\">Seguir leyendo &rarr;<\/a><\/p>\n","protected":false},"author":2,"featured_media":5333,"comment_status":"open","ping_status":"closed","sticky":false,"template":"","format":"standard","meta":{"_acf_changed":false,"footnotes":""},"categories":[1,47,50],"tags":[],"class_list":["post-4088","post","type-post","status-publish","format-standard","has-post-thumbnail","hentry","category-disfruta-bizkaia","category-planes","category-tradiciones"],"acf":[],"_links":{"self":[{"href":"https:\/\/www.disfrutabizkaia.com\/blog\/wp-json\/wp\/v2\/posts\/4088","targetHints":{"allow":["GET"]}}],"collection":[{"href":"https:\/\/www.disfrutabizkaia.com\/blog\/wp-json\/wp\/v2\/posts"}],"about":[{"href":"https:\/\/www.disfrutabizkaia.com\/blog\/wp-json\/wp\/v2\/types\/post"}],"author":[{"embeddable":true,"href":"https:\/\/www.disfrutabizkaia.com\/blog\/wp-json\/wp\/v2\/users\/2"}],"replies":[{"embeddable":true,"href":"https:\/\/www.disfrutabizkaia.com\/blog\/wp-json\/wp\/v2\/comments?post=4088"}],"version-history":[{"count":15,"href":"https:\/\/www.disfrutabizkaia.com\/blog\/wp-json\/wp\/v2\/posts\/4088\/revisions"}],"predecessor-version":[{"id":5335,"href":"https:\/\/www.disfrutabizkaia.com\/blog\/wp-json\/wp\/v2\/posts\/4088\/revisions\/5335"}],"wp:featuredmedia":[{"embeddable":true,"href":"https:\/\/www.disfrutabizkaia.com\/blog\/wp-json\/wp\/v2\/media\/5333"}],"wp:attachment":[{"href":"https:\/\/www.disfrutabizkaia.com\/blog\/wp-json\/wp\/v2\/media?parent=4088"}],"wp:term":[{"taxonomy":"category","embeddable":true,"href":"https:\/\/www.disfrutabizkaia.com\/blog\/wp-json\/wp\/v2\/categories?post=4088"},{"taxonomy":"post_tag","embeddable":true,"href":"https:\/\/www.disfrutabizkaia.com\/blog\/wp-json\/wp\/v2\/tags?post=4088"}],"curies":[{"name":"wp","href":"https:\/\/api.w.org\/{rel}","templated":true}]}}