{"id":420,"date":"2016-06-30T10:00:56","date_gmt":"2016-06-30T10:00:56","guid":{"rendered":"https:\/\/www.disfrutabizkaia.com\/blog\/?p=420"},"modified":"2016-06-30T10:00:56","modified_gmt":"2016-06-30T10:00:56","slug":"getxo-jazz-2016","status":"publish","type":"post","link":"https:\/\/www.disfrutabizkaia.com\/blog\/getxo-jazz-2016\/","title":{"rendered":"GETXO JAZZ 2016"},"content":{"rendered":"<h5>La temporada de festivales de Jazz en Euskadi comienza con el Getxo Jazz, que este a\u00f1o celebra su edici\u00f3n n\u00famero 40.<\/h5>\n<h5><strong><span style=\"color: #ffcc00\">\u00bfCu\u00e1ndo? \u00a0<\/span><\/strong><\/h5>\n<h5>Del 1 al 5 de Julio<\/h5>\n<h5><strong><span style=\"color: #ffcc00\">\u00bfD\u00f3nde?<\/span><\/strong><\/h5>\n<h5>En Algorta: con dos escenarios la plaza Biotz Alai y la Plaza de la Estaci\u00f3n<\/h5>\n<h5><strong><span style=\"color: #ffcc00\">Precios:<\/span><\/strong><\/h5>\n<p>Entradas de d\u00eda entre 10 y 20 Euros<br \/>\nAbono completo 65 Euros<br \/>\nPuedes comprar las entradas desde<strong><span style=\"color: #ffcc00\"> <a style=\"color: #ffcc00\" href=\"http:\/\/www.getxo.eus\/es\/getxo-jazz\/entradas\">su web oficial<\/a><\/span><\/strong><\/p>\n<h5><strong><span style=\"color: #ffcc00\">Historia<\/span><\/strong><\/h5>\n<p style=\"text-align: justify\">La historia de este <strong>festival de Jazz de Getxo<\/strong> comenz\u00f3 hace 40 a\u00f1os, con un festival al aire libre celebrado en el Puerto Viejo de Algorta y organizado por la comisi\u00f3n de fiestas de San Ignacio, que consigui\u00f3 una colaboraci\u00f3n con el <em>Festival de Jazz de Donostia<\/em> para traer a Getxo algunos de los grupos que participaban en su concurso internacional.<br \/>\nDiez a\u00f1os m\u00e1s tarde, una instituci\u00f3n municipal (el <em>Aula de Cultura de Getxo<\/em>) asumi\u00f3 su organizaci\u00f3n y lo dot\u00f3 de m\u00e1s medios, lo que supuso su crecimiento y la presencia en este festival de jazz de Getxo de gigantes del jazz como <em>Art Blakey, Tony Williams y Freddie Hubbard,<\/em> entre otros.<\/p>\n<p style=\"text-align: justify\">Posteriormente fue creciendo y convirti\u00e9ndose en <em>Europar Jazzaldia<\/em> y convirtiendo tambi\u00e9n en europeo el concurso de grupos.<\/p>\n<h5 style=\"text-align: justify\"><strong><span style=\"color: #ffcc00\">Hoy en d\u00eda<\/span><\/strong><\/h5>\n<p style=\"text-align: justify\">Actualmente, el Getxo Jazz es un afamado festival al aire libre que, con su atractivo programa, acerca a Bizkaia lo m\u00e1s destacado del Jazz internacional con la participaci\u00f3n de <strong>50 grupos procedentes de 15 pa\u00edses europeos.<\/strong><\/p>\n<p style=\"text-align: justify\">Su sede principal es la Plaza Biotz Alai de Algorta, en la que se instala una carpa en previsi\u00f3n de las posibles lluvias tan t\u00edpicas de nuestro clima vasco. Pero se puede disfrutar del jazz en otros escenarios, como el de la Plaza de la Estaci\u00f3n, y conocer a las futuras promesas en la secci\u00f3n Tercer Milenio celebrada en distintas plazas de Algorta.<\/p>\n<h5 style=\"text-align: justify\"><span style=\"color: #ffcc00\">Programaci\u00f3n <\/span><\/h5>\n<p style=\"text-align: justify\">Los asistentes al Getxo Jazz podr\u00e1n disfrutar tanto del joven jazz europeo, con las 4 bandas que han llegado a la final del concurso de grupos, como de actuaciones estelares de m\u00fasicos consagrados a nivel mundial.<br \/>\nEste a\u00f1o contar\u00e1 con estrellas internacional de la talla de <em><strong>Dee Dee Brigdewater<\/strong><\/em>, <em><strong>Hermeto Pascoal<\/strong><\/em>, <strong><em>Esperanza Spalding<\/em><\/strong> y <em><strong>Jorge pardo<\/strong><\/em>, quien abrir\u00e1 el festival con su espect\u00e1culo de flamenco-Jazz \u201chuellas\u201d.<\/p>\n<p style=\"text-align: justify\">Te acercamos aqu\u00ed el<a href=\"http:\/\/www.getxo.eus\/es\/getxo-jazz\/programa\"> <strong><span style=\"color: #ffcc00\">programa completo<\/span><\/strong><\/a><\/p>\n","protected":false},"excerpt":{"rendered":"<p>La temporada de festivales de Jazz en Euskadi comienza con el Getxo Jazz, que este a\u00f1o celebra su edici\u00f3n n\u00famero 40. \u00bfCu\u00e1ndo? \u00a0 Del 1 al 5 de Julio \u00bfD\u00f3nde? En Algorta: con dos escenarios la plaza Biotz Alai y&#8230; <a class=\"more-link\" href=\"https:\/\/www.disfrutabizkaia.com\/blog\/getxo-jazz-2016\/\">Seguir leyendo &rarr;<\/a><\/p>\n","protected":false},"author":2,"featured_media":421,"comment_status":"open","ping_status":"open","sticky":false,"template":"","format":"standard","meta":{"_acf_changed":false,"footnotes":""},"categories":[1],"tags":[13,14],"class_list":["post-420","post","type-post","status-publish","format-standard","has-post-thumbnail","hentry","category-disfruta-bizkaia","tag-festivales","tag-getxo"],"acf":[],"_links":{"self":[{"href":"https:\/\/www.disfrutabizkaia.com\/blog\/wp-json\/wp\/v2\/posts\/420","targetHints":{"allow":["GET"]}}],"collection":[{"href":"https:\/\/www.disfrutabizkaia.com\/blog\/wp-json\/wp\/v2\/posts"}],"about":[{"href":"https:\/\/www.disfrutabizkaia.com\/blog\/wp-json\/wp\/v2\/types\/post"}],"author":[{"embeddable":true,"href":"https:\/\/www.disfrutabizkaia.com\/blog\/wp-json\/wp\/v2\/users\/2"}],"replies":[{"embeddable":true,"href":"https:\/\/www.disfrutabizkaia.com\/blog\/wp-json\/wp\/v2\/comments?post=420"}],"version-history":[{"count":2,"href":"https:\/\/www.disfrutabizkaia.com\/blog\/wp-json\/wp\/v2\/posts\/420\/revisions"}],"predecessor-version":[{"id":423,"href":"https:\/\/www.disfrutabizkaia.com\/blog\/wp-json\/wp\/v2\/posts\/420\/revisions\/423"}],"wp:featuredmedia":[{"embeddable":true,"href":"https:\/\/www.disfrutabizkaia.com\/blog\/wp-json\/wp\/v2\/media\/421"}],"wp:attachment":[{"href":"https:\/\/www.disfrutabizkaia.com\/blog\/wp-json\/wp\/v2\/media?parent=420"}],"wp:term":[{"taxonomy":"category","embeddable":true,"href":"https:\/\/www.disfrutabizkaia.com\/blog\/wp-json\/wp\/v2\/categories?post=420"},{"taxonomy":"post_tag","embeddable":true,"href":"https:\/\/www.disfrutabizkaia.com\/blog\/wp-json\/wp\/v2\/tags?post=420"}],"curies":[{"name":"wp","href":"https:\/\/api.w.org\/{rel}","templated":true}]}}