{"id":4569,"date":"2022-05-31T16:19:13","date_gmt":"2022-05-31T14:19:13","guid":{"rendered":"https:\/\/www.disfrutabizkaia.com\/blog\/?p=4569"},"modified":"2022-06-01T07:59:42","modified_gmt":"2022-06-01T05:59:42","slug":"planes-para-empezar-junio","status":"publish","type":"post","link":"https:\/\/www.disfrutabizkaia.com\/blog\/planes-para-empezar-junio\/","title":{"rendered":"Planes para dar la bienvenida a junio"},"content":{"rendered":"<h3>En Bizkaia, llueva o truene, se sale. Pero el buen tiempo siempre anima a hacer muchos m\u00e1s planes fuera de casa y, sobre todo, al aire libre. Esta semana estrenamos junio, el mes que nos trae el verano y un sinf\u00edn de planes para todas las edades y gustos. Por el momento, en este art\u00edculo os proponemos 4 planes diferentes para ir entrando en la \u00e9poca estival como se merece.<\/h3>\n<h4><span style=\"color: #ffcc00\"><strong>\u00ab1000 gradutan\u00bb (Enkarterri, Meatzaldea y Ezkerraldea)<\/strong><\/span><\/h4>\n<p><img loading=\"lazy\" decoding=\"async\" class=\"alignleft wp-image-4574 size-medium\" src=\"https:\/\/www.disfrutabizkaia.com\/blog\/wp-content\/uploads\/2022\/05\/1000-Gradutan-212x300.jpg\" alt=\"\" width=\"212\" height=\"300\" srcset=\"https:\/\/www.disfrutabizkaia.com\/blog\/wp-content\/uploads\/2022\/05\/1000-Gradutan-212x300.jpg 212w, https:\/\/www.disfrutabizkaia.com\/blog\/wp-content\/uploads\/2022\/05\/1000-Gradutan-724x1024.jpg 724w, https:\/\/www.disfrutabizkaia.com\/blog\/wp-content\/uploads\/2022\/05\/1000-Gradutan-600x848.jpg 600w, https:\/\/www.disfrutabizkaia.com\/blog\/wp-content\/uploads\/2022\/05\/1000-Gradutan.jpg 768w\" sizes=\"auto, (max-width: 212px) 100vw, 212px\" \/><\/p>\n<p>El hierro, protagonista indiscutible del pasado industrial de Bizkaia comienza a fundirse a 1000 grados y es esa la temperatura ambiental que pretenden alcanzar los 4 grupos que actuar\u00e1n del 2 al 5 de junio en cuatro lugares m\u00e1s representativos de Enkarterri, Meatzaldea y Ezkerraldea, dentro del programa <a href=\"https:\/\/www.visitenkarterri.com\/blog\/1000-gradutan-conciertos-en-las-entranas-industriales-de-enkarterri-meatzaldea-y-ezkerraldea.html\"><strong><em>1000 gradutan, <\/em><\/strong><\/a>al aire libre y gratis.<\/p>\n<p><strong>Ellas<\/strong>, el grupo de Balmaseda ser\u00e1n los encargados de dar comienzo a 1000 gradutan el pr\u00f3ximo <strong>2 de junio<\/strong> en la explanada de la <strong>Mina Concha II en Gallarta<\/strong>.<\/p>\n<p>El viernes <strong>3 de junio<\/strong> ser\u00e1 el turno de Idoia en <strong>La<\/strong>\u00a0<strong>Encartada Fabrika Museoa de Balmaseda.<\/strong><\/p>\n<p>Para el s\u00e1bado <strong>4 de junio<\/strong> tenemos a <strong>Bulego<\/strong>, el grupo pop de Euskadi del momento, que ofrecer\u00e1n un concierto al aire libre en la<strong> Ferrer\u00eda de El Pobal de Muskiz.<\/strong><\/p>\n<p>Para finalizar, el <strong>5 de junio<\/strong> en el<strong> Edificio Ilgner de Barakaldo, <\/strong><strong><span style=\"color: #000000\">N\u00f8gen\u00a0 <\/span><\/strong><span style=\"color: #000000\">tocar\u00e1 con su nueva vocalista al frente.<\/span><\/p>\n<h4><span style=\"color: #ffcc00\">SPARK (Bilbao)<\/span><\/h4>\n<p><img loading=\"lazy\" decoding=\"async\" class=\"size-thumbnail wp-image-4570 alignleft\" src=\"https:\/\/www.disfrutabizkaia.com\/blog\/wp-content\/uploads\/2022\/05\/Spark-Bilbao-5-1024x683-1-372x248.jpg\" alt=\"\" width=\"372\" height=\"248\" srcset=\"https:\/\/www.disfrutabizkaia.com\/blog\/wp-content\/uploads\/2022\/05\/Spark-Bilbao-5-1024x683-1-372x248.jpg 372w, https:\/\/www.disfrutabizkaia.com\/blog\/wp-content\/uploads\/2022\/05\/Spark-Bilbao-5-1024x683-1-300x200.jpg 300w, https:\/\/www.disfrutabizkaia.com\/blog\/wp-content\/uploads\/2022\/05\/Spark-Bilbao-5-1024x683-1-768x512.jpg 768w, https:\/\/www.disfrutabizkaia.com\/blog\/wp-content\/uploads\/2022\/05\/Spark-Bilbao-5-1024x683-1-600x400.jpg 600w, https:\/\/www.disfrutabizkaia.com\/blog\/wp-content\/uploads\/2022\/05\/Spark-Bilbao-5-1024x683-1-945x630.jpg 945w, https:\/\/www.disfrutabizkaia.com\/blog\/wp-content\/uploads\/2022\/05\/Spark-Bilbao-5-1024x683-1.jpg 1024w\" sizes=\"auto, (max-width: 372px) 100vw, 372px\" \/><\/p>\n<p><a href=\"https:\/\/bilbaosecreto.com\/spark-espectaculo-luces-fuegos-organicos-bilbao\/\">SPARK<\/a>, chispa en ingl\u00e9s, es un sistema novedoso y\u00a0 sostenible con el cu\u00e1l, su creador Daan Roosegaarde, quiere mantener la tradici\u00f3n de los fuegos artificiales pero de una forma sostenible.<\/p>\n<p><strong>Del 1 al 3 de junio<\/strong> tienes una cita de <strong>22:30 a 00:00<\/strong> en el <strong>Parque de Do\u00f1a Casilda<\/strong> para disfrutar de estos fuegos artificiales creados con material biodegradable, que seguro iluminan el cielo de Bilbao sin contaminaci\u00f3n de ning\u00fan tipo.<\/p>\n<h4><span style=\"color: #ffcc00\">KALEFEST (Getxo)<\/span><\/h4>\n<p>Desde el 28 de mayo y hasta el 15 de octubre, los barrios de Getxo se llenan de cultura en euskera a trav\u00e9s de artes esc\u00e9nicas, danza, circo, cine y trabajos multidisciplinares, con 29 espect\u00e1culos repartidos en 10 lugares diferentes de Getxo.<\/p>\n<p>El pr\u00f3ximo <strong>4 de junio,<\/strong> en la Plaza de San Nikolas de <strong>Algorta<\/strong>, podr\u00e1s disfrutar en familia de la actuaci\u00f3n teatral<strong> \u00abLegea gu gara\u00bb de Barsanti<\/strong> a las <strong>20:00.\u00a0<\/strong><\/p>\n<p>Para que vay\u00e1is agendando, aqu\u00ed os dejamos el <a href=\"https:\/\/www.kulturklik.euskadi.eus\/evento\/2022\/05\/28\/kalefest-2022-festival-de-artes-de-calle-en-euskera\/z12-detalle\/es\/adjuntos\/Programa%20KaleFest%202022.pdf\">programa completo\u00a0<\/a><\/p>\n<div class=\"compartir\"><\/div>\n<h4><span style=\"color: #ffcc00\">GETXOPHOTO<\/span><\/h4>\n<p>Para completar este fin de semana de planazos, os proponemos dar un paseo por Getxo y descubrir por sus rincones las exposiciones y actividades que nos ofrece la 16\u00aa edici\u00f3n de Getxophoto, que da comienzo el pr\u00f3ximo 2 de junio y finalizar\u00e1 el 26. Para saber m\u00e1s, echa un vistazo a <a href=\"https:\/\/www.disfrutabizkaia.com\/blog\/getxophoto\/\">este art\u00edculo<\/a> de nuestro blog dedicado especialmente a este evento.<\/p>\n<p><a href=\"https:\/\/www.disfrutabizkaia.com\/comer-beber\/establecimientos?buscadorEstablecimiento=&amp;buscadorMunicipio=Bilbao&amp;localidad_id=7542&amp;cp=&amp;categoria=1%2C2&amp;ofertasGastronomicas=&amp;ocios=&amp;facilidades=&amp;otros=&amp;sort=-id&amp;pagesize=30\"><img loading=\"lazy\" decoding=\"async\" class=\"aligncenter wp-image-3546 size-full\" src=\"https:\/\/www.disfrutabizkaia.com\/blog\/wp-content\/uploads\/2020\/04\/Desktop_restaurantes.gif\" alt=\"D\u00f3nde comer o cenar en Bilbao y resto de Bizkaia\" width=\"678\" height=\"181\" \/><\/a><\/p>\n<div class=\"crp-list-container\"><h3 class=\"crp-list-title\">Related Posts<\/h3><ul class=\"crp-list\"><li class=\"crp-list-item crp-list-item-image-left crp-list-item-has-image\"><div class=\"crp-list-item-image\"><a href=\"https:\/\/www.disfrutabizkaia.com\/blog\/bizkaia-con-ninos-10-planes-imprescindibles\/\" target=\"_blank\"><img loading=\"lazy\" decoding=\"async\" data-pin-nopin=\"true\" style=\"max-width: 100px; height: auto;\" width=\"100\" height=\"100\" src=\"https:\/\/www.disfrutabizkaia.com\/blog\/wp-content\/uploads\/2016\/02\/Planes_ni\u00f1os_Bilbao_Bizkaia-150x150.png\" class=\"attachment-100x100 size-100x100\" alt=\"Planes con ni\u00f1os en Bilbao y Bizkaia\" srcset=\"https:\/\/www.disfrutabizkaia.com\/blog\/wp-content\/uploads\/2016\/02\/Planes_ni\u00f1os_Bilbao_Bizkaia-150x150.png 150w, https:\/\/www.disfrutabizkaia.com\/blog\/wp-content\/uploads\/2016\/02\/Planes_ni\u00f1os_Bilbao_Bizkaia-257x257.png 257w\" sizes=\"auto, (max-width: 100px) 100vw, 100px\" \/><\/a><\/div><div class=\"crp-list-item-title\"><a href=\"https:\/\/www.disfrutabizkaia.com\/blog\/bizkaia-con-ninos-10-planes-imprescindibles\/\" target=\"_blank\">Bizkaia con ni\u00f1os: 10 planes imprescindibles<\/a><\/div><\/li><\/ul><\/div>\n","protected":false},"excerpt":{"rendered":"<p>En Bizkaia, llueva o truene, se sale. Pero el buen tiempo siempre anima a hacer muchos m\u00e1s planes fuera de casa y, sobre todo, al aire libre. Esta semana estrenamos junio, el mes que nos trae el verano y un&#8230; <a class=\"more-link\" href=\"https:\/\/www.disfrutabizkaia.com\/blog\/planes-para-empezar-junio\/\">Seguir leyendo &rarr;<\/a><\/p>\n","protected":false},"author":2,"featured_media":4578,"comment_status":"open","ping_status":"closed","sticky":false,"template":"","format":"standard","meta":{"_acf_changed":false,"footnotes":""},"categories":[47],"tags":[],"class_list":["post-4569","post","type-post","status-publish","format-standard","has-post-thumbnail","hentry","category-planes"],"acf":[],"_links":{"self":[{"href":"https:\/\/www.disfrutabizkaia.com\/blog\/wp-json\/wp\/v2\/posts\/4569","targetHints":{"allow":["GET"]}}],"collection":[{"href":"https:\/\/www.disfrutabizkaia.com\/blog\/wp-json\/wp\/v2\/posts"}],"about":[{"href":"https:\/\/www.disfrutabizkaia.com\/blog\/wp-json\/wp\/v2\/types\/post"}],"author":[{"embeddable":true,"href":"https:\/\/www.disfrutabizkaia.com\/blog\/wp-json\/wp\/v2\/users\/2"}],"replies":[{"embeddable":true,"href":"https:\/\/www.disfrutabizkaia.com\/blog\/wp-json\/wp\/v2\/comments?post=4569"}],"version-history":[{"count":7,"href":"https:\/\/www.disfrutabizkaia.com\/blog\/wp-json\/wp\/v2\/posts\/4569\/revisions"}],"predecessor-version":[{"id":4582,"href":"https:\/\/www.disfrutabizkaia.com\/blog\/wp-json\/wp\/v2\/posts\/4569\/revisions\/4582"}],"wp:featuredmedia":[{"embeddable":true,"href":"https:\/\/www.disfrutabizkaia.com\/blog\/wp-json\/wp\/v2\/media\/4578"}],"wp:attachment":[{"href":"https:\/\/www.disfrutabizkaia.com\/blog\/wp-json\/wp\/v2\/media?parent=4569"}],"wp:term":[{"taxonomy":"category","embeddable":true,"href":"https:\/\/www.disfrutabizkaia.com\/blog\/wp-json\/wp\/v2\/categories?post=4569"},{"taxonomy":"post_tag","embeddable":true,"href":"https:\/\/www.disfrutabizkaia.com\/blog\/wp-json\/wp\/v2\/tags?post=4569"}],"curies":[{"name":"wp","href":"https:\/\/api.w.org\/{rel}","templated":true}]}}