{"id":4586,"date":"2022-06-09T14:34:05","date_gmt":"2022-06-09T12:34:05","guid":{"rendered":"https:\/\/www.disfrutabizkaia.com\/blog\/?p=4586"},"modified":"2022-06-17T08:56:17","modified_gmt":"2022-06-17T06:56:17","slug":"portugalete-700","status":"publish","type":"post","link":"https:\/\/www.disfrutabizkaia.com\/blog\/portugalete-700\/","title":{"rendered":"Portugalete 700 y concentraci\u00f3n mar\u00edtima"},"content":{"rendered":"<p><strong>Portugalete<\/strong> est\u00e1 de celebraci\u00f3n. En su <strong>700 aniversario<\/strong>, los portugalujos y portugalujas y todo aqu\u00e9l que quiera acercarse a la villa, podr\u00e1n disfrutar de numerosas actividades, exposiciones, ferias y conciertos durante los pr\u00f3ximos d\u00edas.<\/p>\n<p>Si a\u00fan tienes hueco en tu agenda para m\u00e1s planes, te apetece dar una vuelta por la edad media y vestirte de la \u00e9poca o te apasionan los barcos, te dejamos algunas de las actividades programadas con motivo de este super aniversario. <a href=\"https:\/\/portugalete700.eus\/wp-content\/uploads\/2022\/06\/07-Programa-700-aniv-Portu.pdf\">PROGRAMA COMPLETO<\/a><\/p>\n<h4>Del 10 al 12 de junio<\/h4>\n<ul>\n<li><strong>MERCADO MEDIEVAL:<\/strong> Durante todo el fin de semana, podr\u00e1s viajar en el tiempo a trav\u00e9s de demostraciones de oficios, torneos, representaciones teatrales&#8230;etc.<\/li>\n<\/ul>\n<p><strong>\u00bfD\u00f3nde?<\/strong> Aleda\u00f1os de la Bas\u00edlica, Paseo de La Canilla y plaza de la Rancher\u00eda\u00a0 \u00a0<strong>\u00bfCu\u00e1ndo?<\/strong> Del 10 al 12 de junio &#8211; Apertura Viernes 10 a las 18:00<\/p>\n<ul>\n<li><strong>BATALLA DE BANDOS: <\/strong>Es un espect\u00e1culo de m\u00fasica con tambores y danzas que representa la batalla de dos familias enfrentadas.<strong>\u00bfD\u00f3nde?\u00a0 <\/strong><em>Familia Velasco:<\/em> Salida desde el Barrio de Rep\u00e9lega. <em>Familia Salazar:<\/em> Salida del barrio de Buenavista.\u00a0 <strong>\u00bfCu\u00e1ndo?<\/strong> Viernes 10 &#8211; 20:00h.<\/li>\n<li><strong>CONCIERTO \u00abLa Pegatina\u00bb<\/strong> con su nuevo disco \u00abHacia otra parte\u00bb<br \/>\n<strong>\u00bfD\u00f3nde?\u00a0 <\/strong>Explanada de Rialia\u00a0 <strong>\u00bfCu\u00e1ndo?<\/strong> Viernes 10 &#8211; 23:00h<\/li>\n<\/ul>\n<ul>\n<li><strong>ESPECT\u00c1CULO DE MAPPING: <\/strong>Espect\u00e1culo de luces en el que la fachada del ayuntamiento cobrar\u00e1 vida.<strong>\u00bfD\u00f3nde? <\/strong>Ayuntamiento\u00a0 <strong>\u00bfCu\u00e1ndo? <\/strong>Domingo 12\u00a0 <strong>Pases:<\/strong> 22:30, 23:30, 24:00, 00:30, 01:00\u00a0 (15 minutos)<\/li>\n<\/ul>\n<h4>Del 15 al 19 de junio<\/h4>\n<ul>\n<li><strong>CONCENTRACI\u00d3N DE EMBARCACIONES:<\/strong> <a href=\"https:\/\/www.enportugalete.com\/articulo\/portugalete-700\/portugalete-acogera-concentracion-maritima-visita-emblematicas-embarcaciones\/20220603105855014733.html\">Consulta el programa completo y las embarcaciones que se pueden visitar\u00a0<\/a><br \/>\n&#x1f4a1; No te pierdas las visitas nocturnas a la r\u00e9plica de la Nao Victoria (reproducci\u00f3n del barco con el que Magallanes y Elkano dieron la primera vuelta al mundo) y al Gale\u00f3n Andaluc\u00eda (reproducci\u00f3n de un gale\u00f3n espa\u00f1ol del siglo XVII)<\/li>\n<li>EXPOSICI\u00d3N ELKANO ITSAS HERRIA: Para resaltar la importancia que ha tenido la cultura marinera en la sociedad vasca y en Portugalete.<\/li>\n<li>FERIA MARINERA: Feria en la que podr\u00e1s ver y comprar productos de la mar.<\/li>\n<\/ul>\n<p><strong>\u00bfD\u00f3nde? <\/strong>Paseo de La Canilla\u00a0\u00a0<strong>\u00bfCu\u00e1ndo? <\/strong>Del 17 al 19 de junio &#8211; 11:00-15:00 y 17:00-21:00<\/p>\n<p>&nbsp;<\/p>\n<p><a href=\"https:\/\/www.disfrutabizkaia.com\/comer-beber\/establecimientos?buscadorEstablecimiento=&amp;buscadorMunicipio=Portugalete&amp;localidad_id=7606&amp;cp=&amp;categoria=1%2C2&amp;ofertasGastronomicas=&amp;ocios=&amp;facilidades=&amp;otros=&amp;sort=-id&amp;pagesize=30\"><img loading=\"lazy\" decoding=\"async\" class=\"aligncenter wp-image-4386 size-full\" src=\"https:\/\/www.disfrutabizkaia.com\/blog\/wp-content\/uploads\/2022\/04\/banner-restaurantes-bizkaia-blog-disfrutabizkaia.gif\" alt=\"\" width=\"678\" height=\"180\" \/><\/a><\/p>\n<p style=\"text-align: left\"><a href=\"https:\/\/www.disfrutabizkaia.com\/\"><strong>Disfruta Bizkaia<\/strong><\/a>, \u00a1Encuentra planes, turismo, alojamiento y restaurantes en una misma web!<\/p>\n","protected":false},"excerpt":{"rendered":"<p>Portugalete est\u00e1 de celebraci\u00f3n. En su 700 aniversario, los portugalujos y portugalujas y todo aqu\u00e9l que quiera acercarse a la villa, podr\u00e1n disfrutar de numerosas actividades, exposiciones, ferias y conciertos durante los pr\u00f3ximos d\u00edas. Si a\u00fan tienes hueco en tu&#8230; <a class=\"more-link\" href=\"https:\/\/www.disfrutabizkaia.com\/blog\/portugalete-700\/\">Seguir leyendo &rarr;<\/a><\/p>\n","protected":false},"author":2,"featured_media":4588,"comment_status":"open","ping_status":"closed","sticky":false,"template":"","format":"standard","meta":{"_acf_changed":false,"footnotes":""},"categories":[48,1,47],"tags":[],"class_list":["post-4586","post","type-post","status-publish","format-standard","has-post-thumbnail","hentry","category-con-ninos","category-disfruta-bizkaia","category-planes"],"acf":[],"_links":{"self":[{"href":"https:\/\/www.disfrutabizkaia.com\/blog\/wp-json\/wp\/v2\/posts\/4586","targetHints":{"allow":["GET"]}}],"collection":[{"href":"https:\/\/www.disfrutabizkaia.com\/blog\/wp-json\/wp\/v2\/posts"}],"about":[{"href":"https:\/\/www.disfrutabizkaia.com\/blog\/wp-json\/wp\/v2\/types\/post"}],"author":[{"embeddable":true,"href":"https:\/\/www.disfrutabizkaia.com\/blog\/wp-json\/wp\/v2\/users\/2"}],"replies":[{"embeddable":true,"href":"https:\/\/www.disfrutabizkaia.com\/blog\/wp-json\/wp\/v2\/comments?post=4586"}],"version-history":[{"count":7,"href":"https:\/\/www.disfrutabizkaia.com\/blog\/wp-json\/wp\/v2\/posts\/4586\/revisions"}],"predecessor-version":[{"id":4597,"href":"https:\/\/www.disfrutabizkaia.com\/blog\/wp-json\/wp\/v2\/posts\/4586\/revisions\/4597"}],"wp:featuredmedia":[{"embeddable":true,"href":"https:\/\/www.disfrutabizkaia.com\/blog\/wp-json\/wp\/v2\/media\/4588"}],"wp:attachment":[{"href":"https:\/\/www.disfrutabizkaia.com\/blog\/wp-json\/wp\/v2\/media?parent=4586"}],"wp:term":[{"taxonomy":"category","embeddable":true,"href":"https:\/\/www.disfrutabizkaia.com\/blog\/wp-json\/wp\/v2\/categories?post=4586"},{"taxonomy":"post_tag","embeddable":true,"href":"https:\/\/www.disfrutabizkaia.com\/blog\/wp-json\/wp\/v2\/tags?post=4586"}],"curies":[{"name":"wp","href":"https:\/\/api.w.org\/{rel}","templated":true}]}}