{"id":477,"date":"2016-09-15T10:29:54","date_gmt":"2016-09-15T10:29:54","guid":{"rendered":"https:\/\/www.disfrutabizkaia.com\/blog\/?p=477"},"modified":"2016-09-15T10:29:54","modified_gmt":"2016-09-15T10:29:54","slug":"planes-para-el-fin-de-semana-del-16-al-18-de-septiembre","status":"publish","type":"post","link":"https:\/\/www.disfrutabizkaia.com\/blog\/planes-para-el-fin-de-semana-del-16-al-18-de-septiembre\/","title":{"rendered":"Planes para el fin de semana del 16 al 18 de Septiembre"},"content":{"rendered":"<p>Este fin de semana llega cargado de planes, y como en Bilbao el fin de semana comienza cuando nosotros queremos\u2026desde el jueves 15 se puede disfrutar del primero de estos planes <em><span style=\"color: #000000\"><strong>BBK Ciudad Museo<\/strong>,<\/span><\/em> que ya os explicamos en <a href=\"https:\/\/www.disfrutabizkaia.com\/blog\/2016\/09\/09\/bbk-ciudad-museo-bilbao-museo-hiria\/\" target=\"_blank\">nuestro anterior post<\/a> dedicado en exclusiva a estas proyecciones de arte al aire libre.<\/p>\n<p>Pero no es este el \u00fanico plan en Bizkaia para el fin de semana, aqu\u00ed te ofrecemos un resumen para que puedas aprovechar al m\u00e1ximo tus planes de ocio:<!--more--><\/p>\n<h5 style=\"padding-left: 30px\"><span style=\"color: #ffcc00\"><strong>Dibertigarria convierte Bilbao en capital del Running:<\/strong><\/span><\/h5>\n<p style=\"padding-left: 30px\">Durante 3 d\u00edas (16, 17 y 18 de Septiembre) la explanada del <em>Museo Mar\u00edtimo<\/em> y los alrededores de la r\u00eda del Nervi\u00f3n se llenaran de ambiente festivo, uniendo actividades relacionadas con el <em>running<\/em> con otras de ocio para todos los p\u00fablicos.<\/p>\n<p style=\"padding-left: 30px\"><strong>\u00bfCu\u00e1les son las actividades destacadas?<\/strong><\/p>\n<p style=\"padding-left: 60px\"><strong>Gastro Running<\/strong>: porque el deporte no est\u00e1 re\u00f1ido con nuestra cultura del pintxo-pote, habr\u00e1 casetas donde disfrutar de nuestra gastronom\u00eda con un espacio para conciertos.<\/p>\n<p style=\"padding-left: 60px\"><a href=\"https:\/\/www.disfrutabizkaia.com\/blog\/wp-content\/uploads\/2016\/09\/Manel-fuentes-concierto-tributo-Springs.jpg\"><img loading=\"lazy\" decoding=\"async\" class=\"alignleft  wp-image-479\" src=\"https:\/\/www.disfrutabizkaia.com\/blog\/wp-content\/uploads\/2016\/09\/Manel-fuentes-concierto-tributo-Springs.jpg\" alt=\"manel-fuentes-concierto-tributo-springs\" width=\"101\" height=\"101\" srcset=\"https:\/\/www.disfrutabizkaia.com\/blog\/wp-content\/uploads\/2016\/09\/Manel-fuentes-concierto-tributo-Springs.jpg 206w, https:\/\/www.disfrutabizkaia.com\/blog\/wp-content\/uploads\/2016\/09\/Manel-fuentes-concierto-tributo-Springs-150x150.jpg 150w\" sizes=\"auto, (max-width: 101px) 100vw, 101px\" \/><\/a>No te pierdas, el s\u00e1bado a las 21h, el concierto estrella: las versiones de Springsteen de la mano de <strong>Manel Fuentes y su banda Spring\u00b4s Team\u00a0<\/strong><\/p>\n<p style=\"padding-left: 60px\">Tambi\u00e9n se organizan <strong>actividades y talleres para ni\u00f1os<\/strong>, como piraguas, karts o la \u201cescuela de pesca\u201d.<\/p>\n<p style=\"padding-left: 60px\">Y los amantes del running ,adem\u00e1s de poder practicar este deporte, aprender\u00e1n de la mano de expertos como la triatleta Zuri\u00f1e Rodriguez, en las <strong>charlas gratuitas \u00a0<em>Bilbao Running Talks<\/em><\/strong> que tendr\u00e1n lugar el s\u00e1bado en el auditorio del Museo Mar\u00edtimo<\/p>\n<p style=\"padding-left: 60px\"><a href=\"https:\/\/www.disfrutabizkaia.com\/blog\/wp-content\/uploads\/2016\/09\/running-zapatilla.jpg\"><img loading=\"lazy\" decoding=\"async\" class=\"alignleft  wp-image-482\" src=\"https:\/\/www.disfrutabizkaia.com\/blog\/wp-content\/uploads\/2016\/09\/running-zapatilla.jpg\" alt=\"running-zapatilla\" width=\"289\" height=\"192\" \/><\/a>Pero el plato fuerte llegar\u00e1 el domingo 18 con la <strong>carrera popular<\/strong> ,organizada por El Correo, en torno a la R\u00eda que saldr\u00e1 a las 11h desde las proximidades del Sagrado Coraz\u00f3n en la Gran V\u00eda.<\/p>\n<p style=\"padding-left: 60px\">Las inscripciones ya est\u00e1n abiertas y no hay excusa para no animarse, porque se han organizado dos recorridos, uno de 10km y otro de 20km para fomentar la participaci\u00f3n.<\/p>\n<p style=\"padding-left: 60px\">\n<p style=\"padding-left: 60px\">\n<p>&nbsp;<\/p>\n<p>Este fin de semana, los amantes de la m\u00fasica o la danza tambi\u00e9n est\u00e1n de suerte porque podr\u00e1n elegir entre conciertos y espect\u00e1culos para todos los gustos, algunos de ellos gratuitos:<\/p>\n<h5 style=\"padding-left: 30px\"><strong>Viernes 16: M\u00fasica cl\u00e1sica o Pop-Rock, t\u00fa eliges:<\/strong><\/h5>\n<h5 style=\"padding-left: 60px\"><span style=\"color: #ffcc00\"><strong>Banda Municipal de M\u00fasica de Bilbao en el Atrio de Azkuna Zentroa (19:00h)<\/strong><\/span><\/h5>\n<p style=\"padding-left: 60px\">Nos ofrecer\u00e1 el concierto <em>\u201cUn viaje de emociones\u201d<\/em> con un variado repertorio.\u00a0<strong>Entrada libre<\/strong><\/p>\n<h5 style=\"padding-left: 60px\"><span style=\"color: #ffcc00\"><strong>Pop-Rock Villa de Bilbao en el Bilborock (20:00h)<\/strong><\/span><\/h5>\n<p style=\"padding-left: 60px\">Concierto enmarcado dentro del concurso Pop-Rock Villa de Bilbao y protagonizado por los grupos<em> \u201cSolo Astra\u201d<\/em>, <em>\u201cDekot\u201d<\/em> (de Bizkaia) y <em>\u201cFizzy Soup\u201d<\/em>.\u00a0<strong>Entrada libre<\/strong><\/p>\n<h5 style=\"padding-left: 60px\"><span style=\"color: #ffcc00\"><strong>Bilbao Puerto de Arte: m\u00fasica cl\u00e1sica en el Palacio Euskalduna (20:00h)<\/strong><\/span><\/h5>\n<p style=\"padding-left: 60px\">El concierto del director <em>Zubin Mehta<\/em>, junto a la orquesta del Maggio Musicale Fiorentino, sirve como acto inaugural de este ciclo de grandes conciertos, que cada a\u00f1o traer\u00e1 a Bilbao a las m\u00e1s famosas orquestas, solistas y directores del mundo.<\/p>\n<p style=\"padding-left: 60px\">Entradas desde 40\u20ac hasta 99\u20ac en la web de Palacio Euskalduna Jauregia<\/p>\n<p style=\"padding-left: 30px\">\n<h5 style=\"padding-left: 30px\"><span style=\"color: #000000\"><strong>S\u00e1bado 17 y Domingo 18: Desde danzas tradicionales hasta Hip-Hop a ritmo de Bach<\/strong><\/span><\/h5>\n<h5 style=\"padding-left: 30px\">\u00a0 \u00a0 \u00a0 \u00a0<strong><span style=\"color: #ffcc00\">Red Bull Flying Bach: Palacio Euskalduna (d\u00edas 17 y18 a las 20:30h)<a href=\"https:\/\/www.disfrutabizkaia.com\/blog\/wp-content\/uploads\/2016\/09\/Red-Bull-flying-Bach-1.jpg\"><img loading=\"lazy\" decoding=\"async\" class=\" wp-image-481 alignright\" src=\"https:\/\/www.disfrutabizkaia.com\/blog\/wp-content\/uploads\/2016\/09\/Red-Bull-flying-Bach-1-300x200.jpg\" alt=\"red-bull-flying-bach-1\" width=\"254\" height=\"169\" srcset=\"https:\/\/www.disfrutabizkaia.com\/blog\/wp-content\/uploads\/2016\/09\/Red-Bull-flying-Bach-1-300x200.jpg 300w, https:\/\/www.disfrutabizkaia.com\/blog\/wp-content\/uploads\/2016\/09\/Red-Bull-flying-Bach-1-768x512.jpg 768w, https:\/\/www.disfrutabizkaia.com\/blog\/wp-content\/uploads\/2016\/09\/Red-Bull-flying-Bach-1-1024x683.jpg 1024w, https:\/\/www.disfrutabizkaia.com\/blog\/wp-content\/uploads\/2016\/09\/Red-Bull-flying-Bach-1-945x630.jpg 945w, https:\/\/www.disfrutabizkaia.com\/blog\/wp-content\/uploads\/2016\/09\/Red-Bull-flying-Bach-1-600x400.jpg 600w, https:\/\/www.disfrutabizkaia.com\/blog\/wp-content\/uploads\/2016\/09\/Red-Bull-flying-Bach-1.jpg 1600w\" sizes=\"auto, (max-width: 254px) 100vw, 254px\" \/><\/a><br \/>\n<\/span><\/strong><\/h5>\n<p style=\"padding-left: 60px\">Show que mezcla m\u00fasica cl\u00e1sica y la cultura urbana del break dance, en el que los \u201c<em>Flying Steps<\/em>\u201d\u00a0bailan al ritmo de Johann Sebastian Bach<\/p>\n<p style=\"padding-left: 60px\">Entradas desde 25\u20ac hasta 40\u20ac , aunque se encuentran casi agotadas.<\/p>\n<h5 style=\"padding-left: 60px\"><strong><span style=\"color: #ffcc00\">Dantza Agerketa en Basauri<\/span><\/strong><\/h5>\n<p style=\"padding-left: 60px\">De viernes a Domingo, siete grupos de danza vascos se reunir\u00e1n en un festival de folklore aut\u00f3ctono en el que mostrar\u00e1n sus danzas vascas y ritos tradicionales, acompa\u00f1ados de im\u00e1genes y m\u00fasica de sus lugares de origen.<\/p>\n<p style=\"padding-left: 60px\">El acto principal, de car\u00e1cter popular, tendr\u00e1 lugar el s\u00e1bado a las 19 en la plaza Bizkotxalde .<\/p>\n<p style=\"padding-left: 60px\">\n<p>Y para finalizar, como los planes en Bizkaia siempre est\u00e1n ligados con la gastronom\u00eda, os dejamos aqu\u00ed dos propuestas:<\/p>\n<h5 style=\"padding-left: 30px\"><span style=\"color: #ffcc00\"><strong>Gure lurreko merkatua: el s\u00e1bado en los tinglados del Arenal de 10 a 15h<\/strong><\/span><\/h5>\n<p style=\"padding-left: 30px\">Productos locales de calidad, ecol\u00f3gicos y de temporada que cada s\u00e1bado nos traen de primera mano los productores y baserritarras vizca\u00ednos.<\/p>\n<h5 style=\"padding-left: 30px\"><strong><span style=\"color: #ffcc00\">Enkarterri Fest Gourmet Festival en Zalla (d\u00edas 17 y 18)<\/span><\/strong><\/h5>\n<p style=\"padding-left: 30px\">Un <strong>festival gastron\u00f3mico<\/strong> que, por tercer a\u00f1o, se celebrar\u00e1 en los jardines del Ayuntamiento en Zalla, en el que los asistentes podr\u00e1n participar en degustaciones, catas, charlas y talleres y as\u00ed conocer nuestros mejores productos gastron\u00f3micos.<\/p>\n<p style=\"padding-left: 30px\">Adem\u00e1s, descubriremos los productos menorquines de Mah\u00f3n, que acude como comarca invitada, y los quesos de varios pa\u00edses de la mano de la <em>Asociaci\u00f3n de la Ruta Europea del Queso<\/em>.<\/p>\n<p style=\"padding-left: 30px\">Y como no, trat\u00e1ndose de Zalla no pod\u00eda faltar su producto emblem\u00e1tico, <em>la cebolla morada<\/em>, una hortaliza local cultivada siguiendo m\u00e9todos de agricultura tradicional: en esta edici\u00f3n ser\u00e1 el chef Paul Ibarra, del restaurante bilba\u00edno \u201cLos Fueros\u201d\u00a0 quien sea nombrado <strong><em>\u201cEmbajador de la Cebolla Morada de Zalla\u201d.<\/em><\/strong><\/p>\n<p style=\"padding-left: 30px\">Pero este festival gastron\u00f3mico est\u00e1 pensado para todos los p\u00fablicos, incluidos los ni\u00f1os, as\u00ed que mientras nosotros degustamos pintxos ellos podr\u00e1n aprender a hacer talo, galletas o reposter\u00eda en el <strong>Tkiki-txoko<\/strong>.<\/p>\n<p style=\"padding-left: 30px\">Por otro lado, el ayuntamiento de Zalla dar\u00e1 a conocer las actividades culturales, gastron\u00f3micas o tur\u00edsticas que organiza durante todo el a\u00f1o, como la experiencia de<span style=\"color: #000000\"> <strong style=\"color: #000000\"><a style=\"color: #000000\" href=\"https:\/\/www.disfrutabizkaia.com\/que-hacer\/experiencias\/haz-tu-propia-putxera\/c-541\" target=\"_blank\">\u201cHaz tu propia putxera\u201d<\/a>.<\/strong><\/span><\/p>\n<p style=\"padding-left: 30px\">\n<p style=\"padding-left: 30px\">Y los que prefieran organizarse su propio plan gastron\u00f3mico, en Disfruta Bizkaia encontrar\u00e1n los mejores<a href=\"https:\/\/www.disfrutabizkaia.com\/comer\/\" target=\"_blank\"><strong><span style=\"color: #ffcc00\"> restaurantes, bares y cafeter\u00edas<\/span> <\/strong><\/a>o nuestra <span style=\"color: #ffcc00\"><strong><span style=\"color: #ffcc00\"><a style=\"color: #ffcc00\" href=\"https:\/\/www.disfrutabizkaia.com\/que-hacer\/ruta-de-pintxos-por-bizkaia\/c-543\" target=\"_blank\">\u00abruta de pintxos de Bizkaia\u00bb<\/a><\/span>.<\/strong><\/span><\/p>\n<p>\u00a1Como veis en Bizkaia no nos aburrimos, siempre hay planes que hacer y lugares que visitar, esperamos que los disfrut\u00e9is!<\/p>\n","protected":false},"excerpt":{"rendered":"<p>Este fin de semana llega cargado de planes, y como en Bilbao el fin de semana comienza cuando nosotros queremos\u2026desde el jueves 15 se puede disfrutar del primero de estos planes BBK Ciudad Museo, que ya os explicamos en nuestro&#8230; <a class=\"more-link\" href=\"https:\/\/www.disfrutabizkaia.com\/blog\/planes-para-el-fin-de-semana-del-16-al-18-de-septiembre\/\">Seguir leyendo &rarr;<\/a><\/p>\n","protected":false},"author":2,"featured_media":483,"comment_status":"open","ping_status":"open","sticky":false,"template":"","format":"standard","meta":{"_acf_changed":false,"footnotes":""},"categories":[1],"tags":[],"class_list":["post-477","post","type-post","status-publish","format-standard","has-post-thumbnail","hentry","category-disfruta-bizkaia"],"acf":[],"_links":{"self":[{"href":"https:\/\/www.disfrutabizkaia.com\/blog\/wp-json\/wp\/v2\/posts\/477","targetHints":{"allow":["GET"]}}],"collection":[{"href":"https:\/\/www.disfrutabizkaia.com\/blog\/wp-json\/wp\/v2\/posts"}],"about":[{"href":"https:\/\/www.disfrutabizkaia.com\/blog\/wp-json\/wp\/v2\/types\/post"}],"author":[{"embeddable":true,"href":"https:\/\/www.disfrutabizkaia.com\/blog\/wp-json\/wp\/v2\/users\/2"}],"replies":[{"embeddable":true,"href":"https:\/\/www.disfrutabizkaia.com\/blog\/wp-json\/wp\/v2\/comments?post=477"}],"version-history":[{"count":1,"href":"https:\/\/www.disfrutabizkaia.com\/blog\/wp-json\/wp\/v2\/posts\/477\/revisions"}],"predecessor-version":[{"id":484,"href":"https:\/\/www.disfrutabizkaia.com\/blog\/wp-json\/wp\/v2\/posts\/477\/revisions\/484"}],"wp:featuredmedia":[{"embeddable":true,"href":"https:\/\/www.disfrutabizkaia.com\/blog\/wp-json\/wp\/v2\/media\/483"}],"wp:attachment":[{"href":"https:\/\/www.disfrutabizkaia.com\/blog\/wp-json\/wp\/v2\/media?parent=477"}],"wp:term":[{"taxonomy":"category","embeddable":true,"href":"https:\/\/www.disfrutabizkaia.com\/blog\/wp-json\/wp\/v2\/categories?post=477"},{"taxonomy":"post_tag","embeddable":true,"href":"https:\/\/www.disfrutabizkaia.com\/blog\/wp-json\/wp\/v2\/tags?post=477"}],"curies":[{"name":"wp","href":"https:\/\/api.w.org\/{rel}","templated":true}]}}