{"id":4992,"date":"2023-10-16T12:01:52","date_gmt":"2023-10-16T10:01:52","guid":{"rendered":"https:\/\/www.disfrutabizkaia.com\/blog\/?p=4992"},"modified":"2024-11-05T10:43:34","modified_gmt":"2024-11-05T09:43:34","slug":"3-visitas-experiencias-para-conocer-el-patrimonio-industrial-de-bizkaia","status":"publish","type":"post","link":"https:\/\/www.disfrutabizkaia.com\/blog\/3-visitas-experiencias-para-conocer-el-patrimonio-industrial-de-bizkaia\/","title":{"rendered":"3 Visitas y experiencias para conocer el patrimonio industrial de Bizkaia."},"content":{"rendered":"<p>Bizkaia no quiere olvidar su pasado industrial. Tras la reconversi\u00f3n de Bilbao en ciudad de servicios y turismo, se ha mantenido tambi\u00e9n la esencia de un territorio que fue pionero en materia industrial. Y no s\u00f3lo la capital Bilbao, sino tambi\u00e9n el resto del territorio de Bizkaia.<\/p>\n<p>Hoy en d\u00eda se fusiona ese car\u00e1cter industrial y naval con el tur\u00edstico, elevando a la categor\u00eda de monumento piezas que formaron parte de f\u00e1bricas o del trabajo del puerto, e incluso convirtiendo en museos lugares que anta\u00f1o fueron boyantes industrias.<\/p>\n<p>\u00bfQuieres conocer esas joyas del patrimonio industrial vizca\u00edno, o descubrir lugares \u00fanicos y curiosidades? Si buscas <strong>planes diferentes para el fin de semana en Bilbao o cerca<\/strong>, en Disfruta Bizkaia te proponemos <strong>3 visitas y experiencias para conocer el patrimonio industrial de Bizkaia:<\/strong><!--more--><\/p>\n<h2><span style=\"color: #ffa600;\"><em>Carolaren arima<\/em> &#8211; Instalaci\u00f3n audiovisual en la gr\u00faa Carola (Bilbao)<\/span><\/h2>\n<p>\u00bfConoces la famosa gr\u00faa Carola de Bilbao? Es la \u00fanica superviviente de las gr\u00faas que llenaron los muelles de aquel Bilbao gris, y cuyo trabajo consist\u00eda en levantar y mover los elementos de los buques realizados en los talleres para acoplarlos a los barcos que se hallaban en los diques del astillero. Hoy, pintada de rojo, la encontrar\u00e1s junto al museo mar\u00edtimo de Bilbao; de hecho forma parte de la colecci\u00f3n de <a href=\"https:\/\/www.disfrutabizkaia.com\/que-hacer\/museo-maritimo-ria-bilbao\/\" target=\"_blank\" rel=\"noopener\">Itsasmuseum Bilbao<\/a> (el museo mar\u00edtimo ubicado en los terrenos del antiguo astillero Euskalduna).<\/p>\n<p><img loading=\"lazy\" decoding=\"async\" class=\"alignleft wp-image-4993\" src=\"https:\/\/www.disfrutabizkaia.com\/blog\/wp-content\/uploads\/2023\/02\/grua-carola-karola-museo-maritimo-itsasmuseum-bilbao-foto-propia-225x300.jpg\" alt=\"\" width=\"182\" height=\"243\" srcset=\"https:\/\/www.disfrutabizkaia.com\/blog\/wp-content\/uploads\/2023\/02\/grua-carola-karola-museo-maritimo-itsasmuseum-bilbao-foto-propia-225x300.jpg 225w, https:\/\/www.disfrutabizkaia.com\/blog\/wp-content\/uploads\/2023\/02\/grua-carola-karola-museo-maritimo-itsasmuseum-bilbao-foto-propia-768x1024.jpg 768w, https:\/\/www.disfrutabizkaia.com\/blog\/wp-content\/uploads\/2023\/02\/grua-carola-karola-museo-maritimo-itsasmuseum-bilbao-foto-propia-600x800.jpg 600w, https:\/\/www.disfrutabizkaia.com\/blog\/wp-content\/uploads\/2023\/02\/grua-carola-karola-museo-maritimo-itsasmuseum-bilbao-foto-propia-945x1260.jpg 945w, https:\/\/www.disfrutabizkaia.com\/blog\/wp-content\/uploads\/2023\/02\/grua-carola-karola-museo-maritimo-itsasmuseum-bilbao-foto-propia.jpg 1080w\" sizes=\"auto, (max-width: 182px) 100vw, 182px\" \/>La gr\u00faa Carola, que permaneci\u00f3 en activo hasta el cierre del astillero Euskalduna en 1987, se ha convertido en <strong>imagen y s\u00edmbolo de Bilbao y su transformaci\u00f3n de ciudad mar\u00edtima e industrial a ciudad tur\u00edstica y de servicios<\/strong>.<\/p>\n<p>\u00bfY de d\u00f3nde viene su nombre? Esa es una de las curiosidades que todo aquel que nos visite debe conocer y que forman parte de las historias y leyendas de Bilbao. En realidad, son varias las historias que circulan sobre el <strong>origen del nombre de nuestra preciosa gr\u00faa Carola:<\/strong><\/p>\n<p>La leyenda m\u00e1s extendida cuenta que en el barrio de Deusto viv\u00eda una guap\u00edsima joven, llamada Carola, que cada d\u00eda llegaba al embarcadero ubicado frente al astillero y cruzaba la r\u00eda en el bote \u201cgasolino\u201d para ir a trabajar a Hacienda, a la plaza del Sagrado Coraz\u00f3n, atravesando las instalaciones de Euskalduna. Al ver llegar a Carola, los operarios del astillero paraban la producci\u00f3n y hac\u00edan sonar las sirenas a su paso y en homenaje a ella bautizaron con su nombre a la gr\u00faa m\u00e1s potente del astillero.<\/p>\n<p>La gr\u00faa Carola se puede ver desde la explanada de Itsasmuseum, en la parte final del paseo de Abandoibarra, cerca del Palacio Euskalduna. Uno de los <strong>planes imprescindibles si visitas Bilbao<\/strong> es pasear por esta zona, descubrir la famosa <em>gabarra del Athletic<\/em> en la zona de diques secos de los antiguos astilleros Euskalduna y fotografiar la famosa gr\u00faa Carola, preciosa a cualquier hora del d\u00eda. Pero, si quieres vivir una experiencia \u00fanica, no te puedes perder los e<strong>spect\u00e1culos audiovisuales gratuitos de las noches de viernes y s\u00e1bados:\u00a0 <em>Carolaren arima<\/em><\/strong> (el alma de Carola)<\/p>\n<h4 style=\"padding-left: 40px;\">&#x1f4c5;&#x231a; D\u00edas y horas en las que se puede ver el espect\u00e1culo audiovisual Carolaren arima de la gr\u00faa Carola:<\/h4>\n<p style=\"padding-left: 40px;\">Viernes y s\u00e1bados a las 21h (horario en invierno), la gr\u00faa Carola cobra vida con una instalaci\u00f3n art\u00edstica contempor\u00e1nea de luz y sonido que entremezcla el arte y la cultura con la emoci\u00f3n de revivir los recuerdos de las orillas de una R\u00eda naval e industrial.<\/p>\n<p style=\"padding-left: 40px;\">M\u00e1s informaci\u00f3n sobre <a href=\"https:\/\/itsasmuseum.eus\/descubre\/proyectos-en-activo\/carolaren-arima\/\"><em>Carolaren Arima.<\/em><\/a><\/p>\n<h2><span style=\"color: #ffa600;\">Visitas a la colecci\u00f3n Orkonera-Lutxana Bilduma (Lutxana, Barakaldo)<\/span><\/h2>\n<div id=\"attachment_4996\" style=\"width: 310px\" class=\"wp-caption alignright\"><img loading=\"lazy\" decoding=\"async\" aria-describedby=\"caption-attachment-4996\" class=\"size-medium wp-image-4996\" src=\"https:\/\/www.disfrutabizkaia.com\/blog\/wp-content\/uploads\/2023\/02\/Ondare-Lagunak-Orkonera-Lutxana-Bilduma-Rotativa-Euzkadi-300x200.jpg\" alt=\"\" width=\"300\" height=\"200\" srcset=\"https:\/\/www.disfrutabizkaia.com\/blog\/wp-content\/uploads\/2023\/02\/Ondare-Lagunak-Orkonera-Lutxana-Bilduma-Rotativa-Euzkadi-300x200.jpg 300w, https:\/\/www.disfrutabizkaia.com\/blog\/wp-content\/uploads\/2023\/02\/Ondare-Lagunak-Orkonera-Lutxana-Bilduma-Rotativa-Euzkadi-372x248.jpg 372w, https:\/\/www.disfrutabizkaia.com\/blog\/wp-content\/uploads\/2023\/02\/Ondare-Lagunak-Orkonera-Lutxana-Bilduma-Rotativa-Euzkadi-768x512.jpg 768w, https:\/\/www.disfrutabizkaia.com\/blog\/wp-content\/uploads\/2023\/02\/Ondare-Lagunak-Orkonera-Lutxana-Bilduma-Rotativa-Euzkadi-600x400.jpg 600w, https:\/\/www.disfrutabizkaia.com\/blog\/wp-content\/uploads\/2023\/02\/Ondare-Lagunak-Orkonera-Lutxana-Bilduma-Rotativa-Euzkadi-945x630.jpg 945w, https:\/\/www.disfrutabizkaia.com\/blog\/wp-content\/uploads\/2023\/02\/Ondare-Lagunak-Orkonera-Lutxana-Bilduma-Rotativa-Euzkadi.jpg 1024w\" sizes=\"auto, (max-width: 300px) 100vw, 300px\" \/><p id=\"caption-attachment-4996\" class=\"wp-caption-text\">Imagen: Ondare Lagunak<\/p><\/div>\n<p>Si buscas conocer <strong>la Bizkaia m\u00e1s industrial,<\/strong> la margen izquierda de la R\u00eda es visita imprescindible. En Barakaldo, en la zona de Lutxana existe un lugar desconocido para la gran mayor\u00eda de los vizca\u00ednos pero que conserva parte de la memoria industrial de Euskadi. Se trata de <strong>Orkonera Lutxana Bilduma<\/strong>: un dep\u00f3sito de material industrial mueble, donde el departamento de Cultura de Gobierno Vasco guarda piezas y maquinarias recogidas tras el cierre, en los a\u00f1os 80, de gran parte de nuestra industria (como Altos Hornos, Papeleras, o galletas Artiach) debido a la reconversi\u00f3n industrial. Aunque Orkonera no es un museo, s\u00ed que tiene su colecci\u00f3n de maquinaria organizada para poder ser visitada y, de vez en cuando, organiza visitas para mostrar este patrimonio industrial mueble: maquinaria agr\u00edcola, prensas hidr\u00e1ulicas, m\u00e1quinas de coser Alfa, m\u00e1quinas de vapor, las rotativas del peri\u00f3dico Euzkadi, etc,.)<\/p>\n<p>Si quieres conocer este singular espacio y las joyas que custodia, aprovecha las <strong>visitas especiales gratuitas organizadas para el mes de octubre<\/strong>. <a href=\"https:\/\/docs.google.com\/forms\/d\/e\/1FAIpQLScRN34FlR0A1SvgoBhZLtf2CGmxkc-1S6hVkajIW29VUDC8Ag\/viewform\" target=\"_blank\" rel=\"noopener\">Rellena este formulario<\/a> para ver las fechas y visitas disponibles y reservar tu plaza.<\/p>\n<p>\u00a1Date prisa en reservar porque cada vez que se organizan visitas las plazas se agotan r\u00e1pido!<\/p>\n<p>Para cualquier duda o m\u00e1s informaci\u00f3n sobre las visitas, deb\u00e9is poneros en contacto con los responsables en el tel\u00e9fono: 688670705 o en el email\u00a0<a href=\"mailto:orkonera@euskadi.eus\">orkonera@euskadi.eus<\/a><\/p>\n<h2><span style=\"color: #ffa600;\">La Encartada Fabrika-Museoa\u00a0<\/span><\/h2>\n<div id=\"attachment_2483\" style=\"width: 310px\" class=\"wp-caption alignleft\"><img loading=\"lazy\" decoding=\"async\" aria-describedby=\"caption-attachment-2483\" class=\"size-medium wp-image-2483\" src=\"https:\/\/www.disfrutabizkaia.com\/blog\/wp-content\/uploads\/2019\/01\/La-Encartada-F\u00e1brica-Museo-3-300x169.jpg\" alt=\"Encartada-f\u00e1brica-textil-museo-planes-Balmaseda-bizkaia\" width=\"300\" height=\"169\" \/><p id=\"caption-attachment-2483\" class=\"wp-caption-text\">Enkartur. La Encartada Fabrika-museoa<\/p><\/div>\n<p>La Encartada es la famosa f\u00e1brica de boinas de Balmaseda, una <strong>f\u00e1brica textil del siglo XIX<\/strong> donde adem\u00e1s de las famosas boinas se produc\u00edan g\u00e9neros de lana con una maquinaria industrial puntera para la \u00e9poca. Hoy en d\u00eda esta f\u00e1brica centenaria se ha convertido en un <strong>original museo industrial<\/strong> que nos transporta en el tiempo, con su decoraci\u00f3n de la \u00e9poca y su sofisticada maquinaria con todo su engranaje que se pone en marcha para las visitas.<\/p>\n<p>Adem\u00e1s, <strong>la Encartada Fabrika-Museoa<\/strong> se encuentra en un bonito entorno natural, a menos de dos kil\u00f3metros del la villa medieval de <a href=\"https:\/\/www.disfrutabizkaia.com\/que-hacer\/balmaseda\/\" target=\"_blank\" rel=\"noopener\">Balmaseda<\/a>.\u00a0 Anotad en vuestras agendas otro de los <strong>planes diferentes para hacer un fin de semana cerca de Bilbao<\/strong>: la visita al casco hist\u00f3rico y el puente medieval de Balmaseda, un paseo por el entorno natural junto al r\u00edo Kadagua y la visita a La Encartada\u2026 y para redondear el plan, recomendamos comer en alguno de sus restaurantes el plato t\u00edpico de la zona: \u00a1la putxera de alubias!<\/p>\n<h4 style=\"padding-left: 40px;\">&#x1f4c5;&#x231a; Horarios de apertura del museo La Encartada Fabrika-Museoa.<\/h4>\n<p><strong>Horario de Invierno: Del 1 de noviembre al 30 de abril.<\/strong><\/p>\n<ul>\n<li>De martes a domingo: 10 a14h (de mayo a octubre, tambi\u00e9n abre de 16 a 19h).<\/li>\n<li>Lunes: cerrado.<\/li>\n<\/ul>\n<p><strong>Semana Santa y Verano: del 1 de mayo al 31 de octubre.<\/strong><\/p>\n<ul>\n<li>De martes a s\u00e1bado: de 10:00 a 14:00 y de 16:00 a 19:00.<\/li>\n<li>Domingos festivos: de 10:00 a 14:00.<\/li>\n<li>Lunes: Cerrado.<\/li>\n<\/ul>\n<p><strong>Cerrado:<\/strong>\u00a0los d\u00edas 1 y 6 de enero y el 25 de diciembre.<\/p>\n<p>&#x2139; Las visitas son guiadas, con duraci\u00f3n aproximada de una hora y la \u00faltima visita sale una hora y 15 minutos antes del cierre. Se recomienda reservar las visitas con antelaci\u00f3n: 946 800 778 \u00f3 <a href=\"mailto:laencartada@bizkaia.eus\">laencartada@bizkaia.eus<\/a><\/p>\n<p><strong>Precio de la entrada<\/strong>: 5,50 \u20ac (gratis para menores de 12 a\u00f1os)<\/p>\n<p>Tarifa reducida: 3,50 \u20ac (menores de 26 a\u00f1os, mayores de 60 a\u00f1os, personas discapacitadas, personas desempleadas, pensionistas, familia numerosa y grupos de m\u00e1s de 10 personas).<\/p>\n<p>&nbsp;<\/p>\n<h4>\u00a0 \u00a0 \u00a0 \u00a0\u00a0<strong>&#x2b50;VISITAS ESPECIALES <\/strong><strong>\u00a0 \u00a0 \u00a0 \u00a0 \u00a0 \u00a0 \u00a0 \u00a0 \u00a0 \u00a0 \u00a0 \u00a0 \u00a0 \u00a0 \u00a0 \u00a0 \u00a0 \u00a0 \u00a0 \u00a0 \u00a0 \u00a0 \u00a0 \u00a0 \u00a0 \u00a0 \u00a0 \u00a0 \u00a0 \u00a0 \u00a0<\/strong><\/h4>\n<p><img loading=\"lazy\" decoding=\"async\" class=\"alignleft wp-image-5575 size-medium\" src=\"https:\/\/www.disfrutabizkaia.com\/blog\/wp-content\/uploads\/2023\/10\/21_9_123__13_57_36_JEP2023-300x300.jpg\" alt=\"\" width=\"300\" height=\"300\" srcset=\"https:\/\/www.disfrutabizkaia.com\/blog\/wp-content\/uploads\/2023\/10\/21_9_123__13_57_36_JEP2023-300x300.jpg 300w, https:\/\/www.disfrutabizkaia.com\/blog\/wp-content\/uploads\/2023\/10\/21_9_123__13_57_36_JEP2023-1024x1024.jpg 1024w, https:\/\/www.disfrutabizkaia.com\/blog\/wp-content\/uploads\/2023\/10\/21_9_123__13_57_36_JEP2023-768x768.jpg 768w, https:\/\/www.disfrutabizkaia.com\/blog\/wp-content\/uploads\/2023\/10\/21_9_123__13_57_36_JEP2023-600x600.jpg 600w, https:\/\/www.disfrutabizkaia.com\/blog\/wp-content\/uploads\/2023\/10\/21_9_123__13_57_36_JEP2023-945x945.jpg 945w, https:\/\/www.disfrutabizkaia.com\/blog\/wp-content\/uploads\/2023\/10\/21_9_123__13_57_36_JEP2023.jpg 1080w\" sizes=\"auto, (max-width: 300px) 100vw, 300px\" \/><\/p>\n<ul>\n<li><strong>Exposici\u00f3n especial de: \u00abUna Singer de 1917 modificada: la m\u00e1quina de C\u00e1ndida\u00bb.<\/strong><\/li>\n<\/ul>\n<p>La m\u00e1quina de coser que se expone fue usada por mujeres como C\u00e1ndida Mart\u00ednez, que comenz\u00f3 a trabajar en la f\u00e1brica con 14 a\u00f1os, y cuenta con modoficaciones especiales.<\/p>\n<div class=\"texto_fck\">\n<p>Hasta el 31\/10\/2023 &#8211; Gratuito.<\/p>\n<p>M\u00c1S INFORMACI\u00d3N: &#x1f4e9; laencartada@bizkaia.eus &#8211; &#x260e; 94 680 07 78<\/p>\n<\/div>\n<ul>\n<li><strong>\u201cLas m\u00e1quinas nos hablan\u201d<\/strong><\/li>\n<\/ul>\n<p style=\"font-weight: 400;\"><strong>Fecha<\/strong>: 29 octubre <strong>Hora<\/strong>: 12:00 <strong>Idioma<\/strong>: Eusk \/ Cast\u00a0 <strong>Plazas<\/strong>: 20 pax m\u00e1ximo por idioma.<\/p>\n<p style=\"font-weight: 400;\">Con motivo de las <strong>Jornadas Europeas de Patrimonio 2023<\/strong>, han preparado una visita especial que pondr\u00e1 el acento sobre este legado invisible que nos ayuda a entender y valorar mejor nuestro pasado.<\/p>\n<p style=\"font-weight: 400;\"><strong>Reservas:<\/strong>\u00a0<a href=\"https:\/\/ondareabizkaia.eus\/es\/jornadas\/visita-especial-las-maquinas-nos-hablan\/\">ONDAREA BIZKAIA<\/a><\/p>\n<p>&nbsp;<\/p>\n<p>Y para completar cualquiera de los planes busca un sitio para comer o cenar y disfruta de la gastronom\u00eda de Bizkaia.<\/p>\n<p><a href=\"https:\/\/www.disfrutabizkaia.com\/comer-beber\/restaurantes\/\"><img loading=\"lazy\" decoding=\"async\" class=\"aligncenter wp-image-4717 size-full\" src=\"https:\/\/www.disfrutabizkaia.com\/blog\/wp-content\/uploads\/2022\/09\/banner-restaurantes-bizkaia-blog-disfrutabizkaia.gif\" alt=\"restaurantes en Bizkaia\" width=\"678\" height=\"180\" \/><\/a><\/p>\n<h5><span style=\"color: #ffa600;\"><a style=\"color: #ffa600;\" href=\"https:\/\/www.disfrutabizkaia.com\/\"><strong>Disfruta Bizkaia<\/strong><\/a><\/span>,\u00a0Planes, turismo, alojamiento y restaurantes en una misma web.<\/h5>\n<div class=\"crp-list-container\"><h3 class=\"crp-list-title\">Related Posts<\/h3><ul class=\"crp-list\"><li class=\"crp-list-item crp-list-item-image-left crp-list-item-has-image\"><div class=\"crp-list-item-image\"><a href=\"https:\/\/www.disfrutabizkaia.com\/blog\/5-visitas-turisticas-bilbao\/\" target=\"_blank\"><img loading=\"lazy\" decoding=\"async\" data-pin-nopin=\"true\" style=\"max-width: 100px; height: auto;\" width=\"100\" height=\"100\" src=\"https:\/\/www.disfrutabizkaia.com\/blog\/wp-content\/uploads\/2017\/05\/Visitas-tur\u00edsticas-Bilbao-150x150.png\" class=\"attachment-100x100 size-100x100\" alt=\"Visitas tur\u00edsticas que hacer en Bilbao\" srcset=\"https:\/\/www.disfrutabizkaia.com\/blog\/wp-content\/uploads\/2017\/05\/Visitas-tur\u00edsticas-Bilbao-150x150.png 150w, https:\/\/www.disfrutabizkaia.com\/blog\/wp-content\/uploads\/2017\/05\/Visitas-tur\u00edsticas-Bilbao-257x257.png 257w\" sizes=\"auto, (max-width: 100px) 100vw, 100px\" \/><\/a><\/div><div class=\"crp-list-item-title\"><a href=\"https:\/\/www.disfrutabizkaia.com\/blog\/5-visitas-turisticas-bilbao\/\" target=\"_blank\">5+1 Visitas tur\u00edsticas que hacer en Bilbao<\/a><\/div><\/li><\/ul><\/div>\n","protected":false},"excerpt":{"rendered":"<p>Bizkaia no quiere olvidar su pasado industrial. Tras la reconversi\u00f3n de Bilbao en ciudad de servicios y turismo, se ha mantenido tambi\u00e9n la esencia de un territorio que fue pionero en materia industrial. Y no s\u00f3lo la capital Bilbao, sino&#8230; <a class=\"more-link\" href=\"https:\/\/www.disfrutabizkaia.com\/blog\/3-visitas-experiencias-para-conocer-el-patrimonio-industrial-de-bizkaia\/\">Seguir leyendo &rarr;<\/a><\/p>\n","protected":false},"author":2,"featured_media":5578,"comment_status":"open","ping_status":"closed","sticky":false,"template":"","format":"standard","meta":{"_acf_changed":false,"footnotes":""},"categories":[1,47,49],"tags":[28,4,181],"class_list":["post-4992","post","type-post","status-publish","format-standard","has-post-thumbnail","hentry","category-disfruta-bizkaia","category-planes","category-turismo","tag-cultura","tag-museos-bizkaia","tag-patrimonio-industrial"],"acf":[],"_links":{"self":[{"href":"https:\/\/www.disfrutabizkaia.com\/blog\/wp-json\/wp\/v2\/posts\/4992","targetHints":{"allow":["GET"]}}],"collection":[{"href":"https:\/\/www.disfrutabizkaia.com\/blog\/wp-json\/wp\/v2\/posts"}],"about":[{"href":"https:\/\/www.disfrutabizkaia.com\/blog\/wp-json\/wp\/v2\/types\/post"}],"author":[{"embeddable":true,"href":"https:\/\/www.disfrutabizkaia.com\/blog\/wp-json\/wp\/v2\/users\/2"}],"replies":[{"embeddable":true,"href":"https:\/\/www.disfrutabizkaia.com\/blog\/wp-json\/wp\/v2\/comments?post=4992"}],"version-history":[{"count":29,"href":"https:\/\/www.disfrutabizkaia.com\/blog\/wp-json\/wp\/v2\/posts\/4992\/revisions"}],"predecessor-version":[{"id":6693,"href":"https:\/\/www.disfrutabizkaia.com\/blog\/wp-json\/wp\/v2\/posts\/4992\/revisions\/6693"}],"wp:featuredmedia":[{"embeddable":true,"href":"https:\/\/www.disfrutabizkaia.com\/blog\/wp-json\/wp\/v2\/media\/5578"}],"wp:attachment":[{"href":"https:\/\/www.disfrutabizkaia.com\/blog\/wp-json\/wp\/v2\/media?parent=4992"}],"wp:term":[{"taxonomy":"category","embeddable":true,"href":"https:\/\/www.disfrutabizkaia.com\/blog\/wp-json\/wp\/v2\/categories?post=4992"},{"taxonomy":"post_tag","embeddable":true,"href":"https:\/\/www.disfrutabizkaia.com\/blog\/wp-json\/wp\/v2\/tags?post=4992"}],"curies":[{"name":"wp","href":"https:\/\/api.w.org\/{rel}","templated":true}]}}