{"id":5112,"date":"2023-03-21T13:47:47","date_gmt":"2023-03-21T12:47:47","guid":{"rendered":"https:\/\/www.disfrutabizkaia.com\/blog\/?p=5112"},"modified":"2023-03-21T14:00:41","modified_gmt":"2023-03-21T13:00:41","slug":"cuenta-atras-para-recibir-al-tour-bilbao-se-viste-de-amarillo-no-te-lo-pierdas","status":"publish","type":"post","link":"https:\/\/www.disfrutabizkaia.com\/blog\/cuenta-atras-para-recibir-al-tour-bilbao-se-viste-de-amarillo-no-te-lo-pierdas\/","title":{"rendered":"Cuenta atr\u00e1s para recibir al Tour: Bilbao se viste de amarillo, \u00a1no te lo pierdas!"},"content":{"rendered":"<p>Bilbao est\u00e1 volcado con el gran evento del a\u00f1o: <strong>la salida del Tour desde Bilbao<\/strong> con <em>El Grand D\u00e9part Pays Basque,<\/em> por eso esta semana celebra el comienzo de la cuenta atr\u00e1s &#8230; \u00a1100 d\u00edas!.\u00a0<\/p>\r\n<p>Desde siempre en Euskadi ha habido una gran afici\u00f3n por el ciclismo y miles de aficionados se han acercado a animar las etapas del Tour de Francia que discurren cerca de nuestro territorio, pero este a\u00f1o estamos de enhorabuena, porque el Tour cruza la muga y sale desde Bizkaia, recorriendo Euskadi en sus tres primeras etapas. Bilbao est\u00e1 especialmente emocionada ya que la primera etapa del Tour de Francia ser\u00e1 <em>\u00abBilbao-Bilbao\u00bb<\/em> \u00a0y ya se cuentan los d\u00edas para este hecho hist\u00f3rico &#8230;<strong> \u00a1Empieza la cuenta atr\u00e1s!<\/strong> y Bilbao lo celebra con una puesta en escena e ilumin\u00e1ndose de amarillo, como el maillot de lider de la ronda gala.<\/p>\r\n<p><strong>No te pierdas la fiesta de puesta en marcha de la cuenta atr\u00e1s, ni la fiesta familiar para celebrar que el Tour saldr\u00e1 de Bilbao y recorrer\u00e1 Bizkaia<\/strong>. Te contamos los dos eventos en los que puedes participar esta semana: <!--more--><\/p>\r\n<h2>Cuenta atr\u00e1s: 100 d\u00edas para la primera etapa del Tour &#8230; Bilbao-Bilbao<\/h2>\r\n<p>Para poner en escena la emoci\u00f3n con la que Bilbao espera esta salida del Tour desde la capital de Bizkaia, se instalar\u00e1 un gran reloj <em>Tissot<\/em> en la Plaza Ernesto Erkoreka de Bilbao (frente al Ayuntamiento) que ir\u00e1 marcando el tiempo que falta para esa esperada primera etapa Bilbao-Bilbao. \u00bfY cu\u00e1nto falta? \u00bfCu\u00e1ndo se pone en marcha este contador?<\/p>\r\n<p style=\"padding-left: 40px;\">&#x1f4c5; <strong>Este mi\u00e9rcoles 22 de marzo, a las 19:30h<\/strong> las autoridades, junto a una delegaci\u00f3n del Tour de Francia, <strong>pondr\u00e1n en marcha la cuenta atr\u00e1s para el inicio del Tour de Francia desde Euskadi<\/strong> (El Gran D\u00e9part Pays Basque) al<strong> accionar un pulsador gigante, <\/strong>que no s\u00f3lo<strong> pondr\u00e1 en\u00a0 marcha el reloj<\/strong> sino que tambi\u00e9n dar\u00e1 comienzo a las<strong> m\u00faltiples actividades de celebraci\u00f3n <\/strong>que tendr\u00e1n lugar desde ahora hasta la salida del Tour el 1 de julio.<\/p>\r\n<h3 style=\"padding-left: 40px;\">Bilbao se viste de amarillo para recibir al Tour<\/h3>\r\n<p style=\"padding-left: 40px;\">Este <strong>acto de puesta en marcha del reloj<\/strong> que marca la cuenta atr\u00e1s de los 100 d\u00edas para el inicio del Tour en Bilbao, estar\u00e1 lleno de s\u00edmbolos y ambiente festivo. <strong>Si quieres participar y celebrar este momento, aqu\u00ed encontrar\u00e1s los actos y lugares clave:<\/strong><\/p>\r\n<p style=\"padding-left: 40px;\">&#x231a; A las 19:30h frente al Ayuntamiento de Bilbao ( el acto de puesta en marcha de la cuenta atr\u00e1s estar\u00e1 amenizado con una banda sonora muy especial: la txalaparta de <strong>KALAKAN y\u00a0 las 150 voces de <\/strong>todos los coros de la\u00a0<strong>Sociedad Coral de Bilbao. Y el color amarillo comenzar\u00e1 a inundar las calles de Bilbao &#8230;\u00a0<\/strong>el primer gui\u00f1o al maillot amarillo ser\u00e1 el de los pa\u00f1uelos festivos que todos llevar\u00e1n al cuello.<\/p>\r\n<p style=\"padding-left: 40px;\">Seguidamente, en la <strong>fachada del edificio Aznar<\/strong> (al otro lado de la R\u00eda, frente al Ayuntamiento) se iluminar\u00e1 <strong>un maillot de 13 metros<\/strong>, y despu\u00e9s el alumbrado de <strong>la fachada del propio ayuntamiento se te\u00f1ir\u00e1 tambi\u00e9n de amarillo<\/strong>&#8230; color que se ir\u00e1 extendiendo por la ciudad hasta llegar a San Mam\u00e9s. Al paso de la comitiva se ir\u00e1n iluminando los edificios m\u00e1s emblem\u00e1ticos de Bilbao: la <strong>torre Bizkaia<\/strong> y el <strong>Palacio de la Diputaci\u00f3n Foral de Bizkaia<\/strong> en la Gran V\u00eda, y finalmente el propio <strong>estadio de San Mam\u00e9s<\/strong>, en el que los representantes del Tour de Francia tendr\u00e1n un recibimiento especial por parte del Athletic Club.<\/p>\r\n<h2>Tour eguna en Bilbao. La fiesta para celebrar la llegada del Tour<\/h2>\r\n<p><strong>El domingo 26 se celebrar\u00e1 en Bilbao<\/strong> otro acto de celebraci\u00f3n por la llegada del Tour a Euskadi y de cuenta atr\u00e1s para esa primera etapa que saldr\u00e1 desde la capital de Bizkaia. Se trata del <strong>Tour Eguna<\/strong>, una fiesta familiar del ciclismo, en la que, adem\u00e1s de homenajear a personajes del ciclismo, podr\u00e9is <strong>participar en talleres y practicar con las bicis en diferentes circuitos:<\/strong><\/p>\r\n<p style=\"padding-left: 40px;\">&#x1f4cd; En la explanada de Itsasmuseum (Bilbao)<\/p>\r\n<p style=\"padding-left: 40px;\">&#x1f6a6; &#x1f527; Talleres de educaci\u00f3n\u00a0vial\u00a0y\u00a0de\u00a0mantenimiento\u00a0y\u00a0reparaci\u00f3n\u00a0de\u00a0bicicletas<\/p>\r\n<p style=\"padding-left: 40px;\">&#x1f6b4;&#x200d;&#x2640;&#xfe0f; Dos circuitos (iniciaci\u00f3n y pump track)<\/p>\r\n<p><strong>Este Tour Eguna es la fiesta para celebrar la llegada del Tour<\/strong> y est\u00e1 recorriendo todas las comarcas de Bizkaia desde el pasado agosto. Tras el evento de Bilbao, todav\u00eda quedan otras citas en las que participar, como la del 23 de abril en Barakaldo y la del 7 de mayo en Gernika&#8230;. a la espera del gran ambiente festivo y la inauguraci\u00f3n de la <em>fan zone<\/em> que disfrutaremos en Bilbao los d\u00edas previos a la salida del Tour<\/p>\r\n<p>\u00a1Empieza la cuenta atr\u00e1s! \u00a0<\/p>\r\n<!-- \/wp:post-content -->\r\n\r\n<!-- wp:paragraph -->\r\n<p><a href=\"https:\/\/www.disfrutabizkaia.com\/comer-beber\/restaurantes\/?nombre=&amp;localidad=Bilbao&amp;zona=-1&amp;categorias%5B%5D=18&amp;categorias%5B%5D=17&amp;order=ASC\"><img loading=\"lazy\" decoding=\"async\" class=\"ls-is-cached lazyloaded aligncenter wp-image-3546\" src=\"https:\/\/www.disfrutabizkaia.com\/blog\/wp-content\/uploads\/2020\/04\/Desktop_restaurantes.gif\" alt=\"D\u00f3nde comer o cenar en Bilbao\" width=\"678\" height=\"181\" data-src=\"https:\/\/www.disfrutabizkaia.com\/blog\/wp-content\/uploads\/2020\/04\/Desktop_restaurantes.gif\" \/><\/a><\/p>\r\n<!-- \/wp:paragraph -->\r\n\r\n<!-- wp:image {\"id\":3540} -->\r\n<figure class=\"wp-block-image\"><\/figure>\r\n<!-- \/wp:image -->\r\n\r\n<!-- wp:paragraph -->\r\n<p><a href=\"https:\/\/www.disfrutabizkaia.com\/\" target=\"_blank\" rel=\"noreferrer noopener\"><strong>Disfruta Bizkaia<\/strong><\/a>\u00a0ocio, gastronom\u00eda y turismo, en una misma web. \u00a0<\/p>\r\n<div class=\"crp-list-container\"><h3 class=\"crp-list-title\">Related Posts<\/h3><ul class=\"crp-list\"><li class=\"crp-list-item crp-list-item-image-left crp-list-item-has-image\"><div class=\"crp-list-item-image\"><a href=\"https:\/\/www.disfrutabizkaia.com\/blog\/las-bebidas-tienes-probar-cuando-vengas-bizkaia-basque-wine\/\" target=\"_blank\"><img loading=\"lazy\" decoding=\"async\" data-pin-nopin=\"true\" style=\"max-width: 100px; height: auto;\" width=\"100\" height=\"67\" src=\"https:\/\/www.disfrutabizkaia.com\/blog\/wp-content\/uploads\/2022\/04\/bebidas-bizkaia_planes_gastronomia-3-372x248.png\" class=\"attachment-100x100 size-100x100\" alt=\"\" \/><\/a><\/div><div class=\"crp-list-item-title\"><a href=\"https:\/\/www.disfrutabizkaia.com\/blog\/las-bebidas-tienes-probar-cuando-vengas-bizkaia-basque-wine\/\" target=\"_blank\">Las bebidas que tienes que probar cuando vengas a Bizkaia: BASQUE WINE<\/a><\/div><\/li><li class=\"crp-list-item crp-list-item-image-left crp-list-item-has-image\"><div class=\"crp-list-item-image\"><a href=\"https:\/\/www.disfrutabizkaia.com\/blog\/planes-con-ninos-en-basque-fest\/\" target=\"_blank\"><img loading=\"lazy\" decoding=\"async\" data-pin-nopin=\"true\" style=\"max-width: 100px; height: auto;\" width=\"100\" height=\"67\" src=\"https:\/\/www.disfrutabizkaia.com\/blog\/wp-content\/uploads\/2022\/04\/BLOG_1-372x248.png\" class=\"attachment-100x100 size-100x100\" alt=\"\" \/><\/a><\/div><div class=\"crp-list-item-title\"><a href=\"https:\/\/www.disfrutabizkaia.com\/blog\/planes-con-ninos-en-basque-fest\/\" target=\"_blank\">Planes con ni\u00f1os y ni\u00f1as en Basque Fest 2023<\/a><\/div><\/li><\/ul><\/div>","protected":false},"excerpt":{"rendered":"<p>Bilbao est\u00e1 volcado con el gran evento del a\u00f1o: la salida del Tour desde Bilbao con El Grand D\u00e9part Pays Basque, por eso esta semana celebra el comienzo de la cuenta atr\u00e1s &#8230; \u00a1100 d\u00edas!.\u00a0 Desde siempre en Euskadi ha&#8230; <a class=\"more-link\" href=\"https:\/\/www.disfrutabizkaia.com\/blog\/cuenta-atras-para-recibir-al-tour-bilbao-se-viste-de-amarillo-no-te-lo-pierdas\/\">Seguir leyendo &rarr;<\/a><\/p>\n","protected":false},"author":2,"featured_media":5116,"comment_status":"open","ping_status":"closed","sticky":false,"template":"","format":"standard","meta":{"_acf_changed":false,"footnotes":""},"categories":[1,47],"tags":[],"class_list":["post-5112","post","type-post","status-publish","format-standard","has-post-thumbnail","hentry","category-disfruta-bizkaia","category-planes"],"acf":[],"_links":{"self":[{"href":"https:\/\/www.disfrutabizkaia.com\/blog\/wp-json\/wp\/v2\/posts\/5112","targetHints":{"allow":["GET"]}}],"collection":[{"href":"https:\/\/www.disfrutabizkaia.com\/blog\/wp-json\/wp\/v2\/posts"}],"about":[{"href":"https:\/\/www.disfrutabizkaia.com\/blog\/wp-json\/wp\/v2\/types\/post"}],"author":[{"embeddable":true,"href":"https:\/\/www.disfrutabizkaia.com\/blog\/wp-json\/wp\/v2\/users\/2"}],"replies":[{"embeddable":true,"href":"https:\/\/www.disfrutabizkaia.com\/blog\/wp-json\/wp\/v2\/comments?post=5112"}],"version-history":[{"count":15,"href":"https:\/\/www.disfrutabizkaia.com\/blog\/wp-json\/wp\/v2\/posts\/5112\/revisions"}],"predecessor-version":[{"id":5129,"href":"https:\/\/www.disfrutabizkaia.com\/blog\/wp-json\/wp\/v2\/posts\/5112\/revisions\/5129"}],"wp:featuredmedia":[{"embeddable":true,"href":"https:\/\/www.disfrutabizkaia.com\/blog\/wp-json\/wp\/v2\/media\/5116"}],"wp:attachment":[{"href":"https:\/\/www.disfrutabizkaia.com\/blog\/wp-json\/wp\/v2\/media?parent=5112"}],"wp:term":[{"taxonomy":"category","embeddable":true,"href":"https:\/\/www.disfrutabizkaia.com\/blog\/wp-json\/wp\/v2\/categories?post=5112"},{"taxonomy":"post_tag","embeddable":true,"href":"https:\/\/www.disfrutabizkaia.com\/blog\/wp-json\/wp\/v2\/tags?post=5112"}],"curies":[{"name":"wp","href":"https:\/\/api.w.org\/{rel}","templated":true}]}}