{"id":5455,"date":"2024-07-01T14:16:35","date_gmt":"2024-07-01T12:16:35","guid":{"rendered":"https:\/\/www.disfrutabizkaia.com\/blog\/?p=5455"},"modified":"2024-07-02T10:07:23","modified_gmt":"2024-07-02T08:07:23","slug":"exposicion-de-gigantes-de-bilbao-bilboko-erraldoiak-verano-2023","status":"publish","type":"post","link":"https:\/\/www.disfrutabizkaia.com\/blog\/exposicion-de-gigantes-de-bilbao-bilboko-erraldoiak-verano-2023\/","title":{"rendered":"Exposici\u00f3n de \u201cGIGANTES DE BILBAO\u00bb &#8211; Verano 2024"},"content":{"rendered":"<p>Los \u00abGigantes\u00bb son mu\u00f1ecos de m\u00e1s de cuatro metros de altura, que representan personajes hist\u00f3ricos de la villa y que animan las fiestas populares de Bilbao y los pueblos de Bizkaia, acompa\u00f1ados de los \u00abCabezudos\u00bb y comparsas de txistularis.<\/p>\n<h1>\u00bfQuieres hacer una visita a los Gigantes de Bilbao?<\/h1>\n<p>Aunque los <em>Gigantes y Cabezudos<\/em> son personajes muy conocidos y queridos en Euskadi, son pocos los que conocen la historia y origen de cada uno de ellos \u00bfQuieres conocer a <em>Don Terencio y Do\u00f1a Tomasa<\/em>, a la pareja de <em>aldeanos <\/em>o\u00a0<em>la cigarrera<\/em> de Santutxu, entre otros?\u00a0 \u00a1No te pierdas la exposici\u00f3n <strong><em>Gigantes de Bilbao<\/em> en el Yacimiento de la Plaza Coraz\u00f3n de Mar\u00eda<\/strong>, en el barrio de San Francisco de Bilbao!<\/p>\n<p>La exposici\u00f3n (ideal para quienes buscan planes con ni\u00f1os en Bilbao) se podr\u00e1 visitar en el Yacimiento de la Plaza Coraz\u00f3n de Mar\u00eda<em>\u00a0<\/em>desde el 2 de julio hasta el 8 de septiembre.<\/p>\n<p>&nbsp;<\/p>\n<p><img loading=\"lazy\" decoding=\"async\" class=\"aligncenter wp-image-6396 \" src=\"https:\/\/www.disfrutabizkaia.com\/blog\/wp-content\/uploads\/2023\/07\/a3cef-dsc_0700_edited_baja-scaled.jpg\" alt=\"\" width=\"747\" height=\"498\" srcset=\"https:\/\/www.disfrutabizkaia.com\/blog\/wp-content\/uploads\/2023\/07\/a3cef-dsc_0700_edited_baja-scaled.jpg 2560w, https:\/\/www.disfrutabizkaia.com\/blog\/wp-content\/uploads\/2023\/07\/a3cef-dsc_0700_edited_baja-300x200.jpg 300w, https:\/\/www.disfrutabizkaia.com\/blog\/wp-content\/uploads\/2023\/07\/a3cef-dsc_0700_edited_baja-1024x683.jpg 1024w, https:\/\/www.disfrutabizkaia.com\/blog\/wp-content\/uploads\/2023\/07\/a3cef-dsc_0700_edited_baja-372x248.jpg 372w, https:\/\/www.disfrutabizkaia.com\/blog\/wp-content\/uploads\/2023\/07\/a3cef-dsc_0700_edited_baja-768x512.jpg 768w, https:\/\/www.disfrutabizkaia.com\/blog\/wp-content\/uploads\/2023\/07\/a3cef-dsc_0700_edited_baja-1536x1024.jpg 1536w, https:\/\/www.disfrutabizkaia.com\/blog\/wp-content\/uploads\/2023\/07\/a3cef-dsc_0700_edited_baja-2048x1365.jpg 2048w, https:\/\/www.disfrutabizkaia.com\/blog\/wp-content\/uploads\/2023\/07\/a3cef-dsc_0700_edited_baja-600x400.jpg 600w, https:\/\/www.disfrutabizkaia.com\/blog\/wp-content\/uploads\/2023\/07\/a3cef-dsc_0700_edited_baja-945x630.jpg 945w\" sizes=\"auto, (max-width: 747px) 100vw, 747px\" \/><\/p>\n<p><strong>Reservas y venta de entradas online: <\/strong>En el Museo de Reproducciones o en el propio yacimiento, y con la misma entrada, se puede acceder a ambos espacios. Toda la informaci\u00f3n en la<span style=\"color: #ffcc00;\"> <a style=\"color: #ffcc00;\" href=\"https:\/\/www.bilbokoberreginenmuseoa.eus\/es\/actividades\/actividad\/315\/la-exposicion-gigantes-de-bilbao-en-el-yacimiento-de-la-plaza-de-corazon-de-maria\" target=\"_blank\" rel=\"noopener noreferrer\">p\u00e1gina web del Museo<\/a><\/span><\/p>\n<p><strong>Horarios:<\/strong> De martes a domingo de 10h a 15h (excepto el 25 y 31 de julio y 15 de agosto que permanecer\u00e1 cerrado por ser festivos).<\/p>\n<p><strong>Precio entrada claustro:<\/strong> General: 3\u20ac &#8211; Grupos: 1\u00b450\u20ac &#8211; Entrada gratuita para pensionistas, personas con diversidad funcional, menores de 12 a\u00f1os y profesorado.<\/p>\n<p>&nbsp;<\/p>\n<p>&#x2795; <strong>Talleres infantiles y talleres familiares:<\/strong><\/p>\n<p>Si buscas planes con ni\u00f1os en Bilbao, el <em>Museo de Reproducciones de Bilbao<\/em> &#8211;\u00a0 <em>Bilboko Berreginen Museoa<\/em> y su exposici\u00f3n de Bilboko Erraldoiak son una muy buena opci\u00f3n para pasarlo bien y descubrir las tradiciones de nuestra villa.<\/p>\n<p style=\"padding-left: 40px;\"><strong>\u2022Taller infantil <\/strong><em><strong>\u00abUn gigante en tu nevera\u00bb:<\/strong> <\/em>Los txikis conocer\u00e1n las caracter\u00edsticas \u00fanicas de los gigantes con una visita guiada a la expo de la mano del equipo de educaci\u00f3n del museo, y podr\u00e1n hacer un im\u00e1n de Don Terencio y Do\u00f1a Tomasa.<br \/>\n<strong>4, 11 y 18 de julio y el 1 de agosto a las 12h<\/strong>.<br \/>\n<strong>Precio taller: 1\u20ac<\/strong>. Imprescindible reserva en la web del museo. A partir de 6 a\u00f1os. Aforo m\u00e1ximo de 12 personas.<\/p>\n<p style=\"padding-left: 40px;\"><strong>\u2022Taller familiar <em>\u00abBaile de Gigantes\u00bb<\/em>:<\/strong> De la mano de <em>Erraldoien Ondalan Konpartsa.<\/em><strong>12 y 26 de julio, a las 11:30h. <\/strong>Con entrada totalmente gratuita y como punto de encuentro el yacimiento (hasta completar aforo).<\/p>\n<p><strong>Sorteo de un \u201ctxiki-gigante\u201d: <\/strong>Si pasas por la xposici\u00f3n entre el<strong> 9 de julio y el 1 de septiembre<\/strong> tendr\u00e1s la oportunidad de entrar en el sorteo de un gigante de goma, un \u00abtxiki-gigante\u00bb. Solo tendr\u00e1s que responder una pregunta sencilla sobre los gigantes y colocar la papeleta en la urna ubicada en la entrada de la exposici\u00f3n. El sorteo se llevar\u00e1 a cabo el 3 de septiembre.<\/p>\n<h4>\u00bfCon ganas de m\u00e1s planes?<\/h4>\n<p>Ya que est\u00e1s en Bilbao, te invitamos a pasear por el Casco Viejo: paseo, visita la Plaza Nueva, la Plaza Unamuno y el Mercado de La Ribera, y aprovecha para disfrutar de la gastronom\u00eda en sus terrazas y restaurantes: Pintxos, rabas, bacalao,&#8230; &#x1f60b;<\/p>\n<p><a href=\"https:\/\/www.disfrutabizkaia.com\/comer-beber\/establecimientos?buscadorEstablecimiento=&amp;buscadorMunicipio=Bilbao&amp;localidad_id=7542&amp;cp=48005&amp;categoria=1%2C2&amp;ofertasGastronomicas=&amp;ocios=&amp;facilidades=&amp;otros=&amp;sort=-id&amp;pagesize=30\"><img loading=\"lazy\" decoding=\"async\" class=\"aligncenter wp-image-3546 size-full\" src=\"https:\/\/www.disfrutabizkaia.com\/blog\/wp-content\/uploads\/2020\/04\/Desktop_restaurantes.gif\" alt=\"D\u00f3nde comer o cenar en Bilbao y resto de Bizkaia\" width=\"678\" height=\"181\" \/><\/a><\/p>\n<h5><span style=\"color: #ffcc00;\"><a style=\"color: #ffcc00;\" href=\"https:\/\/www.disfrutabizkaia.com\/\"><strong>Disfruta Bizkaia<\/strong><\/a><\/span>,\u00a0planes, turismo, alojamiento y restaurantes en una misma web<\/h5>\n<div class=\"crp-list-container\"><h3 class=\"crp-list-title\">Related Posts<\/h3><ul class=\"crp-list\"><li class=\"crp-list-item crp-list-item-image-left crp-list-item-has-image\"><div class=\"crp-list-item-image\"><a href=\"https:\/\/www.disfrutabizkaia.com\/blog\/agosto-bizkaia-5-planes-ninos-verano\/\" target=\"_blank\"><img loading=\"lazy\" decoding=\"async\" data-pin-nopin=\"true\" style=\"max-width: 100px; height: auto;\" width=\"100\" height=\"67\" src=\"https:\/\/www.disfrutabizkaia.com\/blog\/wp-content\/uploads\/2023\/07\/planes-ninos-ninas-agosto-en-Bizkaia-visitas-fiestas-excursiones-museos-372x248.png\" class=\"attachment-100x100 size-100x100\" alt=\"\" \/><\/a><\/div><div class=\"crp-list-item-title\"><a href=\"https:\/\/www.disfrutabizkaia.com\/blog\/agosto-bizkaia-5-planes-ninos-verano\/\" target=\"_blank\">Agosto en Bizkaia: 5 Planes con ni\u00f1os<\/a><\/div><\/li><li class=\"crp-list-item crp-list-item-image-left crp-list-item-has-image\"><div class=\"crp-list-item-image\"><a href=\"https:\/\/www.disfrutabizkaia.com\/blog\/visitas-bizkaia-verano\/\" target=\"_blank\"><img loading=\"lazy\" decoding=\"async\" data-pin-nopin=\"true\" style=\"max-width: 100px; height: auto;\" width=\"100\" height=\"67\" src=\"https:\/\/www.disfrutabizkaia.com\/blog\/wp-content\/uploads\/2023\/07\/NUEVO-destacado-BLOG-Disfruta-560x315-17-372x248.jpg\" class=\"attachment-100x100 size-100x100\" alt=\"\" \/><\/a><\/div><div class=\"crp-list-item-title\"><a href=\"https:\/\/www.disfrutabizkaia.com\/blog\/visitas-bizkaia-verano\/\" target=\"_blank\">Explorando Bizkaia: Visitas para este verano<\/a><\/div><\/li><li class=\"crp-list-item crp-list-item-image-left crp-list-item-has-image\"><div class=\"crp-list-item-image\"><a href=\"https:\/\/www.disfrutabizkaia.com\/blog\/musica-y-festivales-de-verano-en-bizkaia\/\" target=\"_blank\"><img loading=\"lazy\" decoding=\"async\" data-pin-nopin=\"true\" style=\"max-width: 100px; height: auto;\" width=\"100\" height=\"67\" src=\"https:\/\/www.disfrutabizkaia.com\/blog\/wp-content\/uploads\/2023\/06\/NUEVO-destacado-BLOG-Disfruta-560x315-10-372x248.png\" class=\"attachment-100x100 size-100x100\" alt=\"\" \/><\/a><\/div><div class=\"crp-list-item-title\"><a href=\"https:\/\/www.disfrutabizkaia.com\/blog\/musica-y-festivales-de-verano-en-bizkaia\/\" target=\"_blank\">Festivales de verano en Bizkaia<\/a><\/div><\/li><li class=\"crp-list-item crp-list-item-image-left crp-list-item-has-image\"><div class=\"crp-list-item-image\"><a href=\"https:\/\/www.disfrutabizkaia.com\/blog\/planes-para-exprimir-el-verano-en-bizkaia\/\" target=\"_blank\"><img loading=\"lazy\" decoding=\"async\" data-pin-nopin=\"true\" style=\"max-width: 100px; height: auto;\" width=\"100\" height=\"67\" src=\"https:\/\/www.disfrutabizkaia.com\/blog\/wp-content\/uploads\/2024\/06\/NUEVO-destacado-BLOG-Disfruta-560x315-12-372x248.jpg\" class=\"attachment-100x100 size-100x100\" alt=\"\" \/><\/a><\/div><div class=\"crp-list-item-title\"><a href=\"https:\/\/www.disfrutabizkaia.com\/blog\/planes-para-exprimir-el-verano-en-bizkaia\/\" target=\"_blank\">Planes para exprimir el verano en Bizkaia<\/a><\/div><\/li><\/ul><\/div>\n<p>&nbsp;<\/p>\n","protected":false},"excerpt":{"rendered":"<p>Los \u00abGigantes\u00bb son mu\u00f1ecos de m\u00e1s de cuatro metros de altura, que representan personajes hist\u00f3ricos de la villa y que animan las fiestas populares de Bilbao y los pueblos de Bizkaia, acompa\u00f1ados de los \u00abCabezudos\u00bb y comparsas de txistularis. \u00bfQuieres&#8230; <a class=\"more-link\" href=\"https:\/\/www.disfrutabizkaia.com\/blog\/exposicion-de-gigantes-de-bilbao-bilboko-erraldoiak-verano-2023\/\">Seguir leyendo &rarr;<\/a><\/p>\n","protected":false},"author":2,"featured_media":6398,"comment_status":"open","ping_status":"closed","sticky":false,"template":"","format":"standard","meta":{"_acf_changed":false,"footnotes":""},"categories":[48,1,47,50,49],"tags":[],"class_list":["post-5455","post","type-post","status-publish","format-standard","has-post-thumbnail","hentry","category-con-ninos","category-disfruta-bizkaia","category-planes","category-tradiciones","category-turismo"],"acf":[],"_links":{"self":[{"href":"https:\/\/www.disfrutabizkaia.com\/blog\/wp-json\/wp\/v2\/posts\/5455","targetHints":{"allow":["GET"]}}],"collection":[{"href":"https:\/\/www.disfrutabizkaia.com\/blog\/wp-json\/wp\/v2\/posts"}],"about":[{"href":"https:\/\/www.disfrutabizkaia.com\/blog\/wp-json\/wp\/v2\/types\/post"}],"author":[{"embeddable":true,"href":"https:\/\/www.disfrutabizkaia.com\/blog\/wp-json\/wp\/v2\/users\/2"}],"replies":[{"embeddable":true,"href":"https:\/\/www.disfrutabizkaia.com\/blog\/wp-json\/wp\/v2\/comments?post=5455"}],"version-history":[{"count":6,"href":"https:\/\/www.disfrutabizkaia.com\/blog\/wp-json\/wp\/v2\/posts\/5455\/revisions"}],"predecessor-version":[{"id":6404,"href":"https:\/\/www.disfrutabizkaia.com\/blog\/wp-json\/wp\/v2\/posts\/5455\/revisions\/6404"}],"wp:featuredmedia":[{"embeddable":true,"href":"https:\/\/www.disfrutabizkaia.com\/blog\/wp-json\/wp\/v2\/media\/6398"}],"wp:attachment":[{"href":"https:\/\/www.disfrutabizkaia.com\/blog\/wp-json\/wp\/v2\/media?parent=5455"}],"wp:term":[{"taxonomy":"category","embeddable":true,"href":"https:\/\/www.disfrutabizkaia.com\/blog\/wp-json\/wp\/v2\/categories?post=5455"},{"taxonomy":"post_tag","embeddable":true,"href":"https:\/\/www.disfrutabizkaia.com\/blog\/wp-json\/wp\/v2\/tags?post=5455"}],"curies":[{"name":"wp","href":"https:\/\/api.w.org\/{rel}","templated":true}]}}