{"id":6255,"date":"2024-05-31T13:50:14","date_gmt":"2024-05-31T11:50:14","guid":{"rendered":"https:\/\/www.disfrutabizkaia.com\/blog\/?p=6255"},"modified":"2024-06-24T11:59:01","modified_gmt":"2024-06-24T09:59:01","slug":"calentando-para-el-verano-%f0%9f%98%8e-los-planes-de-junio-en-bizkaia","status":"publish","type":"post","link":"https:\/\/www.disfrutabizkaia.com\/blog\/calentando-para-el-verano-%f0%9f%98%8e-los-planes-de-junio-en-bizkaia\/","title":{"rendered":"Calentando motores para verano &#x1f60e; Planes de junio en Bizkaia"},"content":{"rendered":"<div>\n<h5>En Bizkaia, llueva o truene, la diversi\u00f3n est\u00e1 garantizada. Sin embargo, el buen clima siempre invita a planear actividades al aire libre. Junio marca la llegada del verano y ofrece una amplia variedad de planes para todas las edades y preferencias.<\/h5>\n<p>Si a eso le a\u00f1ades que por fin es fin de semana\u2026\u00a1No hay otra! Es hora de hacer planes y sumergirnos en las maravillas de Bizkaia, explorando las m\u00faltiples opciones de diversi\u00f3n que nos regala.<\/p>\n<h5>Aqu\u00ed te traemos los planes m\u00e1s top en cultura, gastronom\u00eda y entretenimiento por toda Bizkaia para dar la bienvenida a la temporada estival de la mejor manera.<\/h5>\n<\/div>\n<h3><span style=\"color: #ffcc00;\">Vuelven Hirian y Herrian. La Antesala del BBK Live en Rekalde y Sondika<\/span><\/h3>\n<div><img loading=\"lazy\" decoding=\"async\" class=\"alignnone size-medium wp-image-6263\" src=\"https:\/\/www.disfrutabizkaia.com\/blog\/wp-content\/uploads\/2024\/05\/unnamed-3-240x300.jpg\" alt=\"\" width=\"240\" height=\"300\" srcset=\"https:\/\/www.disfrutabizkaia.com\/blog\/wp-content\/uploads\/2024\/05\/unnamed-3-240x300.jpg 240w, https:\/\/www.disfrutabizkaia.com\/blog\/wp-content\/uploads\/2024\/05\/unnamed-3-819x1024.jpg 819w, https:\/\/www.disfrutabizkaia.com\/blog\/wp-content\/uploads\/2024\/05\/unnamed-3-768x960.jpg 768w, https:\/\/www.disfrutabizkaia.com\/blog\/wp-content\/uploads\/2024\/05\/unnamed-3-600x750.jpg 600w, https:\/\/www.disfrutabizkaia.com\/blog\/wp-content\/uploads\/2024\/05\/unnamed-3-945x1181.jpg 945w, https:\/\/www.disfrutabizkaia.com\/blog\/wp-content\/uploads\/2024\/05\/unnamed-3.jpg 1081w\" sizes=\"auto, (max-width: 240px) 100vw, 240px\" \/>\u00a0 <img loading=\"lazy\" decoding=\"async\" class=\"alignnone size-medium wp-image-6258\" src=\"https:\/\/www.disfrutabizkaia.com\/blog\/wp-content\/uploads\/2024\/05\/HORARIOS_HIRIAN_CUADRADO_OK-2-1-1-300x300.jpg\" alt=\"\" width=\"300\" height=\"300\" srcset=\"https:\/\/www.disfrutabizkaia.com\/blog\/wp-content\/uploads\/2024\/05\/HORARIOS_HIRIAN_CUADRADO_OK-2-1-1-300x300.jpg 300w, https:\/\/www.disfrutabizkaia.com\/blog\/wp-content\/uploads\/2024\/05\/HORARIOS_HIRIAN_CUADRADO_OK-2-1-1-1024x1024.jpg 1024w, https:\/\/www.disfrutabizkaia.com\/blog\/wp-content\/uploads\/2024\/05\/HORARIOS_HIRIAN_CUADRADO_OK-2-1-1-768x767.jpg 768w, https:\/\/www.disfrutabizkaia.com\/blog\/wp-content\/uploads\/2024\/05\/HORARIOS_HIRIAN_CUADRADO_OK-2-1-1-600x599.jpg 600w, https:\/\/www.disfrutabizkaia.com\/blog\/wp-content\/uploads\/2024\/05\/HORARIOS_HIRIAN_CUADRADO_OK-2-1-1-945x944.jpg 945w, https:\/\/www.disfrutabizkaia.com\/blog\/wp-content\/uploads\/2024\/05\/HORARIOS_HIRIAN_CUADRADO_OK-2-1-1.jpg 1081w\" sizes=\"auto, (max-width: 300px) 100vw, 300px\" \/><\/div>\n<div><\/div>\n<div>Este s\u00e1bado <strong>1 de junio<\/strong>,<strong> Rekalde<\/strong> se convertir\u00e1 en una fiesta con los conciertos de &#8216;Hirian&#8217;. Un total de 18 artistas ofrecer\u00e1n actuaciones gratuitas en este barrio de Bilbao <strong>&#8216;Hirian&#8217;<\/strong>, como adelanto del <strong>Bilbao BBK Live,<\/strong> se celebrar\u00e1 en Rekalde. Los conciertos se llevar\u00e1n a cabo en cuatro escenarios situados en la Plaza Rekalde, Pe\u00f1a Lemona y debajo de los pilares de la autopist<\/div>\n<h4><strong>Los escenarios:<\/strong><\/h4>\n<ul>\n<li><strong>Bat (Errekalde Plaza)<\/strong> En este escenario se presentar\u00e1n el rapero argentino Dillom, el nuevo proyecto del l\u00edder de Novedades Carminha, Carlangas y Los Cubatas, la banda electro-punk de Albacete Putilatex, el potente rock euskaldun de Ezpalak y el singular m\u00fasico asturiano Pablo Und Destruktion.<\/li>\n<li><strong>Bi (Pe\u00f1a Lemona)<\/strong> El segundo escenario contar\u00e1 con la banda de garage-rock psicod\u00e9lico Doctor Explosi\u00f3n, la energ\u00eda y la libertad de Euskoprincess, la incre\u00edble conexi\u00f3n con el p\u00fablico de la cantante y compositora Alice Wonder y el talento de HUDA que esta artista despliega en cada verso.<\/li>\n<li><strong>Hiru (Pe\u00f1a Lemona)<\/strong> En el tercer escenario, actuar\u00e1n Las Odio, Germ\u00e1n y La Alegr\u00eda del Barrio con su propuesta de rock, la dulce voz de la bilba\u00edna Maren, el d\u00fao Pipiolas que fusiona diversos g\u00e9neros musicales, y la joven banda guipuzcoana Mirua, conocida por su inquietud art\u00edstica y su deseo de experimentar.<\/li>\n<li><strong>Basoa In The City (Bajo la autopista)<\/strong> La propuesta m\u00e1s electr\u00f3nica llega a este escenario con el DJ Juguete, un referente de la vida nocturna madrile\u00f1a, $kyhook, que ha consolidado su sonido ritmo tras ritmo, los sets de pop y denbow de Ruptura y el tr\u00edo explosivo de DJs Coolnenas.<\/li>\n<\/ul>\n<h4><strong>Herrian en Sondika<\/strong><\/h4>\n<div>\n<p>El <strong>15 de junio<\/strong>, <strong>Herrian<\/strong> aterriza en Sondika. Las calles se llenar\u00e1n de m\u00fasica en vivo en este festival que conectar\u00e1 con el municipio con su propuesta cultural gratuita. La <a href=\"https:\/\/bilbaobbklive.com\/actividades-paralelas-del-festival\/\">programaci\u00f3n<\/a> de Herrian en Sondika promete una mezcla explosiva de propuestas frescas y consolidadas que har\u00e1n vibrar hasta al m\u00e1s exigente.<\/p>\n<p>Habr\u00e1 3 zonas, con 3 escenarios en el <strong>Parque Larrabarrena<\/strong>, en la <strong>Plaza Goiri<\/strong> y en la zona de la <strong>Estaci\u00f3n de tren.<\/strong><\/p>\n<p>\u00a1No te lo pierdas!<\/p>\n<p>Para reponer fuerzas, encuentra <a href=\"https:\/\/www.disfrutabizkaia.com\/comer-beber\/bares-cafeterias\/\">d\u00f3nde comer y tomar algo<\/a> en buscando en ambas zonas.<\/p>\n<p><img loading=\"lazy\" decoding=\"async\" class=\"alignnone wp-image-6302 \" src=\"https:\/\/www.disfrutabizkaia.com\/blog\/wp-content\/uploads\/2024\/05\/HORARIOS_HERRIAN2024.jpg\" alt=\"\" width=\"367\" height=\"367\" srcset=\"https:\/\/www.disfrutabizkaia.com\/blog\/wp-content\/uploads\/2024\/05\/HORARIOS_HERRIAN2024.jpg 800w, https:\/\/www.disfrutabizkaia.com\/blog\/wp-content\/uploads\/2024\/05\/HORARIOS_HERRIAN2024-300x300.jpg 300w, https:\/\/www.disfrutabizkaia.com\/blog\/wp-content\/uploads\/2024\/05\/HORARIOS_HERRIAN2024-768x767.jpg 768w, https:\/\/www.disfrutabizkaia.com\/blog\/wp-content\/uploads\/2024\/05\/HORARIOS_HERRIAN2024-600x599.jpg 600w\" sizes=\"auto, (max-width: 367px) 100vw, 367px\" \/> <img loading=\"lazy\" decoding=\"async\" class=\"alignnone wp-image-6304 \" src=\"https:\/\/www.disfrutabizkaia.com\/blog\/wp-content\/uploads\/2024\/05\/MAPA_HERRIAN_CUADRADO-1024x1024-1.jpg\" alt=\"\" width=\"366\" height=\"366\" srcset=\"https:\/\/www.disfrutabizkaia.com\/blog\/wp-content\/uploads\/2024\/05\/MAPA_HERRIAN_CUADRADO-1024x1024-1.jpg 1024w, https:\/\/www.disfrutabizkaia.com\/blog\/wp-content\/uploads\/2024\/05\/MAPA_HERRIAN_CUADRADO-1024x1024-1-300x300.jpg 300w, https:\/\/www.disfrutabizkaia.com\/blog\/wp-content\/uploads\/2024\/05\/MAPA_HERRIAN_CUADRADO-1024x1024-1-768x768.jpg 768w, https:\/\/www.disfrutabizkaia.com\/blog\/wp-content\/uploads\/2024\/05\/MAPA_HERRIAN_CUADRADO-1024x1024-1-600x600.jpg 600w, https:\/\/www.disfrutabizkaia.com\/blog\/wp-content\/uploads\/2024\/05\/MAPA_HERRIAN_CUADRADO-1024x1024-1-945x945.jpg 945w\" sizes=\"auto, (max-width: 366px) 100vw, 366px\" \/><\/p>\n<h3><span style=\"color: #ffcc00;\">Talleres de ciencia para ni\u00f1os y ni\u00f1as &#8211; Rialia Museo de la Industria (Portugalete)<\/span><\/h3>\n<div>El <strong>Rialia Museo de la Industria<\/strong> y el Ayuntamiento de Portugalete han programado <strong>talleres de ciencia en euskera para ni\u00f1os y ni\u00f1as<\/strong> de 6 a\u00f1os en adelante. Durante estas actividades, los m\u00e1s txikis tendr\u00e1n la oportunidad de aprender sobre conceptos cient\u00edficos a trav\u00e9s de juegos y experimientos entretenidos, como descubrir por qu\u00e9 los objetos flotan en el agua o c\u00f3mo funcionan los imanes.<\/div>\n<\/div>\n<div><\/div>\n<div>\n<p><strong>Todos los talleres son en euskera y con inscripci\u00f3n previa:<\/strong><\/p>\n<ul>\n<li><strong><em>\u00bfFlota o se hunde?\u00a0<\/em><\/strong>El 18 de junio &#8211; de 16:30 a 18:00h &#8211; de 6 a 9 a\u00f1os<\/li>\n<li><em><strong>\u00bfQu\u00e9 sucede si ponemos un globo sobre el agua?<\/strong><\/em>El 19 de junio &#8211; de 16:30 a 18:00h &#8211; de 10 a 12 a\u00f1os<\/li>\n<li><strong><em>Flores m\u00e1gicas de agua<\/em><\/strong>El 20 de junio &#8211;\u00a0 de 16:30 a 18:00h &#8211; de 6 a 9 a\u00f1os<\/li>\n<li><em><strong>La magia de los imanes<\/strong><\/em>El 25 de junio &#8211; de 11:00 a 12:30h &#8211; de 10 a 12 a\u00f1os<\/li>\n<li><strong><em>\u00a0Monedas bailarinas<\/em><\/strong>26 de junio &#8211; de 11:00 a 12:30h &#8211; de 6 a 9 a\u00f1os<\/li>\n<li><em><strong>\u00bfAtraigo? Juego magn\u00e9tico<\/strong><\/em>27 de junio &#8211; de 11:00 a 12:30h &#8211; de 10 a 12 a\u00f1os<\/li>\n<\/ul>\n<p><strong>Inscripciones <em>&#x1f449;&#x1f3fc;<\/em><\/strong>\u00a0 a trav\u00e9s de la web del Ayuntamiento de Portugalete: <a href=\"https:\/\/www.portugalete.org\/\" target=\"_blank\" rel=\"noopener\">www.portugalete.org<\/a><\/p>\n<h3><span style=\"color: #ffcc00;\">\u00a1Bizkaiko Pintxo Txapelketa est\u00e1 de vuelta!<\/span><\/h3>\n<div>\n<p><img loading=\"lazy\" decoding=\"async\" class=\" wp-image-6269 alignleft\" src=\"https:\/\/www.disfrutabizkaia.com\/blog\/wp-content\/uploads\/2024\/05\/cartel-pintxoss-212x300.jpg\" alt=\"\" width=\"178\" height=\"252\" srcset=\"https:\/\/www.disfrutabizkaia.com\/blog\/wp-content\/uploads\/2024\/05\/cartel-pintxoss-212x300.jpg 212w, https:\/\/www.disfrutabizkaia.com\/blog\/wp-content\/uploads\/2024\/05\/cartel-pintxoss-600x848.jpg 600w, https:\/\/www.disfrutabizkaia.com\/blog\/wp-content\/uploads\/2024\/05\/cartel-pintxoss.jpg 651w\" sizes=\"auto, (max-width: 178px) 100vw, 178px\" \/>Si eres un fan\u00e1tico de los pintxos, te traemos un plan de rechupete: \u00a1Vota por tu pintxo preferido y gana un men\u00fa desgustaci\u00f3n en el restaurante La Escuela!<\/p>\n<p>T\u00fa eres el juez supremo que elegir\u00e1 a los 4 finalistas de los pintxos tradicionales. Echa un vistazo al sitio web de <a href=\"https:\/\/bizkaikopintxotxapelketa.eus\/participantes-pintxos-tradicionales-2024\/\">Bizkaiko Pintxo Txapelketa<\/a> y s\u00edguelos en redes para descubrir los locales y pintxos en competici\u00f3n. \u00a1Es hora de elegir a tu favorito y lanzar tu voto!<\/p>\n<\/div>\n<\/div>\n<h3><span style=\"color: #ffcc00;\">Getxophoto 2024 PLAY<\/span><\/h3>\n<div>\n<p>Un a\u00f1o m\u00e1s, <strong>del 6 al 30 de junio<\/strong>, vuelve <strong>Getxophoto<\/strong> es un festival de imagen internacionalen Getxo desde hace 17 a\u00f1os, con enfoque tem\u00e1tico. Busca generar pensamiento cr\u00edtico sobre temas contempor\u00e1neos a trav\u00e9s de instalaciones art\u00edsticas al aire libre. Promueve la creaci\u00f3n de una comunidad cr\u00edtica en torno a la imagen e involucra a la comunidad local. Ampl\u00eda su alcance a Internet y se enfoca en la sostenibilidad ambiental en su producci\u00f3n.<\/p>\n<div>\n<p>En Getxophoto 2024, siendo el tema centra el juego (Getxophoto PLAY), te encontrar\u00e1s con propuestas que, desde el fascinante mundo de la imagen y la fotograf\u00eda, se sumergen de cabeza en el juego y la diversi\u00f3n, y desde otros muchos \u00e1ngulos.<\/p>\n<p>Aqu\u00ed te dejamos el acceso a las <a href=\"https:\/\/www.getxophoto.com\/edicion-2024\/actividades\/\">actividades<\/a> hasta que est\u00e9 disponible el porgrama completo.<\/p>\n<\/div>\n<p><span style=\"color: #ffcc00; font-family: 'Roboto Slab', sans-serif; font-size: 1.5em; font-weight: bold;\">Bizkaiko Txakolina Fest Portugalete<\/span><\/p>\n<div>\n<div><img loading=\"lazy\" decoding=\"async\" class=\"wp-image-6260 alignleft\" src=\"https:\/\/www.disfrutabizkaia.com\/blog\/wp-content\/uploads\/2024\/05\/00_Cartel_BTFest_2024_web-1-212x300.webp\" alt=\"\" width=\"171\" height=\"242\" srcset=\"https:\/\/www.disfrutabizkaia.com\/blog\/wp-content\/uploads\/2024\/05\/00_Cartel_BTFest_2024_web-1-212x300.webp 212w, https:\/\/www.disfrutabizkaia.com\/blog\/wp-content\/uploads\/2024\/05\/00_Cartel_BTFest_2024_web-1-725x1024.webp 725w, https:\/\/www.disfrutabizkaia.com\/blog\/wp-content\/uploads\/2024\/05\/00_Cartel_BTFest_2024_web-1-768x1085.webp 768w, https:\/\/www.disfrutabizkaia.com\/blog\/wp-content\/uploads\/2024\/05\/00_Cartel_BTFest_2024_web-1-600x848.webp 600w, https:\/\/www.disfrutabizkaia.com\/blog\/wp-content\/uploads\/2024\/05\/00_Cartel_BTFest_2024_web-1.webp 843w\" sizes=\"auto, (max-width: 171px) 100vw, 171px\" \/><\/div>\n<p>Portugalete se conoce como la Villa Jarrillera debido a su arraigada tradici\u00f3n vitivin\u00edcola a lo largo de los siglos. En el pasado, la villa estaba rodeada de vi\u00f1edos y sus tabernas ofrec\u00edan refrescantes jarras de txakoli que saciaban la sed de sus habitantes. Esta tradici\u00f3n dio origen al gentilicio jarrilleros y jarrilleras.<\/p>\n<p>El <strong>8 y 9 de junio<\/strong>, el festival Bizkaiko Txakolina Fest Portugalete regresa al Paseo de La Canilla con su tercera edici\u00f3n, cargado de actividades, m\u00fasica, gastronom\u00eda y una amplia selecci\u00f3n de Bizkaiko Txakolina. Prep\u00e1rate para disfrutar de un ambiente animado donde la m\u00fasica, la gastronom\u00eda y, como no, los txakolis de Bizkaia ser\u00e1n los principales protagonistas.<\/p>\n<div>\n<p>Mira el <a href=\"https:\/\/bizkaikotxakolina.eus\/eventos\/portugalete-bizkaiko-txakolina-fest\/\">programa completo<\/a> para no perderte nada<\/p>\n<\/div>\n<\/div>\n<h3><span style=\"color: #ffcc00;\">Gau Zuria Bilbao 2024<\/span><\/h3>\n<div>\n<p><img loading=\"lazy\" decoding=\"async\" class=\"size-medium wp-image-6265 alignleft\" src=\"https:\/\/www.disfrutabizkaia.com\/blog\/wp-content\/uploads\/2024\/05\/programagauzuria2024-300x200.jpg\" alt=\"\" width=\"300\" height=\"200\" srcset=\"https:\/\/www.disfrutabizkaia.com\/blog\/wp-content\/uploads\/2024\/05\/programagauzuria2024-300x200.jpg 300w, https:\/\/www.disfrutabizkaia.com\/blog\/wp-content\/uploads\/2024\/05\/programagauzuria2024-372x248.jpg 372w, https:\/\/www.disfrutabizkaia.com\/blog\/wp-content\/uploads\/2024\/05\/programagauzuria2024.jpg 540w\" sizes=\"auto, (max-width: 300px) 100vw, 300px\" \/>Bilba\u00ednos y turistas suelen conmemorar el aniversario de la fundaci\u00f3n de la Villa de Bilbao por Don Diego L\u00f3pez de Haro con \u00ab<strong>Gau zuria &#8211; la noche blanca\u00bb<\/strong>, una ocasi\u00f3n especial repleta de luces. Durante esta noche, se iluminan con espect\u00e1culos audiovisuales los edificios m\u00e1s representativos y lugares emblem\u00e1ticos de Bilbao.<\/p>\n<div>\n<p>Bilbao celebrar\u00e1 Gau Zuria 2024, la Noche Blanca bilbaina, el <strong>14 y 15 de junio<\/strong>. El Ayuntamiento de Bilbao se est\u00e1 preparando para conmemorar el 724 Aniversario de la Fundaci\u00f3n de la Villa el pr\u00f3ximo 15 de junio. Como es tradici\u00f3n, la cultura ser\u00e1 el centro de esta celebraci\u00f3n con el evento urbano Gau Zuria. El arte, la creatividad y la tecnolog\u00eda dar\u00e1n forma al paisaje urbano de la ciudad con instalaciones de artistas locales, nacionales e internacionales, que se exhibir\u00e1n en iglesias, plazas, parques, museos, edificios emblem\u00e1ticos, puentes y esculturas repartidas por distintas zonas de la capital de Bizkaia.<\/p>\n<p>Consulta el <a href=\"http:\/\/chrome-extension:\/\/efaidnbmnnnibpcajpcglclefindmkaj\/https:\/\/www.kulturklik.euskadi.eus\/evento\/2024\/06\/14\/programa-noche-blanca-2024-de-bilbao-14-y-15-junio-\/webkklik00-detalle\/es\/adjuntos\/ProgramaGauZuria2024Bilbao.pdf\">programa completo<\/a> de Gau Zuria 2024<\/p>\n<h3><span style=\"color: #ffcc00;\">Visitas guiadas y Actividades gratuitas en el Castillo De Mu\u00f1atones y en la Ferrer\u00eda de El Pobal &#8211; Muskiz<\/span><\/h3>\n<p>En junio cumplen 20 a\u00f1os y quieren celebrarlo con actividades especiales y gratuitas.<\/p>\n<\/div>\n<div>\n<div id=\"attachment_949\" style=\"width: 310px\" class=\"wp-caption alignright\"><img loading=\"lazy\" decoding=\"async\" aria-describedby=\"caption-attachment-949\" class=\"size-medium wp-image-949\" src=\"https:\/\/www.disfrutabizkaia.com\/blog\/wp-content\/uploads\/2017\/09\/Castillo-de-Mu\u00f1atones-imagen-Bizkaikoa-300x148.jpg\" alt=\"Castillo de Mu\u00f1atones en Muskiz\" width=\"300\" height=\"148\" srcset=\"https:\/\/www.disfrutabizkaia.com\/blog\/wp-content\/uploads\/2017\/09\/Castillo-de-Mu\u00f1atones-imagen-Bizkaikoa-300x148.jpg 300w, https:\/\/www.disfrutabizkaia.com\/blog\/wp-content\/uploads\/2017\/09\/Castillo-de-Mu\u00f1atones-imagen-Bizkaikoa-768x380.jpg 768w, https:\/\/www.disfrutabizkaia.com\/blog\/wp-content\/uploads\/2017\/09\/Castillo-de-Mu\u00f1atones-imagen-Bizkaikoa-1024x506.jpg 1024w, https:\/\/www.disfrutabizkaia.com\/blog\/wp-content\/uploads\/2017\/09\/Castillo-de-Mu\u00f1atones-imagen-Bizkaikoa-945x467.jpg 945w, https:\/\/www.disfrutabizkaia.com\/blog\/wp-content\/uploads\/2017\/09\/Castillo-de-Mu\u00f1atones-imagen-Bizkaikoa-600x297.jpg 600w, https:\/\/www.disfrutabizkaia.com\/blog\/wp-content\/uploads\/2017\/09\/Castillo-de-Mu\u00f1atones-imagen-Bizkaikoa.jpg 2000w\" sizes=\"auto, (max-width: 300px) 100vw, 300px\" \/><p id=\"caption-attachment-949\" class=\"wp-caption-text\">Castillo de Mu\u00f1atones. imagen de Bizkaikoa<\/p><\/div>\n<\/div>\n<p>De momento, porque dicen que habr\u00e1 m\u00e1s, sabemos que:<\/p>\n<\/div>\n<\/div>\n<div>\n<div>\n<h4><strong>El Castillo de Mu\u00f1atones:<\/strong><\/h4>\n<p>&#x1f4c5;<strong>15 de junio<\/strong> visitas guiadas y actividades.<\/p>\n<p>&#x1f55b; 10:30h y a las 12:30h &#8211; Gratuito<\/p>\n<p>&#x1f4c5; <strong>23 de junio: <em>\u00abLa Dieta de Lope\u00bb<\/em><\/strong> Podr\u00e1s disfrutar de un sabroso picoteo medieval preparado por el artesano del pan Roberto Fern\u00e1ndez, de Crosta, acompa\u00f1ado de comentarios del<\/p>\n<p><img loading=\"lazy\" decoding=\"async\" class=\"size-medium wp-image-3387 alignleft\" src=\"https:\/\/www.disfrutabizkaia.com\/blog\/wp-content\/uploads\/2019\/12\/ferreria-el-pobal-museos-Bizkaia-Bizkaikoa-300x266.jpg\" alt=\"ferrer\u00eda-pobal-museos-muskiz-bizkaia-planes\" width=\"300\" height=\"266\" \/>historiador Juan Manuel Gonz\u00e1lez Cembell\u00edn sobre cada plato. Adem\u00e1s, el paleont\u00f3logo Pedro Casta\u00f1os revelar\u00e1 curiosidades sobre la alimentaci\u00f3n de los habitantes de este Castillo.<\/p>\n<p>&#x1f55b;12:00h &#8211; 5\u20ac &#8211; Plazas limitadas<\/p>\n<p>Reservas: 629271516 &#8211; elpobal@bizkaia.eus<\/p>\n<\/div>\n<\/div>\n<h4><strong>La Ferer\u00eda de El Pobal:<\/strong><\/h4>\n<div>\n<p><strong>&#x1f4c5;16 de junio: <\/strong>Ofrecer\u00e1 pases guiados con demostraci\u00f3n ferrona a las 11:00, 12:00 y 13:00 horas.<\/p>\n<div>\n<p>\u00a0&#x1f4c5; <strong>22 de junio: \u00ab<em>La Forja de una Veleta\u00bb<\/em><\/strong>\u00a0 Disfruta de la destreza del herrero y artista Luis Padura en la fragua de El Pobal. Podr\u00e1s presenciar en directo c\u00f3mo forja una veleta mientras comparte curiosidades sobre estos objetos &#x1f55b; 11:00 h &#8211; Actividad gratuita.<\/p>\n<\/div>\n<p>Estate atento a nuestro blog y redes porque parece que tienen m\u00e1s sorpresas preparadas para seguir celebrando.<\/p>\n<\/div>\n<div>\n<h3><\/h3>\n<h3><span style=\"color: #ffcc00;\">Bilbao Music Legends Fest 2024<\/span><\/h3>\n<p><img loading=\"lazy\" decoding=\"async\" class=\"size-medium wp-image-6267 alignleft\" src=\"https:\/\/www.disfrutabizkaia.com\/blog\/wp-content\/uploads\/2024\/05\/cartel-completo-a4-xlusive-show-canned-heat-e1714398908412-212x300.png\" alt=\"\" width=\"212\" height=\"300\" srcset=\"https:\/\/www.disfrutabizkaia.com\/blog\/wp-content\/uploads\/2024\/05\/cartel-completo-a4-xlusive-show-canned-heat-e1714398908412-212x300.png 212w, https:\/\/www.disfrutabizkaia.com\/blog\/wp-content\/uploads\/2024\/05\/cartel-completo-a4-xlusive-show-canned-heat-e1714398908412-724x1024.png 724w, https:\/\/www.disfrutabizkaia.com\/blog\/wp-content\/uploads\/2024\/05\/cartel-completo-a4-xlusive-show-canned-heat-e1714398908412-600x849.png 600w, https:\/\/www.disfrutabizkaia.com\/blog\/wp-content\/uploads\/2024\/05\/cartel-completo-a4-xlusive-show-canned-heat-e1714398908412.png 750w\" sizes=\"auto, (max-width: 212px) 100vw, 212px\" \/><\/p>\n<div>\n<p>\u00a1Si est\u00e1s planeando un fin de semana cerca de Bilbao y eres un amante de la m\u00fasica y los conciertos, este es el plan perfecto para ti! El BBK Music Legends Fest se celebra los d\u00edas <strong>14 y 15<\/strong> de junio en el Bilbao Arena (Miribilla).<\/p>\n<p>\u00a1Imag\u00ednate m\u00fasica, inclusi\u00f3n social y diversi\u00f3n juntas en un festival que ya es un must en el verano de Bizkaia! Organizado por Dekker Events y patrocinado por BBK, este festival naci\u00f3 del exitoso ciclo de conciertos \u00abMusic Legends\u00bb, que ha tra\u00eddo a Bilbao a grandes artistas y leyendas del folk, blues y rock. Su objetivo es ofrecer buena m\u00fasica y entretenimiento sin agobios, en un espacio amplio para disfrutar, con una terraza al aire libre (donde tocar\u00e1n bandas locales en directo) y un escenario cubierto, todo en un ambiente apto para todas las edades. \u00a1No te lo pierdas!<\/p>\n<\/div>\n<h3><span style=\"color: #ffcc00;\"><strong>La Noche de San Juan en Bizkaia<\/strong><\/span><\/h3>\n<div>\n<p>En la velada del <strong>23 de junio<\/strong>, en la celebraci\u00f3n de <strong>San Juan,<\/strong> las fogatas tradicionales no pueden faltar para ahuyentar lo negativo del invierno y dar la bienvenida al verano. Las leyendas y costumbres en torno a la <strong>Noche de San Juan<\/strong> son tan abundantes como las estrellas en la noche m\u00e1s corta del a\u00f1o.<\/p>\n<\/div>\n<p>Te recomendamos que est\u00e9s atento a nuestro blog para leer nuestro post especial sobre las Hogueras de esta noche m\u00e1gica, con el que adem\u00e1s de saber <strong>d\u00f3nde se celebran las mejores hogueras de San Juan<\/strong> en Bilbao, descubrir\u00e1s divertidas tradiciones que se celebran esta noche en algunos puntos de Bizkaia, como akelarres, la quema de la bruja o la bajada de antorchas.<\/p>\n<h3><span style=\"color: #ffcc00;\"><strong>Kaxarranka y Kilin-Kala el d\u00eda de San Pedro en Lekeitio<\/strong><\/span><\/h3>\n<p><img loading=\"lazy\" decoding=\"async\" class=\"alignright size-medium wp-image-1537\" src=\"https:\/\/www.disfrutabizkaia.com\/blog\/wp-content\/uploads\/2018\/06\/Kaxarranka-Lekeitio-Kaxarranka-Lekeitio-_CC-BY-3.0-ES-2012_EJ-GV_Irekia-Gobierno-Vasco_Mikel-Arrazola_-300x300.jpg\" alt=\"Danzas y Tradiciones en Lekeitio Bizkaia \" width=\"300\" height=\"300\" srcset=\"https:\/\/www.disfrutabizkaia.com\/blog\/wp-content\/uploads\/2018\/06\/Kaxarranka-Lekeitio-Kaxarranka-Lekeitio-_CC-BY-3.0-ES-2012_EJ-GV_Irekia-Gobierno-Vasco_Mikel-Arrazola_-300x300.jpg 300w, https:\/\/www.disfrutabizkaia.com\/blog\/wp-content\/uploads\/2018\/06\/Kaxarranka-Lekeitio-Kaxarranka-Lekeitio-_CC-BY-3.0-ES-2012_EJ-GV_Irekia-Gobierno-Vasco_Mikel-Arrazola_-257x257.jpg 257w, https:\/\/www.disfrutabizkaia.com\/blog\/wp-content\/uploads\/2018\/06\/Kaxarranka-Lekeitio-Kaxarranka-Lekeitio-_CC-BY-3.0-ES-2012_EJ-GV_Irekia-Gobierno-Vasco_Mikel-Arrazola_-600x597.jpg 600w, https:\/\/www.disfrutabizkaia.com\/blog\/wp-content\/uploads\/2018\/06\/Kaxarranka-Lekeitio-Kaxarranka-Lekeitio-_CC-BY-3.0-ES-2012_EJ-GV_Irekia-Gobierno-Vasco_Mikel-Arrazola_-150x150.jpg 150w, https:\/\/www.disfrutabizkaia.com\/blog\/wp-content\/uploads\/2018\/06\/Kaxarranka-Lekeitio-Kaxarranka-Lekeitio-_CC-BY-3.0-ES-2012_EJ-GV_Irekia-Gobierno-Vasco_Mikel-Arrazola_.jpg 630w\" sizes=\"auto, (max-width: 300px) 100vw, 300px\" \/><\/p>\n<div>Continuando con los eventos relacionados con las tradiciones de Bizkaia, no puedes dejar de asistir el<strong> d\u00eda 29<\/strong> a la curiosa procesi\u00f3n en Lekeitio que incorpora dos antiguas costumbres emblem\u00e1ticas de este encantador pueblo pesquero: La Kilin-Kala y la Kaxarranka. Visitar Lekeitio vale la pena en cualquier momento del a\u00f1o, pero especialmente el d\u00eda de San Pedro, el patr\u00f3n de la cofrad\u00eda de pescadores.<\/div>\n<p>Te invitamos a <span style=\"color: #ffcc00;\"><a style=\"color: #ffcc00;\" href=\"https:\/\/www.disfrutabizkaia.com\/que-hacer\/fiestas-populares\/kaxarranka-lekeitio\/c-8927\/es\">descubrir esta tradici\u00f3n en la secci\u00f3n \u201cFiestas y Tradiciones de Bizkaia\u201d<\/a><\/span><\/p>\n<h3><span style=\"color: #ffcc00;\"><strong>Zapatu azule en Ondarroa<\/strong><\/span><\/h3>\n<div>\n<p>En Bizkaia, el mes de junio concluye con festividades en diversas localidades. En esta ocasi\u00f3n, al encontrarnos en la comarca de Lea Artibai, les sugerimos explorar una festividad popular en Ondarroa, un encantador municipio costero de Bizkaia: Zapatu azule.<\/p>\n<\/div>\n<p><a href=\"https:\/\/www.disfrutabizkaia.com\/que-hacer\/fiestas-populares\/zapato-azule-ondarroa\/c-8930\/es\" target=\"_blank\" rel=\"noopener\"><em>Zapatu azule<\/em><\/a>, o \u00abs\u00e1bado azul\u00bb en castellano, debe su nombre a la vestimenta azul mah\u00f3n de los <em>arrantzales\u00a0<\/em>que en este d\u00eda lucen todos los asistentes a esta curiosa tradici\u00f3n. Esta fiesta que dura todo el d\u00eda, se celebra <strong>el \u00faltimo s\u00e1bado de junio<\/strong> y llena de ambientazo la parte vieja de Ondarroa.<\/p>\n<p>&nbsp;<\/p>\n<p><a href=\"https:\/\/www.disfrutabizkaia.com\/\"><strong>Disfruta Bizkaia<\/strong><\/a>, \u00a1Encuentra planes, turismo, alojamiento y restaurantes en una misma web!<\/p>\n<\/div>\n<p><img loading=\"lazy\" decoding=\"async\" class=\"aligncenter wp-image-4717 size-full\" src=\"https:\/\/www.disfrutabizkaia.com\/blog\/wp-content\/uploads\/2022\/09\/banner-restaurantes-bizkaia-blog-disfrutabizkaia.gif\" alt=\"\" width=\"678\" height=\"180\" \/><div class=\"crp-list-container\"><h3 class=\"crp-list-title\">Related Posts<\/h3><ul class=\"crp-list\"><li class=\"crp-list-item crp-list-item-image-left crp-list-item-has-image\"><div class=\"crp-list-item-image\"><a href=\"https:\/\/www.disfrutabizkaia.com\/blog\/3-visitas-experiencias-para-conocer-el-patrimonio-industrial-de-bizkaia\/\" target=\"_blank\"><img loading=\"lazy\" decoding=\"async\" data-pin-nopin=\"true\" style=\"max-width: 100px; height: auto;\" width=\"100\" height=\"67\" src=\"https:\/\/www.disfrutabizkaia.com\/blog\/wp-content\/uploads\/2023\/10\/Ondare-industriala-372x248.jpg\" class=\"attachment-100x100 size-100x100\" alt=\"\" \/><\/a><\/div><div class=\"crp-list-item-title\"><a href=\"https:\/\/www.disfrutabizkaia.com\/blog\/3-visitas-experiencias-para-conocer-el-patrimonio-industrial-de-bizkaia\/\" target=\"_blank\">3 Visitas y experiencias para conocer el patrimonio industrial de Bizkaia.<\/a><\/div><\/li><li class=\"crp-list-item crp-list-item-image-left crp-list-item-has-image\"><div class=\"crp-list-item-image\"><a href=\"https:\/\/www.disfrutabizkaia.com\/blog\/visitas-bizkaia-verano\/\" target=\"_blank\"><img loading=\"lazy\" decoding=\"async\" data-pin-nopin=\"true\" style=\"max-width: 100px; height: auto;\" width=\"100\" height=\"67\" src=\"https:\/\/www.disfrutabizkaia.com\/blog\/wp-content\/uploads\/2023\/07\/NUEVO-destacado-BLOG-Disfruta-560x315-17-372x248.jpg\" class=\"attachment-100x100 size-100x100\" alt=\"\" \/><\/a><\/div><div class=\"crp-list-item-title\"><a href=\"https:\/\/www.disfrutabizkaia.com\/blog\/visitas-bizkaia-verano\/\" target=\"_blank\">Explorando Bizkaia: Visitas para este verano<\/a><\/div><\/li><li class=\"crp-list-item crp-list-item-image-left crp-list-item-has-image\"><div class=\"crp-list-item-image\"><a href=\"https:\/\/www.disfrutabizkaia.com\/blog\/getxophoto-2024-play\/\" target=\"_blank\"><img loading=\"lazy\" decoding=\"async\" data-pin-nopin=\"true\" style=\"max-width: 100px; height: auto;\" width=\"100\" height=\"67\" src=\"https:\/\/www.disfrutabizkaia.com\/blog\/wp-content\/uploads\/2024\/06\/NUEVO-destacado-BLOG-Disfruta-560x315-7-372x248.png\" class=\"attachment-100x100 size-100x100\" alt=\"\" \/><\/a><\/div><div class=\"crp-list-item-title\"><a href=\"https:\/\/www.disfrutabizkaia.com\/blog\/getxophoto-2024-play\/\" target=\"_blank\">Getxophoto 2024 PLAY<\/a><\/div><\/li><li class=\"crp-list-item crp-list-item-image-left crp-list-item-has-image\"><div class=\"crp-list-item-image\"><a href=\"https:\/\/www.disfrutabizkaia.com\/blog\/hogueras-de-san-juan-en-bizkaia-la-noche-mas-corta-del-ano\/\" target=\"_blank\"><img loading=\"lazy\" decoding=\"async\" data-pin-nopin=\"true\" style=\"max-width: 100px; height: auto;\" width=\"100\" height=\"67\" src=\"https:\/\/www.disfrutabizkaia.com\/blog\/wp-content\/uploads\/2024\/06\/NUEVO-destacado-BLOG-Disfruta-560x315-9-372x248.png\" class=\"attachment-100x100 size-100x100\" alt=\"\" \/><\/a><\/div><div class=\"crp-list-item-title\"><a href=\"https:\/\/www.disfrutabizkaia.com\/blog\/hogueras-de-san-juan-en-bizkaia-la-noche-mas-corta-del-ano\/\" target=\"_blank\">Hogueras de San Juan en Bizkaia. La noche m\u00e1s corta del a\u00f1o<\/a><\/div><\/li><li class=\"crp-list-item crp-list-item-image-left crp-list-item-has-image\"><div class=\"crp-list-item-image\"><a href=\"https:\/\/www.disfrutabizkaia.com\/blog\/las-bebidas-tienes-probar-cuando-vengas-bizkaia-basque-wine\/\" target=\"_blank\"><img loading=\"lazy\" decoding=\"async\" data-pin-nopin=\"true\" style=\"max-width: 100px; height: auto;\" width=\"100\" height=\"67\" src=\"https:\/\/www.disfrutabizkaia.com\/blog\/wp-content\/uploads\/2022\/04\/bebidas-bizkaia_planes_gastronomia-3-372x248.png\" class=\"attachment-100x100 size-100x100\" alt=\"\" \/><\/a><\/div><div class=\"crp-list-item-title\"><a href=\"https:\/\/www.disfrutabizkaia.com\/blog\/las-bebidas-tienes-probar-cuando-vengas-bizkaia-basque-wine\/\" target=\"_blank\">Las bebidas que tienes que probar cuando vengas a Bizkaia: BASQUE WINE<\/a><\/div><\/li><li class=\"crp-list-item crp-list-item-image-left crp-list-item-has-image\"><div class=\"crp-list-item-image\"><a href=\"https:\/\/www.disfrutabizkaia.com\/blog\/los-mejores-pintxos-de-bizkaia-2024\/\" target=\"_blank\"><img loading=\"lazy\" decoding=\"async\" data-pin-nopin=\"true\" style=\"max-width: 100px; height: auto;\" width=\"100\" height=\"67\" src=\"https:\/\/www.disfrutabizkaia.com\/blog\/wp-content\/uploads\/2024\/06\/NUEVO-destacado-BLOG-Disfruta-560x315-11-372x248.jpg\" class=\"attachment-100x100 size-100x100\" alt=\"\" \/><\/a><\/div><div class=\"crp-list-item-title\"><a href=\"https:\/\/www.disfrutabizkaia.com\/blog\/los-mejores-pintxos-de-bizkaia-2024\/\" target=\"_blank\">Los mejores pintxos de Bizkaia 2024<\/a><\/div><\/li><\/ul><\/div><\/p>\n","protected":false},"excerpt":{"rendered":"<p>En Bizkaia, llueva o truene, la diversi\u00f3n est\u00e1 garantizada. Sin embargo, el buen clima siempre invita a planear actividades al aire libre. Junio marca la llegada del verano y ofrece una amplia variedad de planes para todas las edades y&#8230; <a class=\"more-link\" href=\"https:\/\/www.disfrutabizkaia.com\/blog\/calentando-para-el-verano-%f0%9f%98%8e-los-planes-de-junio-en-bizkaia\/\">Seguir leyendo &rarr;<\/a><\/p>\n","protected":false},"author":2,"featured_media":6271,"comment_status":"open","ping_status":"closed","sticky":false,"template":"","format":"standard","meta":{"_acf_changed":false,"footnotes":""},"categories":[1,47],"tags":[],"class_list":["post-6255","post","type-post","status-publish","format-standard","has-post-thumbnail","hentry","category-disfruta-bizkaia","category-planes"],"acf":[],"_links":{"self":[{"href":"https:\/\/www.disfrutabizkaia.com\/blog\/wp-json\/wp\/v2\/posts\/6255","targetHints":{"allow":["GET"]}}],"collection":[{"href":"https:\/\/www.disfrutabizkaia.com\/blog\/wp-json\/wp\/v2\/posts"}],"about":[{"href":"https:\/\/www.disfrutabizkaia.com\/blog\/wp-json\/wp\/v2\/types\/post"}],"author":[{"embeddable":true,"href":"https:\/\/www.disfrutabizkaia.com\/blog\/wp-json\/wp\/v2\/users\/2"}],"replies":[{"embeddable":true,"href":"https:\/\/www.disfrutabizkaia.com\/blog\/wp-json\/wp\/v2\/comments?post=6255"}],"version-history":[{"count":16,"href":"https:\/\/www.disfrutabizkaia.com\/blog\/wp-json\/wp\/v2\/posts\/6255\/revisions"}],"predecessor-version":[{"id":6340,"href":"https:\/\/www.disfrutabizkaia.com\/blog\/wp-json\/wp\/v2\/posts\/6255\/revisions\/6340"}],"wp:featuredmedia":[{"embeddable":true,"href":"https:\/\/www.disfrutabizkaia.com\/blog\/wp-json\/wp\/v2\/media\/6271"}],"wp:attachment":[{"href":"https:\/\/www.disfrutabizkaia.com\/blog\/wp-json\/wp\/v2\/media?parent=6255"}],"wp:term":[{"taxonomy":"category","embeddable":true,"href":"https:\/\/www.disfrutabizkaia.com\/blog\/wp-json\/wp\/v2\/categories?post=6255"},{"taxonomy":"post_tag","embeddable":true,"href":"https:\/\/www.disfrutabizkaia.com\/blog\/wp-json\/wp\/v2\/tags?post=6255"}],"curies":[{"name":"wp","href":"https:\/\/api.w.org\/{rel}","templated":true}]}}