{"id":6476,"date":"2024-09-03T14:02:03","date_gmt":"2024-09-03T12:02:03","guid":{"rendered":"https:\/\/www.disfrutabizkaia.com\/blog\/?p=6476"},"modified":"2024-09-06T09:28:31","modified_gmt":"2024-09-06T07:28:31","slug":"planes-para-este-septiembre-en-bizkaia","status":"publish","type":"post","link":"https:\/\/www.disfrutabizkaia.com\/blog\/planes-para-este-septiembre-en-bizkaia\/","title":{"rendered":"Planes para este septiembre en Bizkaia"},"content":{"rendered":"<p>\u00bfQui\u00e9n dijo que el verano se ha acabado? Septiembre llega cargado de planes, que se note que todav\u00eda queda verano para seguir disfrutando y la vuelta a la rutina sea m\u00e1s llevadera.<\/p>\n<p>Aqu\u00ed te ofrecemos un resumen para que puedas aprovechar al m\u00e1ximo tus planes de ocio: As\u00ed que ya lo sabes, septiembre sigue siendo un mes lleno de oportunidades para disfrutar del buen tiempo y de todas las actividades que a\u00fan nos ofrece el verano en Bizkaia \u00a1Aprovecha cada momento y haz que esta temporada sea memorable!<\/p>\n<div>\n<h2><span style=\"color: #ffcc00;\">Gallarta Burdin Jaia &#8211; La fiesta de la miner\u00eda<\/span><\/h2>\n<p><img loading=\"lazy\" decoding=\"async\" class=\" wp-image-6492 alignleft\" src=\"https:\/\/www.disfrutabizkaia.com\/blog\/wp-content\/uploads\/2024\/09\/1218142_es-.sw810.sh575.ct1-1-300x213.jpg\" alt=\"\" width=\"413\" height=\"293\" srcset=\"https:\/\/www.disfrutabizkaia.com\/blog\/wp-content\/uploads\/2024\/09\/1218142_es-.sw810.sh575.ct1-1-300x213.jpg 300w, https:\/\/www.disfrutabizkaia.com\/blog\/wp-content\/uploads\/2024\/09\/1218142_es-.sw810.sh575.ct1-1-768x545.jpg 768w, https:\/\/www.disfrutabizkaia.com\/blog\/wp-content\/uploads\/2024\/09\/1218142_es-.sw810.sh575.ct1-1-600x426.jpg 600w, https:\/\/www.disfrutabizkaia.com\/blog\/wp-content\/uploads\/2024\/09\/1218142_es-.sw810.sh575.ct1-1.jpg 810w\" sizes=\"auto, (max-width: 413px) 100vw, 413px\" \/><\/p>\n<p>La XIII edici\u00f3n de Burdin Jaia, la feria del hierro, regresa con exposiciones, demostraciones de oficios, espect\u00e1culos, un amplio mercado con productos locales y, como es tradici\u00f3n, la Marcha del Silencio en honor a quienes trabajaron en la mina de Bodovalle hasta 1993.<\/p>\n<p>Los d\u00edas <strong>7 y 8 de septiembre<\/strong>, los habitantes de Gallarta, y todos los que se quieran acercar a disfrutar de la fiesta, tendr\u00e1n la oportunidad de revivir su pasado minero. Ser\u00e1 un fin de semana lleno de actividades que, una vez m\u00e1s, rendir\u00e1 homenaje a la memoria de los mineros y a las mujeres que trabajaron en las minas, con la mina Concha II como epicentro de las celebraciones.Adem\u00e1s, con previa inscripci\u00f3n y pago, podr\u00e1s disfrutar de diferentes <a href=\"https:\/\/www.visitenkarterri.com\/ver-hacer\/eventos\/burdin-jaia.html\">catas de productos locales.<\/a><\/p>\n<p>&nbsp;<\/p>\n<\/div>\n<div>\n<h2><span style=\"color: #ffcc00;\">Eszena Kalera 2024<\/span><\/h2>\n<div>\n<p><img loading=\"lazy\" decoding=\"async\" class=\"wp-image-6490 alignright\" src=\"https:\/\/www.disfrutabizkaia.com\/blog\/wp-content\/uploads\/2024\/09\/ProgramaEszenaKalera2024.jpg\" alt=\"\" width=\"452\" height=\"301\" srcset=\"https:\/\/www.disfrutabizkaia.com\/blog\/wp-content\/uploads\/2024\/09\/ProgramaEszenaKalera2024.jpg 540w, https:\/\/www.disfrutabizkaia.com\/blog\/wp-content\/uploads\/2024\/09\/ProgramaEszenaKalera2024-300x200.jpg 300w, https:\/\/www.disfrutabizkaia.com\/blog\/wp-content\/uploads\/2024\/09\/ProgramaEszenaKalera2024-372x248.jpg 372w\" sizes=\"auto, (max-width: 452px) 100vw, 452px\" \/>Hasta el 29 de septiembre, puedes disfrutar del mayor circuito de artes callejeras m\u00e1s grande de Euskadi, que se llevar\u00e1 a cabo en todos los barrios de Bilbao. El programa ofrece una variedad de espect\u00e1culos como circo, danza, clown, verbenas infantiles o teatro callejero.Para que no te pierdas nada, consulta aqu\u00ed el <span style=\"color: #ffcc00;\"><a style=\"color: #ffcc00;\" href=\"https:\/\/www.sarea.euskadi.eus\/webkklik02-detalle\/es\/contenidos\/evento\/2024082810435883\/es_def\/index.shtml\">programa<\/a><\/span> de <strong><span style=\"color: #000000;\">Eszena Kalera 2024\u00a0&#x1f449;&#x1f3fc;<\/span><\/strong>Descarga el programa, selecciona las funciones que m\u00e1s te gusten y disfruta de un espect\u00e1culo al aire libre en Bilbao.<\/p>\n<p>Y para completar el plan, saborea unos pintxos o reserva mesa en uno de los bares y restaurantes de la ciudad para disfrutar de nuestra gastronom\u00eda.<\/p>\n<\/div>\n<\/div>\n<h2><span style=\"color: #ffcc00;\">Mahasti artean &#8211; Disfruta del Txakoli de Bizkaia<\/span><\/h2>\n<p><img loading=\"lazy\" decoding=\"async\" class=\"alignleft wp-image-6494 \" src=\"https:\/\/www.disfrutabizkaia.com\/blog\/wp-content\/uploads\/2024\/09\/Cartel_Mahasti-Artean_2024-1.webp\" alt=\"\" width=\"182\" height=\"255\" srcset=\"https:\/\/www.disfrutabizkaia.com\/blog\/wp-content\/uploads\/2024\/09\/Cartel_Mahasti-Artean_2024-1.webp 1719w, https:\/\/www.disfrutabizkaia.com\/blog\/wp-content\/uploads\/2024\/09\/Cartel_Mahasti-Artean_2024-1-213x300.webp 213w, https:\/\/www.disfrutabizkaia.com\/blog\/wp-content\/uploads\/2024\/09\/Cartel_Mahasti-Artean_2024-1-729x1024.webp 729w, https:\/\/www.disfrutabizkaia.com\/blog\/wp-content\/uploads\/2024\/09\/Cartel_Mahasti-Artean_2024-1-768x1079.webp 768w, https:\/\/www.disfrutabizkaia.com\/blog\/wp-content\/uploads\/2024\/09\/Cartel_Mahasti-Artean_2024-1-1093x1536.webp 1093w, https:\/\/www.disfrutabizkaia.com\/blog\/wp-content\/uploads\/2024\/09\/Cartel_Mahasti-Artean_2024-1-1457x2048.webp 1457w, https:\/\/www.disfrutabizkaia.com\/blog\/wp-content\/uploads\/2024\/09\/Cartel_Mahasti-Artean_2024-1-600x843.webp 600w, https:\/\/www.disfrutabizkaia.com\/blog\/wp-content\/uploads\/2024\/09\/Cartel_Mahasti-Artean_2024-1-945x1328.webp 945w\" sizes=\"auto, (max-width: 182px) 100vw, 182px\" \/><\/p>\n<p>Tras visitar Bakio, Urdaibai, Txorrierri o Enkarterri, esta quinta edici\u00f3n de Mahasti Artean llega a Gorbeialdea, un lugar impresionante para disfrutar de todos los sentidos en medio de paisajes espectaculares, los d\u00edas <strong>13, 14 y<\/strong> <strong>15 de septiembre.<\/strong><\/p>\n<p>Este a\u00f1o, los conciertos de Gari &amp; Maldanbera y Lorelei Green, la actuaci\u00f3n c\u00f3mica de The Wine Up Comedy con Sheila Gonz\u00e1lez, la excelente gastronom\u00eda del Restaurante Garena, las sesiones de yoga y las catas de txakoli de Bizkaia tendr\u00e1n lugar en dos impresionantes vi\u00f1edos de Usansolo y Dima.<\/p>\n<p><span style=\"color: #ffcc00;\"><a style=\"color: #ffcc00;\" href=\"https:\/\/bizkaikotxakolina.eus\/eventos\/mahasti-artean\/\">Programaci\u00f3n completa<\/a><\/span> para que no te pierdas nada<\/p>\n<p>&nbsp;<\/p>\n<h2><span style=\"color: #ffcc00;\">M\u00fasica para despedir el verano y dar la bienvenida al oto\u00f1o<\/span><\/h2>\n<h3 style=\"padding-left: 40px;\"><span style=\"color: #000000;\"><strong>El Festival internacional Getxo Folk cumple 40 a\u00f1os<\/strong><\/span><\/h3>\n<p><strong><img loading=\"lazy\" decoding=\"async\" class=\"alignleft wp-image-6485 \" src=\"https:\/\/www.disfrutabizkaia.com\/blog\/wp-content\/uploads\/2024\/09\/20240723102050_1721722850.6952FolkGetx.jpg\" alt=\"\" width=\"264\" height=\"316\" srcset=\"https:\/\/www.disfrutabizkaia.com\/blog\/wp-content\/uploads\/2024\/09\/20240723102050_1721722850.6952FolkGetx.jpg 500w, https:\/\/www.disfrutabizkaia.com\/blog\/wp-content\/uploads\/2024\/09\/20240723102050_1721722850.6952FolkGetx-250x300.jpg 250w\" sizes=\"auto, (max-width: 264px) 100vw, 264px\" \/><\/strong><\/p>\n<p><strong>Getxo Folk<\/strong> es mucho m\u00e1s que un festival de m\u00fasica: Ofrece conocer otras culturas a trav\u00e9s de la m\u00fasica, y este a\u00f1o est\u00e1 de aniversario:\u00a0Getxo Folk celebra cuatro d\u00e9cadas de trayectoria, afianz\u00e1ndose como un punto de referencia en la m\u00fasica tradicional, mundial y de fusi\u00f3n. Para celebrar estos 40 a\u00f1os, han preparado un programa con artistas reconocidos a nivel internacional, como la vocalista Buika, y destacados representantes del folk espa\u00f1ol, como el aclamado grupo <strong>Milladoiro<\/strong>. Adem\u00e1s, se celebrar\u00e1 un evento especial en el que varias bandas y artistas de Euskadi rendir\u00e1n homenaje al festival en su aniversario.<\/p>\n<p><span style=\"color: #ffcc00;\">\u00bfCu\u00e1ndo y d\u00f3nde?<\/span> <strong>Del 11 al 15 de septiembre<\/strong>. En total, ser\u00e1n\u00a013 actuaciones, varia gratuitas, como las matinales y de tarde en la Plaza del metro de Las Arenas y las de <strong>Esne Beltza y Rodrigo Cuevas<\/strong> en Ereaga, y las de pago en\u00a0Muxikebarri (Algorta)<\/p>\n<p>Precio:\u00a0Existe un abono para todo el festival o la posibilidad de adquirir entradas para cada d\u00eda. Consulta en la web de Getxo <span style=\"color: #ffcc00;\"><a style=\"color: #ffcc00;\" href=\"https:\/\/getxokultura.janto.es\/\">programaci\u00f3n y precios.<\/a><\/span><\/p>\n<p style=\"padding-left: 40px;\"><strong style=\"color: #000000; font-family: 'Roboto Slab', sans-serif; font-size: 1.5em;\">Concurso folkl\u00f3rico Folkez Blai en Ermua<\/strong><\/p>\n<div>\n<p>Con este concurso se pretende promover la m\u00fasica tradicional y actuar como plataforma de difusi\u00f3n para los grupos musicales que se dedican a este g\u00e9nero.<\/p>\n<p>La XIX edici\u00f3n de <span style=\"color: #ffcc00;\"><strong>Folkez Blai<\/strong> <\/span>se celebra durante el fin de semana del 13 al 15 de septiembre. Una oportunidad para explorar y disfrutar de este g\u00e9nero musical.No olvides paarte por los <span style=\"color: #ffcc00;\"><a style=\"color: #ffcc00;\" href=\"https:\/\/www.disfrutabizkaia.com\/comer-beber\/bares-cafeterias\/?nombre=&amp;localidad=Ermua&amp;zona=-1&amp;categorias%5B%5D=18&amp;categorias%5B%5D=17&amp;order=ASC\">establecimientos de Ermua<\/a><\/span> para degustar unos pintxos mientras disfrutas de la m\u00fasica.<\/p>\n<\/div>\n<h3 style=\"padding-left: 40px;\"><span style=\"color: #000000;\"><strong>Dale CandELA Fest <img loading=\"lazy\" decoding=\"async\" class=\"wp-image-6482 alignright\" src=\"https:\/\/www.disfrutabizkaia.com\/blog\/wp-content\/uploads\/2024\/09\/Palabras-Post-insta-.jpg\" alt=\"\" width=\"246\" height=\"246\" srcset=\"https:\/\/www.disfrutabizkaia.com\/blog\/wp-content\/uploads\/2024\/09\/Palabras-Post-insta-.jpg 1080w, https:\/\/www.disfrutabizkaia.com\/blog\/wp-content\/uploads\/2024\/09\/Palabras-Post-insta--300x300.jpg 300w, https:\/\/www.disfrutabizkaia.com\/blog\/wp-content\/uploads\/2024\/09\/Palabras-Post-insta--1024x1024.jpg 1024w, https:\/\/www.disfrutabizkaia.com\/blog\/wp-content\/uploads\/2024\/09\/Palabras-Post-insta--768x768.jpg 768w, https:\/\/www.disfrutabizkaia.com\/blog\/wp-content\/uploads\/2024\/09\/Palabras-Post-insta--600x600.jpg 600w, https:\/\/www.disfrutabizkaia.com\/blog\/wp-content\/uploads\/2024\/09\/Palabras-Post-insta--945x945.jpg 945w\" sizes=\"auto, (max-width: 246px) 100vw, 246px\" \/><\/strong><\/span><\/h3>\n<p style=\"padding-left: 40px;\">Este festival ben\u00e9fico, organizado por la asociaci\u00f3n sin fines de lucro DalecandELA, vuelve a Getxo otro a\u00f1o m\u00e1s, con el objetivo de sensibilizar sobre la ELA, recaudar fondos para la investigaci\u00f3n y el apoyo a los afectados, fomentando valores de optimismo y superaci\u00f3n.<\/p>\n<p style=\"padding-left: 40px;\">Durante los tres d\u00edas del <span style=\"color: #ffcc00;\"><a style=\"color: #ffcc00;\" href=\"https:\/\/dalecandela.org\/dalecandela-fest-3\/\">festival<\/a><\/span>, 20, 21 y 22 de septiembre, podr\u00e1s disfrutar de actuaciones de grupos y artistas destacados. Adem\u00e1s de la m\u00fasica, habr\u00e1 otras actividades como la traves\u00eda solidaria de nataci\u00f3n \u00abTraves\u00eda Getxo por la ELA\u00bb, o actividades para ni\u00f1os y ni\u00f1as.<\/p>\n<p style=\"padding-left: 40px;\"><strong>&#x1f4cd;<\/strong>\u00bfD\u00f3nde? En la explanada del Puerto Viejo de Algorta, en Getxo, donde encontrar\u00e1s diferentes <span style=\"color: #ffcc00;\"><a style=\"color: #ffcc00;\" href=\"https:\/\/www.disfrutabizkaia.com\/comer-beber\/restaurantes\/page\/2\/?nombre&amp;localidad=Getxo&amp;zona=-1&amp;categorias%5B0%5D=18&amp;categorias%5B1%5D=17&amp;order=ASC#038;localidad=Getxo&amp;zona=-1&amp;categorias%5B0%5D=18&amp;categorias%5B1%5D=17&amp;order=ASC\">restaurantes y bares de Getxo<\/a><\/span> para disfrutar de nuestra gastronom\u00eda.<\/p>\n<h3 style=\"padding-left: 40px;\"><span style=\"color: #000000;\"><strong>Sopela Kosta Fest\u00a0<\/strong><\/span><\/h3>\n<div style=\"padding-left: 40px;\"><img loading=\"lazy\" decoding=\"async\" class=\"wp-image-6478 alignleft\" src=\"https:\/\/www.disfrutabizkaia.com\/blog\/wp-content\/uploads\/2024\/09\/Cartel-conciertos-2024-1.jpg\" alt=\"\" width=\"118\" height=\"167\" srcset=\"https:\/\/www.disfrutabizkaia.com\/blog\/wp-content\/uploads\/2024\/09\/Cartel-conciertos-2024-1.jpg 1080w, https:\/\/www.disfrutabizkaia.com\/blog\/wp-content\/uploads\/2024\/09\/Cartel-conciertos-2024-1-212x300.jpg 212w, https:\/\/www.disfrutabizkaia.com\/blog\/wp-content\/uploads\/2024\/09\/Cartel-conciertos-2024-1-724x1024.jpg 724w, https:\/\/www.disfrutabizkaia.com\/blog\/wp-content\/uploads\/2024\/09\/Cartel-conciertos-2024-1-768x1087.jpg 768w, https:\/\/www.disfrutabizkaia.com\/blog\/wp-content\/uploads\/2024\/09\/Cartel-conciertos-2024-1-600x849.jpg 600w, https:\/\/www.disfrutabizkaia.com\/blog\/wp-content\/uploads\/2024\/09\/Cartel-conciertos-2024-1-945x1337.jpg 945w\" sizes=\"auto, (max-width: 118px) 100vw, 118px\" \/><\/div>\n<p>Sopela tambi\u00e9n despide el verano como se merece. El festival<strong> Sopela Kosta Fest<\/strong>, celebrar\u00e1 su XI edici\u00f3n <strong>del 20 al 22 de septiembre<\/strong>. Se trata de un festival para todos los p\u00fablicos y todas las edades, con el que disfrutar del entorno y del patrimonio natural de Sopela a trav\u00e9s de la naturaleza, la m\u00fasica y el surf.<\/p>\n<p>Organ\u00edzate el fin de semana consultando las diferentes propuestas que te trae este festival costero <span style=\"color: #000000;\">&#x270d;&#x1f3fb;<\/span> <span style=\"color: #ffcc00;\"><a style=\"color: #ffcc00;\" href=\"https:\/\/sopelakostafest.eus\/es\/\">PROGRAMA<\/a><\/span><\/p>\n<p>Y para reponer fuerzas, te dejamos algunos <span style=\"color: #ffcc00;\"><a style=\"color: #ffcc00;\" href=\"https:\/\/www.disfrutabizkaia.com\/comer-beber\/bares-cafeterias\/?nombre=&amp;localidad=Sopelana&amp;zona=-1&amp;categorias%5B%5D=18&amp;categorias%5B%5D=17&amp;order=ASC\">bares y restaurantes<\/a><\/span> de la zona.<\/p>\n<h3 style=\"padding-left: 40px;\"><span style=\"color: #000000;\"><strong>Pop-Rock Villa de Bilbao en el Bilborock<\/strong><\/span><\/h3>\n<p style=\"padding-left: 40px;\">Los conciertos clasificatorios de la 31\u00aa edici\u00f3n del Concurso Pop Rock Villa de Bilbao, organizado por el Ayuntamiento de Bilbao, comenzar\u00e1n el jueves 12 de septiembre. Durante el per\u00edodo que va hasta el 4 de octubre, se llevar\u00e1n a cabo 32 conciertos, uno para cada banda seleccionada, los jueves y viernes de cada semana, a partir de las 20:00 h. en la sala Bilborock. Las finales se desarrollar\u00e1n por categor\u00edas: Pop-Rock, Metal y Urban, los d\u00edas 17, 18 y 19 de octubre. La entrada ser\u00e1 gratuita en todos los casos, hasta completar el aforo. <strong>Entrada libre.<\/strong><\/p>\n<h2><span style=\"color: #ffcc00;\"><strong>Disfruta de la gastronom\u00eda de Bizkaia con la \u00abRuta del Pintxo\u00bb\u00a0<\/strong><\/span><\/h2>\n<p><img loading=\"lazy\" decoding=\"async\" class=\"wp-image-6488 alignleft\" src=\"https:\/\/www.disfrutabizkaia.com\/blog\/wp-content\/uploads\/2024\/09\/Palabras-Post-insta-1.jpg\" alt=\"\" width=\"308\" height=\"308\" \/><\/p>\n<p><span style=\"color: #ff9900;\"><strong><span style=\"color: #000000;\">\u00bfCu\u00e1ndo y d\u00f3nde?<\/span>\u00a0<\/strong><\/span>Todo el a\u00f1o, a lo largo y ancho de la provincia de Bizkaia.<\/p>\n<p>En Bizkaia, hay una amplia variedad de planes para todos los gustos, pero una experiencia imperdible es disfrutar de la tradici\u00f3n de \u00abir de pintxos\u00bb. Degusta nuestra gastronom\u00eda en peque\u00f1as porciones, desde las cl\u00e1sicas gildas y los tradicionales pintxos de bacalao, hasta los modernos y sofisticados pintxos de autor.<\/p>\n<p>Para que puedas encontrar las mejores barras de pintxos <strong>Disfruta Bizkaia<\/strong> ha reunido en<span style=\"color: #ffcc00;\"><a style=\"color: #ffcc00;\" href=\"http:\/\/www.disfrutabizkaia.com\/que-hacer\/ruta-de-pintxos-por-bizkaia\/c-543\/\"><strong> la Ruta del Pintxo<\/strong><\/a><\/span> los establecimientos m\u00e1s representativos para disfrutar de esta deliciosa tradici\u00f3n.<\/p>\n<p>\u00a1Como veis en Bizkaia no nos aburrimos, siempre hay planes que hacer y lugares que visitar, esperamos que los disfrut\u00e9is!<\/p>\n<h5><a href=\"https:\/\/www.disfrutabizkaia.com\/\"><strong><span style=\"color: #ffcc00;\">Disfruta Bizkaia<\/span><\/strong><\/a>,\u00a0planes, turismo, alojamiento y restaurantes en una misma web<\/h5>\n<p>&nbsp;<\/p>\n<p style=\"padding-left: 30px;\"><a href=\"https:\/\/www.disfrutabizkaia.com\/comer-beber\/restaurantes\/\"><img loading=\"lazy\" decoding=\"async\" class=\"aligncenter wp-image-4717 size-full\" src=\"https:\/\/www.disfrutabizkaia.com\/blog\/wp-content\/uploads\/2022\/09\/banner-restaurantes-bizkaia-blog-disfrutabizkaia.gif\" alt=\"\" width=\"678\" height=\"180\" \/><\/a><\/p>\n<p>&nbsp;<\/p>\n","protected":false},"excerpt":{"rendered":"<p>\u00bfQui\u00e9n dijo que el verano se ha acabado? Septiembre llega cargado de planes, que se note que todav\u00eda queda verano para seguir disfrutando y la vuelta a la rutina sea m\u00e1s llevadera. Aqu\u00ed te ofrecemos un resumen para que puedas&#8230; <a class=\"more-link\" href=\"https:\/\/www.disfrutabizkaia.com\/blog\/planes-para-este-septiembre-en-bizkaia\/\">Seguir leyendo &rarr;<\/a><\/p>\n","protected":false},"author":2,"featured_media":6496,"comment_status":"open","ping_status":"closed","sticky":false,"template":"","format":"standard","meta":{"_acf_changed":false,"footnotes":""},"categories":[1,47],"tags":[],"class_list":["post-6476","post","type-post","status-publish","format-standard","has-post-thumbnail","hentry","category-disfruta-bizkaia","category-planes"],"acf":[],"_links":{"self":[{"href":"https:\/\/www.disfrutabizkaia.com\/blog\/wp-json\/wp\/v2\/posts\/6476","targetHints":{"allow":["GET"]}}],"collection":[{"href":"https:\/\/www.disfrutabizkaia.com\/blog\/wp-json\/wp\/v2\/posts"}],"about":[{"href":"https:\/\/www.disfrutabizkaia.com\/blog\/wp-json\/wp\/v2\/types\/post"}],"author":[{"embeddable":true,"href":"https:\/\/www.disfrutabizkaia.com\/blog\/wp-json\/wp\/v2\/users\/2"}],"replies":[{"embeddable":true,"href":"https:\/\/www.disfrutabizkaia.com\/blog\/wp-json\/wp\/v2\/comments?post=6476"}],"version-history":[{"count":16,"href":"https:\/\/www.disfrutabizkaia.com\/blog\/wp-json\/wp\/v2\/posts\/6476\/revisions"}],"predecessor-version":[{"id":6510,"href":"https:\/\/www.disfrutabizkaia.com\/blog\/wp-json\/wp\/v2\/posts\/6476\/revisions\/6510"}],"wp:featuredmedia":[{"embeddable":true,"href":"https:\/\/www.disfrutabizkaia.com\/blog\/wp-json\/wp\/v2\/media\/6496"}],"wp:attachment":[{"href":"https:\/\/www.disfrutabizkaia.com\/blog\/wp-json\/wp\/v2\/media?parent=6476"}],"wp:term":[{"taxonomy":"category","embeddable":true,"href":"https:\/\/www.disfrutabizkaia.com\/blog\/wp-json\/wp\/v2\/categories?post=6476"},{"taxonomy":"post_tag","embeddable":true,"href":"https:\/\/www.disfrutabizkaia.com\/blog\/wp-json\/wp\/v2\/tags?post=6476"}],"curies":[{"name":"wp","href":"https:\/\/api.w.org\/{rel}","templated":true}]}}