{"id":6988,"date":"2025-04-29T17:25:20","date_gmt":"2025-04-29T15:25:20","guid":{"rendered":"https:\/\/www.disfrutabizkaia.com\/blog\/?p=6988"},"modified":"2025-05-16T08:27:14","modified_gmt":"2025-05-16T06:27:14","slug":"mayo-en-bizkaia-fiestas-gastronomia-tradicion-cultura-al-aire-libre","status":"publish","type":"post","link":"https:\/\/www.disfrutabizkaia.com\/blog\/mayo-en-bizkaia-fiestas-gastronomia-tradicion-cultura-al-aire-libre\/","title":{"rendered":"Mayo en Bizkaia: fiestas, gastronom\u00eda, tradici\u00f3n y cultura al aire libre"},"content":{"rendered":"<p>El buen tiempo empieza a asomarse y en <strong>Bizkaia<\/strong> lo celebramos como mejor sabemos: con calles llenas de vida, fiestas populares, gastronom\u00eda que conquista y espect\u00e1culos para todos los gustos.<\/p>\n<p>Si est\u00e1s buscando planes para disfrutar del mes de mayo, gu\u00e1rdate este art\u00edculo porque viene cargadito de propuestas irresistibles.<\/p>\n<h2 class=\"\" data-start=\"562\" data-end=\"629\"><span style=\"color: #ffcc00;\">Celebra el D\u00eda de la Madre disfrutando de nuestra gastronom\u00eda<\/span><\/h2>\n<p class=\"\" data-start=\"631\" data-end=\"1075\">El domingo 4 de mayo es el momento perfecto para celebrar con una comida especial: Recorre los bares del Casco Viejo en busca del pintxo perfecto, reserva mesa en alguno de los muchos restaurantes con encanto de la provincia, o an\u00edmate a descubrir sabores nuevos en una terraza frente al mar.<\/p>\n<p class=\"\" data-start=\"631\" data-end=\"1075\">Un plan redondo para agradecer a amatxu todo lo que hace por nosotros.<\/p>\n<h2 class=\"\" data-start=\"1082\" data-end=\"1128\"><span style=\"color: #ffcc00;\">Otxomaios en Ordu\u00f1a<\/span><\/h2>\n<p class=\"\" data-start=\"1130\" data-end=\"1477\"><strong><img loading=\"lazy\" decoding=\"async\" class=\"alignleft wp-image-6994 \" src=\"https:\/\/www.disfrutabizkaia.com\/blog\/wp-content\/uploads\/2025\/04\/3-2.jpg\" alt=\"\" width=\"272\" height=\"181\" srcset=\"https:\/\/www.disfrutabizkaia.com\/blog\/wp-content\/uploads\/2025\/04\/3-2.jpg 540w, https:\/\/www.disfrutabizkaia.com\/blog\/wp-content\/uploads\/2025\/04\/3-2-300x200.jpg 300w, https:\/\/www.disfrutabizkaia.com\/blog\/wp-content\/uploads\/2025\/04\/3-2-372x248.jpg 372w\" sizes=\"auto, (max-width: 272px) 100vw, 272px\" \/>Del 2 al 11 de mayo<\/strong>, esta preciosa villa celebra sus fiestas patronales, los Otxomaios, con un ambientazo \u00fanico que llena cada rinc\u00f3n de Ordu\u00f1a, pero sobre todo en la Foru Plaza. Teatro de calle, espect\u00e1culos infantiles, pasacalles con gigantes y cabezudos\u2026 Y no te pierdas el domingo 11 la tradicional <strong data-start=\"1522\" data-end=\"1542\">quema de Bihotza<\/strong>, que pone el broche final a esta celebraci\u00f3n tan especial.<\/p>\n<p class=\"\" data-start=\"1603\" data-end=\"1651\">&#x1f4f2; Puedes consultar el <a href=\"https:\/\/www.urduna.com\/es-ES\/Noticias\/Paginas\/20250424-ya-llegan-fiestas-otxomaios-2025.aspx\">programa completo<\/a><\/p>\n<h2 data-start=\"1603\" data-end=\"1651\"><span style=\"color: #ffcc00;\"><strong data-start=\"758\" data-end=\"816\">Getxo Eszena Kalera: teatro y espect\u00e1culos en la calle\u00a0<\/strong><\/span><\/h2>\n<p class=\"\" data-start=\"818\" data-end=\"1215\">Con la llegada del buen tiempo, <strong data-start=\"850\" data-end=\"897\">vuelve el ciclo de artes esc\u00e9nicas de calle<\/strong> \u00abGetxo Eszena Kalera\u00bb.<\/p>\n<p class=\"\" data-start=\"818\" data-end=\"1215\">Desde el <strong data-start=\"932\" data-end=\"966\">3 de mayo hasta el 26 de julio<\/strong>, todos los s\u00e1bados se podr\u00e1 disfrutar de<\/p>\n<h3 class=\"\" style=\"line-height: 28.8px;\" data-start=\"754\" data-end=\"816\"><span style=\"color: #ffcc00;\"><strong data-start=\"758\" data-end=\"816\"><img loading=\"lazy\" decoding=\"async\" class=\"alignright wp-image-6992 \" src=\"https:\/\/www.disfrutabizkaia.com\/blog\/wp-content\/uploads\/2025\/04\/NUEVO-destacado-BLOG-Disfruta-560x315-42.jpg\" alt=\"\" width=\"455\" height=\"256\" srcset=\"https:\/\/www.disfrutabizkaia.com\/blog\/wp-content\/uploads\/2025\/04\/NUEVO-destacado-BLOG-Disfruta-560x315-42.jpg 560w, https:\/\/www.disfrutabizkaia.com\/blog\/wp-content\/uploads\/2025\/04\/NUEVO-destacado-BLOG-Disfruta-560x315-42-300x169.jpg 300w\" sizes=\"auto, (max-width: 455px) 100vw, 455px\" \/><\/strong><\/span><\/h3>\n<p class=\"\" data-start=\"818\" data-end=\"1215\">\u00a0teatro, danza, circo y espect\u00e1culos en la <strong data-start=\"1076\" data-end=\"1108\">plaza Estaci\u00f3n de Las Arenas<\/strong>.<\/p>\n<p class=\"\" data-start=\"818\" data-end=\"1215\">Esta edici\u00f3n contar\u00e1 con 14 espect\u00e1culos a cargo de compa\u00f1\u00edas de Euskadi, Catalu\u00f1a, Madrid y B\u00e9lgica.<\/p>\n<p style=\"padding-left: 40px;\" data-start=\"1217\" data-end=\"1244\">&#x1f4c5; <strong data-start=\"1225\" data-end=\"1243\">Agenda de mayo<\/strong>:<\/p>\n<ul>\n<li style=\"list-style-type: none;\">\n<ul data-start=\"1245\" data-end=\"1617\">\n<li class=\"\" data-start=\"1245\" data-end=\"1367\">\n<p class=\"\" data-start=\"1247\" data-end=\"1367\"><strong data-start=\"1247\" data-end=\"1260\">3 de mayo<\/strong><br data-start=\"1260\" data-end=\"1263\" \/>&#x1f561; 18:30 \u2013 \u00abBira Kolore\u00bb, Zurrunka Teatro &amp; La Semilla Voladora<br data-start=\"1328\" data-end=\"1331\" \/>&#x1f562; 19:30 \u2013 \u00abH\u00bb, C\u00eda. La C\u00f3rcoles<\/p>\n<\/li>\n<li class=\"\" data-start=\"1368\" data-end=\"1417\">\n<p class=\"\" data-start=\"1370\" data-end=\"1417\"><strong data-start=\"1370\" data-end=\"1384\">10 de mayo<\/strong><br data-start=\"1384\" data-end=\"1387\" \/>&#x1f563; 20:30 \u2013 \u00abPlaza\u00bb, La Pez<\/p>\n<\/li>\n<li class=\"\" data-start=\"1418\" data-end=\"1487\">\n<p class=\"\" data-start=\"1420\" data-end=\"1487\"><strong data-start=\"1420\" data-end=\"1434\">17 de mayo<\/strong><br data-start=\"1434\" data-end=\"1437\" \/>&#x1f561; 18:30 \u2013 \u00abFinito-Infinito\u00bb, C\u00eda. Trotamundos<\/p>\n<\/li>\n<li class=\"\" data-start=\"1488\" data-end=\"1546\">\n<p class=\"\" data-start=\"1490\" data-end=\"1546\"><strong data-start=\"1490\" data-end=\"1504\">24 de mayo<\/strong><br data-start=\"1504\" data-end=\"1507\" \/>&#x1f561; 18:30 \u2013 \u00abOh-pera!\u00bb, Zirko Txosko<\/p>\n<\/li>\n<li class=\"\" data-start=\"1547\" data-end=\"1617\">\n<p class=\"\" data-start=\"1549\" data-end=\"1617\"><strong data-start=\"1549\" data-end=\"1563\">31 de mayo<\/strong><br data-start=\"1563\" data-end=\"1566\" \/>&#x1f561; 18:30 \u2013 \u00abLa \u00faltima y nos vamos\u00bb, Trapu Zaharra<\/p>\n<\/li>\n<\/ul>\n<\/li>\n<\/ul>\n<h2 class=\"\" data-start=\"1658\" data-end=\"1713\"><span style=\"color: #ffcc00;\">Mercado Medieval de Balmaseda<\/span><\/h2>\n<p class=\"\" data-start=\"1715\" data-end=\"2039\"><img loading=\"lazy\" decoding=\"async\" class=\"alignleft wp-image-319 size-full\" src=\"https:\/\/www.disfrutabizkaia.com\/blog\/wp-content\/uploads\/2016\/05\/IMAGEN-MERCADO-BALMASEDA.jpg\" alt=\"\" width=\"400\" height=\"300\" srcset=\"https:\/\/www.disfrutabizkaia.com\/blog\/wp-content\/uploads\/2016\/05\/IMAGEN-MERCADO-BALMASEDA.jpg 400w, https:\/\/www.disfrutabizkaia.com\/blog\/wp-content\/uploads\/2016\/05\/IMAGEN-MERCADO-BALMASEDA-300x225.jpg 300w\" sizes=\"auto, (max-width: 400px) 100vw, 400px\" \/>Vuelve una de las citas m\u00e1s esperadas del a\u00f1o: el Mercado Medieval de Balmaseda.<\/p>\n<p class=\"\" data-start=\"1715\" data-end=\"2039\">Durante tres d\u00edas,\u00a0 <strong>9, 10 y 11 de mayo,<\/strong> las calles del casco hist\u00f3rico se transforman para hacernos viajar en el tiempo. Pendones en los balcones, heno en las calles, trajes medievales, artesanos, saltimbanquis, productos tradicionales y un mont\u00f3n de espect\u00e1culos.<\/p>\n<p class=\"\" data-start=\"2041\" data-end=\"2218\">El s\u00e1bado 11 por la ma\u00f1ana, frente al Ayuntamiento, se representar\u00e1 un hecho hist\u00f3rico de la villa, seguido de la apertura del mercado. Y por la noche&#8230; \u00a1fuego, m\u00fasica y magia!<\/p>\n<p class=\"\" data-start=\"2220\" data-end=\"2314\">&#x1f3ad; Aqu\u00ed podr\u00e1s consultar el <a href=\"https:\/\/turismo.balmaseda.eus\/wp-content\/uploads\/2025\/05\/Folleto-XXV-Mercado-Medieval-Ayto-Balmaseda-CAS.pdf\" target=\"_blank\" rel=\"noopener\">programa completo<\/a>.<\/p>\n<h2 class=\"\" data-start=\"2321\" data-end=\"2372\"><span style=\"color: #ffcc00;\">\u00a0Ondarroa y Bermeo: ferias marineras con sabor<\/span><\/h2>\n<p class=\"\" data-start=\"2374\" data-end=\"2497\">Mayo tambi\u00e9n es mes de mar, pesca y buen producto. Ondarroa y Bermeo lo celebran a lo grande con dos citas imprescindibles:<\/p>\n<h5 style=\"padding-left: 40px;\" data-start=\"2499\" data-end=\"2544\"><strong data-start=\"2503\" data-end=\"2544\">Antxoa Eguna en Ondarroa \u2013 17 de mayo<\/strong><\/h5>\n<p class=\"\" style=\"padding-left: 40px;\" data-start=\"2545\" data-end=\"2733\">Un d\u00eda entero dedicado a la reina de sus mares: la anchoa. Habr\u00e1 mercado de conservas, pintxos, actuaciones musicales y teatrales, y mucho m\u00e1s. \u00a1No te vayas sin probar el pintxo de antxoa!<br \/>\nAqu\u00ed tienes el <a href=\"https:\/\/udalbarriak.eus\/wp-content\/uploads\/2025\/05\/FLYER-723x1024.jpg\" target=\"_blank\" rel=\"noopener\">cartel con el programa<\/a><\/p>\n<h5 style=\"padding-left: 40px;\" data-start=\"2735\" data-end=\"2787\"><strong data-start=\"2739\" data-end=\"2787\">Arrain Azoka en Bermeo \u2013 16, 17 y 18 de mayo<\/strong><\/h5>\n<p class=\"\" style=\"padding-left: 40px;\" data-start=\"2788\" data-end=\"3011\">M\u00e1s de 30 expositores con marisco, pescado fresco, ahumados, conservas\u2026 y adem\u00e1s, concurso de pintxos, simulaciones de venta en el puerto, m\u00fasica y tradici\u00f3n. Una fiesta que rinde homenaje a la cultura pesquera de Bermeo.<br \/>\nPuedes consultar aqu\u00ed el <a href=\"https:\/\/bizibermeo.eus\/wp-content\/uploads\/2025\/05\/EgitarauaAA_2025-1.pdf\" target=\"_blank\" rel=\"noopener\">programa completo de Arrain azoka 2025<\/a><\/p>\n<h2 class=\"\" data-start=\"3018\" data-end=\"3063\"><span style=\"color: #ffcc00;\">Umore Azoka en Leioa\u00a0<\/span><\/h2>\n<p class=\"\" data-start=\"3065\" data-end=\"3304\"><strong><img loading=\"lazy\" decoding=\"async\" class=\"alignleft wp-image-6990 \" src=\"https:\/\/www.disfrutabizkaia.com\/blog\/wp-content\/uploads\/2025\/04\/UMORE_AZOKA_2025-960x1600-1.jpg\" alt=\"\" width=\"127\" height=\"212\" srcset=\"https:\/\/www.disfrutabizkaia.com\/blog\/wp-content\/uploads\/2025\/04\/UMORE_AZOKA_2025-960x1600-1.jpg 960w, https:\/\/www.disfrutabizkaia.com\/blog\/wp-content\/uploads\/2025\/04\/UMORE_AZOKA_2025-960x1600-1-180x300.jpg 180w, https:\/\/www.disfrutabizkaia.com\/blog\/wp-content\/uploads\/2025\/04\/UMORE_AZOKA_2025-960x1600-1-614x1024.jpg 614w, https:\/\/www.disfrutabizkaia.com\/blog\/wp-content\/uploads\/2025\/04\/UMORE_AZOKA_2025-960x1600-1-768x1280.jpg 768w, https:\/\/www.disfrutabizkaia.com\/blog\/wp-content\/uploads\/2025\/04\/UMORE_AZOKA_2025-960x1600-1-922x1536.jpg 922w, https:\/\/www.disfrutabizkaia.com\/blog\/wp-content\/uploads\/2025\/04\/UMORE_AZOKA_2025-960x1600-1-600x1000.jpg 600w, https:\/\/www.disfrutabizkaia.com\/blog\/wp-content\/uploads\/2025\/04\/UMORE_AZOKA_2025-960x1600-1-945x1575.jpg 945w\" sizes=\"auto, (max-width: 127px) 100vw, 127px\" \/>Del 16 al 19 de mayo<\/strong>, Leioa se convierte en un escenario gigante y lleno de diversi\u00f3n con el <strong data-start=\"3141\" data-end=\"3156\">Umore Azoka<\/strong>, la feria de artes de referencia a nivel estatal. Este a\u00f1o celebra su 25 cumplea\u00f1os con m\u00e1s de 50 compa\u00f1\u00edas locales, nacionales e internacionales.<\/p>\n<p class=\"\" data-start=\"3306\" data-end=\"3547\">Teatro, circo, danza, humor, gigantes, luz, fuego, exposiciones al aire libre y verbenas nocturnas. Adem\u00e1s, los d\u00edas 17 y 18 por la noche se celebrar\u00e1n dos fiestas abiertas para que p\u00fablico y artistas celebren juntos este aniversario tan especial.<\/p>\n<p data-start=\"3306\" data-end=\"3547\">Para que no te pierdas nada, te dejamos aqu\u00ed la <a href=\"https:\/\/www.kulturklik.euskadi.eus\/evento\/2025\/05\/15\/programa-umore-azoka-leioa-2025\/webkklik00-detalle\/es\/\">programaci\u00f3n completa.<\/a><\/p>\n<h3 class=\"\" data-start=\"141\" data-end=\"189\"><span style=\"color: #ffcc00;\"><strong data-start=\"145\" data-end=\"189\">Lamiako Maskarada: Mitolog\u00eda y tradici\u00f3n<\/strong><\/span><\/h3>\n<h3><span style=\"color: #ffcc00;\"><img loading=\"lazy\" decoding=\"async\" class=\"size-medium wp-image-6203 alignright\" src=\"https:\/\/www.disfrutabizkaia.com\/blog\/wp-content\/uploads\/2024\/04\/13221648_1286634938067515_1577184513367911726_n-214x300.jpg\" alt=\"\" width=\"214\" height=\"300\" srcset=\"https:\/\/www.disfrutabizkaia.com\/blog\/wp-content\/uploads\/2024\/04\/13221648_1286634938067515_1577184513367911726_n-214x300.jpg 214w, https:\/\/www.disfrutabizkaia.com\/blog\/wp-content\/uploads\/2024\/04\/13221648_1286634938067515_1577184513367911726_n.jpg 336w\" sizes=\"auto, (max-width: 214px) 100vw, 214px\" \/><\/span><\/h3>\n<p class=\"\" data-start=\"191\" data-end=\"497\">Como cada \u00faltimo viernes de mayo, <strong data-start=\"225\" data-end=\"236\">Lamiako<\/strong> se llena de magia mitol\u00f3gica, m\u00fasica y alegr\u00eda.<\/p>\n<p class=\"\" data-start=\"191\" data-end=\"497\">La <strong data-start=\"290\" data-end=\"303\">Maskarada<\/strong> vuelve con energ\u00eda, junto a sus personajes de siempre: <strong data-start=\"359\" data-end=\"396\">Mari, Prudentzia, Sugaar o Ieltxu<\/strong>, que recorrer\u00e1n las calles del barrio danzando y cantando, acompa\u00f1ados por <strong data-start=\"472\" data-end=\"496\">gigantes y cabezudos<\/strong>.<\/p>\n<p class=\"\" style=\"padding-left: 40px;\" data-start=\"499\" data-end=\"747\">&#x1f4c5; <strong data-start=\"502\" data-end=\"535\">30 de mayo en Lamiako (Leioa)<\/strong><\/p>\n<p class=\"\" style=\"padding-left: 40px;\" data-start=\"499\" data-end=\"747\">&#x1f554; <strong data-start=\"541\" data-end=\"550\">17:30<\/strong> \u2013 Comienzo de la Maskarada, encabezada por el personaje <strong data-start=\"607\" data-end=\"618\">Maiatza<\/strong>, desde la \u201crotonda del soplador\u201d<br data-start=\"651\" data-end=\"654\" \/>&#x1f555; <strong data-start=\"657\" data-end=\"666\">18:00<\/strong> \u2013 Presentaci\u00f3n de los personajes mitol\u00f3gicos<br data-start=\"711\" data-end=\"714\" \/>&#x1f319; <strong data-start=\"717\" data-end=\"726\">22:30<\/strong> \u2013 <strong data-start=\"729\" data-end=\"747\">Akelarre final<\/strong><\/p>\n<h3 class=\"\" data-start=\"1624\" data-end=\"1674\"><span style=\"color: #ffcc00;\"><strong data-start=\"1628\" data-end=\"1674\">MusikAuzo Bilbao: m\u00fasica en los barrios<\/strong><\/span><\/h3>\n<p class=\"\" data-start=\"1676\" data-end=\"1840\">Dentro del ciclo MusikAuzo, este mes de mayo disfrutaremos de conciertos al aire libre en diferentes barrios de Bilbao. \u00a1Plan perfecto para las tardes primaverales! Hemos seleccionado 2, pero aqui os dejamos el programa completo para que no te pierdas nada.<\/p>\n<p class=\"\" style=\"padding-left: 40px;\" data-start=\"1842\" data-end=\"1937\">&#x1f3b5; <strong data-start=\"1845\" data-end=\"1859\">20 de mayo<\/strong><br data-start=\"1859\" data-end=\"1862\" \/>&#x1f4cd; Parque de Do\u00f1a Casilda | &#x1f556; 19:00<br data-start=\"1898\" data-end=\"1901\" \/>&#x1f3a4; <strong data-start=\"1904\" data-end=\"1937\">Arnau &amp; The Honky-Tonk Losers<\/strong><\/p>\n<p class=\"\" style=\"padding-left: 40px;\" data-start=\"1939\" data-end=\"2023\">&#x1f3b5; <strong data-start=\"1942\" data-end=\"1956\">30 de mayo<\/strong><br data-start=\"1956\" data-end=\"1959\" \/>&#x1f4cd; Plaza del Funicular | &#x1f556; 19:00<br data-start=\"1992\" data-end=\"1995\" \/>&#x1f3b7; <strong data-start=\"1998\" data-end=\"2023\">Marmara Marching Band<\/strong><\/p>\n<p data-start=\"499\" data-end=\"747\">\u00bfListo para disfrutar de mayo en Bizkaia?<br data-start=\"2071\" data-end=\"2074\" \/>Desde tradiciones ancestrales hasta m\u00fasica y arte en la calle\u2026 \u00a1tienes un plan para cada gusto y rinc\u00f3n!<\/p>\n<p><a href=\"https:\/\/www.disfrutabizkaia.com\/comer-beber\/restaurantes\/\"><img loading=\"lazy\" decoding=\"async\" class=\"lazyloaded aligncenter wp-image-4717 size-full\" src=\"https:\/\/www.disfrutabizkaia.com\/blog\/wp-content\/uploads\/2022\/09\/banner-restaurantes-bizkaia-blog-disfrutabizkaia.gif\" alt=\"restaurantes en Bizkaia\" width=\"678\" height=\"180\" data-src=\"https:\/\/www.disfrutabizkaia.com\/blog\/wp-content\/uploads\/2022\/09\/banner-restaurantes-bizkaia-blog-disfrutabizkaia.gif\" \/><\/a><\/p>\n<h5><a href=\"https:\/\/www.disfrutabizkaia.com\/\"><strong><span style=\"color: #ffcc00;\">Disfruta<\/span> <span style=\"color: #ffcc00;\">Bizkaia<\/span><\/strong><\/a><span style=\"color: #ffcc00;\">,<\/span>\u00a0Planes, turismo, alojamiento y restaurantes en una misma web.<\/h5>\n","protected":false},"excerpt":{"rendered":"<p>El buen tiempo empieza a asomarse y en Bizkaia lo celebramos como mejor sabemos: con calles llenas de vida, fiestas populares, gastronom\u00eda que conquista y espect\u00e1culos para todos los gustos. Si est\u00e1s buscando planes para disfrutar del mes de mayo,&#8230; <a class=\"more-link\" href=\"https:\/\/www.disfrutabizkaia.com\/blog\/mayo-en-bizkaia-fiestas-gastronomia-tradicion-cultura-al-aire-libre\/\">Seguir leyendo &rarr;<\/a><\/p>\n","protected":false},"author":2,"featured_media":6996,"comment_status":"open","ping_status":"closed","sticky":false,"template":"","format":"standard","meta":{"_acf_changed":false,"footnotes":""},"categories":[1],"tags":[],"class_list":["post-6988","post","type-post","status-publish","format-standard","has-post-thumbnail","hentry","category-disfruta-bizkaia"],"acf":[],"_links":{"self":[{"href":"https:\/\/www.disfrutabizkaia.com\/blog\/wp-json\/wp\/v2\/posts\/6988","targetHints":{"allow":["GET"]}}],"collection":[{"href":"https:\/\/www.disfrutabizkaia.com\/blog\/wp-json\/wp\/v2\/posts"}],"about":[{"href":"https:\/\/www.disfrutabizkaia.com\/blog\/wp-json\/wp\/v2\/types\/post"}],"author":[{"embeddable":true,"href":"https:\/\/www.disfrutabizkaia.com\/blog\/wp-json\/wp\/v2\/users\/2"}],"replies":[{"embeddable":true,"href":"https:\/\/www.disfrutabizkaia.com\/blog\/wp-json\/wp\/v2\/comments?post=6988"}],"version-history":[{"count":8,"href":"https:\/\/www.disfrutabizkaia.com\/blog\/wp-json\/wp\/v2\/posts\/6988\/revisions"}],"predecessor-version":[{"id":7015,"href":"https:\/\/www.disfrutabizkaia.com\/blog\/wp-json\/wp\/v2\/posts\/6988\/revisions\/7015"}],"wp:featuredmedia":[{"embeddable":true,"href":"https:\/\/www.disfrutabizkaia.com\/blog\/wp-json\/wp\/v2\/media\/6996"}],"wp:attachment":[{"href":"https:\/\/www.disfrutabizkaia.com\/blog\/wp-json\/wp\/v2\/media?parent=6988"}],"wp:term":[{"taxonomy":"category","embeddable":true,"href":"https:\/\/www.disfrutabizkaia.com\/blog\/wp-json\/wp\/v2\/categories?post=6988"},{"taxonomy":"post_tag","embeddable":true,"href":"https:\/\/www.disfrutabizkaia.com\/blog\/wp-json\/wp\/v2\/tags?post=6988"}],"curies":[{"name":"wp","href":"https:\/\/api.w.org\/{rel}","templated":true}]}}