{"id":7033,"date":"2025-05-27T12:42:40","date_gmt":"2025-05-27T10:42:40","guid":{"rendered":"https:\/\/www.disfrutabizkaia.com\/blog\/?p=7033"},"modified":"2025-05-27T12:42:40","modified_gmt":"2025-05-27T10:42:40","slug":"planes-para-disfrutar-bizkaia-en-junio","status":"publish","type":"post","link":"https:\/\/www.disfrutabizkaia.com\/blog\/planes-para-disfrutar-bizkaia-en-junio\/","title":{"rendered":"Planes para disfrutar Bizkaia en junio"},"content":{"rendered":"<p>El verano est\u00e1 a punto de arrancar y en Bizkaia se nota. M\u00fasica en la calle, festivales con sabor local, fiestas populares y tradiciones que conectan con nuestras ra\u00edces\u2026 \u00a1Este junio viene cargadito de planes!<\/p>\n<p>Si eres de txakoli, como si lo tuyo es el teatro, la fotograf\u00eda, las fiestas populares o los conciertos, aqu\u00ed tienes una selecci\u00f3n de planazos para saborear junio a lo grande.<\/p>\n<h2 data-start=\"577\" data-end=\"633\"><strong data-start=\"584\" data-end=\"631\"><span style=\"color: #ffcc00;\">Txakolina Fest Portugalete<\/span>\u00a0<\/strong><\/h2>\n<p><img loading=\"lazy\" decoding=\"async\" class=\"alignleft wp-image-7040 \" src=\"https:\/\/www.disfrutabizkaia.com\/blog\/wp-content\/uploads\/2025\/05\/Txakolina-Fest_disfruta-bizkaia_Bizkaia_planes_Bizkaia_portugalete.webp\" alt=\"\" width=\"172\" height=\"243\" srcset=\"https:\/\/www.disfrutabizkaia.com\/blog\/wp-content\/uploads\/2025\/05\/Txakolina-Fest_disfruta-bizkaia_Bizkaia_planes_Bizkaia_portugalete.webp 1080w, https:\/\/www.disfrutabizkaia.com\/blog\/wp-content\/uploads\/2025\/05\/Txakolina-Fest_disfruta-bizkaia_Bizkaia_planes_Bizkaia_portugalete-212x300.webp 212w, https:\/\/www.disfrutabizkaia.com\/blog\/wp-content\/uploads\/2025\/05\/Txakolina-Fest_disfruta-bizkaia_Bizkaia_planes_Bizkaia_portugalete-724x1024.webp 724w, https:\/\/www.disfrutabizkaia.com\/blog\/wp-content\/uploads\/2025\/05\/Txakolina-Fest_disfruta-bizkaia_Bizkaia_planes_Bizkaia_portugalete-768x1087.webp 768w, https:\/\/www.disfrutabizkaia.com\/blog\/wp-content\/uploads\/2025\/05\/Txakolina-Fest_disfruta-bizkaia_Bizkaia_planes_Bizkaia_portugalete-600x849.webp 600w, https:\/\/www.disfrutabizkaia.com\/blog\/wp-content\/uploads\/2025\/05\/Txakolina-Fest_disfruta-bizkaia_Bizkaia_planes_Bizkaia_portugalete-945x1337.webp 945w\" sizes=\"auto, (max-width: 172px) 100vw, 172px\" \/>\u00bfSab\u00edas que a Portugalete se le conoce como <em data-start=\"678\" data-end=\"699\">la Villa Jarrillera<\/em> por su antigua tradici\u00f3n vitivin\u00edcola? En tiempos, sus tabernas rebosaban de jarras de txakoli, y ahora, siglos despu\u00e9s, esa esencia regresa al <strong data-start=\"844\" data-end=\"867\">Paseo de La Canilla<\/strong> en forma de fiesta.<\/p>\n<p>El <strong>7 y 8 de junio<\/strong>, Txakolina Fest celebra su tercera edici\u00f3n con m\u00fasica en directo, gastronom\u00eda, ambiente festivo y, c\u00f3mo no, los mejores <strong data-start=\"1009\" data-end=\"1031\">Bizkaiko Txakolina<\/strong>. \u00a1Una cita perfecta para brindar con sabor local!<\/p>\n<p>&#x1f449;&#x1f3fd;Consulta el <a href=\"https:\/\/bizkaikotxakolina.eus\/eventos\/portugalete-bizkaiko-txakolina-fest\/\">programa completo<\/a> y no te pierdas nada.<\/p>\n<h2><span style=\"color: #ffcc00;\">Vuelven Hirian y Herrian. La Antesala del BBK Live<\/span><\/h2>\n<h5><strong data-start=\"1161\" data-end=\"1199\">Hirian \u2013 La Pe\u00f1a-Abusu, 7 de junio<\/strong><\/h5>\n<p><img loading=\"lazy\" decoding=\"async\" class=\"wp-image-7042 alignright\" src=\"https:\/\/www.disfrutabizkaia.com\/blog\/wp-content\/uploads\/2025\/05\/Hirian-Bilbao_Disfruta-Bizkaia_planes.jpg\" alt=\"\" width=\"207\" height=\"207\" srcset=\"https:\/\/www.disfrutabizkaia.com\/blog\/wp-content\/uploads\/2025\/05\/Hirian-Bilbao_Disfruta-Bizkaia_planes.jpg 1024w, https:\/\/www.disfrutabizkaia.com\/blog\/wp-content\/uploads\/2025\/05\/Hirian-Bilbao_Disfruta-Bizkaia_planes-300x300.jpg 300w, https:\/\/www.disfrutabizkaia.com\/blog\/wp-content\/uploads\/2025\/05\/Hirian-Bilbao_Disfruta-Bizkaia_planes-768x768.jpg 768w, https:\/\/www.disfrutabizkaia.com\/blog\/wp-content\/uploads\/2025\/05\/Hirian-Bilbao_Disfruta-Bizkaia_planes-600x600.jpg 600w, https:\/\/www.disfrutabizkaia.com\/blog\/wp-content\/uploads\/2025\/05\/Hirian-Bilbao_Disfruta-Bizkaia_planes-945x945.jpg 945w\" sizes=\"auto, (max-width: 207px) 100vw, 207px\" \/><\/p>\n<p>Tras la celebraci\u00f3n de Herrian en Amorebieta-Etxano, la versi\u00f3n urbana del Bilbao BBK Live, <strong>Hirian<\/strong>, aterriza en La Pe\u00f1a-Abusu con un d\u00eda de m\u00fasica para todos los gustos. Desde Javiera Mena hasta PI L.T., pasando por promesas como Greta o Hens, Hirian transformar\u00e1 las calles del barrio en un festival de libre acceso lleno de ritmo, diversidad y actitud.<\/p>\n<p data-start=\"1202\" data-end=\"1588\">\u00a0\u00a1Perfecto para calentar motores antes del verano musical!<\/p>\n<h2 data-start=\"4792\" data-end=\"4855\"><strong data-start=\"4799\" data-end=\"4853\"><span style=\"color: #ffcc00;\">Bizkaiko Pintxo Txapelketa<\/span>\u00a0<\/strong><\/h2>\n<p data-start=\"4856\" data-end=\"5220\">Prueba los pintxos particopantes en Bizkaiko Pintxo Txapelketa y <strong data-start=\"4920\" data-end=\"4945\">vota por tu favorito hasta el 8 de junio.<\/strong><\/p>\n<p data-start=\"4856\" data-end=\"5220\">A partir del <strong data-start=\"340\" data-end=\"364\">mi\u00e9rcoles 28 de mayo hasta el 8 de junio<\/strong> podr\u00e1s ir a probar todos los pintxos que participan en la <strong data-start=\"401\" data-end=\"439\">categor\u00eda de Pintxos Tradicionales<\/strong> en los locales participantes.<\/p>\n<p data-start=\"4856\" data-end=\"5220\">Prep\u00e1rate para saborear cl\u00e1sicos de barra\u2026 \u00a1con mucha personalidad! \u00bfLo mejor?\u00a0 Votando puedes ganar un <strong data-start=\"5075\" data-end=\"5095\">men\u00fa degustaci\u00f3n<\/strong> para dos en el restaurante La Escuela.<\/p>\n<p data-start=\"4856\" data-end=\"5220\">&#x1f449;&#x1f3fd; Descubre todos los<span style=\"color: #ffcc00;\"><a style=\"color: #ffcc00;\" href=\"https:\/\/bizkaikopintxotxapelketa.eus\/\"> participantes\u00a0<\/a><\/span><\/p>\n<h2 data-start=\"1993\" data-end=\"2042\"><span style=\"color: #ffcc00;\"><strong data-start=\"2000\" data-end=\"2040\">Gau Zuria Bilbao<\/strong><\/span><\/h2>\n<p data-start=\"1993\" data-end=\"2042\"><img loading=\"lazy\" decoding=\"async\" class=\" wp-image-7046 alignleft\" src=\"https:\/\/www.disfrutabizkaia.com\/blog\/wp-content\/uploads\/2025\/05\/MartinOllmanZ6R_6289-1-300x200.jpg\" alt=\"\" width=\"206\" height=\"137\" srcset=\"https:\/\/www.disfrutabizkaia.com\/blog\/wp-content\/uploads\/2025\/05\/MartinOllmanZ6R_6289-1-300x200.jpg 300w, https:\/\/www.disfrutabizkaia.com\/blog\/wp-content\/uploads\/2025\/05\/MartinOllmanZ6R_6289-1-1024x682.jpg 1024w, https:\/\/www.disfrutabizkaia.com\/blog\/wp-content\/uploads\/2025\/05\/MartinOllmanZ6R_6289-1-372x248.jpg 372w, https:\/\/www.disfrutabizkaia.com\/blog\/wp-content\/uploads\/2025\/05\/MartinOllmanZ6R_6289-1-768x511.jpg 768w, https:\/\/www.disfrutabizkaia.com\/blog\/wp-content\/uploads\/2025\/05\/MartinOllmanZ6R_6289-1-1536x1022.jpg 1536w, https:\/\/www.disfrutabizkaia.com\/blog\/wp-content\/uploads\/2025\/05\/MartinOllmanZ6R_6289-1-600x399.jpg 600w, https:\/\/www.disfrutabizkaia.com\/blog\/wp-content\/uploads\/2025\/05\/MartinOllmanZ6R_6289-1-945x629.jpg 945w, https:\/\/www.disfrutabizkaia.com\/blog\/wp-content\/uploads\/2025\/05\/MartinOllmanZ6R_6289-1.jpg 2040w\" sizes=\"auto, (max-width: 206px) 100vw, 206px\" \/>Bilbao celebra su cumplea\u00f1os como se merece el <strong>13 y 14 de junio<\/strong>: con una <b>Gau Zuria <\/b>m\u00e1gica, llena de espect\u00e1culos de luz, m\u00fasica y artes visuales en sus rincones m\u00e1s emblem\u00e1ticos.<\/p>\n<p data-start=\"1993\" data-end=\"2042\">Edificios iluminados, intervenciones art\u00edsticas, conciertos\u2026 una noche para perderse por la ciudad y verla con nuevos ojos.<\/p>\n<h2 data-start=\"2405\" data-end=\"2457\"><span style=\"color: #ffcc00;\"><strong data-start=\"2412\" data-end=\"2455\">\u00a0<\/strong><\/span><\/h2>\n<h2 data-start=\"2718\" data-end=\"2764\"><strong data-start=\"2725\" data-end=\"2762\"><span style=\"color: #ffcc00;\">GETXOPHOTO<\/span>\u00a0<\/strong><\/h2>\n<p data-start=\"2765\" data-end=\"3191\"><img loading=\"lazy\" decoding=\"async\" class=\"wp-image-7048  alignleft\" src=\"https:\/\/www.disfrutabizkaia.com\/blog\/wp-content\/uploads\/2025\/05\/getxophoto_disfrutabizkaia_algorta_getxo_bizkaia.jpg\" alt=\"\" width=\"265\" height=\"197\" srcset=\"https:\/\/www.disfrutabizkaia.com\/blog\/wp-content\/uploads\/2025\/05\/getxophoto_disfrutabizkaia_algorta_getxo_bizkaia.jpg 327w, https:\/\/www.disfrutabizkaia.com\/blog\/wp-content\/uploads\/2025\/05\/getxophoto_disfrutabizkaia_algorta_getxo_bizkaia-300x223.jpg 300w\" sizes=\"auto, (max-width: 265px) 100vw, 265px\" \/>Si te apasiona la imagen, la reflexi\u00f3n y las exposiciones en espacios urbanos, <strong data-start=\"2844\" data-end=\"2858\">Getxophoto<\/strong> es tu cita. Bajo el lema \u201cREC\u201d, esta edici\u00f3n indaga en la memoria visual, el uso y abuso de im\u00e1genes, y el impacto de las nuevas tecnolog\u00edas. Adem\u00e1s, el festival apuesta por la sostenibilidad y el compromiso local.<\/p>\n<p data-start=\"2765\" data-end=\"3191\">Pasea por <strong data-start=\"3013\" data-end=\"3024\">Algorta<\/strong> y d\u00e9jate sorprender por instalaciones que despiertan la mirada cr\u00edtica y la creatividad. Hasta el 22 de junio.<\/p>\n<h2 data-start=\"3198\" data-end=\"3242\"><span style=\"color: #ffcc00;\"><strong data-start=\"3205\" data-end=\"3240\">Noche de San Juan\u00a0<\/strong><\/span><\/h2>\n<p data-start=\"3243\" data-end=\"3628\">El 23 de junio es una de las noches m\u00e1s m\u00e1gicas del a\u00f1o.Hogueras, akelarres, recorridos con antorchas&#8230; la <strong data-start=\"3488\" data-end=\"3509\">Noche de San Juan<\/strong> se celebra en todos los rincones de Bizkaia.<\/p>\n<p>&#x1f449;&#x1f3fd;\u00a0<em data-start=\"3542\" data-end=\"3628\">Muy pronto en el blog: gu\u00eda completa con las hogueras m\u00e1s especiales del territorio. De momento, Prepara tu papel con lo que quieres dejar atr\u00e1s y quemarlo en la hoguera<\/em><\/p>\n<h2 data-start=\"3243\" data-end=\"3628\"><span style=\"color: #ffcc00;\"><strong data-start=\"3642\" data-end=\"3719\">Kalealdia \u2013 Teatro en las calles de Bilbao<\/strong><\/span><\/h2>\n<p data-start=\"3722\" data-end=\"3990\">Aunque arranca justo al final de mes, el <strong data-start=\"3763\" data-end=\"3785\">Festival Kalealdia<\/strong> es de esos que hay que marcar en rojo.<\/p>\n<p><img loading=\"lazy\" decoding=\"async\" class=\"size-medium wp-image-7050 alignright\" src=\"https:\/\/www.disfrutabizkaia.com\/blog\/wp-content\/uploads\/2025\/05\/Bilboko-Kalealdia-2025_Bizkaia_Disfruta-Bizkaia_planes-300x200.jpg\" alt=\"\" width=\"300\" height=\"200\" srcset=\"https:\/\/www.disfrutabizkaia.com\/blog\/wp-content\/uploads\/2025\/05\/Bilboko-Kalealdia-2025_Bizkaia_Disfruta-Bizkaia_planes-300x200.jpg 300w, https:\/\/www.disfrutabizkaia.com\/blog\/wp-content\/uploads\/2025\/05\/Bilboko-Kalealdia-2025_Bizkaia_Disfruta-Bizkaia_planes-372x248.jpg 372w, https:\/\/www.disfrutabizkaia.com\/blog\/wp-content\/uploads\/2025\/05\/Bilboko-Kalealdia-2025_Bizkaia_Disfruta-Bizkaia_planes.jpg 540w\" sizes=\"auto, (max-width: 300px) 100vw, 300px\" \/>Teatro, circo, humor y danza llenan los parques y plazas de Bilbao con espect\u00e1culos de aqu\u00ed y de all\u00e1.<\/p>\n<p data-start=\"3722\" data-end=\"3990\">\u00a1Una manera perfecta de arrancar el verano a pie de calle! <strong>Del 30 de junio al 5 de julio.<\/strong><\/p>\n<h2 data-start=\"3997\" data-end=\"4058\"><span style=\"color: #ffcc00;\"><strong data-start=\"4003\" data-end=\"4056\">Kaxarranka y Kilin-Kala en Lekeitio\u00a0<\/strong><\/span><\/h2>\n<p data-start=\"4059\" data-end=\"4398\"><img loading=\"lazy\" decoding=\"async\" class=\" wp-image-1537 alignleft\" src=\"https:\/\/www.disfrutabizkaia.com\/blog\/wp-content\/uploads\/2018\/06\/Kaxarranka-Lekeitio-Kaxarranka-Lekeitio-_CC-BY-3.0-ES-2012_EJ-GV_Irekia-Gobierno-Vasco_Mikel-Arrazola_-300x300.jpg\" alt=\"Danzas y Tradiciones en Lekeitio Bizkaia\" width=\"251\" height=\"251\" srcset=\"https:\/\/www.disfrutabizkaia.com\/blog\/wp-content\/uploads\/2018\/06\/Kaxarranka-Lekeitio-Kaxarranka-Lekeitio-_CC-BY-3.0-ES-2012_EJ-GV_Irekia-Gobierno-Vasco_Mikel-Arrazola_-300x300.jpg 300w, https:\/\/www.disfrutabizkaia.com\/blog\/wp-content\/uploads\/2018\/06\/Kaxarranka-Lekeitio-Kaxarranka-Lekeitio-_CC-BY-3.0-ES-2012_EJ-GV_Irekia-Gobierno-Vasco_Mikel-Arrazola_-257x257.jpg 257w, https:\/\/www.disfrutabizkaia.com\/blog\/wp-content\/uploads\/2018\/06\/Kaxarranka-Lekeitio-Kaxarranka-Lekeitio-_CC-BY-3.0-ES-2012_EJ-GV_Irekia-Gobierno-Vasco_Mikel-Arrazola_-600x597.jpg 600w, https:\/\/www.disfrutabizkaia.com\/blog\/wp-content\/uploads\/2018\/06\/Kaxarranka-Lekeitio-Kaxarranka-Lekeitio-_CC-BY-3.0-ES-2012_EJ-GV_Irekia-Gobierno-Vasco_Mikel-Arrazola_-150x150.jpg 150w, https:\/\/www.disfrutabizkaia.com\/blog\/wp-content\/uploads\/2018\/06\/Kaxarranka-Lekeitio-Kaxarranka-Lekeitio-_CC-BY-3.0-ES-2012_EJ-GV_Irekia-Gobierno-Vasco_Mikel-Arrazola_.jpg 630w\" sizes=\"auto, (max-width: 251px) 100vw, 251px\" \/>El <strong>29 de junio<\/strong>, durante las fiestas de San Pedro en Lekeitio tienen dos protagonistas que no te puedes perder:<\/p>\n<p data-start=\"4059\" data-end=\"4398\"><strong data-start=\"4149\" data-end=\"4163\">Kaxarranka<\/strong>, con un dantzari bailando sobre un arc\u00f3n en los hombros de marineros, y la curiosa <strong data-start=\"4247\" data-end=\"4261\">Kilin-Kala<\/strong>, que simula una pesca de at\u00fan a golpe de red en plena procesi\u00f3n.<\/p>\n<p data-start=\"4059\" data-end=\"4398\">Tradici\u00f3n, mar y color en uno de los pueblos m\u00e1s bonitos de la costa de Bizkaia<\/p>\n<p data-start=\"4059\" data-end=\"4398\">&#x1f449;&#x1f3fd; Descubre m\u00e1s sobre esta tradici\u00f3n <span style=\"color: #ffcc00;\"><a style=\"color: #ffcc00;\" href=\"https:\/\/www.disfrutabizkaia.com\/que-hacer\/kaxarranka-lekeitio\/\">aqu\u00ed<\/a><\/span><\/p>\n<h2 data-start=\"4405\" data-end=\"4454\"><span style=\"color: #ffcc00;\"><strong data-start=\"4412\" data-end=\"4452\">Zapato Azule \u2013 Ondarroa<\/strong><\/span><\/h2>\n<p><img loading=\"lazy\" decoding=\"async\" class=\"size-medium wp-image-2406 alignright\" src=\"https:\/\/www.disfrutabizkaia.com\/blog\/wp-content\/uploads\/2018\/12\/Ondarroa_iglesia_casas_barcos-Fotolia_80132811_S-300x200.jpg\" alt=\"Ondarroa Bizkaia - Disfruta Bizkaia\" width=\"300\" height=\"200\" \/><\/p>\n<p data-start=\"4455\" data-end=\"4785\">El <strong>\u00faltimo s\u00e1bado de junio<\/strong>, <strong data-start=\"4482\" data-end=\"4494\">Ondarroa<\/strong> se ti\u00f1e de azul mah\u00f3n con esta fiesta tan popular como singular que no te puedes perder.<\/p>\n<p data-start=\"4455\" data-end=\"4785\">Inspirada en la indumentaria de los arrantzales, <span style=\"color: #ffcc00;\"><a style=\"color: #ffcc00;\" href=\"https:\/\/www.disfrutabizkaia.com\/que-hacer\/zapato-azule-ondarroa\/\"><strong data-start=\"4609\" data-end=\"4625\">Zapato Azule<\/strong> <\/a><\/span>convierte la parte vieja de Ondarroa en un mar de fiesta, m\u00fasica, gastronom\u00eda y ambiente marinero.<\/p>\n<p data-start=\"4455\" data-end=\"4785\">Perfecto para quienes buscan planes aut\u00e9nticos y mucha personalidad.<\/p>\n<p data-start=\"5227\" data-end=\"5452\">\n<p data-start=\"5227\" data-end=\"5452\">\n<p data-start=\"5227\" data-end=\"5452\">\n<p data-start=\"5227\" data-end=\"5452\"><strong data-start=\"5230\" data-end=\"5266\">Este junio, no te quedes en casa<\/strong>. Bizkaia lo tiene todo: sabor, cultura, historia, m\u00fasica y magia.<br data-start=\"5332\" data-end=\"5335\" \/>Sigue nuestras redes y el blog para no perderte detalle de lo que se cuece este mes por aqu\u00ed. \u00a1Nos vemos en la calle!<\/p>\n<p data-start=\"5227\" data-end=\"5452\"><a id=\"set-post-thumbnail\" class=\"thickbox\" href=\"https:\/\/www.disfrutabizkaia.com\/blog\/wp-admin\/media-upload.php?post_id=7033&amp;type=image&amp;TB_iframe=1\">Establecer la imagen destacada<\/a><\/p>\n<p data-start=\"5227\" data-end=\"5452\"><img loading=\"lazy\" decoding=\"async\" class=\"aligncenter wp-image-4717 size-full\" src=\"https:\/\/www.disfrutabizkaia.com\/blog\/wp-content\/uploads\/2022\/09\/banner-restaurantes-bizkaia-blog-disfrutabizkaia.gif\" alt=\"\" width=\"678\" height=\"180\" \/><\/p>\n","protected":false},"excerpt":{"rendered":"<p>El verano est\u00e1 a punto de arrancar y en Bizkaia se nota. M\u00fasica en la calle, festivales con sabor local, fiestas populares y tradiciones que conectan con nuestras ra\u00edces\u2026 \u00a1Este junio viene cargadito de planes! Si eres de txakoli, como&#8230; <a class=\"more-link\" href=\"https:\/\/www.disfrutabizkaia.com\/blog\/planes-para-disfrutar-bizkaia-en-junio\/\">Seguir leyendo &rarr;<\/a><\/p>\n","protected":false},"author":2,"featured_media":7052,"comment_status":"open","ping_status":"closed","sticky":false,"template":"","format":"standard","meta":{"_acf_changed":false,"footnotes":""},"categories":[1],"tags":[],"class_list":["post-7033","post","type-post","status-publish","format-standard","has-post-thumbnail","hentry","category-disfruta-bizkaia"],"acf":[],"_links":{"self":[{"href":"https:\/\/www.disfrutabizkaia.com\/blog\/wp-json\/wp\/v2\/posts\/7033","targetHints":{"allow":["GET"]}}],"collection":[{"href":"https:\/\/www.disfrutabizkaia.com\/blog\/wp-json\/wp\/v2\/posts"}],"about":[{"href":"https:\/\/www.disfrutabizkaia.com\/blog\/wp-json\/wp\/v2\/types\/post"}],"author":[{"embeddable":true,"href":"https:\/\/www.disfrutabizkaia.com\/blog\/wp-json\/wp\/v2\/users\/2"}],"replies":[{"embeddable":true,"href":"https:\/\/www.disfrutabizkaia.com\/blog\/wp-json\/wp\/v2\/comments?post=7033"}],"version-history":[{"count":5,"href":"https:\/\/www.disfrutabizkaia.com\/blog\/wp-json\/wp\/v2\/posts\/7033\/revisions"}],"predecessor-version":[{"id":7057,"href":"https:\/\/www.disfrutabizkaia.com\/blog\/wp-json\/wp\/v2\/posts\/7033\/revisions\/7057"}],"wp:featuredmedia":[{"embeddable":true,"href":"https:\/\/www.disfrutabizkaia.com\/blog\/wp-json\/wp\/v2\/media\/7052"}],"wp:attachment":[{"href":"https:\/\/www.disfrutabizkaia.com\/blog\/wp-json\/wp\/v2\/media?parent=7033"}],"wp:term":[{"taxonomy":"category","embeddable":true,"href":"https:\/\/www.disfrutabizkaia.com\/blog\/wp-json\/wp\/v2\/categories?post=7033"},{"taxonomy":"post_tag","embeddable":true,"href":"https:\/\/www.disfrutabizkaia.com\/blog\/wp-json\/wp\/v2\/tags?post=7033"}],"curies":[{"name":"wp","href":"https:\/\/api.w.org\/{rel}","templated":true}]}}