{"id":7074,"date":"2025-06-18T12:56:11","date_gmt":"2025-06-18T10:56:11","guid":{"rendered":"https:\/\/www.disfrutabizkaia.com\/blog\/?p=7074"},"modified":"2025-06-26T13:39:37","modified_gmt":"2025-06-26T11:39:37","slug":"junio-se-despide-por-todo-lo-alto-en-bizkaia","status":"publish","type":"post","link":"https:\/\/www.disfrutabizkaia.com\/blog\/junio-se-despide-por-todo-lo-alto-en-bizkaia\/","title":{"rendered":"Junio se despide por todo lo alto en Bizkaia"},"content":{"rendered":"<p data-start=\"87\" data-end=\"140\">El verano ya se asoma\u2026 y los planazos no paran! Despedimos junio y damos la bienvenida al verano como se merece: calles llenas de vida, m\u00fasica, danzas, tradiciones, fuego, color y propuestas \u00fanicas para todos los gustos.<br data-start=\"300\" data-end=\"303\" \/>Los pueblos de la costa se llenan de ambiente, las ciudades se animan con festivales, mercados y mil propuestas para todos los gustos.<\/p>\n<p data-start=\"439\" data-end=\"594\">Y como sabemos que los planes se acumulan (s\u00ed, nos pasa a todas\/os), Si no sabes por d\u00f3nde empezar, aqu\u00ed tienes una buena selecci\u00f3n de planazos para cerrar junio y estrenar el verano como se merece. \u00a1Toma nota y no te pierdas nada!<\/p>\n<h3><span style=\"color: #ffcc00;\">M\u00fasica, cultura y comercio local en Bermeo<\/span><\/h3>\n<p><img loading=\"lazy\" decoding=\"async\" class=\"wp-image-5086 alignright\" src=\"https:\/\/www.disfrutabizkaia.com\/blog\/wp-content\/uploads\/2023\/03\/Bermeo_Itsas-museo_Disfruta-Bizkaia_.jpg\" alt=\"\" width=\"258\" height=\"258\" srcset=\"https:\/\/www.disfrutabizkaia.com\/blog\/wp-content\/uploads\/2023\/03\/Bermeo_Itsas-museo_Disfruta-Bizkaia_.jpg 1080w, https:\/\/www.disfrutabizkaia.com\/blog\/wp-content\/uploads\/2023\/03\/Bermeo_Itsas-museo_Disfruta-Bizkaia_-300x300.jpg 300w, https:\/\/www.disfrutabizkaia.com\/blog\/wp-content\/uploads\/2023\/03\/Bermeo_Itsas-museo_Disfruta-Bizkaia_-1024x1024.jpg 1024w, https:\/\/www.disfrutabizkaia.com\/blog\/wp-content\/uploads\/2023\/03\/Bermeo_Itsas-museo_Disfruta-Bizkaia_-768x768.jpg 768w, https:\/\/www.disfrutabizkaia.com\/blog\/wp-content\/uploads\/2023\/03\/Bermeo_Itsas-museo_Disfruta-Bizkaia_-600x600.jpg 600w, https:\/\/www.disfrutabizkaia.com\/blog\/wp-content\/uploads\/2023\/03\/Bermeo_Itsas-museo_Disfruta-Bizkaia_-945x945.jpg 945w\" sizes=\"auto, (max-width: 258px) 100vw, 258px\" \/>Este bonito rinc\u00f3n de la costa bizkaina acoge un fin de semana completo con actividades para todos los p\u00fablicos:<br \/>\n\u2013 Una kalejira sostenible con m\u00fasica en directo y energ\u00eda solar,<br \/>\n\u2013 El festival Dantz Point, que trae la electr\u00f3nica a pie de mar,<br \/>\n\u2013 Y el mercado Berton, escaparate del comercio local con gastronom\u00eda, actividades infantiles y mucho m\u00e1s.<\/p>\n<p>Todo gratuito, al aire libre y con muy buen ambiente. \u00bfPlanazo o no?<\/p>\n<p style=\"padding-left: 40px;\">&#x1f4c5; 21 y 22 de Junio.<\/p>\n<h3 data-start=\"608\" data-end=\"641\"><span style=\"color: #ffcc00;\"><strong data-start=\"615\" data-end=\"639\">Hogueras de San Juan<\/strong><\/span><\/h3>\n<p data-start=\"642\" data-end=\"826\"><img loading=\"lazy\" decoding=\"async\" class=\" wp-image-7076 alignleft\" src=\"https:\/\/www.disfrutabizkaia.com\/blog\/wp-content\/uploads\/2025\/06\/ProgramaNochedeSanJuan2024enBilbao-300x200.jpg\" alt=\"\" width=\"329\" height=\"219\" srcset=\"https:\/\/www.disfrutabizkaia.com\/blog\/wp-content\/uploads\/2025\/06\/ProgramaNochedeSanJuan2024enBilbao-300x200.jpg 300w, https:\/\/www.disfrutabizkaia.com\/blog\/wp-content\/uploads\/2025\/06\/ProgramaNochedeSanJuan2024enBilbao-372x248.jpg 372w, https:\/\/www.disfrutabizkaia.com\/blog\/wp-content\/uploads\/2025\/06\/ProgramaNochedeSanJuan2024enBilbao.jpg 540w\" sizes=\"auto, (max-width: 329px) 100vw, 329px\" \/>La noche del <strong data-start=\"655\" data-end=\"670\">23 de junio<\/strong>, Bizkaia arde (simb\u00f3licamente) con las <strong data-start=\"710\" data-end=\"734\">hogueras de San Juan<\/strong>, una cita m\u00e1gica que despide lo viejo y da la bienvenida al verano como manda la tradici\u00f3n.<\/p>\n<p data-start=\"828\" data-end=\"1122\">De Bilbao a los pueblos costeros, cada localidad lo celebra a su manera: con <strong data-start=\"905\" data-end=\"953\">akelarres, antorchas, m\u00fasica, bailes, brujas<\/strong> y mucha magia.<br data-start=\"968\" data-end=\"971\" \/>&#x1f449; \u00bfQuieres saber d\u00f3nde se celebran las m\u00e1s especiales? Echa un vistazo a nuestro art\u00edculo especial \u201cHogueras de San Juan en Bizkaia\u201d (enlace al post).<\/p>\n<h3 data-start=\"1129\" data-end=\"1167\"><span style=\"color: #ffcc00;\"><strong data-start=\"1136\" data-end=\"1165\">Bilbao Bizkaia Harro 2025<\/strong><\/span><\/h3>\n<p data-start=\"1168\" data-end=\"1331\"><img loading=\"lazy\" decoding=\"async\" class=\"wp-image-7078 size-full alignleft\" src=\"https:\/\/www.disfrutabizkaia.com\/blog\/wp-content\/uploads\/2025\/06\/ProgramaBilbaoBizkaiaHarro2025.jpg\" alt=\"\" width=\"540\" height=\"360\" srcset=\"https:\/\/www.disfrutabizkaia.com\/blog\/wp-content\/uploads\/2025\/06\/ProgramaBilbaoBizkaiaHarro2025.jpg 540w, https:\/\/www.disfrutabizkaia.com\/blog\/wp-content\/uploads\/2025\/06\/ProgramaBilbaoBizkaiaHarro2025-300x200.jpg 300w, https:\/\/www.disfrutabizkaia.com\/blog\/wp-content\/uploads\/2025\/06\/ProgramaBilbaoBizkaiaHarro2025-372x248.jpg 372w\" sizes=\"auto, (max-width: 540px) 100vw, 540px\" \/>Del <strong data-start=\"1172\" data-end=\"1193\">19 al 22 de junio<\/strong>, <strong data-start=\"1195\" data-end=\"1251\">Bilbao se llena de m\u00fasica, color, orgullo y carrozas<\/strong> con una programaci\u00f3n que pone en valor la diversidad, la libertad y el respeto.<\/p>\n<p data-start=\"1333\" data-end=\"1701\">El plato fuerte llegar\u00e1 el <strong data-start=\"1360\" data-end=\"1374\">viernes 21<\/strong> con una <strong data-start=\"1383\" data-end=\"1413\">gran marcha reivindicativa<\/strong> que por primera vez recorrer\u00e1 <strong data-start=\"1444\" data-end=\"1459\">la Gran V\u00eda<\/strong>, desde el <strong data-start=\"1470\" data-end=\"1497\">Sagrado Coraz\u00f3n (18:00)<\/strong> hasta <strong data-start=\"1504\" data-end=\"1517\">El Arenal<\/strong>, epicentro de la fiesta. Este recorrido simboliza la fuerza de una sociedad que defiende los derechos LGTBI+ tomando el coraz\u00f3n de la ciudad con alegr\u00eda, visibilidad y reivindicaci\u00f3n.<\/p>\n<p data-start=\"1703\" data-end=\"1906\">&#x1f5bc;&#xfe0f; Este a\u00f1o, el cartel del festival es obra del artista bilba\u00edno <strong data-start=\"1769\" data-end=\"1788\">Cachorro Lozano<\/strong>, con una imagen colorida, rebelde y optimista que estar\u00e1 presente en calles, estaciones de metro y programas de mano.<\/p>\n<p data-start=\"1908\" data-end=\"1917\">&#x2728; Adem\u00e1s:<\/p>\n<ul data-start=\"1918\" data-end=\"2244\">\n<li data-start=\"1980\" data-end=\"2103\">\n<p data-start=\"1982\" data-end=\"2103\"><strong data-start=\"1982\" data-end=\"1997\">19 de junio<\/strong>: D\u00eda especial dedicado al euskera y la cultura vasca, con actuaciones de Lova Lois, Be\u00f1at o Asier Bilbao.<\/p>\n<\/li>\n<li data-start=\"2104\" data-end=\"2167\">\n<p data-start=\"2106\" data-end=\"2167\"><strong data-start=\"2106\" data-end=\"2121\">21 de junio<\/strong>: Concurso de tortilla de patata en El Arenal.<\/p>\n<\/li>\n<li data-start=\"2168\" data-end=\"2244\">\n<p data-start=\"2170\" data-end=\"2244\"><strong data-start=\"2170\" data-end=\"2185\">22 de junio<\/strong>: \u00a1Actuaci\u00f3n sorpresa en colaboraci\u00f3n con los bares LGTBI+!<\/p>\n<\/li>\n<\/ul>\n<p data-start=\"2246\" data-end=\"2450\">Consulta la programaci\u00f3n completa en Bilbao, Getxo, Santurtzi y Sodupe-G\u00fce\u00f1es.<br data-start=\"2324\" data-end=\"2327\" \/>&#x1f517; M\u00e1s info en <a class=\"\" href=\"https:\/\/www.bilbaobizkaiaharro.eus\" target=\"_new\" rel=\"noopener\" data-start=\"2342\" data-end=\"2402\">bilbaobizkaiaharro.eus<\/a><\/p>\n<h3 data-start=\"2457\" data-end=\"2515\"><span style=\"color: #ffcc00;\"><strong data-start=\"2464\" data-end=\"2513\">Lekuz Leku: danza contempor\u00e1nea al aire libre<\/strong><\/span><\/h3>\n<p data-start=\"2516\" data-end=\"2662\"><img loading=\"lazy\" decoding=\"async\" class=\"wp-image-1535 alignright\" src=\"https:\/\/www.disfrutabizkaia.com\/blog\/wp-content\/uploads\/2018\/06\/danza-lekuz-leku-abandoibarra-bilbao-e1560850676342.jpg\" alt=\"Festival de danza contempor\u00e1nea en Bilbao\" width=\"396\" height=\"212\" srcset=\"https:\/\/www.disfrutabizkaia.com\/blog\/wp-content\/uploads\/2018\/06\/danza-lekuz-leku-abandoibarra-bilbao-e1560850676342.jpg 1104w, https:\/\/www.disfrutabizkaia.com\/blog\/wp-content\/uploads\/2018\/06\/danza-lekuz-leku-abandoibarra-bilbao-e1560850676342-300x161.jpg 300w, https:\/\/www.disfrutabizkaia.com\/blog\/wp-content\/uploads\/2018\/06\/danza-lekuz-leku-abandoibarra-bilbao-e1560850676342-768x412.jpg 768w, https:\/\/www.disfrutabizkaia.com\/blog\/wp-content\/uploads\/2018\/06\/danza-lekuz-leku-abandoibarra-bilbao-e1560850676342-1024x549.jpg 1024w, https:\/\/www.disfrutabizkaia.com\/blog\/wp-content\/uploads\/2018\/06\/danza-lekuz-leku-abandoibarra-bilbao-e1560850676342-945x507.jpg 945w, https:\/\/www.disfrutabizkaia.com\/blog\/wp-content\/uploads\/2018\/06\/danza-lekuz-leku-abandoibarra-bilbao-e1560850676342-600x322.jpg 600w\" sizes=\"auto, (max-width: 396px) 100vw, 396px\" \/>Del <strong data-start=\"2520\" data-end=\"2541\">25 al 28 de junio<\/strong>, el <strong data-start=\"2546\" data-end=\"2571\">Paseo de Abandoibarra<\/strong> se convierte en un gran escenario para disfrutar de la danza contempor\u00e1nea en plena calle.<\/p>\n<p data-start=\"2664\" data-end=\"2800\">Compa\u00f1\u00edas vascas, estatales e internacionales presentar\u00e1n sus piezas en rincones urbanos con mucho encanto. Adem\u00e1s, el festival incluye:<\/p>\n<ul data-start=\"2801\" data-end=\"3077\">\n<li data-start=\"2801\" data-end=\"2870\">\n<p data-start=\"2803\" data-end=\"2870\"><strong data-start=\"2803\" data-end=\"2822\">Taller gratuito<\/strong>: \u201cCoreograf\u00edas de la mirada\u201d en La Fundici\u00f3n.<\/p>\n<\/li>\n<li data-start=\"2871\" data-end=\"2931\">\n<p data-start=\"2873\" data-end=\"2931\"><strong data-start=\"2873\" data-end=\"2890\">Cine de danza<\/strong>: En la sede del COAVN (Mazarredo, 69).<\/p>\n<\/li>\n<li data-start=\"2932\" data-end=\"3002\">\n<p data-start=\"2934\" data-end=\"3002\"><strong data-start=\"2934\" data-end=\"2956\">Punto de encuentro<\/strong>: Para conversar con artistas, copa en mano.<\/p>\n<\/li>\n<li data-start=\"3003\" data-end=\"3077\">\n<p data-start=\"3005\" data-end=\"3077\"><strong data-start=\"3005\" data-end=\"3019\">Fotograf\u00eda<\/strong>: Comparte tus im\u00e1genes con el hashtag <strong data-start=\"3058\" data-end=\"3076\">#LekuzLeku2025<\/strong>.<\/p>\n<\/li>\n<\/ul>\n<p data-start=\"3079\" data-end=\"3152\">Una cita imprescindible para amantes del arte, el movimiento y la ciudad.<\/p>\n<p data-start=\"3079\" data-end=\"3152\">&#x1f517; M\u00e1s info en <a href=\"https:\/\/www.lekuzleku.com\/\">lekuzleku.com<\/a><\/p>\n<h3 data-start=\"3472\" data-end=\"3520\"><span style=\"color: #ffcc00;\"><strong data-start=\"3479\" data-end=\"3518\">Kaxarranka y Kilin-Kala en Lekeitio<\/strong><\/span><\/h3>\n<p data-start=\"3521\" data-end=\"3616\"><img loading=\"lazy\" decoding=\"async\" class=\"size-medium wp-image-1537 alignleft\" src=\"https:\/\/www.disfrutabizkaia.com\/blog\/wp-content\/uploads\/2018\/06\/Kaxarranka-Lekeitio-Kaxarranka-Lekeitio-_CC-BY-3.0-ES-2012_EJ-GV_Irekia-Gobierno-Vasco_Mikel-Arrazola_-300x300.jpg\" alt=\"Danzas y Tradiciones en Lekeitio Bizkaia\" width=\"300\" height=\"300\" srcset=\"https:\/\/www.disfrutabizkaia.com\/blog\/wp-content\/uploads\/2018\/06\/Kaxarranka-Lekeitio-Kaxarranka-Lekeitio-_CC-BY-3.0-ES-2012_EJ-GV_Irekia-Gobierno-Vasco_Mikel-Arrazola_-300x300.jpg 300w, https:\/\/www.disfrutabizkaia.com\/blog\/wp-content\/uploads\/2018\/06\/Kaxarranka-Lekeitio-Kaxarranka-Lekeitio-_CC-BY-3.0-ES-2012_EJ-GV_Irekia-Gobierno-Vasco_Mikel-Arrazola_-257x257.jpg 257w, https:\/\/www.disfrutabizkaia.com\/blog\/wp-content\/uploads\/2018\/06\/Kaxarranka-Lekeitio-Kaxarranka-Lekeitio-_CC-BY-3.0-ES-2012_EJ-GV_Irekia-Gobierno-Vasco_Mikel-Arrazola_-600x597.jpg 600w, https:\/\/www.disfrutabizkaia.com\/blog\/wp-content\/uploads\/2018\/06\/Kaxarranka-Lekeitio-Kaxarranka-Lekeitio-_CC-BY-3.0-ES-2012_EJ-GV_Irekia-Gobierno-Vasco_Mikel-Arrazola_-150x150.jpg 150w, https:\/\/www.disfrutabizkaia.com\/blog\/wp-content\/uploads\/2018\/06\/Kaxarranka-Lekeitio-Kaxarranka-Lekeitio-_CC-BY-3.0-ES-2012_EJ-GV_Irekia-Gobierno-Vasco_Mikel-Arrazola_.jpg 630w\" sizes=\"auto, (max-width: 300px) 100vw, 300px\" \/>El <strong data-start=\"3524\" data-end=\"3539\">29 de junio<\/strong>, <strong data-start=\"3541\" data-end=\"3553\">Lekeitio<\/strong> celebra San Pedro con dos tradiciones que no te puedes perder:<\/p>\n<ul data-start=\"3618\" data-end=\"3765\">\n<li data-start=\"3618\" data-end=\"3693\">\n<p data-start=\"3620\" data-end=\"3693\"><strong data-start=\"3620\" data-end=\"3634\">Kaxarranka<\/strong>: Un dantzari baila sobre un arc\u00f3n sostenido por marineros.<\/p>\n<\/li>\n<li data-start=\"3694\" data-end=\"3765\">\n<p data-start=\"3696\" data-end=\"3765\"><strong data-start=\"3696\" data-end=\"3710\">Kilin-Kala<\/strong>: Una simulaci\u00f3n de pesca con redes en plena procesi\u00f3n.<\/p>\n<\/li>\n<\/ul>\n<p data-start=\"3767\" data-end=\"3910\">Mar, tradici\u00f3n y emoci\u00f3n en uno de los pueblos m\u00e1s bonitos de Bizkaia.<\/p>\n<h3 data-start=\"3767\" data-end=\"3910\"><span style=\"color: #ffcc00;\"><strong data-start=\"3924\" data-end=\"3952\">Zapato Azule en Ondarroa<\/strong><\/span><\/h3>\n<p data-start=\"3955\" data-end=\"4097\">El <strong data-start=\"3958\" data-end=\"3984\">\u00faltimo s\u00e1bado de junio<\/strong>, la parte vieja de <strong data-start=\"4004\" data-end=\"4016\">Ondarroa<\/strong> se ti\u00f1e de <strong data-start=\"4028\" data-end=\"4042\">azul mah\u00f3n<\/strong> con esta fiesta singular inspirada en los arrantzales.<\/p>\n<p data-start=\"4099\" data-end=\"4318\">Gente vestida con ropa tradicional, conciertos, gastronom\u00eda y mucho ambiente marinero en una celebraci\u00f3n que refleja la identidad de este precioso pueblo costero.<\/p>\n<p data-start=\"4099\" data-end=\"4318\">Un plan aut\u00e9ntico, diferente y con mucha personalidad.<\/p>\n<p data-start=\"4099\" data-end=\"4318\">&#x1f449; Descubre m\u00e1s sobre estas dos tradiciones en nuestra secci\u00f3n\u00a0<a href=\"https:\/\/www.disfrutabizkaia.com\/planes\/fiestas-populares\/\"> \u201cFiestas y tradiciones de Bizkaia\u201d.\u00a0<\/a><\/p>\n<div class=\"fusion-layout-column fusion_builder_column fusion-builder-column-15 fusion_builder_column_1_1 1_1 fusion-one-full fusion-column-first fusion-column-last\">\n<div class=\"fusion-column-wrapper fusion-flex-column-wrapper-legacy\">\n<div class=\"fusion-clearfix\"><strong style=\"color: #ffcc00; font-family: 'Roboto Slab', sans-serif; font-size: 1.5em;\" data-start=\"3166\" data-end=\"3207\">Bilboko Kalealdia: teatro en la calle<\/strong><\/div>\n<\/div>\n<\/div>\n<p><img loading=\"lazy\" decoding=\"async\" class=\"alignright wp-image-7082 \" src=\"https:\/\/www.disfrutabizkaia.com\/blog\/wp-content\/uploads\/2025\/06\/kalealdia-2025_bilbao_disfruta-bizkaia.jpg\" alt=\"\" width=\"244\" height=\"350\" srcset=\"https:\/\/www.disfrutabizkaia.com\/blog\/wp-content\/uploads\/2025\/06\/kalealdia-2025_bilbao_disfruta-bizkaia.jpg 629w, https:\/\/www.disfrutabizkaia.com\/blog\/wp-content\/uploads\/2025\/06\/kalealdia-2025_bilbao_disfruta-bizkaia-209x300.jpg 209w, https:\/\/www.disfrutabizkaia.com\/blog\/wp-content\/uploads\/2025\/06\/kalealdia-2025_bilbao_disfruta-bizkaia-600x861.jpg 600w\" sizes=\"auto, (max-width: 244px) 100vw, 244px\" \/>Apunta bien las fechas, porque vuelve uno de los festivales m\u00e1s esperados del verano: Kalealdia, el gran festival de teatro y artes de calle de Bilbao.<\/p>\n<p>Este a\u00f1o celebrar\u00e1 su 26\u00aa edici\u00f3n con espect\u00e1culos para todos los p\u00fablicos repartidos por Do\u00f1a Casilda, Arriaga, Bizkaia Aretoa y El Arenal.<\/p>\n<p data-start=\"3210\" data-end=\"3465\">Del <strong data-start=\"3214\" data-end=\"3243\">30 de junio al 5 de julio<\/strong>, <strong data-start=\"3245\" data-end=\"3255\">Bilbao<\/strong> se transforma con m\u00e1s de <strong data-start=\"3281\" data-end=\"3308\">100 funciones gratuitas<\/strong> de teatro, circo, m\u00fasica y magia en calles y plazas: Do\u00f1a Casilda, El Arenal, Plaza Arriaga\u2026<\/p>\n<p>Participan 35 compa\u00f1\u00edas (15 vascas, 12 del resto del Estado y 8 internacionales), con propuestas de circo, danza, humor, acrobacias y mucho m\u00e1s. Todo gratuito, excepto un espect\u00e1culo que requiere entrada.<\/p>\n<p>Un festival familiar, sorprendente y para todos los p\u00fablicos. &#x1f4f2; Puedes consultar aqu\u00ed el programa completo.<\/p>\n<p>&nbsp;<\/p>\n<p>As\u00ed que ya sabes: playa, monta\u00f1a, m\u00fasica, arte, pintxos, teatro, mercados, fiestas&#8230; \u00a1Bizkaia se llena de vida!<br \/>\nEste verano no hay excusas: elige tu plan y sal a disfrutar.<\/p>\n<p>&nbsp;<\/p>\n<p>&nbsp;<\/p>\n<p><a href=\"https:\/\/www.disfrutabizkaia.com\/comer-beber\/restaurantes\/\"><img loading=\"lazy\" decoding=\"async\" class=\"wp-image-4717 size-full aligncenter\" src=\"https:\/\/www.disfrutabizkaia.com\/blog\/wp-content\/uploads\/2022\/09\/banner-restaurantes-bizkaia-blog-disfrutabizkaia.gif\" alt=\"\" width=\"678\" height=\"180\" \/><\/a><\/p>\n","protected":false},"excerpt":{"rendered":"<p>El verano ya se asoma\u2026 y los planazos no paran! Despedimos junio y damos la bienvenida al verano como se merece: calles llenas de vida, m\u00fasica, danzas, tradiciones, fuego, color y propuestas \u00fanicas para todos los gustos.Los pueblos de la&#8230; <a class=\"more-link\" href=\"https:\/\/www.disfrutabizkaia.com\/blog\/junio-se-despide-por-todo-lo-alto-en-bizkaia\/\">Seguir leyendo &rarr;<\/a><\/p>\n","protected":false},"author":2,"featured_media":7092,"comment_status":"open","ping_status":"closed","sticky":false,"template":"","format":"standard","meta":{"_acf_changed":false,"footnotes":""},"categories":[1],"tags":[],"class_list":["post-7074","post","type-post","status-publish","format-standard","has-post-thumbnail","hentry","category-disfruta-bizkaia"],"acf":[],"_links":{"self":[{"href":"https:\/\/www.disfrutabizkaia.com\/blog\/wp-json\/wp\/v2\/posts\/7074","targetHints":{"allow":["GET"]}}],"collection":[{"href":"https:\/\/www.disfrutabizkaia.com\/blog\/wp-json\/wp\/v2\/posts"}],"about":[{"href":"https:\/\/www.disfrutabizkaia.com\/blog\/wp-json\/wp\/v2\/types\/post"}],"author":[{"embeddable":true,"href":"https:\/\/www.disfrutabizkaia.com\/blog\/wp-json\/wp\/v2\/users\/2"}],"replies":[{"embeddable":true,"href":"https:\/\/www.disfrutabizkaia.com\/blog\/wp-json\/wp\/v2\/comments?post=7074"}],"version-history":[{"count":5,"href":"https:\/\/www.disfrutabizkaia.com\/blog\/wp-json\/wp\/v2\/posts\/7074\/revisions"}],"predecessor-version":[{"id":7112,"href":"https:\/\/www.disfrutabizkaia.com\/blog\/wp-json\/wp\/v2\/posts\/7074\/revisions\/7112"}],"wp:featuredmedia":[{"embeddable":true,"href":"https:\/\/www.disfrutabizkaia.com\/blog\/wp-json\/wp\/v2\/media\/7092"}],"wp:attachment":[{"href":"https:\/\/www.disfrutabizkaia.com\/blog\/wp-json\/wp\/v2\/media?parent=7074"}],"wp:term":[{"taxonomy":"category","embeddable":true,"href":"https:\/\/www.disfrutabizkaia.com\/blog\/wp-json\/wp\/v2\/categories?post=7074"},{"taxonomy":"post_tag","embeddable":true,"href":"https:\/\/www.disfrutabizkaia.com\/blog\/wp-json\/wp\/v2\/tags?post=7074"}],"curies":[{"name":"wp","href":"https:\/\/api.w.org\/{rel}","templated":true}]}}