{"id":7100,"date":"2025-06-26T12:49:04","date_gmt":"2025-06-26T10:49:04","guid":{"rendered":"https:\/\/www.disfrutabizkaia.com\/blog\/?p=7100"},"modified":"2025-06-26T12:49:04","modified_gmt":"2025-06-26T10:49:04","slug":"bilboko-kalealdia-2025","status":"publish","type":"post","link":"https:\/\/www.disfrutabizkaia.com\/blog\/bilboko-kalealdia-2025\/","title":{"rendered":"Bilboko Kalealdia 2025"},"content":{"rendered":"<p data-start=\"238\" data-end=\"410\">Del <strong>30 de junio al 5 de julio<\/strong>, Bilbao se convertir\u00e1 un a\u00f1o m\u00e1s en un gran escenario al aire libre gracias a <strong data-start=\"346\" data-end=\"367\">Bilboko Kalealdia<\/strong>, el Festival de Teatro y Artes de Calle.<\/p>\n<p data-start=\"412\" data-end=\"629\">Durante seis d\u00edas, la ciudad se llenar\u00e1 de espect\u00e1culos sorprendentes: teatro, danza, circo contempor\u00e1neo, acrobacias y mucho m\u00e1s. Esta 26\u00aa edici\u00f3n viene cargada de creatividad, emoci\u00f3n y arte para todos los p\u00fablicos.<\/p>\n<p data-start=\"670\" data-end=\"1018\">Este a\u00f1o participar\u00e1n <strong data-start=\"692\" data-end=\"708\">35 compa\u00f1\u00edas<\/strong> (22 de Euskadi, 12 estatales y 8 internacionales), con un total de <strong data-start=\"776\" data-end=\"792\">59 funciones<\/strong> repartidas en distintos puntos de la ciudad. El programa incluir\u00e1 estrenos en Euskadi y en el resto del Estado, en una variada muestra de disciplinas como el clown, la danza contempor\u00e1nea, la performance o el teatro de calle.<\/p>\n<p data-start=\"1020\" data-end=\"1350\">El <strong data-start=\"1023\" data-end=\"1049\">Parque de Do\u00f1a Casilda<\/strong> volver\u00e1 a ser el coraz\u00f3n del festival, con varios escenarios y decorado con la instalaci\u00f3n art\u00edstica especial:<br data-start=\"1160\" data-end=\"1163\" \/><strong data-start=\"1163\" data-end=\"1200\">\u201cEl Jard\u00edn del Bilboko Kalealdia\u201d<\/strong>, un espacio encantado creado por el artista local <strong data-start=\"1251\" data-end=\"1270\">To\u00f1o Valdivieso<\/strong>, construido con materiales reciclados como hierro, madera y telas reutilizadas.<\/p>\n<p data-start=\"1352\" data-end=\"1471\">Tambi\u00e9n habr\u00e1 actuaciones en otros espacios emblem\u00e1ticos como <strong data-start=\"1414\" data-end=\"1427\">El Arenal<\/strong>, la <strong data-start=\"1432\" data-end=\"1449\">plaza Arriaga<\/strong> o <strong data-start=\"1452\" data-end=\"1470\">Bizkaia Aretoa<\/strong>.<\/p>\n<p data-start=\"1352\" data-end=\"1471\"><img loading=\"lazy\" decoding=\"async\" class=\"wp-image-7050 size-full aligncenter\" src=\"https:\/\/www.disfrutabizkaia.com\/blog\/wp-content\/uploads\/2025\/05\/Bilboko-Kalealdia-2025_Bizkaia_Disfruta-Bizkaia_planes.jpg\" alt=\"\" width=\"540\" height=\"360\" srcset=\"https:\/\/www.disfrutabizkaia.com\/blog\/wp-content\/uploads\/2025\/05\/Bilboko-Kalealdia-2025_Bizkaia_Disfruta-Bizkaia_planes.jpg 540w, https:\/\/www.disfrutabizkaia.com\/blog\/wp-content\/uploads\/2025\/05\/Bilboko-Kalealdia-2025_Bizkaia_Disfruta-Bizkaia_planes-300x200.jpg 300w, https:\/\/www.disfrutabizkaia.com\/blog\/wp-content\/uploads\/2025\/05\/Bilboko-Kalealdia-2025_Bizkaia_Disfruta-Bizkaia_planes-372x248.jpg 372w\" sizes=\"auto, (max-width: 540px) 100vw, 540px\" \/><\/p>\n<h3 data-start=\"2851\" data-end=\"2898\"><span style=\"color: #ffcc00;\">Participaci\u00f3n ciudadana \u2013 \u00a1Novedad 2025!<\/span><\/h3>\n<p data-start=\"2899\" data-end=\"3066\">Este a\u00f1o, Bilboko Kalealdia apuesta por la <strong data-start=\"2942\" data-end=\"2971\">participaci\u00f3n del p\u00fablico<\/strong>, en colaboraci\u00f3n con <strong data-start=\"2993\" data-end=\"3006\">Open Kale<\/strong>, <strong data-start=\"3008\" data-end=\"3020\">Artekale<\/strong> y el <strong data-start=\"3026\" data-end=\"3044\">Gobierno Vasco<\/strong>, con tres propuestas destacadas:<\/p>\n<ul>\n<li data-start=\"1675\" data-end=\"1845\"><strong data-start=\"1675\" data-end=\"1731\">Taller de t\u00edteres \u201cDescubrimiento de una disciplina\u201d<\/strong><br data-start=\"1731\" data-end=\"1734\" \/>&#x1f4c5; Jueves 26 de junio<br data-start=\"1757\" data-end=\"1760\" \/>&#x1f559; Dos turnos: 10:00-12:00 y 17:00-19:00<br data-start=\"1802\" data-end=\"1805\" \/>&#x1f4cd; Centro Municipal de San Francisco<\/li>\n<li data-start=\"1849\" data-end=\"2028\"><strong data-start=\"1849\" data-end=\"1875\">Coloquios con artistas<\/strong> \u2013 Jueves 3 de julio<br data-start=\"1895\" data-end=\"1898\" \/>Tras \u201cHarrobia Dantza Bertikala\u201d (22:30 \u2013 Bizkaia Aretoa)<br data-start=\"1957\" data-end=\"1960\" \/>Tras \u201cManttalingo Alaba\u201d (19:30 \u2013 P\u00e9rgola, Parque de Do\u00f1a Casilda)<\/li>\n<li data-start=\"2032\" data-end=\"2243\"><strong data-start=\"2032\" data-end=\"2068\">Participaci\u00f3n en un espect\u00e1culo:<\/strong><br data-start=\"2068\" data-end=\"2071\" \/>20 personas podr\u00e1n formar parte de <strong data-start=\"2108\" data-end=\"2121\">\u201cSfumato\u201d<\/strong>, de Llum de Fideu, tras un taller previo.<br data-start=\"2163\" data-end=\"2166\" \/>&#x1f4c5; Lunes 30 de junio: 17:45 y 20:15<br data-start=\"2203\" data-end=\"2206\" \/>&#x1f4c5; Martes 1 de julio: 18:00 y 20:30<\/li>\n<\/ul>\n<h3 data-start=\"1359\" data-end=\"1405\"><span style=\"color: #ffcc00;\"><strong data-start=\"1366\" data-end=\"1405\">Estrenos que no te puedes perder:<\/strong><\/span><\/h3>\n<p data-start=\"2283\" data-end=\"2458\">Esta edici\u00f3n contar\u00e1 con <strong data-start=\"2308\" data-end=\"2323\">12 estrenos<\/strong>, incluido el nuevo \u201cJard\u00edn del Bilboko Kalealdia\u201d. Entre ellos, <strong data-start=\"2388\" data-end=\"2457\">7 espect\u00e1culos se ver\u00e1n por primera vez en Euskadi o en el Estado<\/strong>.<\/p>\n<h4 data-start=\"2460\" data-end=\"2481\">Estreno absoluto<\/h4>\n<ul data-start=\"2482\" data-end=\"2619\">\n<li data-start=\"2482\" data-end=\"2619\">\n<p data-start=\"2484\" data-end=\"2619\">\u201cEl Jard\u00edn del Bilboko Kalealdia\u201d \u2013 To\u00f1o Valdivieso<br data-start=\"2535\" data-end=\"2538\" \/>&#x1f4cd; Estanque del Parque de Do\u00f1a Casilda<br data-start=\"2578\" data-end=\"2581\" \/>&#x1f4c6; 30 de junio al 5 de julio \u2013 17:00<\/p>\n<\/li>\n<\/ul>\n<h4 data-start=\"2621\" data-end=\"2647\">Estrenos en el Estado<\/h4>\n<ul data-start=\"2648\" data-end=\"2947\">\n<li data-start=\"2648\" data-end=\"2758\">\n<p data-start=\"2650\" data-end=\"2758\">\u201c\u00c9piphytes\u201d \u2013 Cie. des Chaussons Rouges (B\u00e9lgica)<br data-start=\"2699\" data-end=\"2702\" \/>&#x1f4c5; 30 junio y 1 julio \u2013 19:00 \u2013 p\u00e9rgola Do\u00f1a Casilda<\/p>\n<\/li>\n<li data-start=\"2759\" data-end=\"2853\">\n<p data-start=\"2761\" data-end=\"2853\">\u201cGros d\u00e9bit\u201d \u2013 Facile d\u2019exces (Francia)<br data-start=\"2800\" data-end=\"2803\" \/>&#x1f4c5; Viernes 4 julio \u2013 18:30 y 20:30 \u2013 espacio 2<\/p>\n<\/li>\n<li data-start=\"2854\" data-end=\"2947\">\n<p data-start=\"2856\" data-end=\"2947\">\u201cSoul Project\u201d \u2013 Soul Project (Francia)<br data-start=\"2895\" data-end=\"2898\" \/>&#x1f4c5; Lunes 30 junio \u2013 17:15 y 19:45 \u2013 espacio 2<\/p>\n<\/li>\n<\/ul>\n<h4 data-start=\"2949\" data-end=\"2973\">Estrenos en Euskadi<\/h4>\n<ul data-start=\"2974\" data-end=\"3740\">\n<li data-start=\"2974\" data-end=\"3082\">\n<p data-start=\"2976\" data-end=\"3082\">\u201cPlouf &amp; Replouf\u201d \u2013 Compagnie Super Super (Francia)<br data-start=\"3027\" data-end=\"3030\" \/>&#x1f4c5; Mi\u00e9rcoles 2 julio \u2013 17:30 y 20:00 \u2013 espacio 1<\/p>\n<\/li>\n<li data-start=\"3083\" data-end=\"3187\">\n<p data-start=\"3085\" data-end=\"3187\">\u201cFleurir les ab\u00eemes\u201d \u2013 Claire Ducreux (Francia)<br data-start=\"3132\" data-end=\"3135\" \/>&#x1f4c5; Mi\u00e9rcoles 2 julio \u2013 18:30 y 20:30 \u2013 espacio 3<\/p>\n<\/li>\n<li data-start=\"3188\" data-end=\"3279\">\n<p data-start=\"3190\" data-end=\"3279\">\u201cBoucherie Bacul\u201d \u2013 Pikz Palace (B\u00e9lgica)<br data-start=\"3231\" data-end=\"3234\" \/>&#x1f4c5; Jueves 3 y viernes 4 julio \u2013 espacio 4<\/p>\n<\/li>\n<li data-start=\"3280\" data-end=\"3378\">\n<p data-start=\"3282\" data-end=\"3378\">\u201cDoma\u201d \u2013 DDC Danza \u2013 Daniel Do\u00f1a (Madrid)<br data-start=\"3323\" data-end=\"3326\" \/>&#x1f4c5; Mi\u00e9rcoles 2 julio \u2013 19:00 y 21:00 \u2013 espacio 2<\/p>\n<\/li>\n<li data-start=\"3379\" data-end=\"3459\">\n<p data-start=\"3381\" data-end=\"3459\">\u201cDevoris Causa\u201d \u2013 Escarlata (Catalu\u00f1a)<br data-start=\"3419\" data-end=\"3422\" \/>&#x1f4c5; 30 junio y 1 julio \u2013 espacio 4<\/p>\n<\/li>\n<li data-start=\"3460\" data-end=\"3545\">\n<p data-start=\"3462\" data-end=\"3545\">\u201cDespr\u00e9s de tot\u201d \u2013 PSIRC (Catalu\u00f1a)<br data-start=\"3497\" data-end=\"3500\" \/>&#x1f4c5; Lunes 30 junio \u2013 22:00 \u2013 Plaza Arriaga<\/p>\n<\/li>\n<li data-start=\"3546\" data-end=\"3637\">\n<p data-start=\"3548\" data-end=\"3637\">\u201cCarena\u201d \u2013 La Corcoles C\u00eda. (Catalu\u00f1a)<br data-start=\"3586\" data-end=\"3589\" \/>&#x1f4c5; Mi\u00e9rcoles 2 julio \u2013 22:00 \u2013 Plaza Arriaga<\/p>\n<\/li>\n<li data-start=\"3638\" data-end=\"3740\">\n<p data-start=\"3640\" data-end=\"3740\">\u201cQOROQ\u201d \u2013 Kolektiv Lapso Cirk (Catalu\u00f1a y Castilla-Le\u00f3n)<br data-start=\"3696\" data-end=\"3699\" \/>&#x1f4c5; Jueves 3 julio \u2013 21:30 \u2013 El Arenal<\/p>\n<\/li>\n<\/ul>\n<h3 data-start=\"3742\" data-end=\"3767\">Espect\u00e1culo solidario<\/h3>\n<p data-start=\"3769\" data-end=\"3847\">Todos los espect\u00e1culos de <strong data-start=\"3795\" data-end=\"3821\">Bilboko Kalealdia 2025<\/strong> son gratuitos, salvo uno:<\/p>\n<ul data-start=\"3849\" data-end=\"4085\">\n<li data-start=\"3849\" data-end=\"4085\">\n<p data-start=\"3851\" data-end=\"4085\"><strong data-start=\"3851\" data-end=\"3870\">\u201cDevoris Causa\u201d<\/strong> \u2013 Escarlata<br data-start=\"3882\" data-end=\"3885\" \/>&#x1f4cd; Espacio 4 \u2013 Estanque del Parque de Do\u00f1a Casilda<br data-start=\"3937\" data-end=\"3940\" \/>&#x1f4c5; 30 junio: 18:00 y 21:00 \u2013 1 julio: 18:15 y 21:15<br data-start=\"3993\" data-end=\"3996\" \/>&#x1f39f; Entrada: 3 euros \u2013 Donaci\u00f3n destinada a <strong data-start=\"4041\" data-end=\"4085\">Zaporeak Solidario Garapenerako Elkartea<\/strong><\/p>\n<\/li>\n<\/ul>\n<h3 data-start=\"3297\" data-end=\"3359\"><span style=\"color: #ffcc00;\"><strong data-start=\"3304\" data-end=\"3359\">\u00bfPor qu\u00e9 no puedes perderte Bilboko Kalealdia 2025?<\/strong><\/span><\/h3>\n<p data-start=\"4300\" data-end=\"4590\">Porque ofrece espect\u00e1culos gratuitos y de calidad para todos los p\u00fablicos.<\/p>\n<p data-start=\"4300\" data-end=\"4590\">Porque presenta siete estrenos nacionales e internacionales.<\/p>\n<p data-start=\"4300\" data-end=\"4590\">Porque te permite redescubrir Bilbao a trav\u00e9s del arte.<\/p>\n<p data-start=\"4300\" data-end=\"4590\">Y, sobre todo, porque <strong data-start=\"4520\" data-end=\"4590\">Bilboko Kalealdia acerca la cultura a todo el mundo.<\/strong><\/p>\n<p data-start=\"4300\" data-end=\"4590\">&#x1f4f2; Puedes encontrar el mapa de los diferentes espacios esc\u00e9nicos y consultar la <strong data-start=\"3992\" data-end=\"4017\">programaci\u00f3n completa<\/strong> del festival en la web oficial: \u00a0<a class=\"\" href=\"http:\/\/www.bilbokokalealdia.eus\" target=\"_new\" rel=\"noopener\" data-start=\"4055\" data-end=\"4114\">www.bilbokokalealdia.eus<\/a><\/p>\n<p data-start=\"213\" data-end=\"434\">Bilboko Kalealdia no es solo un festival: es una invitaci\u00f3n a vivir el arte en la calle, a sorprendernos con propuestas originales, a disfrutar del talento local e internacional y a redescubrir Bilbao desde otra mirada.<\/p>\n<p data-start=\"436\" data-end=\"595\">Una oportunidad \u00fanica para todas las edades, en la que el espacio p\u00fablico se convierte en un escenario abierto a la imaginaci\u00f3n, la emoci\u00f3n y la creatividad.<\/p>\n<p data-start=\"597\" data-end=\"697\">Porque en Bilboko Kalealdia, el teatro, la danza, el circo o la performance no se ven: <strong data-start=\"684\" data-end=\"696\">se viven<\/strong>.<\/p>\n<h3 data-start=\"3852\" data-end=\"3910\"><\/h3>\n<p><a href=\"https:\/\/www.disfrutabizkaia.com\/comer-beber\/restaurantes\/?nombre=&amp;localidad=Bilbao&amp;zona=-1&amp;categorias%5B%5D=18&amp;categorias%5B%5D=17&amp;order=ASC\"><img loading=\"lazy\" decoding=\"async\" class=\"aligncenter wp-image-4340 size-full\" src=\"https:\/\/www.disfrutabizkaia.com\/blog\/wp-content\/uploads\/2022\/03\/banner-restaurantes-Bilbao-blog-disfruta-bizkaia.gif\" alt=\"\" width=\"678\" height=\"180\" \/><\/a><\/p>\n","protected":false},"excerpt":{"rendered":"<p>Del 30 de junio al 5 de julio, Bilbao se convertir\u00e1 un a\u00f1o m\u00e1s en un gran escenario al aire libre gracias a Bilboko Kalealdia, el Festival de Teatro y Artes de Calle. Durante seis d\u00edas, la ciudad se llenar\u00e1&#8230; <a class=\"more-link\" href=\"https:\/\/www.disfrutabizkaia.com\/blog\/bilboko-kalealdia-2025\/\">Seguir leyendo &rarr;<\/a><\/p>\n","protected":false},"author":2,"featured_media":7107,"comment_status":"open","ping_status":"closed","sticky":false,"template":"","format":"standard","meta":{"_acf_changed":false,"footnotes":""},"categories":[48,1,47],"tags":[],"class_list":["post-7100","post","type-post","status-publish","format-standard","has-post-thumbnail","hentry","category-con-ninos","category-disfruta-bizkaia","category-planes"],"acf":[],"_links":{"self":[{"href":"https:\/\/www.disfrutabizkaia.com\/blog\/wp-json\/wp\/v2\/posts\/7100","targetHints":{"allow":["GET"]}}],"collection":[{"href":"https:\/\/www.disfrutabizkaia.com\/blog\/wp-json\/wp\/v2\/posts"}],"about":[{"href":"https:\/\/www.disfrutabizkaia.com\/blog\/wp-json\/wp\/v2\/types\/post"}],"author":[{"embeddable":true,"href":"https:\/\/www.disfrutabizkaia.com\/blog\/wp-json\/wp\/v2\/users\/2"}],"replies":[{"embeddable":true,"href":"https:\/\/www.disfrutabizkaia.com\/blog\/wp-json\/wp\/v2\/comments?post=7100"}],"version-history":[{"count":3,"href":"https:\/\/www.disfrutabizkaia.com\/blog\/wp-json\/wp\/v2\/posts\/7100\/revisions"}],"predecessor-version":[{"id":7109,"href":"https:\/\/www.disfrutabizkaia.com\/blog\/wp-json\/wp\/v2\/posts\/7100\/revisions\/7109"}],"wp:featuredmedia":[{"embeddable":true,"href":"https:\/\/www.disfrutabizkaia.com\/blog\/wp-json\/wp\/v2\/media\/7107"}],"wp:attachment":[{"href":"https:\/\/www.disfrutabizkaia.com\/blog\/wp-json\/wp\/v2\/media?parent=7100"}],"wp:term":[{"taxonomy":"category","embeddable":true,"href":"https:\/\/www.disfrutabizkaia.com\/blog\/wp-json\/wp\/v2\/categories?post=7100"},{"taxonomy":"post_tag","embeddable":true,"href":"https:\/\/www.disfrutabizkaia.com\/blog\/wp-json\/wp\/v2\/tags?post=7100"}],"curies":[{"name":"wp","href":"https:\/\/api.w.org\/{rel}","templated":true}]}}