{"id":7113,"date":"2025-06-29T13:37:25","date_gmt":"2025-06-29T11:37:25","guid":{"rendered":"https:\/\/www.disfrutabizkaia.com\/blog\/?p=7113"},"modified":"2025-07-09T12:44:37","modified_gmt":"2025-07-09T10:44:37","slug":"julio-en-bizkaia-planes-para-disfrutar-en-familia-y-solo-para-txikis","status":"publish","type":"post","link":"https:\/\/www.disfrutabizkaia.com\/blog\/julio-en-bizkaia-planes-para-disfrutar-en-familia-y-solo-para-txikis\/","title":{"rendered":"Julio en Bizkaia: planes para disfrutar en familia (\u00a1y no solo para txikis!)"},"content":{"rendered":"<p data-start=\"126\" data-end=\"491\">El aire huele a mar, a monte y a fiestas que llenan cada rinc\u00f3n de m\u00fasica, risas y tradici\u00f3n. Apetece explorar lugares nuevos, saborear recetas de siempre y alargar las sobremesas entre amigos mientras el sol se despide lentamente. Re\u00edr en la calle, improvisar planes y exprimir cada momento se convierte en lo m\u00e1s importante.<\/p>\n<p data-start=\"493\" data-end=\"766\">Si te apetece compartir tiempo en familia (o simplemente volver a disfrutar como cuando eras ni\u00f1o), toma nota. Te traemos un mont\u00f3n de planes para todos los gustos: actividades al aire libre, experiencias gastron\u00f3micas y propuestas que te har\u00e1n querer quedarte un poco m\u00e1s.<\/p>\n\n\t\t<style type=\"text\/css\">\n\t\t\t#gallery-1 {\n\t\t\t\tmargin: auto;\n\t\t\t}\n\t\t\t#gallery-1 .gallery-item {\n\t\t\t\tfloat: left;\n\t\t\t\tmargin-top: 10px;\n\t\t\t\ttext-align: center;\n\t\t\t\twidth: 16%;\n\t\t\t}\n\t\t\t#gallery-1 img {\n\t\t\t\tborder: 2px solid #cfcfcf;\n\t\t\t}\n\t\t\t#gallery-1 .gallery-caption {\n\t\t\t\tmargin-left: 0;\n\t\t\t}\n\t\t\t\/* see gallery_shortcode() in wp-includes\/media.php *\/\n\t\t<\/style>\n\t\t<div id='gallery-1' class='gallery galleryid-7113 gallery-columns-6 gallery-size-thumbnail'><dl class='gallery-item'>\n\t\t\t<dt class='gallery-icon landscape'>\n\t\t\t\t<a href='https:\/\/www.disfrutabizkaia.com\/blog\/ferreria-el-pobal-demostracion-ferrona-sabados-y-viernes-santo-7-abril-2023\/'><img loading=\"lazy\" decoding=\"async\" width=\"372\" height=\"248\" src=\"https:\/\/www.disfrutabizkaia.com\/blog\/wp-content\/uploads\/2023\/03\/ferreria-el-pobal-demostracion-ferrona-sabados-y-viernes-santo-7-abril-2023-372x248.jpg\" class=\"attachment-thumbnail size-thumbnail\" alt=\"\" srcset=\"https:\/\/www.disfrutabizkaia.com\/blog\/wp-content\/uploads\/2023\/03\/ferreria-el-pobal-demostracion-ferrona-sabados-y-viernes-santo-7-abril-2023-372x248.jpg 372w, https:\/\/www.disfrutabizkaia.com\/blog\/wp-content\/uploads\/2023\/03\/ferreria-el-pobal-demostracion-ferrona-sabados-y-viernes-santo-7-abril-2023-300x200.jpg 300w, https:\/\/www.disfrutabizkaia.com\/blog\/wp-content\/uploads\/2023\/03\/ferreria-el-pobal-demostracion-ferrona-sabados-y-viernes-santo-7-abril-2023-768x512.jpg 768w, https:\/\/www.disfrutabizkaia.com\/blog\/wp-content\/uploads\/2023\/03\/ferreria-el-pobal-demostracion-ferrona-sabados-y-viernes-santo-7-abril-2023-600x400.jpg 600w, https:\/\/www.disfrutabizkaia.com\/blog\/wp-content\/uploads\/2023\/03\/ferreria-el-pobal-demostracion-ferrona-sabados-y-viernes-santo-7-abril-2023-945x630.jpg 945w, https:\/\/www.disfrutabizkaia.com\/blog\/wp-content\/uploads\/2023\/03\/ferreria-el-pobal-demostracion-ferrona-sabados-y-viernes-santo-7-abril-2023.jpg 1024w\" sizes=\"auto, (max-width: 372px) 100vw, 372px\" \/><\/a>\n\t\t\t<\/dt><\/dl><dl class='gallery-item'>\n\t\t\t<dt class='gallery-icon landscape'>\n\t\t\t\t<a href='https:\/\/www.disfrutabizkaia.com\/blog\/los-mejores-planes-para-disfrutar-bizkaia-durante-esta-semana-santa\/santurtzi-teatralizada1-1200\/'><img loading=\"lazy\" decoding=\"async\" width=\"372\" height=\"248\" src=\"https:\/\/www.disfrutabizkaia.com\/blog\/wp-content\/uploads\/2024\/03\/santurtzi-Teatralizada1-1200-372x248.webp\" class=\"attachment-thumbnail size-thumbnail\" alt=\"\" \/><\/a>\n\t\t\t<\/dt><\/dl><dl class='gallery-item'>\n\t\t\t<dt class='gallery-icon landscape'>\n\t\t\t\t<a href='https:\/\/www.disfrutabizkaia.com\/blog\/bime-live-festival-musica-otono\/nuevo-destacado-blog-disfruta-560x315-34\/'><img loading=\"lazy\" decoding=\"async\" width=\"372\" height=\"248\" src=\"https:\/\/www.disfrutabizkaia.com\/blog\/wp-content\/uploads\/2023\/10\/NUEVO-destacado-BLOG-Disfruta-560x315-34-372x248.jpg\" class=\"attachment-thumbnail size-thumbnail\" alt=\"\" \/><\/a>\n\t\t\t<\/dt><\/dl><dl class='gallery-item'>\n\t\t\t<dt class='gallery-icon landscape'>\n\t\t\t\t<a href='https:\/\/www.disfrutabizkaia.com\/blog\/semana-santa-en-bizkaia-ideas-para-aprovecharla-al-maximo\/lekeitio_bizkaia_disfrutabizkaia_semana-santa_turismo-bizkaia_costa-de-bizkaia\/'><img loading=\"lazy\" decoding=\"async\" width=\"372\" height=\"248\" src=\"https:\/\/www.disfrutabizkaia.com\/blog\/wp-content\/uploads\/2025\/04\/Lekeitio_Bizkaia_DisfrutaBizkaia_Semana-Santa_TURISMO-Bizkaia_Costa-de-Bizkaia-372x248.png\" class=\"attachment-thumbnail size-thumbnail\" alt=\"\" \/><\/a>\n\t\t\t<\/dt><\/dl><dl class='gallery-item'>\n\t\t\t<dt class='gallery-icon landscape'>\n\t\t\t\t<a href='https:\/\/www.disfrutabizkaia.com\/blog\/los-mejores-pintxos-de-bizkaia-2025-pruebalos-todos\/nuevo-destacado-blog-disfruta-560x315-47\/'><img loading=\"lazy\" decoding=\"async\" width=\"372\" height=\"248\" src=\"https:\/\/www.disfrutabizkaia.com\/blog\/wp-content\/uploads\/2025\/06\/NUEVO-destacado-BLOG-Disfruta-560x315-47-372x248.jpg\" class=\"attachment-thumbnail size-thumbnail\" alt=\"\" \/><\/a>\n\t\t\t<\/dt><\/dl><dl class='gallery-item'>\n\t\t\t<dt class='gallery-icon landscape'>\n\t\t\t\t<a href='https:\/\/www.disfrutabizkaia.com\/blog\/10-planes-para-el-puente-de-noviembre-en-bizkaia\/barcos-en-el-puerto-viejo-de-algorta-en-getxo\/'><img loading=\"lazy\" decoding=\"async\" width=\"372\" height=\"248\" src=\"https:\/\/www.disfrutabizkaia.com\/blog\/wp-content\/uploads\/2018\/10\/Barcos-en-el-Puerto-Viejo-de-Algorta-en-Getxo-e1540996116924-372x248.jpg\" class=\"attachment-thumbnail size-thumbnail\" alt=\"Puerto viejo de Algorta en Getxo\" \/><\/a>\n\t\t\t<\/dt><\/dl><br style=\"clear: both\" \/>\n\t\t<\/div>\n\n<h2 data-start=\"692\" data-end=\"734\"><span style=\"color: #ffcc00;\"><strong data-start=\"699\" data-end=\"734\">Santurtzi: sabor a mar y teatro<\/strong><\/span><\/h2>\n<p data-start=\"736\" data-end=\"1084\"><strong data-start=\"736\" data-end=\"774\">&#x1f4cd; Subasta de pescado teatralizada<\/strong><br data-start=\"774\" data-end=\"777\" \/>Dicen que para conocer un pueblo hay que pasar por su puerto. En Santurtzi, el alma marinera sigue viva. Este verano vuelve uno de sus planes m\u00e1s aut\u00e9nticos: la subasta de pescado teatralizada. La sardinera, el patr\u00f3n, la subastadora\u2026 todos ellos te sumergen en una escena que parece sacada de otra \u00e9poca.<\/p>\n<p data-start=\"1086\" data-end=\"1244\">&#x1f570; Cu\u00e1ndo: 5, 12, 19 y 26 de julio, a las 12:30<br data-start=\"1133\" data-end=\"1136\" \/>&#x1f4cd; D\u00f3nde: Puerto pesquero de Santurtzi<br data-start=\"1174\" data-end=\"1177\" \/>&#x1f39f; Precio: 2 \u20ac<br data-start=\"1191\" data-end=\"1194\" \/>&#x1f4de; Reserva: 94 483 94 94 \/ <a class=\"cursor-pointer\" rel=\"noopener\" data-start=\"1221\" data-end=\"1242\">turismo@santurtzi.net<\/a><\/p>\n<p data-start=\"1246\" data-end=\"1502\"><strong data-start=\"1246\" data-end=\"1279\">&#x26f5; Visitas al pesquero Agurtza<\/strong><br data-start=\"1279\" data-end=\"1282\" \/>A pocos pasos, puedes subir al <strong data-start=\"1313\" data-end=\"1324\">Agurtza<\/strong>, un pesquero tradicional de madera donde los m\u00e1s peque\u00f1os alucinan con los aparejos, el puente, las redes y las historias que esconde el mar. Una visita corta pero muy especial.<\/p>\n<h2 data-start=\"185\" data-end=\"273\"><span style=\"color: #ffcc00;\"><strong data-start=\"191\" data-end=\"273\">Barco MATER, visitas en Itsasmuseum y Karola de noche: historia viva en la r\u00eda<\/strong><\/span><\/h2>\n<p data-start=\"275\" data-end=\"535\">La r\u00eda de Bilbao tambi\u00e9n tiene planes muy especiales este verano. En el <strong data-start=\"347\" data-end=\"362\">Itsasmuseum<\/strong>, puedes subirte al <strong data-start=\"382\" data-end=\"397\">Barco MATER<\/strong>, una bonitera tradicional de madera reconvertida en Barco Museo Ecoactivo. Un plan diferente y educativo, perfecto para hacer en familia.<\/p>\n<p data-start=\"537\" data-end=\"791\">Adem\u00e1s, durante los fines de semana de julio y agosto, con la entrada al museo, podr\u00e1s disfrutar de <strong data-start=\"637\" data-end=\"697\">visitas guiadas al taller de carpinter\u00eda de ribera Erain<\/strong> y conocer <strong data-start=\"708\" data-end=\"742\">la m\u00edtica Gabarra del Athletic<\/strong>. Historia, mar y pasi\u00f3n rojiblanca, todo en uno.<\/p>\n<p data-start=\"793\" data-end=\"1107\">Y cuando cae la noche, la r\u00eda se ilumina. <strong data-start=\"835\" data-end=\"853\">La gr\u00faa Carola<\/strong>, s\u00edmbolo del Bilbao industrial, se transforma en una experiencia sensorial. <strong data-start=\"930\" data-end=\"951\">\u00abCarolaren Arima\u00bb<\/strong> es una instalaci\u00f3n de luz y sonido que se activa <strong data-start=\"1001\" data-end=\"1040\">los viernes y s\u00e1bados a las 22:00 h<\/strong>, justo en la explanada del museo. Verla en directo es casi m\u00e1gico.<\/p>\n<h2 data-start=\"1509\" data-end=\"1577\"><span style=\"color: #ffcc00;\"><strong data-start=\"1516\" data-end=\"1577\">Muskiz: historia viva entre fuego, espadas y pasta casera<\/strong><\/span><\/h2>\n<p data-start=\"1579\" data-end=\"1772\">Entre frondosos valles y caser\u00edos, Muskiz guarda joyas con mucha historia. La Ferrer\u00eda de El Pobal y el Castillo de Mu\u00f1atones te abren sus puertas este julio con planes originales y familiares.<\/p>\n<p style=\"padding-left: 40px;\" data-start=\"1774\" data-end=\"2087\"><strong data-start=\"1774\" data-end=\"1817\">&#x1f35d; Taller familiar de pasta en El Pobal<\/strong><br data-start=\"1817\" data-end=\"1820\" \/>S\u00ed, has le\u00eddo bien: \u00a1un taller para hacer pasta casera en una ferrer\u00eda del siglo XVI! Peque\u00f1os y mayores aprender\u00e9is a preparar fetuccini o raviolis con vuestras propias manos, y os los llevar\u00e9is a casa para cocinarlos despu\u00e9s. Una forma deliciosa de pasar la ma\u00f1ana.<\/p>\n<p style=\"padding-left: 40px;\" data-start=\"2089\" data-end=\"2228\">&#x1f5d3; 6 de julio \u2013 Dos turnos: 10:30 y 12:30<br data-start=\"2130\" data-end=\"2133\" \/>&#x1f4b6; Precio: 1,50 \u20ac (menores de 6 a\u00f1os, gratis)<br data-start=\"2178\" data-end=\"2181\" \/>&#x1f4de; Reserva: 629 271 516 \/ <a class=\"cursor-pointer\" rel=\"noopener\" data-start=\"2207\" data-end=\"2226\">elpobal@bizkaia.eus<\/a><\/p>\n<p style=\"padding-left: 40px;\" data-start=\"2230\" data-end=\"2473\"><strong data-start=\"2230\" data-end=\"2269\">&#x1f525; Visitas guiadas con demostraci\u00f3n<\/strong><br data-start=\"2269\" data-end=\"2272\" \/>Los s\u00e1bados de julio, el fuego vuelve a prender en la ferrer\u00eda. Los visitantes pueden ver en directo c\u00f3mo el agua mueve el martillo, c\u00f3mo chispean las brasas y c\u00f3mo se forja el hierro como hace siglos.<\/p>\n<p style=\"padding-left: 40px;\" data-start=\"2475\" data-end=\"2506\">&#x1f570; Hora: 11:00, 12:00 y 13:00<\/p>\n<p style=\"padding-left: 40px;\" data-start=\"2508\" data-end=\"2742\"><strong data-start=\"2508\" data-end=\"2562\">&#x1f6e1; Recreaci\u00f3n medieval en el Castillo de Mu\u00f1atones<\/strong><br data-start=\"2562\" data-end=\"2565\" \/>A un paso, el imponente castillo de Mu\u00f1atones cobra vida con una demostraci\u00f3n de armas medievales. Un plan diferente para sumergirse en la Edad Media.<\/p>\n<p style=\"padding-left: 40px;\" data-start=\"2744\" data-end=\"2783\">&#x1f5d3; 13 de julio \u2013 Hora: 12:00 \u2013 Gratis<\/p>\n<p style=\"padding-left: 40px;\" data-start=\"2785\" data-end=\"3025\"><strong data-start=\"2785\" data-end=\"2839\">&#x1f3ad; Visita teatralizada \u201cLas intrigas de Mu\u00f1atones\u201d<\/strong><br data-start=\"2839\" data-end=\"2842\" \/>El 20 de julio, las piedras del castillo contar\u00e1n sus secretos. En esta visita teatralizada conocer\u00e1s a personajes que un d\u00eda gobernaron Bizkaia y forjaron alianzas&#8230; y traiciones.<\/p>\n<p style=\"padding-left: 40px;\" data-start=\"3027\" data-end=\"3129\">&#x1f570; Hora: 12:00 \u2013 Precio: 4 \u20ac (menores de 12, gratis)<br data-start=\"3079\" data-end=\"3082\" \/>&#x1f4de; Reserva: <a class=\"cursor-pointer\" rel=\"noopener\" data-start=\"3094\" data-end=\"3113\">elpobal@bizkaia.eus<\/a> \/ 629 271 516<\/p>\n<h2 data-start=\"3136\" data-end=\"3189\"><span style=\"color: #ffcc00;\"><strong data-start=\"3143\" data-end=\"3189\">Festivales de m\u00fasica para todos los gustos<\/strong><\/span><\/h2>\n<p data-start=\"3191\" data-end=\"3407\">Julio suena a jazz, a reggae, a blues y a m\u00fasica electr\u00f3nica en espacios que sorprenden. Desde el puerto de Getxo hasta las entra\u00f1as de los Altos Hornos de Sestao, la m\u00fasica se vive al aire libre y en buena compa\u00f1\u00eda.<\/p>\n<ul data-start=\"3409\" data-end=\"3592\">\n<li data-start=\"3409\" data-end=\"3454\">\n<p data-start=\"3411\" data-end=\"3454\"><strong data-start=\"3411\" data-end=\"3437\">Bilbao Blues Festival:<\/strong> 25-27 de julio. La gran fiesta del blues regresa este verano a Bilbao, consolidada como un referente internacional. El <a href=\"https:\/\/www.bilbaobluesfestival.com\/\"><strong data-start=\"381\" data-end=\"406\">Bilbao Blues Festival<\/strong> <\/a>celebrar\u00e1 su cuarta edici\u00f3n del <strong data-start=\"439\" data-end=\"460\">25 al 27 de julio<\/strong>, con conciertos gratuitos al aire libre en el Arenal.<\/p>\n<p data-start=\"516\" data-end=\"775\">El festival arrancar\u00e1 con la banda bilba\u00edna <strong data-start=\"560\" data-end=\"598\">Mississippi Queen and The Wet Dogs<\/strong>, y contar\u00e1 con artistas de primer nivel como <strong data-start=\"644\" data-end=\"739\">The Kings of Blues, Blackburn Brothers, Delanie Pickering, Terrence Simien, Vanessa Collier<\/strong> o el <strong data-start=\"745\" data-end=\"774\">Chicago Blues Summer Tour<\/strong>.<\/p>\n<p data-start=\"777\" data-end=\"1014\">Adem\u00e1s, se repetir\u00e1 la <strong data-start=\"800\" data-end=\"837\">final del Blues Challenge estatal<\/strong>, en la que competir\u00e1n <strong data-start=\"860\" data-end=\"908\">las cuatro bandas m\u00e1s destacadas del momento<\/strong> por un puesto en el <strong data-start=\"929\" data-end=\"957\">European Blues Challenge<\/strong>, uno de los eventos m\u00e1s importantes del blues en Europa.<\/p>\n<p data-start=\"1016\" data-end=\"1298\">El gran homenaje de esta edici\u00f3n ser\u00e1 para la leyenda tejana <strong data-start=\"1077\" data-end=\"1095\">Jimmie Vaughan<\/strong> (Texas, 1951), ganador de <strong data-start=\"1122\" data-end=\"1147\">cuatro premios Grammy<\/strong>, que recibir\u00e1 el <strong data-start=\"1165\" data-end=\"1188\">premio del certamen<\/strong> y ofrecer\u00e1 en Bilbao su <strong data-start=\"1213\" data-end=\"1245\">\u00fanico concierto en el Estado<\/strong>. Un evento imprescindible para amantes de la m\u00fasica.<\/p>\n<\/li>\n<li data-start=\"3455\" data-end=\"3478\">\n<p data-start=\"3457\" data-end=\"3478\"><strong data-start=\"3457\" data-end=\"3476\">Getxo Jazz 2025: <\/strong>Del 2 al 7 de Julio Getxo se viste de m\u00fasica para dar inicio a la temporada de Jazz en Euskadi. Como siempre, el evento contar\u00e1 con la presencia de j\u00f3venes talentos y artistas internacionales de renombre, y conciertos familiares para ofrecer un abanico amplio de opciones para todos los gustos. \u00a1No te lo pierdas!<\/p>\n<\/li>\n<\/ul>\n<p style=\"padding-left: 40px;\" data-start=\"3457\" data-end=\"3478\">Aqu\u00ed te dejamos toda <a href=\"https:\/\/getxo-kultura.eus\/es\/getxo-jazz-2025\/\">la programaci\u00f3n.<\/a><\/p>\n<ul data-start=\"3409\" data-end=\"3592\">\n<li data-start=\"3479\" data-end=\"3524\">\n<p data-start=\"3481\" data-end=\"3524\"><strong data-start=\"3481\" data-end=\"3510\">Txapel Reggae (Armintza):<\/strong> 19 de julio. Armintza es conocido por su peque\u00f1o puerto pesquero y su festival de reggae en verano. Este tranquilo barrio de Lemoiz, en la regi\u00f3n vizca\u00edna de Uribe Kosta, es un destino que merece la pena visitar en cualquier \u00e9poca del a\u00f1o para disfrutar de la naturaleza, el puerto, la playa y la gastronom\u00eda local. Sin embargo, el s\u00e1bado 19 de julio, Armintza se transformar\u00e1 y se llenar\u00e1 de alegr\u00eda con el reggae, las vibraciones positivas, la fiesta y los conciertos gratuitos al aire libre.<\/p>\n<\/li>\n<\/ul>\n<p style=\"padding-left: 40px;\" data-start=\"3481\" data-end=\"3524\">Desde hace m\u00e1s de 30 a\u00f1os, durante las festividades del Carmen, Txapel Reggae convierte a Armintza en la capital de la m\u00fasica reggae, una cita imprescindible para los amantes de los ritmos jamaicanos. No te pierdas nada y echa un vistazo a la<a href=\"https:\/\/txapelreggae.com\/?fbclid=PAZXh0bgNhZW0CMTEAAafcULe-sj-S-UZy4m6Q3ZRMz68n2Q2Si1E-FzLYkQH9_N_topsgkfZrOwUZ5w_aem_p0s9x_078LcyddrOcdJBCg\"> programaci\u00f3n<\/a><\/p>\n<ul>\n<li data-start=\"3525\" data-end=\"3592\">\n<p data-start=\"3527\" data-end=\"3592\"><strong data-start=\"3527\" data-end=\"3547\">Bilbao BBK Live:<\/strong> Kobetamendi vibra con sonidos alternativos. Como no, este verano (<strong>10, 11 y 12 de julio<\/strong>) vuelve <strong><em>Bilbao BBK Live<\/em>,<\/strong> el festival de m\u00fasica m\u00e1s internacional y conocido de Bizkaia.<\/p>\n<\/li>\n<li data-start=\"3525\" data-end=\"3592\">\n<p data-start=\"228\" data-end=\"547\">Este verano, la m\u00fasica no se queda en lo alto de Kobetamendi. <span style=\"color: #ffcc00;\"><a style=\"color: #ffcc00;\" href=\"https:\/\/www.disfrutabizkaia.com\/blog\/bilbao-bbk-live-bereziak-conciertos-gratuitos\/\"><strong data-start=\"290\" data-end=\"307\">Bereziak 2025<\/strong> <\/a><\/span>vuelve con fuerza y convierte Bilbao en un gran escenario al aire libre. Durante tres d\u00edas, la ciudad se llena de <strong data-start=\"423\" data-end=\"447\">conciertos gratuitos<\/strong> en lugares emblem\u00e1ticos, abiertos a todo el mundo y con una programaci\u00f3n muy variada.<\/p>\n<\/li>\n<li data-start=\"3594\" data-end=\"3816\"><span style=\"color: #000000;\"><strong data-start=\"3594\" data-end=\"3619\">Dantz Point Sestao: <\/strong>Este plan es para los que quieren algo diferente: una sesi\u00f3n de m\u00fasica electr\u00f3nica entre estructuras industriales. Bailar junto a los Altos Hornos es bailar tambi\u00e9n con la historia de Bizkaia. 4 de julio \u2013 De 17:00 a 23:30 \u2013 Gratis<\/span><\/li>\n<\/ul>\n<h2><span style=\"color: #ffcc00;\">Dantza Plazetan: tradici\u00f3n y alegr\u00eda al aire libre<\/span><\/h2>\n<p>El verano en Bilbao tambi\u00e9n se baila. Vuelve <strong data-start=\"284\" data-end=\"303\">Dantza Plazetan<\/strong>, una cita con la danza tradicional vasca en plena calle que llena de color y ritmo nuestras plazas. Un plan perfecto para disfrutar del folclore en un ambiente festivo, abierto y para todos los p\u00fablicos.<\/p>\n<h3 data-start=\"509\" data-end=\"547\">&#x1f4cd; Plaza Arriaga, coraz\u00f3n dantzari<\/h3>\n<p data-start=\"549\" data-end=\"727\">Durante dos s\u00e1bados seguidos, la c\u00e9ntrica <strong data-start=\"591\" data-end=\"608\">Plaza Arriaga<\/strong> se convierte en escenario de nuestros bailes m\u00e1s tradicionales.<\/p>\n<p data-start=\"549\" data-end=\"727\">Si te gusta la cultura popular, no te lo puedes perder:<\/p>\n<p style=\"padding-left: 40px;\" data-start=\"729\" data-end=\"933\">&#x1f5d3;&#xfe0f; <strong data-start=\"733\" data-end=\"763\">S\u00e1bado 12 de julio \u2013 19:00<\/strong><br data-start=\"763\" data-end=\"766\" \/><strong data-start=\"766\" data-end=\"799\">BETI JAI ALAI DANTZARI TALDEA<\/strong><br data-start=\"799\" data-end=\"802\" \/>Este veterano grupo nos ofrecer\u00e1 un completo alarde de danzas tradicionales, con toda la fuerza y elegancia de la cultura dantzari.<\/p>\n<p style=\"padding-left: 40px;\" data-start=\"935\" data-end=\"1139\">&#x1f5d3;&#xfe0f; <strong data-start=\"939\" data-end=\"969\">S\u00e1bado 19 de julio \u2013 19:00<\/strong><br data-start=\"969\" data-end=\"972\" \/><strong data-start=\"972\" data-end=\"1001\">BIHOTZ ALAI DANTZA TALDEA<\/strong><br data-start=\"1001\" data-end=\"1004\" \/>Desde Santurtzi llega este grupo con una propuesta llena de energ\u00eda, trajes t\u00edpicos y m\u00fasica que invita a disfrutar de nuestras ra\u00edces.<\/p>\n<h2 data-start=\"3868\" data-end=\"3920\"><span style=\"color: #ffcc00;\"><strong data-start=\"3875\" data-end=\"3920\">KaleKA 2025 en Lekeitio (4 al 6 de julio)\u00a0<\/strong><\/span><\/h2>\n<p data-start=\"3922\" data-end=\"4231\">No hace falta excusas para visitar esta preciosa localidad costera, con sus barcas de colores, su casco antiguo lleno de encanto y su faro con vistas infinitas. Pero si adem\u00e1s coincides con el <strong data-start=\"4115\" data-end=\"4125\">KaleKA<\/strong>, mejor que mejor. Teatro, danza y arte se adue\u00f1an de las calles con propuestas para todos los p\u00fablicos &#x1f449;&#x1f3fd;<a href=\"https:\/\/kaleka.eus\/es\/inicio-es\/\"> Programa completo<\/a><\/p>\n<p data-start=\"4233\" data-end=\"4367\">Ideal para pasar el d\u00eda en Lekeitio: pasear, tomar algo frente al puerto y dejarse sorprender por una actuaci\u00f3n entre casas marineras.<\/p>\n<h2 data-start=\"4374\" data-end=\"4428\"><span style=\"color: #ffcc00;\"><strong data-start=\"4380\" data-end=\"4428\">Visita teatralizada al Puerto Viejo de Getxo<\/strong><\/span><\/h2>\n<p data-start=\"4430\" data-end=\"4733\">El Puerto Viejo de Getxo es uno de esos lugares que atrapan. Con sus callejuelas empedradas, casas blancas con contraventanas de colores y olor a sardina asada, parece que el tiempo se detiene. En esta visita, un personaje muy especial te guiar\u00e1 por sus rincones con humor, an\u00e9cdotas y mucha historia.<\/p>\n<p data-start=\"4735\" data-end=\"4868\">&#x1f5d3; 5, 12, 19 y 26 de julio \u2013 Hora: 11:00<br data-start=\"4775\" data-end=\"4778\" \/>&#x1f4cd; Salida: Oficina de Turismo (Playa de Ereaga)<br data-start=\"4825\" data-end=\"4828\" \/>&#x1f39f; Precio: 6 \u20ac (menores de 12, gratis)<\/p>\n<h2 data-start=\"4875\" data-end=\"4925\"><span style=\"color: #ffcc00;\"><strong data-start=\"4882\" data-end=\"4925\">Gastronom\u00eda con vistas: rutas con sabor<\/strong><\/span><\/h2>\n<p data-start=\"4927\" data-end=\"5221\">Pintxos, parrillas, talos, pescados reci\u00e9n llegados del puerto\u2026<\/p>\n<p data-start=\"4927\" data-end=\"5221\">Este verano, date un homenaje. Te proponemos <span style=\"color: #ffcc00;\"><strong data-start=\"5036\" data-end=\"5098\"><a class=\"\" style=\"color: #ffcc00;\" href=\"https:\/\/www.disfrutabizkaia.com\/que-hacer\/\" rel=\"noopener\" data-start=\"5038\" data-end=\"5096\">rutas gastron\u00f3micas y terrazas con vistas en Bizkaia<\/a><\/strong>,<\/span> para saborear la tierra con los cinco sentidos. Porque no hay mejor plan que un buen bocado frente al mar o entre montes.<\/p>\n<h2 data-start=\"5228\" data-end=\"5262\"><span style=\"color: #ffcc00;\"><strong data-start=\"5235\" data-end=\"5262\">DastatuArte Food &amp; Art 2025 &#8211; Gorliz\u00a0<\/strong><\/span><\/h2>\n<p data-start=\"5264\" data-end=\"5501\">Gorliz es playa, paseo, tranquilidad y cada vez m\u00e1s\u2026 \u00a1sabor local!\u00a0 Los d\u00edas 4, 5 y 6 de Julio se celebra una nueva edici\u00f3n de <strong data-start=\"5374\" data-end=\"5389\">DastatuArte<\/strong>, un encuentro gastron\u00f3mico y artesanal en el coraz\u00f3n del pueblo. Echa un vistazo al <a href=\"https:\/\/www.visitgorliz.eus\/dastatuarte\/\">programa completo.<\/a><\/p>\n<p data-start=\"5508\" data-end=\"5655\">\u00bfListos para llenar julio de planes inolvidables?<br data-start=\"3972\" data-end=\"3975\" \/>Este verano, Bizkaia te espera con propuestas para sorprenderte, aprender y pasarlo en grande. \u00a1Disfr\u00fatala!<\/p>\n<p>&nbsp;<\/p>\n<p>&nbsp;<\/p>\n<p><a href=\"https:\/\/www.disfrutabizkaia.com\/dormir\/\"><img loading=\"lazy\" decoding=\"async\" class=\"aligncenter wp-image-3556 size-full\" src=\"https:\/\/www.disfrutabizkaia.com\/blog\/wp-content\/uploads\/2019\/09\/Banner-alojamiento-disfruta-bizkaia-blog.gif\" alt=\"D\u00f3nde dormir en Bilbao y Bizkaia\" width=\"678\" height=\"181\" \/><\/a><\/p>\n<p>&nbsp;<\/p>\n<p>&nbsp;<\/p>\n<div class=\"crp-list-container\"><h3 class=\"crp-list-title\">Related Posts<\/h3><ul class=\"crp-list\"><li class=\"crp-list-item crp-list-item-image-left crp-list-item-has-image\"><div class=\"crp-list-item-image\"><a href=\"https:\/\/www.disfrutabizkaia.com\/blog\/bilbao-blues-festival-2025\/\" target=\"_blank\"><img loading=\"lazy\" decoding=\"async\" data-pin-nopin=\"true\" style=\"max-width: 100px; height: auto;\" width=\"100\" height=\"67\" src=\"https:\/\/www.disfrutabizkaia.com\/blog\/wp-content\/uploads\/2025\/07\/NUEVO-destacado-BLOG-Disfruta-560x315-55-372x248.jpg\" class=\"attachment-100x100 size-100x100\" alt=\"\" \/><\/a><\/div><div class=\"crp-list-item-title\"><a href=\"https:\/\/www.disfrutabizkaia.com\/blog\/bilbao-blues-festival-2025\/\" target=\"_blank\">Bilbao Blues Festival 2025<\/a><\/div><\/li><li class=\"crp-list-item crp-list-item-image-left crp-list-item-has-image\"><div class=\"crp-list-item-image\"><a href=\"https:\/\/www.disfrutabizkaia.com\/blog\/bilboko-kalealdia-2025\/\" target=\"_blank\"><img loading=\"lazy\" decoding=\"async\" data-pin-nopin=\"true\" style=\"max-width: 100px; height: auto;\" width=\"100\" height=\"67\" src=\"https:\/\/www.disfrutabizkaia.com\/blog\/wp-content\/uploads\/2025\/06\/NUEVO-destacado-BLOG-Disfruta-560x315-49-372x248.jpg\" class=\"attachment-100x100 size-100x100\" alt=\"\" \/><\/a><\/div><div class=\"crp-list-item-title\"><a href=\"https:\/\/www.disfrutabizkaia.com\/blog\/bilboko-kalealdia-2025\/\" target=\"_blank\">Bilboko Kalealdia 2025<\/a><\/div><\/li><li class=\"crp-list-item crp-list-item-image-left crp-list-item-has-image\"><div class=\"crp-list-item-image\"><a href=\"https:\/\/www.disfrutabizkaia.com\/blog\/exposicion-gigantes-de-bilbao-verano-2025\/\" target=\"_blank\"><img loading=\"lazy\" decoding=\"async\" data-pin-nopin=\"true\" style=\"max-width: 100px; height: auto;\" width=\"100\" height=\"67\" src=\"https:\/\/www.disfrutabizkaia.com\/blog\/wp-content\/uploads\/2025\/07\/NUEVO-destacado-BLOG-Disfruta-560x315-54-372x248.jpg\" class=\"attachment-100x100 size-100x100\" alt=\"\" \/><\/a><\/div><div class=\"crp-list-item-title\"><a href=\"https:\/\/www.disfrutabizkaia.com\/blog\/exposicion-gigantes-de-bilbao-verano-2025\/\" target=\"_blank\">Exposici\u00f3n \"Gigantes de Bilbao\" - Verano 2025<\/a><\/div><\/li><\/ul><\/div>\n","protected":false},"excerpt":{"rendered":"<p>El aire huele a mar, a monte y a fiestas que llenan cada rinc\u00f3n de m\u00fasica, risas y tradici\u00f3n. Apetece explorar lugares nuevos, saborear recetas de siempre y alargar las sobremesas entre amigos mientras el sol se despide lentamente. Re\u00edr&#8230; <a class=\"more-link\" href=\"https:\/\/www.disfrutabizkaia.com\/blog\/julio-en-bizkaia-planes-para-disfrutar-en-familia-y-solo-para-txikis\/\">Seguir leyendo &rarr;<\/a><\/p>\n","protected":false},"author":2,"featured_media":7125,"comment_status":"open","ping_status":"closed","sticky":false,"template":"","format":"standard","meta":{"_acf_changed":false,"footnotes":""},"categories":[1],"tags":[],"class_list":["post-7113","post","type-post","status-publish","format-standard","has-post-thumbnail","hentry","category-disfruta-bizkaia"],"acf":[],"_links":{"self":[{"href":"https:\/\/www.disfrutabizkaia.com\/blog\/wp-json\/wp\/v2\/posts\/7113","targetHints":{"allow":["GET"]}}],"collection":[{"href":"https:\/\/www.disfrutabizkaia.com\/blog\/wp-json\/wp\/v2\/posts"}],"about":[{"href":"https:\/\/www.disfrutabizkaia.com\/blog\/wp-json\/wp\/v2\/types\/post"}],"author":[{"embeddable":true,"href":"https:\/\/www.disfrutabizkaia.com\/blog\/wp-json\/wp\/v2\/users\/2"}],"replies":[{"embeddable":true,"href":"https:\/\/www.disfrutabizkaia.com\/blog\/wp-json\/wp\/v2\/comments?post=7113"}],"version-history":[{"count":9,"href":"https:\/\/www.disfrutabizkaia.com\/blog\/wp-json\/wp\/v2\/posts\/7113\/revisions"}],"predecessor-version":[{"id":7165,"href":"https:\/\/www.disfrutabizkaia.com\/blog\/wp-json\/wp\/v2\/posts\/7113\/revisions\/7165"}],"wp:featuredmedia":[{"embeddable":true,"href":"https:\/\/www.disfrutabizkaia.com\/blog\/wp-json\/wp\/v2\/media\/7125"}],"wp:attachment":[{"href":"https:\/\/www.disfrutabizkaia.com\/blog\/wp-json\/wp\/v2\/media?parent=7113"}],"wp:term":[{"taxonomy":"category","embeddable":true,"href":"https:\/\/www.disfrutabizkaia.com\/blog\/wp-json\/wp\/v2\/categories?post=7113"},{"taxonomy":"post_tag","embeddable":true,"href":"https:\/\/www.disfrutabizkaia.com\/blog\/wp-json\/wp\/v2\/tags?post=7113"}],"curies":[{"name":"wp","href":"https:\/\/api.w.org\/{rel}","templated":true}]}}