{"id":7130,"date":"2025-07-01T13:17:28","date_gmt":"2025-07-01T11:17:28","guid":{"rendered":"https:\/\/www.disfrutabizkaia.com\/blog\/?p=7130"},"modified":"2025-07-01T13:17:28","modified_gmt":"2025-07-01T11:17:28","slug":"exposicion-gigantes-de-bilbao-verano-2025","status":"publish","type":"post","link":"https:\/\/www.disfrutabizkaia.com\/blog\/exposicion-gigantes-de-bilbao-verano-2025\/","title":{"rendered":"Exposici\u00f3n \u00abGigantes de Bilbao\u00bb &#8211; Verano 2025"},"content":{"rendered":"<p data-start=\"395\" data-end=\"749\">Los \u00abGigantes\u00bb son mu\u00f1ecos de m\u00e1s de cuatro metros de altura que representan personajes hist\u00f3ricos y populares de la villa.<\/p>\n<p data-start=\"395\" data-end=\"749\">Cada verano animan las fiestas de Bilbao y los pueblos de Bizkaia, acompa\u00f1ados por los divertidos \u00abCabezudos\u00bb y comparsas de txistularis. Son s\u00edmbolo de tradici\u00f3n, cultura y alegr\u00eda\u2026 \u00a1y todo un espect\u00e1culo para grandes y peque\u00f1os!<\/p>\n<h3 data-start=\"751\" data-end=\"788\">\u00bfTe gustar\u00eda conocerlos de cerca?<\/h3>\n<p data-start=\"790\" data-end=\"1166\">Desde el 1 de julio hasta el 14 de septiembre podr\u00e1s visitar la tradicional exposici\u00f3n <strong data-start=\"877\" data-end=\"901\">\u00abGigantes de Bilbao\u00bb<\/strong> en el <strong data-start=\"908\" data-end=\"951\">Yacimiento de la Plaza Coraz\u00f3n de Mar\u00eda<\/strong>, en el barrio bilba\u00edno de San Francisco. Un plan perfecto para toda la familia, donde descubrir\u00e1s a Don Terencio y Do\u00f1a Tomasa, la cigarrera de Santutxu, la pareja de aldeanos\u2026 \u00a1y muchos m\u00e1s!<\/p>\n\n\t\t<style type=\"text\/css\">\n\t\t\t#gallery-1 {\n\t\t\t\tmargin: auto;\n\t\t\t}\n\t\t\t#gallery-1 .gallery-item {\n\t\t\t\tfloat: left;\n\t\t\t\tmargin-top: 10px;\n\t\t\t\ttext-align: center;\n\t\t\t\twidth: 33%;\n\t\t\t}\n\t\t\t#gallery-1 img {\n\t\t\t\tborder: 2px solid #cfcfcf;\n\t\t\t}\n\t\t\t#gallery-1 .gallery-caption {\n\t\t\t\tmargin-left: 0;\n\t\t\t}\n\t\t\t\/* see gallery_shortcode() in wp-includes\/media.php *\/\n\t\t<\/style>\n\t\t<div id='gallery-1' class='gallery galleryid-7130 gallery-columns-3 gallery-size-full'><dl class='gallery-item'>\n\t\t\t<dt class='gallery-icon landscape'>\n\t\t\t\t<a href='https:\/\/www.disfrutabizkaia.com\/blog\/exposicion-gigantes-de-bilbao-verano-2025\/rpgigantes10\/'><img loading=\"lazy\" decoding=\"async\" width=\"540\" height=\"360\" src=\"https:\/\/www.disfrutabizkaia.com\/blog\/wp-content\/uploads\/2025\/07\/RPGIGANTES10.jpg\" class=\"attachment-full size-full\" alt=\"\" srcset=\"https:\/\/www.disfrutabizkaia.com\/blog\/wp-content\/uploads\/2025\/07\/RPGIGANTES10.jpg 540w, https:\/\/www.disfrutabizkaia.com\/blog\/wp-content\/uploads\/2025\/07\/RPGIGANTES10-300x200.jpg 300w, https:\/\/www.disfrutabizkaia.com\/blog\/wp-content\/uploads\/2025\/07\/RPGIGANTES10-372x248.jpg 372w\" sizes=\"auto, (max-width: 540px) 100vw, 540px\" \/><\/a>\n\t\t\t<\/dt><\/dl><dl class='gallery-item'>\n\t\t\t<dt class='gallery-icon landscape'>\n\t\t\t\t<a href='https:\/\/www.disfrutabizkaia.com\/blog\/exposicion-gigantes-de-bilbao-verano-2025\/gigantes35\/'><img loading=\"lazy\" decoding=\"async\" width=\"2362\" height=\"1575\" src=\"https:\/\/www.disfrutabizkaia.com\/blog\/wp-content\/uploads\/2025\/07\/GIGANTES35.jpg\" class=\"attachment-full size-full\" alt=\"\" srcset=\"https:\/\/www.disfrutabizkaia.com\/blog\/wp-content\/uploads\/2025\/07\/GIGANTES35.jpg 2362w, https:\/\/www.disfrutabizkaia.com\/blog\/wp-content\/uploads\/2025\/07\/GIGANTES35-300x200.jpg 300w, https:\/\/www.disfrutabizkaia.com\/blog\/wp-content\/uploads\/2025\/07\/GIGANTES35-1024x683.jpg 1024w, https:\/\/www.disfrutabizkaia.com\/blog\/wp-content\/uploads\/2025\/07\/GIGANTES35-372x248.jpg 372w, https:\/\/www.disfrutabizkaia.com\/blog\/wp-content\/uploads\/2025\/07\/GIGANTES35-768x512.jpg 768w, https:\/\/www.disfrutabizkaia.com\/blog\/wp-content\/uploads\/2025\/07\/GIGANTES35-1536x1024.jpg 1536w, https:\/\/www.disfrutabizkaia.com\/blog\/wp-content\/uploads\/2025\/07\/GIGANTES35-2048x1366.jpg 2048w, https:\/\/www.disfrutabizkaia.com\/blog\/wp-content\/uploads\/2025\/07\/GIGANTES35-600x400.jpg 600w, https:\/\/www.disfrutabizkaia.com\/blog\/wp-content\/uploads\/2025\/07\/GIGANTES35-945x630.jpg 945w\" sizes=\"auto, (max-width: 2362px) 100vw, 2362px\" \/><\/a>\n\t\t\t<\/dt><\/dl><dl class='gallery-item'>\n\t\t\t<dt class='gallery-icon landscape'>\n\t\t\t\t<a href='https:\/\/www.disfrutabizkaia.com\/blog\/exposicion-gigantes-de-bilbao-verano-2025\/nuevo-destacado-blog-disfruta-560x315-53\/'><img loading=\"lazy\" decoding=\"async\" width=\"540\" height=\"360\" src=\"https:\/\/www.disfrutabizkaia.com\/blog\/wp-content\/uploads\/2025\/07\/NUEVO-destacado-BLOG-Disfruta-560x315-53.jpg\" class=\"attachment-full size-full\" alt=\"\" srcset=\"https:\/\/www.disfrutabizkaia.com\/blog\/wp-content\/uploads\/2025\/07\/NUEVO-destacado-BLOG-Disfruta-560x315-53.jpg 540w, https:\/\/www.disfrutabizkaia.com\/blog\/wp-content\/uploads\/2025\/07\/NUEVO-destacado-BLOG-Disfruta-560x315-53-300x200.jpg 300w, https:\/\/www.disfrutabizkaia.com\/blog\/wp-content\/uploads\/2025\/07\/NUEVO-destacado-BLOG-Disfruta-560x315-53-372x248.jpg 372w\" sizes=\"auto, (max-width: 540px) 100vw, 540px\" \/><\/a>\n\t\t\t<\/dt><\/dl><br style=\"clear: both\" \/>\n\t\t<\/div>\n\n<h3 data-start=\"1168\" data-end=\"1218\">La exposici\u00f3n, un cl\u00e1sico del verano en Bilbao<\/h3>\n<p data-start=\"1220\" data-end=\"1529\">La muestra propone un recorrido por la historia, el simbolismo y la importancia cultural de los Gigantes bilba\u00ednos, que llevan m\u00e1s de 40 a\u00f1os siendo protagonistas de nuestras fiestas. Adem\u00e1s, esta exposici\u00f3n es una de las actividades previas a <strong data-start=\"1464\" data-end=\"1480\">Aste Nagusia<\/strong>, por lo que&#8230; \u00a1la cuenta atr\u00e1s ya ha empezado!<\/p>\n<p data-start=\"1531\" data-end=\"1787\">&#x1f4cd; <strong data-start=\"1534\" data-end=\"1544\">D\u00f3nde:<\/strong> Yacimiento Plaza Coraz\u00f3n de Mar\u00eda (c\/ Conde Mirasol 2)<br data-start=\"1599\" data-end=\"1602\" \/>&#x1f4c5; <strong data-start=\"1605\" data-end=\"1616\">Cu\u00e1ndo:<\/strong> Del 1 de julio al 14 de septiembre<br data-start=\"1651\" data-end=\"1654\" \/>&#x23f0; <strong data-start=\"1656\" data-end=\"1668\">Horario:<\/strong> De martes a domingo, de 10:00 a 15:00 h<br data-start=\"1708\" data-end=\"1711\" \/>&#x274c; Cerrado: 25 y 31 de julio, y 15 de agosto (festivos)<br data-start=\"1765\" data-end=\"1768\" \/>&#x1f39f;&#xfe0f; <strong data-start=\"1772\" data-end=\"1785\">Entradas:<\/strong><\/p>\n<ul data-start=\"1788\" data-end=\"2031\">\n<li data-start=\"1788\" data-end=\"1804\">\n<p data-start=\"1790\" data-end=\"1804\">General: 3 \u20ac<\/p>\n<\/li>\n<li data-start=\"1805\" data-end=\"1823\">\n<p data-start=\"1807\" data-end=\"1823\">Grupos: 1,50 \u20ac<\/p>\n<\/li>\n<li data-start=\"1824\" data-end=\"2031\">\n<p data-start=\"1826\" data-end=\"2031\">Entrada gratuita para pensionistas, personas con diversidad funcional, menores de 12 a\u00f1os y profesorado<br data-start=\"1929\" data-end=\"1932\" \/>&#x1f449; Con la misma entrada se puede acceder tambi\u00e9n al <strong data-start=\"1984\" data-end=\"2011\">Museo de Reproducciones<\/strong> (San Francisco, 14)<\/p>\n<\/li>\n<\/ul>\n<h3 data-start=\"2033\" data-end=\"2081\">Actividades familiares y talleres infantiles<\/h3>\n<p data-start=\"2083\" data-end=\"2270\">Si est\u00e1s buscando planes con ni\u00f1os en Bilbao, esta propuesta es ideal: historia, tradici\u00f3n, creatividad y diversi\u00f3n. Adem\u00e1s de la exposici\u00f3n, podr\u00e1s participar en talleres muy especiales:<\/p>\n<p data-start=\"2272\" data-end=\"2704\"><strong data-start=\"2275\" data-end=\"2312\">Taller infantil \u00abGigante de im\u00e1n\u00bb<\/strong><br data-start=\"2312\" data-end=\"2315\" \/>Una visita guiada al museo para conocer a los Gigantes, y despu\u00e9s&#8230; \u00a1a crear un im\u00e1n de pisla inspirado en Don Terencio y Do\u00f1a Tomasa!<br data-start=\"2450\" data-end=\"2453\" \/>&#x1f4c5; Todos los jueves de julio (4, 11, 18 y 25)<br data-start=\"2498\" data-end=\"2501\" \/>&#x1f55b; 12:00h en el Museo de Reproducciones<br data-start=\"2541\" data-end=\"2544\" \/>&#x1f4b6; Precio: 1 \u20ac<br data-start=\"2558\" data-end=\"2561\" \/>&#x1f466; A partir de 6 a\u00f1os<br data-start=\"2582\" data-end=\"2585\" \/>&#x1f4cc; Aforo limitado a 15 personas. Imprescindible reserva en la <a class=\"\" href=\"https:\/\/www.bilbokoberreginenmuseoa.eus\/\" target=\"_new\" rel=\"noopener\" data-start=\"2647\" data-end=\"2704\">web del museo<\/a><\/p>\n<p data-start=\"2706\" data-end=\"3001\"><strong data-start=\"2709\" data-end=\"2748\">Taller familiar \u00abBaile de Gigantes\u00bb<\/strong><br data-start=\"2748\" data-end=\"2751\" \/>A cargo de la konpartsa Erraldoien Ondalan. Disfruta en familia del tradicional baile de gigantes\u2026 \u00a1y mu\u00e9vete al ritmo de la fiesta!<br data-start=\"2883\" data-end=\"2886\" \/>&#x1f4c5; Viernes 4, 11 y 18 de julio<br data-start=\"2916\" data-end=\"2919\" \/>&#x1f565; 11:30h en el exterior del Yacimiento<br data-start=\"2959\" data-end=\"2962\" \/>&#x1f39f;&#xfe0f; Entrada libre hasta completar aforo<\/p>\n<p data-start=\"3003\" data-end=\"3346\">&#x1f381; <strong data-start=\"3006\" data-end=\"3038\">Sorteo de un \u201ctxiki-gigante\u201d<\/strong><br data-start=\"3038\" data-end=\"3041\" \/>Entre el 8 de julio y el 31 de agosto, quienes visiten la exposici\u00f3n podr\u00e1n participar en el sorteo de un <strong data-start=\"3147\" data-end=\"3166\">gigante de goma<\/strong> respondiendo una sencilla pregunta sobre la muestra.<br data-start=\"3219\" data-end=\"3222\" \/>&#x1f5f3;&#xfe0f; Solo tendr\u00e1s que dejar tu respuesta en la urna situada en la entrada.<br data-start=\"3295\" data-end=\"3298\" \/>&#x1f4c5; El sorteo se celebrar\u00e1 el <strong data-start=\"3327\" data-end=\"3346\">3 de septiembre<\/strong><\/p>\n<h2 data-start=\"3353\" data-end=\"3374\"><span style=\"color: #ffcc00;\">\u00bfCon ganas de m\u00e1s?<\/span><\/h2>\n<p data-start=\"3376\" data-end=\"3612\">Ya que est\u00e1s en Bilbao, aprovecha para seguir disfrutando de la ciudad: pasea por el Casco Viejo, visita la Plaza Nueva, la Plaza Unamuno o el Mercado de La Ribera y date un homenaje gastron\u00f3mico con pintxos, rabas o un buen bacalao. &#x1f60b;<\/p>\n<p data-start=\"3614\" data-end=\"3733\">\u00a1Este verano, ven a conocer a los Gigantes de Bilbao y vive un plan en familia lleno de tradici\u00f3n, cultura y diversi\u00f3n!<\/p>\n<p><a href=\"https:\/\/www.disfrutabizkaia.com\/comer-beber\/establecimientos?buscadorEstablecimiento=&amp;buscadorMunicipio=Bilbao&amp;localidad_id=7542&amp;cp=48005&amp;categoria=1%2C2&amp;ofertasGastronomicas=&amp;ocios=&amp;facilidades=&amp;otros=&amp;sort=-id&amp;pagesize=30\"><img loading=\"lazy\" decoding=\"async\" class=\"aligncenter wp-image-3546 size-full\" src=\"https:\/\/www.disfrutabizkaia.com\/blog\/wp-content\/uploads\/2020\/04\/Desktop_restaurantes.gif\" alt=\"D\u00f3nde comer o cenar en Bilbao y resto de Bizkaia\" width=\"678\" height=\"181\" \/><\/a><\/p>\n<h5><span style=\"color: #ffcc00;\"><a style=\"color: #ffcc00;\" href=\"https:\/\/www.disfrutabizkaia.com\/\"><strong>Disfruta Bizkaia<\/strong><\/a><\/span>,\u00a0planes, turismo, alojamiento y restaurantes en una misma web<\/h5>\n<div class=\"crp-list-container\"><h3 class=\"crp-list-title\">Related Posts<\/h3><ul class=\"crp-list\"><li class=\"crp-list-item crp-list-item-image-left crp-list-item-has-image\"><div class=\"crp-list-item-image\"><a href=\"https:\/\/www.disfrutabizkaia.com\/blog\/bilbao-blues-festival-2025\/\" target=\"_blank\"><img loading=\"lazy\" decoding=\"async\" data-pin-nopin=\"true\" style=\"max-width: 100px; height: auto;\" width=\"100\" height=\"67\" src=\"https:\/\/www.disfrutabizkaia.com\/blog\/wp-content\/uploads\/2025\/07\/NUEVO-destacado-BLOG-Disfruta-560x315-55-372x248.jpg\" class=\"attachment-100x100 size-100x100\" alt=\"\" \/><\/a><\/div><div class=\"crp-list-item-title\"><a href=\"https:\/\/www.disfrutabizkaia.com\/blog\/bilbao-blues-festival-2025\/\" target=\"_blank\">Bilbao Blues Festival 2025<\/a><\/div><\/li><li class=\"crp-list-item crp-list-item-image-left crp-list-item-has-image\"><div class=\"crp-list-item-image\"><a href=\"https:\/\/www.disfrutabizkaia.com\/blog\/julio-en-bizkaia-planes-para-disfrutar-en-familia-y-solo-para-txikis\/\" target=\"_blank\"><img loading=\"lazy\" decoding=\"async\" data-pin-nopin=\"true\" style=\"max-width: 100px; height: auto;\" width=\"100\" height=\"67\" src=\"https:\/\/www.disfrutabizkaia.com\/blog\/wp-content\/uploads\/2025\/06\/NUEVO-destacado-BLOG-Disfruta-560x315-50-372x248.jpg\" class=\"attachment-100x100 size-100x100\" alt=\"planes para julio en Bizkaia\" \/><\/a><\/div><div class=\"crp-list-item-title\"><a href=\"https:\/\/www.disfrutabizkaia.com\/blog\/julio-en-bizkaia-planes-para-disfrutar-en-familia-y-solo-para-txikis\/\" target=\"_blank\">Julio en Bizkaia: planes para disfrutar en familia (\u00a1y no solo para txikis!)<\/a><\/div><\/li><\/ul><\/div>\n","protected":false},"excerpt":{"rendered":"<p>Los \u00abGigantes\u00bb son mu\u00f1ecos de m\u00e1s de cuatro metros de altura que representan personajes hist\u00f3ricos y populares de la villa. Cada verano animan las fiestas de Bilbao y los pueblos de Bizkaia, acompa\u00f1ados por los divertidos \u00abCabezudos\u00bb y comparsas de&#8230; <a class=\"more-link\" href=\"https:\/\/www.disfrutabizkaia.com\/blog\/exposicion-gigantes-de-bilbao-verano-2025\/\">Seguir leyendo &rarr;<\/a><\/p>\n","protected":false},"author":2,"featured_media":7141,"comment_status":"open","ping_status":"closed","sticky":false,"template":"","format":"standard","meta":{"_acf_changed":false,"footnotes":""},"categories":[48,47,50,49],"tags":[],"class_list":["post-7130","post","type-post","status-publish","format-standard","has-post-thumbnail","hentry","category-con-ninos","category-planes","category-tradiciones","category-turismo"],"acf":[],"_links":{"self":[{"href":"https:\/\/www.disfrutabizkaia.com\/blog\/wp-json\/wp\/v2\/posts\/7130","targetHints":{"allow":["GET"]}}],"collection":[{"href":"https:\/\/www.disfrutabizkaia.com\/blog\/wp-json\/wp\/v2\/posts"}],"about":[{"href":"https:\/\/www.disfrutabizkaia.com\/blog\/wp-json\/wp\/v2\/types\/post"}],"author":[{"embeddable":true,"href":"https:\/\/www.disfrutabizkaia.com\/blog\/wp-json\/wp\/v2\/users\/2"}],"replies":[{"embeddable":true,"href":"https:\/\/www.disfrutabizkaia.com\/blog\/wp-json\/wp\/v2\/comments?post=7130"}],"version-history":[{"count":2,"href":"https:\/\/www.disfrutabizkaia.com\/blog\/wp-json\/wp\/v2\/posts\/7130\/revisions"}],"predecessor-version":[{"id":7146,"href":"https:\/\/www.disfrutabizkaia.com\/blog\/wp-json\/wp\/v2\/posts\/7130\/revisions\/7146"}],"wp:featuredmedia":[{"embeddable":true,"href":"https:\/\/www.disfrutabizkaia.com\/blog\/wp-json\/wp\/v2\/media\/7141"}],"wp:attachment":[{"href":"https:\/\/www.disfrutabizkaia.com\/blog\/wp-json\/wp\/v2\/media?parent=7130"}],"wp:term":[{"taxonomy":"category","embeddable":true,"href":"https:\/\/www.disfrutabizkaia.com\/blog\/wp-json\/wp\/v2\/categories?post=7130"},{"taxonomy":"post_tag","embeddable":true,"href":"https:\/\/www.disfrutabizkaia.com\/blog\/wp-json\/wp\/v2\/tags?post=7130"}],"curies":[{"name":"wp","href":"https:\/\/api.w.org\/{rel}","templated":true}]}}