{"id":7255,"date":"2025-09-01T13:34:40","date_gmt":"2025-09-01T11:34:40","guid":{"rendered":"https:\/\/www.disfrutabizkaia.com\/blog\/?p=7255"},"modified":"2025-09-03T10:50:38","modified_gmt":"2025-09-03T08:50:38","slug":"eszena-kalera-teatro-circo-danza-en-las-calles-de-bilbao","status":"publish","type":"post","link":"https:\/\/www.disfrutabizkaia.com\/blog\/eszena-kalera-teatro-circo-danza-en-las-calles-de-bilbao\/","title":{"rendered":"Eszena Kalera: teatro, circo y danza en las calles de Bilbao"},"content":{"rendered":"<p data-start=\"328\" data-end=\"681\">Bilbao se convierte, un a\u00f1o m\u00e1s, en un gran escenario al aire libre gracias a <strong data-start=\"360\" data-end=\"382\">Eszena Kalera 2025<\/strong>, la cita con las artes esc\u00e9nicas de calle m\u00e1s importante de Bizkaia. Desde <strong data-start=\"476\" data-end=\"512\">mayo hasta finales de septiembre<\/strong>, las plazas y rincones de todos los barrios de la ciudad se convertir\u00e1n en escenario para disfrutar de espect\u00e1culos gratuitos de teatro, circo, danza, m\u00fasica y humor.<\/p>\n<p data-start=\"455\" data-end=\"607\">Hasta el <strong data-start=\"464\" data-end=\"484\">30 de septiembre<\/strong>, la ciudad acoge <strong data-start=\"502\" data-end=\"543\">32 actuaciones de 17 compa\u00f1\u00edas vascas<\/strong>, con espect\u00e1culos gratuitos en distintos barrios de la Villa.<\/p>\n<p data-start=\"455\" data-end=\"607\">Un plan perfecto para quienes buscan vivir Bilbao de una manera diferente: con cultura, diversi\u00f3n y, por supuesto, un ambiente \u00fanico en la calle.<\/p>\n<p style=\"text-align: justify;\"><img loading=\"lazy\" decoding=\"async\" class=\"aligncenter wp-image-7256 \" src=\"https:\/\/www.disfrutabizkaia.com\/blog\/wp-content\/uploads\/2025\/09\/eszena-kalera-2025_disfruta-bizkaia.jpg\" alt=\"\" width=\"614\" height=\"433\" srcset=\"https:\/\/www.disfrutabizkaia.com\/blog\/wp-content\/uploads\/2025\/09\/eszena-kalera-2025_disfruta-bizkaia.jpg 1240w, https:\/\/www.disfrutabizkaia.com\/blog\/wp-content\/uploads\/2025\/09\/eszena-kalera-2025_disfruta-bizkaia-300x211.jpg 300w, https:\/\/www.disfrutabizkaia.com\/blog\/wp-content\/uploads\/2025\/09\/eszena-kalera-2025_disfruta-bizkaia-1024x722.jpg 1024w, https:\/\/www.disfrutabizkaia.com\/blog\/wp-content\/uploads\/2025\/09\/eszena-kalera-2025_disfruta-bizkaia-768x541.jpg 768w, https:\/\/www.disfrutabizkaia.com\/blog\/wp-content\/uploads\/2025\/09\/eszena-kalera-2025_disfruta-bizkaia-600x423.jpg 600w, https:\/\/www.disfrutabizkaia.com\/blog\/wp-content\/uploads\/2025\/09\/eszena-kalera-2025_disfruta-bizkaia-945x666.jpg 945w\" sizes=\"auto, (max-width: 614px) 100vw, 614px\" \/><\/p>\n<h1 data-start=\"254\" data-end=\"326\"><\/h1>\n<h2 data-start=\"614\" data-end=\"662\"><span style=\"color: #ffcc00;\">Una programaci\u00f3n para todos los p\u00fablicos<\/span><\/h2>\n<p data-start=\"664\" data-end=\"974\">La oferta de este a\u00f1o incluye <strong data-start=\"694\" data-end=\"779\">circo, magia, m\u00fasica, teatro de calle, clowns, danza, danza vertical y marionetas<\/strong>, con propuestas en euskera, castellano, biling\u00fces e incluso sin texto. De esta manera, se garantiza que todo el mundo pueda disfrutar de las artes esc\u00e9nicas en un ambiente cercano y accesible.<\/p>\n<p data-start=\"976\" data-end=\"1118\">&#x1f449; El ciclo arrancar\u00e1 en <strong data-start=\"1001\" data-end=\"1019\">plaza Indautxu<\/strong> con <em data-start=\"1024\" data-end=\"1043\">\u201cMarietak zirkus\u201d<\/em>, de Zirika Zirkus, una divertida combinaci\u00f3n de humor, amor y sororidad.<\/p>\n<p data-start=\"1120\" data-end=\"1346\">Adem\u00e1s, habr\u00e1 espacio para la participaci\u00f3n ciudadana: el <strong data-start=\"1178\" data-end=\"1198\">15 de septiembre<\/strong>, Zirkozaurre ofrecer\u00e1 un taller de circo infantil en Indautxu, donde los m\u00e1s peque\u00f1os podr\u00e1n probar acrobacias, malabares y juegos de equilibrio.<\/p>\n<p data-start=\"1405\" data-end=\"1622\">Durante todo el mes, diferentes distritos de Bilbao acoger\u00e1n espect\u00e1culos gratuitos y al aire libre, acercando la cultura a pie de calle.<\/p>\n<p data-start=\"1405\" data-end=\"1622\">La programaci\u00f3n culminar\u00e1 el <strong data-start=\"1572\" data-end=\"1592\">30 de septiembre<\/strong> con tres funciones de lujo:<\/p>\n<ul data-start=\"1624\" data-end=\"1761\">\n<li data-start=\"1624\" data-end=\"1672\">\n<p data-start=\"1626\" data-end=\"1672\"><strong data-start=\"1626\" data-end=\"1647\">Hortzmuga Teatroa<\/strong> en Zorrotza (11:00 h).<\/p>\n<\/li>\n<li data-start=\"1673\" data-end=\"1710\">\n<p data-start=\"1675\" data-end=\"1710\"><strong data-start=\"1675\" data-end=\"1687\">Orain-Bi<\/strong> en Matiko (13:00 h).<\/p>\n<\/li>\n<li data-start=\"1711\" data-end=\"1761\">\n<p data-start=\"1713\" data-end=\"1761\"><strong data-start=\"1713\" data-end=\"1736\">La Glo Zirko Dantza<\/strong> en Santutxu (19:00 h).<\/p>\n<\/li>\n<\/ul>\n<p data-start=\"2007\" data-end=\"2121\"><strong data-start=\"2017\" data-end=\"2073\">Todas las actividades son de acceso libre y gratuito<\/strong>, sin necesidad de entradas ni reserva previa.<\/p>\n<h2 data-start=\"2128\" data-end=\"2171\"><span style=\"color: #ffcc00;\">Un plan redondo: arte y gastronom\u00eda<\/span><\/h2>\n<p data-start=\"2173\" data-end=\"2439\">Tras disfrutar de un espect\u00e1culo de circo o teatro, nada mejor que recorrer las calles de Bilbao con una <strong data-start=\"2278\" data-end=\"2297\">ruta de pintxos<\/strong> o reservar mesa en alguno de sus restaurantes. Cultura y gastronom\u00eda, dos de los grandes atractivos de la ciudad, se unen en un mismo plan.<\/p>\n<p data-start=\"2446\" data-end=\"2559\">&#x2728; <strong data-start=\"2333\" data-end=\"2369\">No te pierdas Eszena Kalera 2025<\/strong>: <strong data-start=\"2448\" data-end=\"2557\">Desc\u00e1rgate el <a href=\"https:\/\/kulturabarrutik.eus\/programa\/eszena-kalera-2025\/\">programa<\/a>, consulta los horarios y prep\u00e1rate para vivir Bilbao a trav\u00e9s del arte y la calle.<\/strong><\/p>\n<hr data-start=\"2326\" data-end=\"2329\" \/>\n<p><a href=\"https:\/\/www.disfrutabizkaia.com\/comer-beber\/establecimientos?buscadorEstablecimiento=BILBAO&amp;buscadorMunicipio=&amp;localidad_id=&amp;cp=&amp;categoria=1%2C2&amp;ofertasGastronomicas=&amp;ocios=&amp;facilidades=&amp;otros=&amp;sort=-id&amp;pagesize=30\"><img loading=\"lazy\" decoding=\"async\" class=\"ls-is-cached lazyloaded aligncenter wp-image-4340 size-full\" src=\"https:\/\/www.disfrutabizkaia.com\/blog\/wp-content\/uploads\/2022\/03\/banner-restaurantes-Bilbao-blog-disfruta-bizkaia.gif\" alt=\"\" width=\"678\" height=\"180\" aria-describedby=\"caption-attachment-3944\" data-src=\"https:\/\/www.disfrutabizkaia.com\/blog\/wp-content\/uploads\/2021\/03\/Paisajes-Disfruta-Bizkaia.png\" data-srcset=\"https:\/\/www.disfrutabizkaia.com\/blog\/wp-content\/uploads\/2021\/03\/Paisajes-Disfruta-Bizkaia.png 810w, https:\/\/www.disfrutabizkaia.com\/blog\/wp-content\/uploads\/2021\/03\/Paisajes-Disfruta-Bizkaia-300x167.png 300w, https:\/\/www.disfrutabizkaia.com\/blog\/wp-content\/uploads\/2021\/03\/Paisajes-Disfruta-Bizkaia-768x427.png 768w, https:\/\/www.disfrutabizkaia.com\/blog\/wp-content\/uploads\/2021\/03\/Paisajes-Disfruta-Bizkaia-600x333.png 600w\" data-sizes=\"(max-width: 810px) 100vw, 810px\" \/><\/a><\/p>\n<h5><span style=\"color: #ffcc00;\"><a style=\"color: #ffcc00;\" href=\"https:\/\/www.disfrutabizkaia.com\/\"><strong>Disfruta Bizkaia<\/strong><\/a>,\u00a0<\/span>planes, turismo, alojamiento y restaurantes en una misma web<\/h5>\n","protected":false},"excerpt":{"rendered":"<p>Bilbao se convierte, un a\u00f1o m\u00e1s, en un gran escenario al aire libre gracias a Eszena Kalera 2025, la cita con las artes esc\u00e9nicas de calle m\u00e1s importante de Bizkaia. Desde mayo hasta finales de septiembre, las plazas y rincones&#8230; <a class=\"more-link\" href=\"https:\/\/www.disfrutabizkaia.com\/blog\/eszena-kalera-teatro-circo-danza-en-las-calles-de-bilbao\/\">Seguir leyendo &rarr;<\/a><\/p>\n","protected":false},"author":2,"featured_media":7258,"comment_status":"open","ping_status":"closed","sticky":false,"template":"","format":"standard","meta":{"_acf_changed":false,"footnotes":""},"categories":[1],"tags":[],"class_list":["post-7255","post","type-post","status-publish","format-standard","has-post-thumbnail","hentry","category-disfruta-bizkaia"],"acf":[],"_links":{"self":[{"href":"https:\/\/www.disfrutabizkaia.com\/blog\/wp-json\/wp\/v2\/posts\/7255","targetHints":{"allow":["GET"]}}],"collection":[{"href":"https:\/\/www.disfrutabizkaia.com\/blog\/wp-json\/wp\/v2\/posts"}],"about":[{"href":"https:\/\/www.disfrutabizkaia.com\/blog\/wp-json\/wp\/v2\/types\/post"}],"author":[{"embeddable":true,"href":"https:\/\/www.disfrutabizkaia.com\/blog\/wp-json\/wp\/v2\/users\/2"}],"replies":[{"embeddable":true,"href":"https:\/\/www.disfrutabizkaia.com\/blog\/wp-json\/wp\/v2\/comments?post=7255"}],"version-history":[{"count":2,"href":"https:\/\/www.disfrutabizkaia.com\/blog\/wp-json\/wp\/v2\/posts\/7255\/revisions"}],"predecessor-version":[{"id":7287,"href":"https:\/\/www.disfrutabizkaia.com\/blog\/wp-json\/wp\/v2\/posts\/7255\/revisions\/7287"}],"wp:featuredmedia":[{"embeddable":true,"href":"https:\/\/www.disfrutabizkaia.com\/blog\/wp-json\/wp\/v2\/media\/7258"}],"wp:attachment":[{"href":"https:\/\/www.disfrutabizkaia.com\/blog\/wp-json\/wp\/v2\/media?parent=7255"}],"wp:term":[{"taxonomy":"category","embeddable":true,"href":"https:\/\/www.disfrutabizkaia.com\/blog\/wp-json\/wp\/v2\/categories?post=7255"},{"taxonomy":"post_tag","embeddable":true,"href":"https:\/\/www.disfrutabizkaia.com\/blog\/wp-json\/wp\/v2\/tags?post=7255"}],"curies":[{"name":"wp","href":"https:\/\/api.w.org\/{rel}","templated":true}]}}