{"id":7268,"date":"2025-09-02T11:48:18","date_gmt":"2025-09-02T09:48:18","guid":{"rendered":"https:\/\/www.disfrutabizkaia.com\/blog\/?p=7268"},"modified":"2025-09-02T11:48:18","modified_gmt":"2025-09-02T09:48:18","slug":"septiembre-en-bizkaia-cultura-musica-naturaleza-gastronomia","status":"publish","type":"post","link":"https:\/\/www.disfrutabizkaia.com\/blog\/septiembre-en-bizkaia-cultura-musica-naturaleza-gastronomia\/","title":{"rendered":"Septiembre en Bizkaia: cultura, m\u00fasica, naturaleza y gastronom\u00eda"},"content":{"rendered":"<p data-start=\"295\" data-end=\"518\">Septiembre llega cargado de propuestas para seguir disfrutando de Bizkaia. Conciertos, festivales, arte callejero, experiencias en plena naturaleza y, por supuesto, la mejor gastronom\u00eda. Una agenda perfecta para despedir el verano a lo grande.<\/p>\n<p data-start=\"520\" data-end=\"622\">Si quieres aprovechar al m\u00e1ximo este mes, aqu\u00ed tienes una gu\u00eda con propuestas para todos los gustos:<\/p>\n<h1 data-start=\"629\" data-end=\"662\"><span style=\"color: #ffcc00;\">Arte y teatro en la calle<\/span><\/h1>\n<h3 style=\"padding-left: 40px;\" data-start=\"664\" data-end=\"693\"><img loading=\"lazy\" decoding=\"async\" class=\"wp-image-7256  alignleft\" src=\"https:\/\/www.disfrutabizkaia.com\/blog\/wp-content\/uploads\/2025\/09\/eszena-kalera-2025_disfruta-bizkaia-300x211.jpg\" alt=\"\" width=\"353\" height=\"248\" srcset=\"https:\/\/www.disfrutabizkaia.com\/blog\/wp-content\/uploads\/2025\/09\/eszena-kalera-2025_disfruta-bizkaia-300x211.jpg 300w, https:\/\/www.disfrutabizkaia.com\/blog\/wp-content\/uploads\/2025\/09\/eszena-kalera-2025_disfruta-bizkaia-1024x722.jpg 1024w, https:\/\/www.disfrutabizkaia.com\/blog\/wp-content\/uploads\/2025\/09\/eszena-kalera-2025_disfruta-bizkaia-768x541.jpg 768w, https:\/\/www.disfrutabizkaia.com\/blog\/wp-content\/uploads\/2025\/09\/eszena-kalera-2025_disfruta-bizkaia-600x423.jpg 600w, https:\/\/www.disfrutabizkaia.com\/blog\/wp-content\/uploads\/2025\/09\/eszena-kalera-2025_disfruta-bizkaia-945x666.jpg 945w, https:\/\/www.disfrutabizkaia.com\/blog\/wp-content\/uploads\/2025\/09\/eszena-kalera-2025_disfruta-bizkaia.jpg 1240w\" sizes=\"auto, (max-width: 353px) 100vw, 353px\" \/>Eszena Kalera en Bilbao<\/h3>\n<p style=\"padding-left: 40px;\" data-start=\"611\" data-end=\"895\">Hasta el <strong data-start=\"703\" data-end=\"723\">30 de septiembre, <\/strong>Bilbao sigue siendo un gran escenario al aire libre. Durante todo el mes contin\u00faa <span style=\"color: #ffcc00;\"><a style=\"color: #ffcc00;\" href=\"https:\/\/www.disfrutabizkaia.com\/blog\/eszena-kalera-teatro-circo-danza-en-las-calles-de-bilbao\/\"><strong data-start=\"693\" data-end=\"710\">Eszena Kalera<\/strong><\/a><\/span>, con espect\u00e1culos gratuitos en plazas y calles de la ciudad: teatro de calle, magia, danza, circo o marionetas para todos los p\u00fablicos. Una forma de acercar la cultura a cada barrio<\/p>\n<p style=\"padding-left: 40px;\" data-start=\"898\" data-end=\"1098\">M\u00e1s de <strong data-start=\"905\" data-end=\"947\">30 espect\u00e1culos de 17 compa\u00f1\u00edas vascas<\/strong> animar\u00e1n plazas y calles con propuestas en euskera, castellano, biling\u00fces y sin palabras. Una programaci\u00f3n gratuita y pensada para todas las edades.<\/p>\n<p style=\"padding-left: 40px;\" data-start=\"1100\" data-end=\"1377\">&#x1f4cd; El arranque se vive en <strong data-start=\"1126\" data-end=\"1144\">plaza Indautxu<\/strong> con <em data-start=\"1149\" data-end=\"1166\">Marietak zirkus<\/em> de Zirika Zirkus, un montaje fresco que mezcla humor, circo y sororidad.<br data-start=\"1239\" data-end=\"1242\" \/>&#x1f4cd; El cierre, el <strong data-start=\"1259\" data-end=\"1279\">30 de septiembre<\/strong>, reunir\u00e1 a Hortzmuga Teatroa en Zorrotza, Orain-Bi en Matiko y La Glo Zirko Dantza en Santutxu.<\/p>\n<p style=\"padding-left: 40px;\" data-start=\"1379\" data-end=\"1546\">Adem\u00e1s, el <strong data-start=\"1390\" data-end=\"1410\">15 de septiembre<\/strong>, Zirkozaurre ofrecer\u00e1 un <strong data-start=\"1436\" data-end=\"1464\">taller de circo infantil<\/strong> en Indautxu, para que los m\u00e1s peque\u00f1os experimenten con malabares y acrobacias.<\/p>\n<h3 style=\"padding-left: 40px;\" data-start=\"1553\" data-end=\"1579\">Zirkualde en Rekalde<\/h3>\n<p style=\"padding-left: 40px;\" data-start=\"1580\" data-end=\"1720\">Del <strong data-start=\"1584\" data-end=\"1610\">18 al 20 de septiembre<\/strong>, Rekalde se llena de magia circense con <strong data-start=\"1651\" data-end=\"1664\">Zirkualde<\/strong>, el \u00fanico festival de circo contempor\u00e1neo de Euskadi. <img loading=\"lazy\" decoding=\"async\" class=\" wp-image-7276 alignleft\" src=\"https:\/\/www.disfrutabizkaia.com\/blog\/wp-content\/uploads\/2025\/09\/kulturklikagenda-300x200.jpg\" alt=\"\" width=\"356\" height=\"237\" srcset=\"https:\/\/www.disfrutabizkaia.com\/blog\/wp-content\/uploads\/2025\/09\/kulturklikagenda-300x200.jpg 300w, https:\/\/www.disfrutabizkaia.com\/blog\/wp-content\/uploads\/2025\/09\/kulturklikagenda-372x248.jpg 372w, https:\/\/www.disfrutabizkaia.com\/blog\/wp-content\/uploads\/2025\/09\/kulturklikagenda.jpg 540w\" sizes=\"auto, (max-width: 356px) 100vw, 356px\" \/><\/p>\n<p style=\"padding-left: 40px;\" data-start=\"1722\" data-end=\"1886\">Seis compa\u00f1\u00edas har\u00e1n vibrar la <strong data-start=\"1753\" data-end=\"1773\">Plaza de Rekalde<\/strong> con espect\u00e1culos de acrobacias, malabares, clown y propuestas que exploran el circo desde un lenguaje moderno.<\/p>\n<p style=\"padding-left: 40px;\" data-start=\"1888\" data-end=\"2184\">Uno de los momentos m\u00e1s esperados ser\u00e1 el <strong data-start=\"1930\" data-end=\"1965\">III Encuentro de Danza Vertical<\/strong>, con <strong data-start=\"1971\" data-end=\"2007\">dos muestras abiertas al p\u00fablico<\/strong> el <strong data-start=\"2011\" data-end=\"2031\">18 de septiembre<\/strong> en el Polideportivo El Fango. Una experiencia \u00fanica para ver c\u00f3mo la danza se eleva por las paredes en un juego de fuerza, equilibrio y poes\u00eda visual.<\/p>\n<h1 data-start=\"2191\" data-end=\"2219\"><span style=\"color: #ffcc00;\">Festivales de m\u00fasica<\/span><\/h1>\n<p><img loading=\"lazy\" decoding=\"async\" class=\"wp-image-7278 aligncenter\" src=\"https:\/\/www.disfrutabizkaia.com\/blog\/wp-content\/uploads\/2025\/09\/NUEVO-destacado-BLOG-Disfruta-560x315-72.jpg\" alt=\"\" width=\"795\" height=\"447\" srcset=\"https:\/\/www.disfrutabizkaia.com\/blog\/wp-content\/uploads\/2025\/09\/NUEVO-destacado-BLOG-Disfruta-560x315-72.jpg 560w, https:\/\/www.disfrutabizkaia.com\/blog\/wp-content\/uploads\/2025\/09\/NUEVO-destacado-BLOG-Disfruta-560x315-72-300x169.jpg 300w\" sizes=\"auto, (max-width: 795px) 100vw, 795px\" \/><\/p>\n<p data-start=\"2221\" data-end=\"2332\">La m\u00fasica sigue sonando fuerte en septiembre, con festivales que unen tradici\u00f3n, vanguardia y mucho ambiente:<\/p>\n<ul data-start=\"2334\" data-end=\"2641\">\n<li data-start=\"2334\" data-end=\"2408\">\n<p data-start=\"2336\" data-end=\"2408\"><strong data-start=\"2336\" data-end=\"2350\">Getxo Folk<\/strong>: referente de las m\u00fasicas de ra\u00edz y folk internacional.<\/p>\n<p class=\"aWBg0w aZskFA u16U_g mKhvSg\"><strong>Del 10 al 14 de septiembre<\/strong>, Getxo Folk celebrar\u00e1 su 41\u00aa edici\u00f3n, reafirmando su compromiso de acercar la m\u00fasica al p\u00fablico desde una perspectiva moderna que fusiona ritmos tradicionales con una variedad de g\u00e9neros y estilos.<\/p>\n<p class=\"aWBg0w aZskFA u16U_g mKhvSg\">Para lograr esto, Getxo Folk presenta un amplio <a href=\"https:\/\/getxo-kultura.eus\/getxo-folk-2025\/\">programa<\/a> que incluye actuaciones al aire libre, adem\u00e1s de los conciertos de abono en Muxikebarri.<\/p>\n<\/li>\n<li data-start=\"2409\" data-end=\"2490\">\n<p data-start=\"2411\" data-end=\"2490\"><strong data-start=\"2411\" data-end=\"2435\">Folkez Blai en Ermua<\/strong>: un cl\u00e1sico que acerca la m\u00fasica popular a la calle. Este a\u00f1o, el festival de m\u00fasica Folkez Blai en Ermua cumple 20 a\u00f1os, y para celebrarlo ha preparado un <a href=\"https:\/\/www.ermua.eus\/es\/cultura\/folkez-blai-2025\">programa<\/a> lleno de actividades emocionantes para septiembre. La fase final de esta edici\u00f3n especial ser\u00e1 <strong>del 12 al 14 de septiembre<\/strong> en la plaza Cardenal Orbe, donde seis grupos musicales competir\u00e1n en la gran final.<\/p>\n<\/li>\n<li data-start=\"2491\" data-end=\"2577\">\n<p data-start=\"2493\" data-end=\"2577\"><strong data-start=\"2493\" data-end=\"2509\">Dale CandELA<\/strong>: un festival solidario que combina conciertos y energ\u00eda positiva. <strong>Del 18 al 21 de septiembre<\/strong>, el Puerto Viejo de Getxo (Bizkaia) se transformar\u00e1 en un espacio solidario, celebrando un festival de cuatro d\u00edas con entrada gratuita.<\/p>\n<\/li>\n<\/ul>\n<p style=\"padding-left: 40px;\" data-start=\"2493\" data-end=\"2577\">Este evento no solo contar\u00e1 con m\u00fasica, sino que tambi\u00e9n incluir\u00e1 actividades art\u00edsticas, deportivas y para ni\u00f1os; iniciativas de concienciaci\u00f3n y la mejor gastronom\u00eda, todo con el prop\u00f3sito de visibilizar la ELA (Esclerosis Lateral Amiotr\u00f3fica) y recaudar fondos para la investigaci\u00f3n y el apoyo a quienes la sufren. Consulta el <a href=\"https:\/\/www.theborderlinemusic.com\/newsletters\/boletin-dcandela025jun-4.htm\">programa<\/a> completo.<\/p>\n<ul data-start=\"2334\" data-end=\"2641\">\n<li data-start=\"2578\" data-end=\"2641\">\n<p data-start=\"2580\" data-end=\"2641\"><strong data-start=\"2580\" data-end=\"2601\">Sopela Kosta Fest<\/strong>: surf, m\u00fasica y cultura junto al mar. El Sopela Kosta Fest 2025 se celebrar\u00e1 <strong>del 19 al 21 de septiembre<\/strong>.<\/p>\n<\/li>\n<\/ul>\n<p style=\"padding-left: 40px;\" data-start=\"2580\" data-end=\"2641\">Una vez m\u00e1s, este festival despedir\u00e1 el verano, combinando naturaleza, surf y cultura, con una <a href=\"https:\/\/sopelakostafest.com\/es\/\">programaci\u00f3n<\/a> diversa de actividades para todos los p\u00fablicos.<\/p>\n<h1 data-start=\"2648\" data-end=\"2701\"><span style=\"color: #ffcc00;\">Mahasti artean 2025: enoturismo entre vi\u00f1edos<\/span><\/h1>\n<h3 style=\"padding-left: 40px;\" data-start=\"664\" data-end=\"693\"><img loading=\"lazy\" decoding=\"async\" class=\"alignleft wp-image-7274 \" src=\"https:\/\/www.disfrutabizkaia.com\/blog\/wp-content\/uploads\/2025\/09\/cartel_mahasti-artean_2025-1-1.webp\" alt=\"\" width=\"329\" height=\"465\" srcset=\"https:\/\/www.disfrutabizkaia.com\/blog\/wp-content\/uploads\/2025\/09\/cartel_mahasti-artean_2025-1-1.webp 842w, https:\/\/www.disfrutabizkaia.com\/blog\/wp-content\/uploads\/2025\/09\/cartel_mahasti-artean_2025-1-1-212x300.webp 212w, https:\/\/www.disfrutabizkaia.com\/blog\/wp-content\/uploads\/2025\/09\/cartel_mahasti-artean_2025-1-1-724x1024.webp 724w, https:\/\/www.disfrutabizkaia.com\/blog\/wp-content\/uploads\/2025\/09\/cartel_mahasti-artean_2025-1-1-768x1086.webp 768w, https:\/\/www.disfrutabizkaia.com\/blog\/wp-content\/uploads\/2025\/09\/cartel_mahasti-artean_2025-1-1-600x849.webp 600w\" sizes=\"auto, (max-width: 329px) 100vw, 329px\" \/><\/h3>\n<p data-start=\"1757\" data-end=\"1932\">Uno de los planes m\u00e1s especiales de septiembre es sin duda <strong data-start=\"1816\" data-end=\"1834\">Mahasti Artean<\/strong>, un ciclo que une m\u00fasica, cultura y txakoli en escenarios \u00fanicos: bodegas y vi\u00f1edos de Bizkaia.<\/p>\n<p data-start=\"1934\" data-end=\"2260\">En esta edici\u00f3n, el epicentro ser\u00e1 la <strong data-start=\"1972\" data-end=\"1997\">bodega Talleri Berria<\/strong>, en el municipio de Morga, rodeada de un entorno natural privilegiado. Este espacio, que recuerda a la antigua f\u00e1brica de tejas que ocup\u00f3 el lugar hace m\u00e1s de medio siglo, acoger\u00e1 conciertos, comedia, yoga y experiencias gastron\u00f3micas en un marco incomparable.<\/p>\n<p data-start=\"2262\" data-end=\"2310\">El programa combina distintas propuestas como:<\/p>\n<ul data-start=\"2311\" data-end=\"2670\">\n<li data-start=\"2311\" data-end=\"2389\">\n<p data-start=\"2313\" data-end=\"2389\"><strong data-start=\"2313\" data-end=\"2347\">Mahasti Komedia Tu-Tum, Platz!<\/strong>, con el actor y humorista Jon Plazaola.<\/p>\n<\/li>\n<li data-start=\"2390\" data-end=\"2489\">\n<p data-start=\"2392\" data-end=\"2489\"><strong data-start=\"2392\" data-end=\"2408\">Mahasti Yoga<\/strong>, pr\u00e1ctica de yoga entre vi\u00f1edos con degustaci\u00f3n de txakolis y pintxos locales.<\/p>\n<\/li>\n<li data-start=\"2490\" data-end=\"2580\">\n<p data-start=\"2492\" data-end=\"2580\"><strong data-start=\"2492\" data-end=\"2510\">Mahasti Musika<\/strong>, conciertos al anochecer con maridaje de txakoli y queso Idiazabal.<\/p>\n<\/li>\n<li data-start=\"2581\" data-end=\"2670\">\n<p data-start=\"2583\" data-end=\"2670\"><strong data-start=\"2583\" data-end=\"2602\">Mahasti Gourmet<\/strong>, visita a vi\u00f1edos y cata de pintxos armonizados con m\u00fasica de DJ.<\/p>\n<\/li>\n<\/ul>\n<p data-start=\"2672\" data-end=\"2884\">Cada actividad se acompa\u00f1a de txakolis de la <strong data-start=\"2717\" data-end=\"2762\">Denominaci\u00f3n de Origen Bizkaiko Txakolina<\/strong>, elaborados en alguna de sus 35 bodegas.<\/p>\n<p data-start=\"2672\" data-end=\"2884\">Un plan perfecto para celebrar el final del verano y el inicio de la vendimia.<\/p>\n<p style=\"padding-left: 40px;\" data-start=\"2929\" data-end=\"2998\">&#x1f4c5; 5,6 y 7 de septiembre<\/p>\n<p style=\"padding-left: 40px;\" data-start=\"2929\" data-end=\"2998\">&#x1f449;&#x1f3fd; Consulta toda la informaci\u00f3n <a href=\"https:\/\/bizkaikotxakolina.eus\/eventos\/mahasti-artean\/\">aqu\u00ed<\/a><\/p>\n<h1 data-start=\"3289\" data-end=\"3315\"><span style=\"color: #ffcc00;\">La Ruta del Pintxo: tradici\u00f3n y sabor en cada barrio<\/span><\/h1>\n<p data-start=\"3148\" data-end=\"3430\"><img loading=\"lazy\" decoding=\"async\" class=\" wp-image-7070 alignright\" src=\"https:\/\/www.disfrutabizkaia.com\/blog\/wp-content\/uploads\/2025\/06\/NUEVO-destacado-BLOG-Disfruta-560x315-47-300x169.jpg\" alt=\"\" width=\"442\" height=\"249\" srcset=\"https:\/\/www.disfrutabizkaia.com\/blog\/wp-content\/uploads\/2025\/06\/NUEVO-destacado-BLOG-Disfruta-560x315-47-300x169.jpg 300w, https:\/\/www.disfrutabizkaia.com\/blog\/wp-content\/uploads\/2025\/06\/NUEVO-destacado-BLOG-Disfruta-560x315-47.jpg 560w\" sizes=\"auto, (max-width: 442px) 100vw, 442px\" \/>Si hablamos de planes imprescindibles en Bizkaia, no puede faltar la tradici\u00f3n de <strong data-start=\"3230\" data-end=\"3249\">\u201cir de pintxos\u201d<\/strong>. Nuestra gastronom\u00eda se vive en peque\u00f1os bocados llenos de sabor: desde las cl\u00e1sicas gildas o los tradicionales pintxos de bacalao, hasta las creaciones m\u00e1s innovadoras de autor.<\/p>\n<p data-start=\"3432\" data-end=\"3739\">Con la <strong data-start=\"3439\" data-end=\"3478\"><span style=\"color: #ffcc00;\"><a style=\"color: #ffcc00;\" href=\"https:\/\/www.disfrutabizkaia.com\/que-hacer\/ruta-de-pintxos-por-bizkaia\/\">Ruta del Pintxo<\/a><\/span> de Disfruta Bizkaia<\/strong> te lo ponemos f\u00e1cil: hemos reunido los bares y restaurantes m\u00e1s representativos donde degustar estas delicias. Un plan ideal tanto para quienes nos visitan por primera vez como para quienes quieren redescubrir la riqueza culinaria de cada barrio y municipio.<\/p>\n<p data-start=\"3741\" data-end=\"3879\">Porque en Bizkaia la gastronom\u00eda no solo se saborea: se comparte, se disfruta en buena compa\u00f1\u00eda y forma parte de nuestra forma de vivir.<\/p>\n<p data-start=\"3754\" data-end=\"3912\">\n<p data-start=\"3754\" data-end=\"3912\">Septiembre demuestra, una vez m\u00e1s, que Bizkaia es un territorio lleno de vida, planes y gastronom\u00eda.<\/p>\n<p data-start=\"3914\" data-end=\"4039\">Aqu\u00ed nunca faltan los planes. As\u00ed que ya lo sabes: prepara tu agenda y vive un septiembre lleno de experiencias en Bizkaia.<\/p>\n<p data-start=\"3914\" data-end=\"4039\">\n<p data-start=\"3914\" data-end=\"4039\">\n<p data-start=\"3914\" data-end=\"4039\"><a href=\"https:\/\/www.disfrutabizkaia.com\/comer-beber\/restaurantes\/\"><img loading=\"lazy\" decoding=\"async\" class=\"aligncenter wp-image-6863 \" src=\"https:\/\/www.disfrutabizkaia.com\/blog\/wp-content\/uploads\/2022\/04\/banner-restaurantes-bizkaia-blog-disfrutabizkaia.gif\" alt=\"\" width=\"829\" height=\"220\" \/><\/a><\/p>\n<p data-start=\"3914\" data-end=\"4039\">\n<p data-start=\"3914\" data-end=\"4039\">\n<p data-start=\"3914\" data-end=\"4039\">\n<p data-start=\"3914\" data-end=\"4039\"><div class=\"crp-list-container\"><h3 class=\"crp-list-title\">Related Posts<\/h3><ul class=\"crp-list\"><li class=\"crp-list-item crp-list-item-image-left crp-list-item-has-image\"><div class=\"crp-list-item-image\"><a href=\"https:\/\/www.disfrutabizkaia.com\/blog\/eszena-kalera-teatro-circo-danza-en-las-calles-de-bilbao\/\" target=\"_blank\"><img loading=\"lazy\" decoding=\"async\" data-pin-nopin=\"true\" style=\"max-width: 100px; height: auto;\" width=\"100\" height=\"67\" src=\"https:\/\/www.disfrutabizkaia.com\/blog\/wp-content\/uploads\/2025\/09\/NUEVO-destacado-BLOG-Disfruta-560x315-69-372x248.jpg\" class=\"attachment-100x100 size-100x100\" alt=\"\" \/><\/a><\/div><div class=\"crp-list-item-title\"><a href=\"https:\/\/www.disfrutabizkaia.com\/blog\/eszena-kalera-teatro-circo-danza-en-las-calles-de-bilbao\/\" target=\"_blank\">Eszena Kalera: teatro, circo y danza en las calles de Bilbao<\/a><\/div><\/li><li class=\"crp-list-item crp-list-item-image-left crp-list-item-has-image\"><div class=\"crp-list-item-image\"><a href=\"https:\/\/www.disfrutabizkaia.com\/blog\/planes-en-bizkaia-para-despedir-septiembre-en-familia\/\" target=\"_blank\"><img loading=\"lazy\" decoding=\"async\" data-pin-nopin=\"true\" style=\"max-width: 100px; height: auto;\" width=\"100\" height=\"67\" src=\"https:\/\/www.disfrutabizkaia.com\/blog\/wp-content\/uploads\/2025\/09\/NUEVO-destacado-BLOG-Disfruta-560x315-73-372x248.jpg\" class=\"attachment-100x100 size-100x100\" alt=\"\" \/><\/a><\/div><div class=\"crp-list-item-title\"><a href=\"https:\/\/www.disfrutabizkaia.com\/blog\/planes-en-bizkaia-para-despedir-septiembre-en-familia\/\" target=\"_blank\">Planes en Bizkaia para despedir septiembre en familia<\/a><\/div><\/li><\/ul><\/div><\/p>\n","protected":false},"excerpt":{"rendered":"<p>Septiembre llega cargado de propuestas para seguir disfrutando de Bizkaia. Conciertos, festivales, arte callejero, experiencias en plena naturaleza y, por supuesto, la mejor gastronom\u00eda. Una agenda perfecta para despedir el verano a lo grande. Si quieres aprovechar al m\u00e1ximo este&#8230; <a class=\"more-link\" href=\"https:\/\/www.disfrutabizkaia.com\/blog\/septiembre-en-bizkaia-cultura-musica-naturaleza-gastronomia\/\">Seguir leyendo &rarr;<\/a><\/p>\n","protected":false},"author":2,"featured_media":7269,"comment_status":"open","ping_status":"closed","sticky":false,"template":"","format":"standard","meta":{"_acf_changed":false,"footnotes":""},"categories":[1],"tags":[],"class_list":["post-7268","post","type-post","status-publish","format-standard","has-post-thumbnail","hentry","category-disfruta-bizkaia"],"acf":[],"_links":{"self":[{"href":"https:\/\/www.disfrutabizkaia.com\/blog\/wp-json\/wp\/v2\/posts\/7268","targetHints":{"allow":["GET"]}}],"collection":[{"href":"https:\/\/www.disfrutabizkaia.com\/blog\/wp-json\/wp\/v2\/posts"}],"about":[{"href":"https:\/\/www.disfrutabizkaia.com\/blog\/wp-json\/wp\/v2\/types\/post"}],"author":[{"embeddable":true,"href":"https:\/\/www.disfrutabizkaia.com\/blog\/wp-json\/wp\/v2\/users\/2"}],"replies":[{"embeddable":true,"href":"https:\/\/www.disfrutabizkaia.com\/blog\/wp-json\/wp\/v2\/comments?post=7268"}],"version-history":[{"count":3,"href":"https:\/\/www.disfrutabizkaia.com\/blog\/wp-json\/wp\/v2\/posts\/7268\/revisions"}],"predecessor-version":[{"id":7281,"href":"https:\/\/www.disfrutabizkaia.com\/blog\/wp-json\/wp\/v2\/posts\/7268\/revisions\/7281"}],"wp:featuredmedia":[{"embeddable":true,"href":"https:\/\/www.disfrutabizkaia.com\/blog\/wp-json\/wp\/v2\/media\/7269"}],"wp:attachment":[{"href":"https:\/\/www.disfrutabizkaia.com\/blog\/wp-json\/wp\/v2\/media?parent=7268"}],"wp:term":[{"taxonomy":"category","embeddable":true,"href":"https:\/\/www.disfrutabizkaia.com\/blog\/wp-json\/wp\/v2\/categories?post=7268"},{"taxonomy":"post_tag","embeddable":true,"href":"https:\/\/www.disfrutabizkaia.com\/blog\/wp-json\/wp\/v2\/tags?post=7268"}],"curies":[{"name":"wp","href":"https:\/\/api.w.org\/{rel}","templated":true}]}}