{"id":7289,"date":"2025-09-16T10:38:52","date_gmt":"2025-09-16T08:38:52","guid":{"rendered":"https:\/\/www.disfrutabizkaia.com\/blog\/?p=7289"},"modified":"2025-09-16T14:11:28","modified_gmt":"2025-09-16T12:11:28","slug":"planes-en-bizkaia-para-despedir-septiembre-en-familia","status":"publish","type":"post","link":"https:\/\/www.disfrutabizkaia.com\/blog\/planes-en-bizkaia-para-despedir-septiembre-en-familia\/","title":{"rendered":"Planes en Bizkaia para despedir septiembre en familia"},"content":{"rendered":"<p data-start=\"297\" data-end=\"576\">Septiembre se nos ha pasado volando, \u00a1y ya toca despedirlo por todo lo alto! Y qu\u00e9 mejor manera de hacerlo que disfrutando de actividades culturales, excursiones y gastronom\u00eda en familia. Porque cada plan, por sencillo que parezca, puede convertirse en un recuerdo inolvidable.<\/p>\n<p data-start=\"578\" data-end=\"692\">Aqu\u00ed te dejamos una selecci\u00f3n de propuestas para aprovechar al m\u00e1ximo los \u00faltimos d\u00edas de septiembre en Bizkaia.<\/p>\n<h2 data-start=\"699\" data-end=\"743\"><span style=\"color: #ffcc00;\">Excursi\u00f3n a San Juan de Gaztelugatxe<\/span><\/h2>\n<p data-start=\"745\" data-end=\"1009\"><img loading=\"lazy\" decoding=\"async\" class=\"alignleft wp-image-6417 \" src=\"https:\/\/www.disfrutabizkaia.com\/blog\/wp-content\/uploads\/2023\/07\/postcarrusel-1.jpg\" alt=\"\" width=\"340\" height=\"340\" srcset=\"https:\/\/www.disfrutabizkaia.com\/blog\/wp-content\/uploads\/2023\/07\/postcarrusel-1.jpg 1080w, https:\/\/www.disfrutabizkaia.com\/blog\/wp-content\/uploads\/2023\/07\/postcarrusel-1-300x300.jpg 300w, https:\/\/www.disfrutabizkaia.com\/blog\/wp-content\/uploads\/2023\/07\/postcarrusel-1-1024x1024.jpg 1024w, https:\/\/www.disfrutabizkaia.com\/blog\/wp-content\/uploads\/2023\/07\/postcarrusel-1-768x768.jpg 768w, https:\/\/www.disfrutabizkaia.com\/blog\/wp-content\/uploads\/2023\/07\/postcarrusel-1-600x600.jpg 600w, https:\/\/www.disfrutabizkaia.com\/blog\/wp-content\/uploads\/2023\/07\/postcarrusel-1-945x945.jpg 945w\" sizes=\"auto, (max-width: 340px) 100vw, 340px\" \/>Septiembre es un momento perfecto para visitar este tesoro natural del Cant\u00e1brico. San Juan de Gaztelugatxe siempre sorprende: su ermita, las vistas al mar y la experiencia de subir los <strong data-start=\"931\" data-end=\"948\">241 escalones<\/strong> hacen que la excursi\u00f3n sea m\u00e1gica para grandes y peque\u00f1os.<\/p>\n<p data-start=\"1011\" data-end=\"1248\">Recuerda que el acceso est\u00e1 regulado para proteger el Biotopo. Desde el <strong data-start=\"1086\" data-end=\"1114\">16 de septiembre de 2025<\/strong>, solo necesitas reservar entrada en fines de semana y festivos. Aun as\u00ed, te recomendamos revisar la web oficial antes de tu visita.<\/p>\n<p data-start=\"1250\" data-end=\"1306\">&#x1f449;<span style=\"color: #ffcc00;\"> <a class=\"decorated-link\" style=\"color: #ffcc00;\" href=\"https:\/\/www.disfrutabizkaia.com\/que-hacer\/san-juan-de-gaztelugatxe\/\" rel=\"noopener\" data-start=\"1253\" data-end=\"1304\">M\u00e1s informaci\u00f3n sobre San Juan de Gaztelugatxe<\/a><\/span><\/p>\n<h2 data-start=\"1313\" data-end=\"1358\"><span style=\"color: #ffcc00;\">Rataplan Barakaldo \u2013 Teatro callejero<\/span><\/h2>\n<p><img loading=\"lazy\" decoding=\"async\" class=\"alignright wp-image-7290 \" src=\"https:\/\/www.disfrutabizkaia.com\/blog\/wp-content\/uploads\/2025\/09\/rataplan2025sep.jpg\" alt=\"\" width=\"435\" height=\"291\" srcset=\"https:\/\/www.disfrutabizkaia.com\/blog\/wp-content\/uploads\/2025\/09\/rataplan2025sep.jpg 540w, https:\/\/www.disfrutabizkaia.com\/blog\/wp-content\/uploads\/2025\/09\/rataplan2025sep-300x201.jpg 300w, https:\/\/www.disfrutabizkaia.com\/blog\/wp-content\/uploads\/2025\/09\/rataplan2025sep-372x248.jpg 372w\" sizes=\"auto, (max-width: 435px) 100vw, 435px\" \/><\/p>\n<p data-start=\"1360\" data-end=\"1501\">Del <strong data-start=\"1364\" data-end=\"1390\">16 al 22 de septiembre<\/strong>, Barakaldo se convierte en un gran escenario al aire libre con el festival de teatro callejero <strong data-start=\"1486\" data-end=\"1498\">Rataplan<\/strong>.<\/p>\n<ul data-start=\"1503\" data-end=\"1765\">\n<li data-start=\"1503\" data-end=\"1558\">\n<p data-start=\"1505\" data-end=\"1558\">Plaza de las Esculturas y Parque de Los Hermanos<\/p>\n<\/li>\n<li data-start=\"1559\" data-end=\"1634\">\n<p data-start=\"1561\" data-end=\"1634\">12 nuevas propuestas teatrales, con estrenos y obras internacionales<\/p>\n<\/li>\n<li data-start=\"1635\" data-end=\"1721\">\n<p data-start=\"1637\" data-end=\"1721\">Dos espect\u00e1culos diarios a las 18:30 y 19:30 h (el domingo 22 solo una funci\u00f3n)<\/p>\n<\/li>\n<li data-start=\"1722\" data-end=\"1765\">\n<p data-start=\"1724\" data-end=\"1765\">&#x1f39f;&#xfe0f; Todas las actuaciones son gratuitas<\/p>\n<\/li>\n<\/ul>\n<p data-start=\"1767\" data-end=\"1842\">Adem\u00e1s, puedes completar el plan disfrutando de la hosteler\u00eda de la zona.<\/p>\n<h2 data-start=\"1849\" data-end=\"1879\"><span style=\"color: #ffcc00;\">Eszena Kalera \u2013 Bilbao<\/span><\/h2>\n<p data-start=\"1881\" data-end=\"2020\"><img loading=\"lazy\" decoding=\"async\" class=\"alignleft wp-image-7258 size-full\" src=\"https:\/\/www.disfrutabizkaia.com\/blog\/wp-content\/uploads\/2025\/09\/NUEVO-destacado-BLOG-Disfruta-560x315-69.jpg\" alt=\"\" width=\"560\" height=\"315\" srcset=\"https:\/\/www.disfrutabizkaia.com\/blog\/wp-content\/uploads\/2025\/09\/NUEVO-destacado-BLOG-Disfruta-560x315-69.jpg 560w, https:\/\/www.disfrutabizkaia.com\/blog\/wp-content\/uploads\/2025\/09\/NUEVO-destacado-BLOG-Disfruta-560x315-69-300x169.jpg 300w\" sizes=\"auto, (max-width: 560px) 100vw, 560px\" \/>Hasta el<strong> 30\u00a0de septiembre<\/strong>, Bilbao se llena de vida con el festival <strong data-start=\"1952\" data-end=\"1969\">Eszena Kalera<\/strong>, el mayor circuito de arte callejero de Euskadi.<\/p>\n<ul data-start=\"2022\" data-end=\"2184\">\n<li data-start=\"2022\" data-end=\"2068\">\n<p data-start=\"2024\" data-end=\"2068\">Circo, danza, teatro, verbenas infantiles\u2026<\/p>\n<\/li>\n<li data-start=\"2069\" data-end=\"2132\">\n<p data-start=\"2071\" data-end=\"2132\">Espacios pensados para que los m\u00e1s txikis tambi\u00e9n disfruten<\/p>\n<\/li>\n<li data-start=\"2133\" data-end=\"2184\">\n<p data-start=\"2135\" data-end=\"2184\">Diferentes rincones de la ciudad como escenario<\/p>\n<\/li>\n<\/ul>\n<p data-start=\"2186\" data-end=\"2247\">&#x1f449;<span style=\"color: #ffcc00;\"> <a class=\"decorated-link\" style=\"color: #ffcc00;\" href=\"https:\/\/www.disfrutabizkaia.com\/blog\/eszena-kalera-teatro-circo-danza-en-las-calles-de-bilbao\/\" rel=\"noopener\" data-start=\"2189\" data-end=\"2245\">Consulta el programa completo de Eszena Kalera 2025<\/a><\/span><\/p>\n<p data-start=\"2249\" data-end=\"2371\">Y para rematar, nada como una <strong data-start=\"2279\" data-end=\"2309\">ruta de pintxos por Bilbao<\/strong> para ense\u00f1ar a los peque\u00f1os a saborear nuestra gastronom\u00eda.<\/p>\n<h2 data-start=\"2378\" data-end=\"2426\"><span style=\"color: #ffcc00;\">Zirkualde \u2013 Festival de Circo de Rekalde<\/span><\/h2>\n<p data-start=\"2428\" data-end=\"2544\">El <strong data-start=\"2431\" data-end=\"2453\">Festival Zirkualde<\/strong> cumple 16a\u00f1os y lo celebra con <strong>6\u00a0compa\u00f1\u00edas <\/strong>\u00a0de circo contempor\u00e1neo.<\/p>\n<ul data-start=\"2546\" data-end=\"2805\">\n<li data-start=\"2546\" data-end=\"2629\">\n<p data-start=\"2548\" data-end=\"2629\">&#x1f4cd; Plaza de Rekalde.<\/p>\n<\/li>\n<li data-start=\"2630\" data-end=\"2700\">\n<p data-start=\"2632\" data-end=\"2700\">&#x1f4cd; Tambi\u00e9n en el Polideportivo El Fango y el Teatro Campos El\u00edseos<\/p>\n<\/li>\n<li data-start=\"2701\" data-end=\"2752\">\n<p data-start=\"2703\" data-end=\"2752\">\u00a0\u00danico festival de artes circenses en Euskadi<\/p>\n<\/li>\n<li data-start=\"2753\" data-end=\"2805\">\n<p data-start=\"2755\" data-end=\"2805\"><a href=\"https:\/\/www.kulturklik.euskadi.eus\/contenidos\/evento\/2025082908042567\/es_def\/\">Programaci\u00f3n<\/a> para todos los p\u00fablicos<\/p>\n<\/li>\n<\/ul>\n<h2 data-start=\"2812\" data-end=\"2857\"><span style=\"color: #ffcc00;\">EkoPlanak \u2013 Descubre Uribe en familia<\/span><\/h2>\n<p data-start=\"2859\" data-end=\"2972\"><img loading=\"lazy\" decoding=\"async\" class=\"alignright wp-image-4368 \" src=\"https:\/\/www.disfrutabizkaia.com\/blog\/wp-content\/uploads\/2019\/04\/uribe-txakoli-scaled-e1752826246719.jpg\" alt=\"\" width=\"367\" height=\"190\" \/>Si buscas un plan diferente, en Uribe te esperan visitas guiadas que mezclan naturaleza, patrimonio e historia.<\/p>\n<ul data-start=\"2974\" data-end=\"3117\">\n<li data-start=\"2974\" data-end=\"3027\">\n<p data-start=\"2976\" data-end=\"3027\">Caser\u00edos, iglesias, molinos, herrer\u00edas y palacios<\/p>\n<\/li>\n<li data-start=\"3028\" data-end=\"3067\">\n<p data-start=\"3030\" data-end=\"3067\">Rutas entre paisajes espectaculares<\/p>\n<\/li>\n<li data-start=\"3068\" data-end=\"3117\">\n<p data-start=\"3070\" data-end=\"3117\">Ideal para disfrutar a otro ritmo, en familia<\/p>\n<\/li>\n<\/ul>\n<p data-start=\"3119\" data-end=\"3178\">&#x1f449; Aqu\u00ed tienes <a href=\"https:\/\/www.uribe.eu\/ms\/\">todas las visitas<\/a> para organizar tu finde.<\/p>\n<h2 data-start=\"3185\" data-end=\"3214\"><span style=\"color: #ffcc00;\">Bilbao desde Artxanda<\/span><\/h2>\n<p data-start=\"3216\" data-end=\"3336\"><img loading=\"lazy\" decoding=\"async\" class=\"size-medium wp-image-1489 alignleft\" src=\"https:\/\/www.disfrutabizkaia.com\/blog\/wp-content\/uploads\/2016\/02\/Funicular_de_Artxanda-300x225.jpg\" alt=\"Subida a Artxanda en Funicular - Vistas Bilbao\" width=\"300\" height=\"225\" srcset=\"https:\/\/www.disfrutabizkaia.com\/blog\/wp-content\/uploads\/2016\/02\/Funicular_de_Artxanda-300x225.jpg 300w, https:\/\/www.disfrutabizkaia.com\/blog\/wp-content\/uploads\/2016\/02\/Funicular_de_Artxanda-600x450.jpg 600w, https:\/\/www.disfrutabizkaia.com\/blog\/wp-content\/uploads\/2016\/02\/Funicular_de_Artxanda.jpg 640w\" sizes=\"auto, (max-width: 300px) 100vw, 300px\" \/>Sube en el hist\u00f3rico<span style=\"color: #ffcc00;\"><a style=\"color: #ffcc00;\" href=\"https:\/\/www.disfrutabizkaia.com\/que-hacer\/funicular-artxanda\/\"> <strong data-start=\"3237\" data-end=\"3262\">Funicular de Artxanda<\/strong><\/a> <\/span>y en apenas 5 minutos tendr\u00e1s las mejores vistas panor\u00e1micas de Bilbao.<\/p>\n<ul data-start=\"3338\" data-end=\"3514\">\n<li data-start=\"3338\" data-end=\"3366\">\n<p data-start=\"3340\" data-end=\"3366\">Servicio cada 15 minutos<\/p>\n<\/li>\n<li data-start=\"3367\" data-end=\"3469\">\n<p data-start=\"3369\" data-end=\"3469\">Perfecto para identificar con los m\u00e1s txikis lugares como San Mam\u00e9s, el Guggenheim o el Teatro Arriaga<\/p>\n<\/li>\n<li data-start=\"3470\" data-end=\"3514\">\n<p data-start=\"3472\" data-end=\"3514\">Plan r\u00e1pido, divertido y perfecto para disfrutar en familia.<\/p>\n<\/li>\n<\/ul>\n<h2 data-start=\"3521\" data-end=\"3574\">\u00a0<span style=\"color: #ffcc00;\">Excursi\u00f3n m\u00e1gica al Bosque de Oma\u00a0<\/span><\/h2>\n<p data-start=\"3576\" data-end=\"3682\"><img loading=\"lazy\" decoding=\"async\" class=\"alignright wp-image-145 \" src=\"https:\/\/www.disfrutabizkaia.com\/blog\/wp-content\/uploads\/2016\/02\/Fotolia_91847091_S-e1532431273728.jpg\" alt=\"Bosque-pintado-Ibarrola-Oma-Bizkaia\" width=\"409\" height=\"273\" srcset=\"https:\/\/www.disfrutabizkaia.com\/blog\/wp-content\/uploads\/2016\/02\/Fotolia_91847091_S-e1532431273728.jpg 800w, https:\/\/www.disfrutabizkaia.com\/blog\/wp-content\/uploads\/2016\/02\/Fotolia_91847091_S-e1532431273728-300x200.jpg 300w, https:\/\/www.disfrutabizkaia.com\/blog\/wp-content\/uploads\/2016\/02\/Fotolia_91847091_S-e1532431273728-768x513.jpg 768w, https:\/\/www.disfrutabizkaia.com\/blog\/wp-content\/uploads\/2016\/02\/Fotolia_91847091_S-e1532431273728-600x401.jpg 600w\" sizes=\"auto, (max-width: 409px) 100vw, 409px\" \/>Un cl\u00e1sico que nunca falla. El <span style=\"color: #ffcc00;\"><a style=\"color: #ffcc00;\" href=\"https:\/\/www.disfrutabizkaia.com\/que-hacer\/bosque-de-oma\/\"><strong data-start=\"3607\" data-end=\"3624\">Bosque de Oma<\/strong><\/a><\/span> es una experiencia donde arte y naturaleza se fusionan.<\/p>\n<ul data-start=\"3684\" data-end=\"3834\">\n<li data-start=\"3684\" data-end=\"3744\">\n<p data-start=\"3686\" data-end=\"3744\">Pinturas en los troncos que cambian seg\u00fan tu perspectiva<\/p>\n<\/li>\n<li data-start=\"3745\" data-end=\"3785\">\n<p data-start=\"3747\" data-end=\"3785\">Recorrido perfecto con ni\u00f1os y ni\u00f1as<\/p>\n<\/li>\n<li data-start=\"3786\" data-end=\"3834\">\n<p data-start=\"3788\" data-end=\"3834\">Puedes hacerlo por libre o con visita guiada<\/p>\n<\/li>\n<\/ul>\n<p data-start=\"3836\" data-end=\"3963\">&#x1f4e9; M\u00e1s info: <a class=\"decorated-link cursor-pointer\" rel=\"noopener\" data-start=\"3849\" data-end=\"3864\">oma@bizkaia.eus<\/a> | &#x260e;&#xfe0f; 94 465 16 57<br data-start=\"3882\" data-end=\"3885\" \/>&#x1f310; <a class=\"decorated-link\" href=\"https:\/\/www.bizkaia.eus\/es\/web\/bosque-oma-basoa\" target=\"_new\" rel=\"noopener\" data-start=\"3888\" data-end=\"3961\">bizkaia.eus\/bosque-oma<\/a><\/p>\n<h2 data-start=\"3970\" data-end=\"4030\"><span style=\"color: #ffcc00;\">Iron River Trapagaran \u2013 Turismo industrial con mucho sabor<\/span><\/h2>\n<p data-start=\"4032\" data-end=\"4215\"><img loading=\"lazy\" decoding=\"async\" class=\"alignleft wp-image-7292 \" src=\"https:\/\/www.disfrutabizkaia.com\/blog\/wp-content\/uploads\/2025\/09\/Iron-river_trapagaran_disfruta-bizkaia_planes.jpg\" alt=\"\" width=\"223\" height=\"359\" srcset=\"https:\/\/www.disfrutabizkaia.com\/blog\/wp-content\/uploads\/2025\/09\/Iron-river_trapagaran_disfruta-bizkaia_planes.jpg 360w, https:\/\/www.disfrutabizkaia.com\/blog\/wp-content\/uploads\/2025\/09\/Iron-river_trapagaran_disfruta-bizkaia_planes-187x300.jpg 187w\" sizes=\"auto, (max-width: 223px) 100vw, 223px\" \/>El <strong data-start=\"4035\" data-end=\"4063\">20 de septiembre <\/strong>llega a Trapagaran una experiencia diferente: <strong data-start=\"4110\" data-end=\"4124\">Iron River<\/strong>, un homenaje al pasado industrial de Bizkaia convertido en plan cultural y gastron\u00f3mico.<\/p>\n<ul data-start=\"4217\" data-end=\"4642\">\n<li data-start=\"4217\" data-end=\"4270\">\n<p data-start=\"4219\" data-end=\"4270\">&#x1f4cd; Plaza Llano de Trapagaran | &#x1f55a; 11:00 \u2013 20:00 h<\/p>\n<\/li>\n<li data-start=\"4271\" data-end=\"4369\">\n<p data-start=\"4273\" data-end=\"4369\">Catas comentadas (5 \u20ac) con tem\u00e1ticas como <em data-start=\"4318\" data-end=\"4337\">Txakoli y miner\u00eda<\/em> o <em data-start=\"4340\" data-end=\"4367\">Vinos y mujeres de hierro<\/em><\/p>\n<\/li>\n<li data-start=\"4370\" data-end=\"4449\">\n<p data-start=\"4372\" data-end=\"4449\">Excursiones sorpresa a lugares vinculados al patrimonio industrial (5 \u20ac)<\/p>\n<\/li>\n<li data-start=\"4450\" data-end=\"4511\">\n<p data-start=\"4452\" data-end=\"4511\">Gastroespacios para saborear vinos y productos locales<\/p>\n<\/li>\n<li data-start=\"4450\" data-end=\"4511\">\n<p data-start=\"4452\" data-end=\"4511\">Exhibiciones en directo: ferrones (12:00) y barrenadores (18:00)<\/p>\n<\/li>\n<li data-start=\"4450\" data-end=\"4511\">\n<p data-start=\"4452\" data-end=\"4511\">M\u00fasica, teatro y juegos mineros durante todo el d\u00eda<\/p>\n<\/li>\n<\/ul>\n<p data-start=\"4833\" data-end=\"5075\"><span class=\"a_GcMg font-feature-liga-off font-feature-clig-off font-feature-calt-off text-decoration-none text-strikethrough-none\">Como puedes ver,<strong> Bizkaia<\/strong> despide septiembre con un mont\u00f3n de planes para todos los gustos: naturaleza, cultura, teatro, circo, patrimonio industrial y, por supuesto, gastronom\u00eda. Es una invitaci\u00f3n para que disfrutes en familia de todo lo que nuestro territorio tiene para ofrecer.<\/span><\/p>\n<p class=\"aWBg0w aZskFA u16U_g mKhvSg\">Y, por supuesto, la gastronom\u00eda es un cap\u00edtulo aparte: desde los deliciosos pintxos en los bares de los cascos antiguos hasta los platos m\u00e1s elaborados en los prestigiosos restaurantes, cada bocado es una celebraci\u00f3n de nuestros sabores m\u00e1s aut\u00e9nticos.<\/p>\n<p class=\"aWBg0w aZskFA u16U_g mKhvSg\">As\u00ed que, si buscas excursiones, planes diferentes, cultura o simplemente un momento de relax en buena compa\u00f1\u00eda, Bizkaia te espera con los brazos abiertos para que vivas una experiencia inolvidable.<\/p>\n<p data-start=\"5077\" data-end=\"5164\"><a href=\"https:\/\/www.disfrutabizkaia.com\/comer-beber\/restaurantes\/\"><br \/>\n<img loading=\"lazy\" decoding=\"async\" class=\"aligncenter wp-image-6863 size-full\" src=\"https:\/\/www.disfrutabizkaia.com\/blog\/wp-content\/uploads\/2022\/04\/banner-restaurantes-bizkaia-blog-disfrutabizkaia.gif\" alt=\"\" width=\"678\" height=\"180\" \/><\/a><\/p>\n<p data-start=\"5077\" data-end=\"5164\"><div class=\"crp-list-container\"><h3 class=\"crp-list-title\">Related Posts<\/h3><ul class=\"crp-list\"><li class=\"crp-list-item crp-list-item-image-left crp-list-item-has-image\"><div class=\"crp-list-item-image\"><a href=\"https:\/\/www.disfrutabizkaia.com\/blog\/eszena-kalera-teatro-circo-danza-en-las-calles-de-bilbao\/\" target=\"_blank\"><img loading=\"lazy\" decoding=\"async\" data-pin-nopin=\"true\" style=\"max-width: 100px; height: auto;\" width=\"100\" height=\"67\" src=\"https:\/\/www.disfrutabizkaia.com\/blog\/wp-content\/uploads\/2025\/09\/NUEVO-destacado-BLOG-Disfruta-560x315-69-372x248.jpg\" class=\"attachment-100x100 size-100x100\" alt=\"\" \/><\/a><\/div><div class=\"crp-list-item-title\"><a href=\"https:\/\/www.disfrutabizkaia.com\/blog\/eszena-kalera-teatro-circo-danza-en-las-calles-de-bilbao\/\" target=\"_blank\">Eszena Kalera: teatro, circo y danza en las calles de Bilbao<\/a><\/div><\/li><li class=\"crp-list-item crp-list-item-image-left crp-list-item-has-image\"><div class=\"crp-list-item-image\"><a href=\"https:\/\/www.disfrutabizkaia.com\/blog\/septiembre-en-bizkaia-cultura-musica-naturaleza-gastronomia\/\" target=\"_blank\"><img loading=\"lazy\" decoding=\"async\" data-pin-nopin=\"true\" style=\"max-width: 100px; height: auto;\" width=\"100\" height=\"67\" src=\"https:\/\/www.disfrutabizkaia.com\/blog\/wp-content\/uploads\/2025\/09\/NUEVO-destacado-BLOG-Disfruta-560x315-70-372x248.jpg\" class=\"attachment-100x100 size-100x100\" alt=\"\" \/><\/a><\/div><div class=\"crp-list-item-title\"><a href=\"https:\/\/www.disfrutabizkaia.com\/blog\/septiembre-en-bizkaia-cultura-musica-naturaleza-gastronomia\/\" target=\"_blank\">Septiembre en Bizkaia: cultura, m\u00fasica, naturaleza y gastronom\u00eda<\/a><\/div><\/li><\/ul><\/div><\/p>\n<p data-start=\"5077\" data-end=\"5164\">\n","protected":false},"excerpt":{"rendered":"<p>Septiembre se nos ha pasado volando, \u00a1y ya toca despedirlo por todo lo alto! Y qu\u00e9 mejor manera de hacerlo que disfrutando de actividades culturales, excursiones y gastronom\u00eda en familia. Porque cada plan, por sencillo que parezca, puede convertirse en&#8230; <a class=\"more-link\" href=\"https:\/\/www.disfrutabizkaia.com\/blog\/planes-en-bizkaia-para-despedir-septiembre-en-familia\/\">Seguir leyendo &rarr;<\/a><\/p>\n","protected":false},"author":2,"featured_media":7295,"comment_status":"open","ping_status":"closed","sticky":false,"template":"","format":"standard","meta":{"_acf_changed":false,"footnotes":""},"categories":[1,47],"tags":[],"class_list":["post-7289","post","type-post","status-publish","format-standard","has-post-thumbnail","hentry","category-disfruta-bizkaia","category-planes"],"acf":[],"_links":{"self":[{"href":"https:\/\/www.disfrutabizkaia.com\/blog\/wp-json\/wp\/v2\/posts\/7289","targetHints":{"allow":["GET"]}}],"collection":[{"href":"https:\/\/www.disfrutabizkaia.com\/blog\/wp-json\/wp\/v2\/posts"}],"about":[{"href":"https:\/\/www.disfrutabizkaia.com\/blog\/wp-json\/wp\/v2\/types\/post"}],"author":[{"embeddable":true,"href":"https:\/\/www.disfrutabizkaia.com\/blog\/wp-json\/wp\/v2\/users\/2"}],"replies":[{"embeddable":true,"href":"https:\/\/www.disfrutabizkaia.com\/blog\/wp-json\/wp\/v2\/comments?post=7289"}],"version-history":[{"count":7,"href":"https:\/\/www.disfrutabizkaia.com\/blog\/wp-json\/wp\/v2\/posts\/7289\/revisions"}],"predecessor-version":[{"id":7305,"href":"https:\/\/www.disfrutabizkaia.com\/blog\/wp-json\/wp\/v2\/posts\/7289\/revisions\/7305"}],"wp:featuredmedia":[{"embeddable":true,"href":"https:\/\/www.disfrutabizkaia.com\/blog\/wp-json\/wp\/v2\/media\/7295"}],"wp:attachment":[{"href":"https:\/\/www.disfrutabizkaia.com\/blog\/wp-json\/wp\/v2\/media?parent=7289"}],"wp:term":[{"taxonomy":"category","embeddable":true,"href":"https:\/\/www.disfrutabizkaia.com\/blog\/wp-json\/wp\/v2\/categories?post=7289"},{"taxonomy":"post_tag","embeddable":true,"href":"https:\/\/www.disfrutabizkaia.com\/blog\/wp-json\/wp\/v2\/tags?post=7289"}],"curies":[{"name":"wp","href":"https:\/\/api.w.org\/{rel}","templated":true}]}}