{"id":7309,"date":"2025-09-30T11:21:21","date_gmt":"2025-09-30T09:21:21","guid":{"rendered":"https:\/\/www.disfrutabizkaia.com\/blog\/?p=7309"},"modified":"2025-10-01T11:21:07","modified_gmt":"2025-10-01T09:21:07","slug":"octubre-en-bizkaia","status":"publish","type":"post","link":"https:\/\/www.disfrutabizkaia.com\/blog\/octubre-en-bizkaia\/","title":{"rendered":"Octubre en Bizkaia"},"content":{"rendered":"<p>Octubre llega cargado de planes para todos los gustos.<\/p>\n<p data-start=\"233\" data-end=\"514\">Aunque los d\u00edas empiezan a ser m\u00e1s cortos, el calendario se llena de fiestas populares, festivales de m\u00fasica, cultura y planes gastron\u00f3micos que invitan a salir a la calle.<\/p>\n<p>Desde fiestas de pueblo con siglos de historia y sabor a mar, hasta eventos internacionales que ponen a Bilbao en el mapa, hemos seleccionado los <b>imprescindibles<\/b> para que este mes de octubre sea inolvidable.<\/p>\n<p>Aqu\u00ed tienes algunos de los imprescindibles para disfrutar del mes.<\/p>\n<h2><span style=\"color: #ffcc00;\">Un Fin de Semana muy Marinero<\/span><\/h2>\n<p>El inicio de octubre nos lleva directos a la costa, donde la vida marinera y sus tradiciones se convierten en el plan m\u00e1s aut\u00e9ntico.<\/p>\n<h3 style=\"padding-left: 40px;\"><b><img loading=\"lazy\" decoding=\"async\" class=\"size-medium wp-image-1432 alignright\" src=\"https:\/\/www.disfrutabizkaia.com\/blog\/wp-content\/uploads\/2018\/04\/PuenteVizcayaweb-e1524580238964-300x187.jpg\" alt=\"Puente-Bizkaia-Colgante-Portugalete\" width=\"300\" height=\"187\" srcset=\"https:\/\/www.disfrutabizkaia.com\/blog\/wp-content\/uploads\/2018\/04\/PuenteVizcayaweb-e1524580238964-300x187.jpg 300w, https:\/\/www.disfrutabizkaia.com\/blog\/wp-content\/uploads\/2018\/04\/PuenteVizcayaweb-e1524580238964-600x374.jpg 600w, https:\/\/www.disfrutabizkaia.com\/blog\/wp-content\/uploads\/2018\/04\/PuenteVizcayaweb-e1524580238964.jpg 750w\" sizes=\"auto, (max-width: 300px) 100vw, 300px\" \/>Fiesta de la Vendimia en Portugalete \u2013 4 de octubre<\/b><\/h3>\n<p style=\"padding-left: 40px;\">\u00bfSab\u00edas que la <i>Noble Villa<\/i> tuvo un <b>pasado vitivin\u00edcola<\/b>? Esta fiesta es un homenaje a esa historia.<\/p>\n<p style=\"padding-left: 40px;\">El Casco Hist\u00f3rico se llena de puestos donde el <b>txakoli<\/b> es el protagonista, acompa\u00f1ado de buenos pintx<\/p>\n<p style=\"padding-left: 40px;\">os y m\u00fasica tradicional. Es tu oportunidad de ver la pisa de la uva y sumergirte en la Portugalete m\u00e1s \u00abenol\u00f3gica\u00bb.<\/p>\n<h3 style=\"padding-left: 40px;\"><b>Sardinera Eguna en Santurtzi \u2013 4 de octubre<\/b><\/h3>\n<p style=\"padding-left: 40px;\">A solo un salto, Santurtzi rinde tributo a las <b>sardineras<\/b>, esas mujeres incansables que llevaban el pescado fresco por las calles.<\/p>\n<h3 style=\"padding-left: 40px;\"><b><img loading=\"lazy\" decoding=\"async\" class=\"size-medium wp-image-7360 alignleft\" src=\"https:\/\/www.disfrutabizkaia.com\/blog\/wp-content\/uploads\/2025\/09\/31-300x200.jpg\" alt=\"\" width=\"300\" height=\"200\" srcset=\"https:\/\/www.disfrutabizkaia.com\/blog\/wp-content\/uploads\/2025\/09\/31-300x200.jpg 300w, https:\/\/www.disfrutabizkaia.com\/blog\/wp-content\/uploads\/2025\/09\/31-372x248.jpg 372w, https:\/\/www.disfrutabizkaia.com\/blog\/wp-content\/uploads\/2025\/09\/31.jpg 540w\" sizes=\"auto, (max-width: 300px) 100vw, 300px\" \/><\/b><\/h3>\n<p style=\"padding-left: 40px;\">El puerto se transforma: ver\u00e1s <b>recreaciones hist\u00f3ricas<\/b> llenas de color y emoci\u00f3n, actividades para los m\u00e1s peque\u00f1os y, por supuesto, la joya de la corona: una <b>degustaci\u00f3n\u00a0<\/b><\/p>\n<p style=\"padding-left: 40px;\"><b>gratuita de sardinas a la brasa<\/b> que, honestamente, te har\u00e1n la boca agua. Una celebraci\u00f3n que huele a mar, tradici\u00f3n y buen rollo.<\/p>\n<h3 style=\"padding-left: 40px;\"><b>Kantauri Fest en Zierbena \u2013 4 y 5 de octubre<\/b><\/h3>\n<h3 style=\"padding-left: 40px;\"><b><img loading=\"lazy\" decoding=\"async\" class=\"size-medium wp-image-7362 alignright\" src=\"https:\/\/www.disfrutabizkaia.com\/blog\/wp-content\/uploads\/2025\/09\/kantauri-fest_Disfruta-Bizkaia_Zierbena-300x216.jpg\" alt=\"\" width=\"300\" height=\"216\" srcset=\"https:\/\/www.disfrutabizkaia.com\/blog\/wp-content\/uploads\/2025\/09\/kantauri-fest_Disfruta-Bizkaia_Zierbena-300x216.jpg 300w, https:\/\/www.disfrutabizkaia.com\/blog\/wp-content\/uploads\/2025\/09\/kantauri-fest_Disfruta-Bizkaia_Zierbena-1024x736.jpg 1024w, https:\/\/www.disfrutabizkaia.com\/blog\/wp-content\/uploads\/2025\/09\/kantauri-fest_Disfruta-Bizkaia_Zierbena-768x552.jpg 768w, https:\/\/www.disfrutabizkaia.com\/blog\/wp-content\/uploads\/2025\/09\/kantauri-fest_Disfruta-Bizkaia_Zierbena-1536x1104.jpg 1536w, https:\/\/www.disfrutabizkaia.com\/blog\/wp-content\/uploads\/2025\/09\/kantauri-fest_Disfruta-Bizkaia_Zierbena-600x431.jpg 600w, https:\/\/www.disfrutabizkaia.com\/blog\/wp-content\/uploads\/2025\/09\/kantauri-fest_Disfruta-Bizkaia_Zierbena-945x679.jpg 945w, https:\/\/www.disfrutabizkaia.com\/blog\/wp-content\/uploads\/2025\/09\/kantauri-fest_Disfruta-Bizkaia_Zierbena.jpg 1600w\" sizes=\"auto, (max-width: 300px) 100vw, 300px\" \/><\/b><\/h3>\n<p style=\"padding-left: 40px;\">Si te quedas con ganas de m\u00e1s brisa marina, este festival en el puerto de Zierbena es un planazo para el fin de semana<\/p>\n<p style=\"padding-left: 40px;\">.<\/p>\n<p style=\"padding-left: 40px;\">Es una celebraci\u00f3n del Cant\u00e1brico con <b>m\u00fasica en directo<\/b> (conciertos de artistas locales y nacionales), <b>talleres para ni\u00f1os<\/b> y, lo que m\u00e1s nos gusta, puestos de <b>gastronom\u00eda local<\/b> con productos de la lonja. Podr\u00e1s disfrutar de la esencia pura de la costa vasca.<\/p>\n<p style=\"padding-left: 40px;\">&#x1f449;&#x1f3fd; Aqu\u00ed tienes la <a href=\"https:\/\/kantaurifest.eus\/\">programaci\u00f3n completa.<\/a><\/p>\n<h2><span style=\"color: #ffcc00;\">Planes con Tradici\u00f3n, Cultura y Gastronom\u00eda Local<\/span><\/h2>\n\n\t\t<style type=\"text\/css\">\n\t\t\t#gallery-1 {\n\t\t\t\tmargin: auto;\n\t\t\t}\n\t\t\t#gallery-1 .gallery-item {\n\t\t\t\tfloat: left;\n\t\t\t\tmargin-top: 10px;\n\t\t\t\ttext-align: center;\n\t\t\t\twidth: 33%;\n\t\t\t}\n\t\t\t#gallery-1 img {\n\t\t\t\tborder: 2px solid #cfcfcf;\n\t\t\t}\n\t\t\t#gallery-1 .gallery-caption {\n\t\t\t\tmargin-left: 0;\n\t\t\t}\n\t\t\t\/* see gallery_shortcode() in wp-includes\/media.php *\/\n\t\t<\/style>\n\t\t<div id='gallery-1' class='gallery galleryid-7309 gallery-columns-3 gallery-size-thumbnail'><dl class='gallery-item'>\n\t\t\t<dt class='gallery-icon landscape'>\n\t\t\t\t<a href='https:\/\/www.disfrutabizkaia.com\/blog\/?attachment_id=2158'><img loading=\"lazy\" decoding=\"async\" width=\"245\" height=\"248\" src=\"https:\/\/www.disfrutabizkaia.com\/blog\/wp-content\/uploads\/2018\/10\/La_Encartada_fabrica_museo_actividades_visitas_jornadas_europeas_patrimonio_Bizkaia-e1538488586588-245x248.jpg\" class=\"attachment-thumbnail size-thumbnail\" alt=\"Actividades en familia en la Encartada - Jornadas Europeas del Patrimonio en Bizkaia\" \/><\/a>\n\t\t\t<\/dt><\/dl><dl class='gallery-item'>\n\t\t\t<dt class='gallery-icon landscape'>\n\t\t\t\t<a href='https:\/\/www.disfrutabizkaia.com\/blog\/octubre-en-bizkaia\/nuevo-destacado-blog-disfruta-560x315-16-2\/'><img loading=\"lazy\" decoding=\"async\" width=\"372\" height=\"248\" src=\"https:\/\/www.disfrutabizkaia.com\/blog\/wp-content\/uploads\/2025\/09\/NUEVO-destacado-BLOG-Disfruta-560x315-16-372x248.png\" class=\"attachment-thumbnail size-thumbnail\" alt=\"\" \/><\/a>\n\t\t\t<\/dt><\/dl><dl class='gallery-item'>\n\t\t\t<dt class='gallery-icon landscape'>\n\t\t\t\t<a href='https:\/\/www.disfrutabizkaia.com\/blog\/ultimo_lunes_de_gernika_azken_astehelena\/ultimo01\/'><img loading=\"lazy\" decoding=\"async\" width=\"372\" height=\"248\" src=\"https:\/\/www.disfrutabizkaia.com\/blog\/wp-content\/uploads\/2022\/10\/ULTIMO01-e1730113513793-372x248.jpg\" class=\"attachment-thumbnail size-thumbnail\" alt=\"\" \/><\/a>\n\t\t\t<\/dt><\/dl><br style=\"clear: both\" \/>\n\t\t<\/div>\n\n<p>Si buscas el sabor aut\u00e9ntico de Bizkaia y sus tradiciones m\u00e1s arraigadas, estos tres eventos son la columna vertebral de octubre.<\/p>\n<h3 style=\"padding-left: 40px;\"><b>Jornadas Europeas del Patrimonio \u2013 Durante todo octubre<\/b><\/h3>\n<p style=\"padding-left: 40px;\">\u00bfUn viaje en el tiempo? Las<span style=\"color: #ffcc00;\"><a style=\"color: #ffcc00;\" href=\"https:\/\/www.disfrutabizkaia.com\/blog\/25-anos-jornadas-europeas-del-patrimonio-en-bizkaia\/\"> <b>Jornadas Europeas del Patrimonio<\/b> <\/a><\/span>celebran sus 25 a\u00f1os en Euskadi abriendo las puertas de lugares que normalmente est\u00e1n cerrados al p\u00fablico. Es tu oportunidad de explorar un <b>caser\u00edo centenario<\/b>, adentrarte en <b>ermitas escondidas<\/b> o descubrir la arquitectura industrial que model\u00f3 nuestro paisaje. Una aventura cultural que te har\u00e1 ver tu entorno con otros ojos. <b>\u00a1Consulta la programaci\u00f3n detallada!<\/b><\/p>\n<h3 style=\"padding-left: 40px;\"><b>Txikiteroen Festa \u2013 del 1 al 12 de octubre<\/b><\/h3>\n<p style=\"padding-left: 40px;\" data-start=\"172\" data-end=\"430\">El <strong data-start=\"175\" data-end=\"192\">11 de octubre<\/strong> es un d\u00eda muy especial en Bilbao: la ciudad celebra a la <strong data-start=\"250\" data-end=\"270\">Amatxu de Bego\u00f1a<\/strong> y tambi\u00e9n el <strong data-start=\"284\" data-end=\"305\">Txikiteroen Eguna<\/strong>, una jornada muy querida que llena el <strong data-start=\"344\" data-end=\"359\">Casco Viejo<\/strong> de m\u00fasica, alegr\u00eda y tradici\u00f3n, organizada por <a href=\"https:\/\/www.instagram.com\/p\/DPE32a9DVHm\/?hl=es&amp;img_index=2\"><strong data-start=\"407\" data-end=\"427\">Txikitero Artean<\/strong>.<\/a><\/p>\n<p style=\"padding-left: 40px;\" data-start=\"432\" data-end=\"811\">Y para hacer a\u00fan m\u00e1s especial esta fecha, del <strong data-start=\"478\" data-end=\"500\">1 al 12 de octubre<\/strong> tiene lugar la <strong data-start=\"516\" data-end=\"537\">Txikiteroen Festa<\/strong>, un homenaje a las y los txikiteros y a su forma tan bilba\u00edna de disfrutar la vida. Durante estos d\u00edas, el <strong data-start=\"645\" data-end=\"660\">Casco Viejo<\/strong> y los barrios de <strong data-start=\"678\" data-end=\"704\">Atxuri, San Frantzisko<\/strong> y <strong data-start=\"707\" data-end=\"717\">Zabala<\/strong> se llenan de ambiente festivo y actividades que combinan <strong data-start=\"775\" data-end=\"808\">cultura, gastronom\u00eda y m\u00fasica<\/strong>.<\/p>\n<p style=\"padding-left: 40px;\" data-start=\"813\" data-end=\"1381\">El programa incluye <strong data-start=\"833\" data-end=\"849\">exposiciones<\/strong>, <strong data-start=\"851\" data-end=\"860\">coros<\/strong>, <strong data-start=\"862\" data-end=\"885\">rutas gastron\u00f3micas<\/strong>, <strong data-start=\"887\" data-end=\"912\">visitas teatralizadas<\/strong>, un animado <strong data-start=\"925\" data-end=\"951\">pasacalles txakolinero<\/strong>, la tradicional <strong data-start=\"968\" data-end=\"989\">ofrenda del mosto<\/strong> y los entra\u00f1ables <strong data-start=\"1008\" data-end=\"1038\">desayunos para las Bego\u00f1as<\/strong>. Tampoco faltar\u00e1n la <strong data-start=\"1060\" data-end=\"1078\">ofrenda floral<\/strong>, el <strong data-start=\"1083\" data-end=\"1102\">concierto coral<\/strong>, la emotiva <strong data-start=\"1115\" data-end=\"1148\">Salve de las y los Txikiteros<\/strong>, as\u00ed como <strong data-start=\"1159\" data-end=\"1179\">catas comentadas<\/strong>, <strong data-start=\"1181\" data-end=\"1201\">clases de cocina<\/strong> y la <strong data-start=\"1207\" data-end=\"1243\">entrega de los Txikitos de Honor<\/strong>, un reconocimiento a quienes mantienen viva esta costumbre tan nuestra<\/p>\n<h3 style=\"padding-left: 40px;\"><span style=\"color: #000000;\"><b>\u00daltimo lunes de octubre en Gernika \u2013 27 de octubre<\/b><\/span><\/h3>\n<p style=\"padding-left: 40px;\"><b>La cita obligada<\/b>. El \u00faltimo lunes de octubre es una fecha marcada en rojo en Gernika y por todos los vizca\u00ednos y vizca\u00ednas. Es la <b>feria agr\u00edcola y ganadera m\u00e1s grande<\/b> de la provincia. Miles de personas invaden las calles para ver ganado, probar el mejor queso, el pan de caser\u00edo o el <b>txakoli<\/b> de la \u00faltima cosecha, adem\u00e1s de otro muchos productos locales y de temporada.<\/p>\n<p style=\"padding-left: 40px;\">El ambiente es indescriptible: huele a tradici\u00f3n, a huerta y a <i>slow food<\/i>. Es una experiencia que hay que vivir al menos una vez para sentir la verdadera esencia rural de Bizkaia.<\/p>\n<h2><span style=\"color: #ffcc00;\">El Plan Estrella: Pintxopote y Tortilla de Patata<\/span><\/h2>\n<p><img loading=\"lazy\" decoding=\"async\" class=\"wp-image-6488 alignleft\" src=\"https:\/\/www.disfrutabizkaia.com\/blog\/wp-content\/uploads\/2024\/09\/Palabras-Post-insta-1-300x300.jpg\" alt=\"\" width=\"217\" height=\"217\" \/><\/p>\n<p>Si hay algo innegociable en Bizkaia, es el ritual del <b>pintxo<\/b>. No importa si lo llamas <i>pintxo<\/i>, <i>pincho<\/i> o <i>tapa<\/i>, recorrer los bares y elegir ese bocado que te gui\u00f1a el ojo es el mejor plan.<\/p>\n<ul>\n<li><b>Zonas Top:<\/b> Las barras del <b>Casco Viejo<\/b>, la calle <b>Ledesma, Diputaci\u00f3n<\/b>\u00a0o <b>Garc\u00eda Ribero<\/b> son paradas obligatorias en Bilbao para degustar desde la cl\u00e1sica <i>gilda<\/i> hasta las creaciones m\u00e1s innovadoras.<\/li>\n<\/ul>\n<p style=\"padding-left: 40px;\">&#x1f449;&#x1f3fd; Explora otras zonas de la villa y de Bizkaia en nuestra<a href=\"https:\/\/www.disfrutabizkaia.com\/que-hacer\/ruta-de-pintxos-por-bizkaia\/\">\u00a0 <span style=\"color: #ffcc00;\">Ruta de Pintxos.<\/span><\/a><\/p>\n<ul>\n<li><b>A por la mejor tortilla:<\/b> En octubre y hasta mediados de noviermbre tienes una excusa extra, la <a href=\"https:\/\/bizkaikotortillakopa.eus\/\"><b>IV Bizkaiko Tortilla Kopa<\/b>.<\/a> Puedes hacer una deliciosa ruta por 32 establecimientos, probar sus tortillas y <b>votar por tu favorita<\/b>. Adem\u00e1s de ayudar a elegir al campe\u00f3n del p\u00fablico, entrar\u00e1s en el sorteo de men\u00fas degustaci\u00f3n. Un plan irresistible para cualquier amante de la tortilla de patata.<\/li>\n<\/ul>\n<h2><span style=\"color: #ffcc00;\">M\u00fasica y deporte en Bilbao<\/span><\/h2>\n<p>La capital vizca\u00edna se convierte en un hervidero de energ\u00eda con dos eventos de gran calibre que atraen a miles de personas.<\/p>\n<h3 style=\"padding-left: 40px;\"><b><img loading=\"lazy\" decoding=\"async\" class=\"size-medium wp-image-6616 alignleft\" src=\"https:\/\/www.disfrutabizkaia.com\/blog\/wp-content\/uploads\/2023\/10\/NUEVO-destacado-BLOG-Disfruta-560x315-30-300x169.jpg\" alt=\"\" width=\"300\" height=\"169\" srcset=\"https:\/\/www.disfrutabizkaia.com\/blog\/wp-content\/uploads\/2023\/10\/NUEVO-destacado-BLOG-Disfruta-560x315-30-300x169.jpg 300w, https:\/\/www.disfrutabizkaia.com\/blog\/wp-content\/uploads\/2023\/10\/NUEVO-destacado-BLOG-Disfruta-560x315-30.jpg 560w\" sizes=\"auto, (max-width: 300px) 100vw, 300px\" \/>Bilbao Night Running Fest \u2013 18 de octubre<\/b><\/h3>\n<p style=\"padding-left: 40px;\">Atr\u00e1s qued\u00f3 la antigua marat\u00f3n, ahora es una <b>fiesta deportiva<\/b> nocturna. M\u00e1s de 20.000 corredores llenar\u00e1n las calles en un recorrido espectacular que pasa por el <b>Guggenheim<\/b> y el Casco Viejo iluminados. No es solo una carrera; es un show de luces, m\u00fasica en directo en varios puntos del recorrido y una <b>energ\u00eda incre\u00edble<\/b> que te har\u00e1 querer calzarte las zapatillas, \u00a1o al menos salir a animar!<\/p>\n<h3 style=\"padding-left: 40px;\"><b>BIME Bilbao \u2013 28 al 30 de octubre<img loading=\"lazy\" decoding=\"async\" class=\"size-medium wp-image-6649 alignright\" src=\"https:\/\/www.disfrutabizkaia.com\/blog\/wp-content\/uploads\/2023\/10\/NUEVO-destacado-BLOG-Disfruta-560x315-34-300x169.jpg\" alt=\"\" width=\"300\" height=\"169\" srcset=\"https:\/\/www.disfrutabizkaia.com\/blog\/wp-content\/uploads\/2023\/10\/NUEVO-destacado-BLOG-Disfruta-560x315-34-300x169.jpg 300w, https:\/\/www.disfrutabizkaia.com\/blog\/wp-content\/uploads\/2023\/10\/NUEVO-destacado-BLOG-Disfruta-560x315-34.jpg 560w\" sizes=\"auto, (max-width: 300px) 100vw, 300px\" \/><\/b><\/h3>\n<p style=\"padding-left: 40px;\">Para los amantes de la m\u00fasica (y para la industria en general), esta es una cita ineludible. El BIME (Bizkaia International Music Experience) transforma el Euskalduna en el epicentro musical del sur de Europa. Durante tres d\u00edas, se combinan <b>conferencias y <i>networking<\/i><\/b> de d\u00eda con <b>conciertos y <i>showcases<\/i><\/b> de bandas emergentes y artistas de primer nivel de noche. Es el lugar perfecto para descubrir tu pr\u00f3xima banda favorita, o simplemente vibrar con un evento de repercusi\u00f3n mundial.<\/p>\n<p>&nbsp;<\/p>\n<h2><span style=\"color: #ffcc00;\">\u00a0Los Museos Siempre Tienen algo que ofrecer<\/span><\/h2>\n<p>M\u00e1s all\u00e1 de las fiestas, la cultura sigue muy viva. Los <strong><span style=\"color: #ffcc00;\"><a style=\"color: #ffcc00;\" href=\"https:\/\/www.disfrutabizkaia.com\/planes\/museos\/\">museos<\/a> <\/span><\/strong>del territorio son un refugio perfecto para los d\u00edas menos soleados y un plan genial para familias.<\/p>\n<ul>\n<li><b>Para los txikis:<\/b> El <b>Itsasmuseum<\/b>, el Museo del Mar de Santurtzi o el Arkeologi Museoa siempre tienen <b>planes y talleres especiales<\/b> para que los m\u00e1s peque\u00f1os se lo pasen en grande aprendiendo sobre nuestra historia mar\u00edtima y arqueol\u00f3gica.<\/li>\n<li><b>Imprescindibles:<\/b> Por supuesto, el <b>Guggenheim<\/b> y el <b>Museo de Bellas Artes<\/b> siguen renovando sus exposiciones, ofreciendo siempre nuevas perspectivas y artistas de talla mundial. Revisa sus agendas, \u00a1seguro que hay algo que te sorprende!<\/li>\n<\/ul>\n<p>&nbsp;<\/p>\n<p>Octubre es una caja de sorpresas en Bizkaia. No importa si buscas una fiesta de pueblo con sabor a tradici\u00f3n, la adrenalina de una carrera nocturna o una tarde de cultura. Siempre, siempre, hay un plan perfecto para ti.<\/p>\n<p>As\u00ed que, \u00bfqu\u00e9 me dices? \u00bfTe animas a vivir este oto\u00f1o al m\u00e1ximo?<\/p>\n<p>&nbsp;<\/p>\n<p><a href=\"https:\/\/www.disfrutabizkaia.com\/dormir\/\"><img loading=\"lazy\" decoding=\"async\" class=\"aligncenter wp-image-3556 size-full\" src=\"https:\/\/www.disfrutabizkaia.com\/blog\/wp-content\/uploads\/2019\/09\/Banner-alojamiento-disfruta-bizkaia-blog.gif\" alt=\"D\u00f3nde dormir en Bilbao y Bizkaia\" width=\"678\" height=\"181\" \/><\/a><\/p>\n<p>&nbsp;<\/p>\n","protected":false},"excerpt":{"rendered":"<p>Octubre llega cargado de planes para todos los gustos. Aunque los d\u00edas empiezan a ser m\u00e1s cortos, el calendario se llena de fiestas populares, festivales de m\u00fasica, cultura y planes gastron\u00f3micos que invitan a salir a la calle. Desde fiestas&#8230; <a class=\"more-link\" href=\"https:\/\/www.disfrutabizkaia.com\/blog\/octubre-en-bizkaia\/\">Seguir leyendo &rarr;<\/a><\/p>\n","protected":false},"author":2,"featured_media":7351,"comment_status":"open","ping_status":"closed","sticky":false,"template":"","format":"standard","meta":{"_acf_changed":false,"footnotes":""},"categories":[1,47,50,49],"tags":[],"class_list":["post-7309","post","type-post","status-publish","format-standard","has-post-thumbnail","hentry","category-disfruta-bizkaia","category-planes","category-tradiciones","category-turismo"],"acf":[],"_links":{"self":[{"href":"https:\/\/www.disfrutabizkaia.com\/blog\/wp-json\/wp\/v2\/posts\/7309","targetHints":{"allow":["GET"]}}],"collection":[{"href":"https:\/\/www.disfrutabizkaia.com\/blog\/wp-json\/wp\/v2\/posts"}],"about":[{"href":"https:\/\/www.disfrutabizkaia.com\/blog\/wp-json\/wp\/v2\/types\/post"}],"author":[{"embeddable":true,"href":"https:\/\/www.disfrutabizkaia.com\/blog\/wp-json\/wp\/v2\/users\/2"}],"replies":[{"embeddable":true,"href":"https:\/\/www.disfrutabizkaia.com\/blog\/wp-json\/wp\/v2\/comments?post=7309"}],"version-history":[{"count":12,"href":"https:\/\/www.disfrutabizkaia.com\/blog\/wp-json\/wp\/v2\/posts\/7309\/revisions"}],"predecessor-version":[{"id":7373,"href":"https:\/\/www.disfrutabizkaia.com\/blog\/wp-json\/wp\/v2\/posts\/7309\/revisions\/7373"}],"wp:featuredmedia":[{"embeddable":true,"href":"https:\/\/www.disfrutabizkaia.com\/blog\/wp-json\/wp\/v2\/media\/7351"}],"wp:attachment":[{"href":"https:\/\/www.disfrutabizkaia.com\/blog\/wp-json\/wp\/v2\/media?parent=7309"}],"wp:term":[{"taxonomy":"category","embeddable":true,"href":"https:\/\/www.disfrutabizkaia.com\/blog\/wp-json\/wp\/v2\/categories?post=7309"},{"taxonomy":"post_tag","embeddable":true,"href":"https:\/\/www.disfrutabizkaia.com\/blog\/wp-json\/wp\/v2\/tags?post=7309"}],"curies":[{"name":"wp","href":"https:\/\/api.w.org\/{rel}","templated":true}]}}