{"id":7330,"date":"2025-09-25T14:09:04","date_gmt":"2025-09-25T12:09:04","guid":{"rendered":"https:\/\/www.disfrutabizkaia.com\/blog\/?p=7330"},"modified":"2025-09-25T14:28:56","modified_gmt":"2025-09-25T12:28:56","slug":"25-anos-jornadas-europeas-del-patrimonio-en-bizkaia","status":"publish","type":"post","link":"https:\/\/www.disfrutabizkaia.com\/blog\/25-anos-jornadas-europeas-del-patrimonio-en-bizkaia\/","title":{"rendered":"Jornadas Europeas del Patrimonio en Bizkaia. 25 a\u00f1os"},"content":{"rendered":"<div id=\"model-response-message-contentr_d5917733c57ada96\" class=\"markdown markdown-main-panel enable-updated-hr-color\" dir=\"ltr\">\n<div id=\"model-response-message-contentr_5eae1930945adcc6\" class=\"markdown markdown-main-panel enable-updated-hr-color\" dir=\"ltr\">\n<p><i>\u00a1Atenci\u00f3n, planazo!\u00a0<\/i>Este octubre Bizkaia celebra a lo grande el <strong data-start=\"323\" data-end=\"342\">25\u00ba aniversario<\/strong> de las Jornadas Europeas del Patrimonio. Un cuarto de siglo en el que nuestro territorio se ha consolidado como referente en la conservaci\u00f3n y difusi\u00f3n del patrimonio cultural.<\/p>\n<p data-start=\"523\" data-end=\"868\">La edici\u00f3n de 2025 llega con un lema muy inspirador: <strong data-start=\"576\" data-end=\"625\">\u201cVentanas al pasado, puertas hacia el futuro\u201d<\/strong>. La idea es clara: mirar nuestra arquitectura desde una doble perspectiva, la de los edificios hist\u00f3ricos que siguen marcando identidad y la de las construcciones contempor\u00e1neas de los \u00faltimos cien a\u00f1os, a menudo invisibles en el d\u00eda a d\u00eda.<\/p>\n<p><b>Estre a\u00f1o h<\/b>ay <b>m\u00e1s de 250 actividades gratuitas<\/b> repartidas por <b>76 municipios<\/b> de Bizkaia. Vayas donde vayas, tienes una excusa para salir y descubrir algo nuevo.<\/p>\n<p>Y como novedad especial, <strong data-start=\"1196\" data-end=\"1237\">Cantabria ser\u00e1 el Territorio Invitado<\/strong>. Una oportunidad \u00fanica para estrechar lazos culturales a trav\u00e9s de actividades conjuntas que miran hacia la cornisa cant\u00e1brica.<\/p>\n<p><b>Sigue leyendo<\/b> porque te contamos d\u00f3nde ir y c\u00f3mo apuntarte, \u00a1que las plazas vuelan!<\/p>\n<p><img loading=\"lazy\" decoding=\"async\" class=\"wp-image-7331 aligncenter\" src=\"https:\/\/www.disfrutabizkaia.com\/blog\/wp-content\/uploads\/2025\/09\/jornadas-europeas-patrimonio-2025.jpg\" alt=\"\" width=\"791\" height=\"320\" srcset=\"https:\/\/www.disfrutabizkaia.com\/blog\/wp-content\/uploads\/2025\/09\/jornadas-europeas-patrimonio-2025.jpg 1845w, https:\/\/www.disfrutabizkaia.com\/blog\/wp-content\/uploads\/2025\/09\/jornadas-europeas-patrimonio-2025-300x121.jpg 300w, https:\/\/www.disfrutabizkaia.com\/blog\/wp-content\/uploads\/2025\/09\/jornadas-europeas-patrimonio-2025-1024x415.jpg 1024w, https:\/\/www.disfrutabizkaia.com\/blog\/wp-content\/uploads\/2025\/09\/jornadas-europeas-patrimonio-2025-768x311.jpg 768w, https:\/\/www.disfrutabizkaia.com\/blog\/wp-content\/uploads\/2025\/09\/jornadas-europeas-patrimonio-2025-1536x622.jpg 1536w, https:\/\/www.disfrutabizkaia.com\/blog\/wp-content\/uploads\/2025\/09\/jornadas-europeas-patrimonio-2025-600x243.jpg 600w, https:\/\/www.disfrutabizkaia.com\/blog\/wp-content\/uploads\/2025\/09\/jornadas-europeas-patrimonio-2025-945x383.jpg 945w\" sizes=\"auto, (max-width: 791px) 100vw, 791px\" \/><\/p>\n<h2><span style=\"color: #ffcc00;\">Rutas con historia<\/span><\/h2>\n<p data-start=\"1413\" data-end=\"1506\">Las visitas guiadas son uno de los grandes atractivos de estas jornadas. Ponte calzado c\u00f3modo porque este a\u00f1o te esperan rutas que te har\u00e1n ver Bizkaia con otros ojos.<\/p>\n<p data-start=\"1413\" data-end=\"1506\">Este a\u00f1o destacan:<\/p>\n<ul data-start=\"1508\" data-end=\"3020\">\n<li data-start=\"1508\" data-end=\"1714\">\n<p data-start=\"1510\" data-end=\"1714\"><strong data-start=\"1510\" data-end=\"1573\">Arquitectura contempor\u00e1nea en Amorebieta-Etxano (1868-2020)<\/strong>, una inmersi\u00f3n en m\u00e1s de un siglo de transformaciones urbanas.<br data-start=\"1636\" data-end=\"1639\" \/><em data-start=\"1641\" data-end=\"1712\">S\u00e1bado 4 de octubre, 11:00. Salida desde la Casa de Cultura Zelaieta.<\/em><\/p>\n<\/li>\n<li data-start=\"1716\" data-end=\"1963\">\n<p data-start=\"1718\" data-end=\"1963\"><strong data-start=\"1718\" data-end=\"1768\">Itinerario por la vivienda obrera en Barakaldo<\/strong>, que nos traslada a los barrios donde la industrializaci\u00f3n marc\u00f3 la vida de miles de familias.<br data-start=\"1863\" data-end=\"1866\" \/><em data-start=\"1868\" data-end=\"1961\">Domingo 19 de octubre, 11:00. Punto de encuentro: Alh\u00f3ndiga de Barakaldo, calle Murrieta 6.<\/em><\/p>\n<\/li>\n<li data-start=\"1965\" data-end=\"2167\">\n<p data-start=\"1967\" data-end=\"2167\"><strong data-start=\"1967\" data-end=\"1999\">Visita nocturna en Balmaseda<\/strong>, la villa m\u00e1s antigua de Bizkaia, que revela sus secretos bajo la luz de la luna.<br data-start=\"2081\" data-end=\"2084\" \/><em data-start=\"2086\" data-end=\"2165\">S\u00e1bado 18 de octubre, 20:00. Salida desde la Oficina de Turismo de Balmaseda.<\/em><\/p>\n<\/li>\n<li data-start=\"2169\" data-end=\"2322\">\n<p data-start=\"2171\" data-end=\"2322\"><strong data-start=\"2171\" data-end=\"2202\">El Jai Alai de Gernika-Lumo<\/strong>, una joya arquitect\u00f3nica ligada al deporte vasco.<br data-start=\"2252\" data-end=\"2255\" \/><em data-start=\"2257\" data-end=\"2320\">Jueves 9 y 23 de octubre, 17:00. Front\u00f3n Jai Alai de Gernika.<\/em><\/p>\n<\/li>\n<li data-start=\"2324\" data-end=\"2512\">\n<p data-start=\"2326\" data-end=\"2512\"><strong data-start=\"2326\" data-end=\"2369\">El caser\u00edo del siglo XVI al XIX en Dima<\/strong>, que muestra c\u00f3mo ha evolucionado la vivienda tradicional vasca.<br data-start=\"2434\" data-end=\"2437\" \/><em data-start=\"2439\" data-end=\"2510\">Domingos 5 y 19 de octubre, 11:00. Punto de encuentro: Plaza de Dima.<\/em><\/p>\n<\/li>\n<li data-start=\"2514\" data-end=\"2690\">\n<p data-start=\"2516\" data-end=\"2690\"><strong data-start=\"2516\" data-end=\"2555\">El cintur\u00f3n de hierro en Gamiz-Fika<\/strong>, un recorrido por la arquitectura defensiva de 1937.<br data-start=\"2608\" data-end=\"2611\" \/><em data-start=\"2613\" data-end=\"2688\">Domingo 12 de octubre, 10:00. Salida desde el Ayuntamiento de Gamiz-Fika.<\/em><\/p>\n<\/li>\n<li data-start=\"2692\" data-end=\"2874\">\n<p data-start=\"2694\" data-end=\"2874\"><strong data-start=\"2694\" data-end=\"2732\">La piedra roja de Gautegiz-Arteaga<\/strong>, un viaje a un material que fascin\u00f3 a los romanos.<br data-start=\"2783\" data-end=\"2786\" \/><em data-start=\"2788\" data-end=\"2872\">S\u00e1bado 25 de octubre, 11:00. Punto de encuentro: Ayuntamiento de Gautegiz-Arteaga.<\/em><\/p>\n<\/li>\n<li data-start=\"2876\" data-end=\"3020\">\n<p data-start=\"2878\" data-end=\"3020\"><strong data-start=\"2878\" data-end=\"2903\">Cementerio de Iurreta<\/strong>, donde la arquitectura tambi\u00e9n se convierte en memoria.<br data-start=\"2959\" data-end=\"2962\" \/><em data-start=\"2964\" data-end=\"3018\">Domingo 26 de octubre, 11:00. Cementerio de Iurreta.<\/em><\/p>\n<\/li>\n<\/ul>\n<\/div>\n\n\t\t<style type=\"text\/css\">\n\t\t\t#gallery-1 {\n\t\t\t\tmargin: auto;\n\t\t\t}\n\t\t\t#gallery-1 .gallery-item {\n\t\t\t\tfloat: left;\n\t\t\t\tmargin-top: 10px;\n\t\t\t\ttext-align: center;\n\t\t\t\twidth: 20%;\n\t\t\t}\n\t\t\t#gallery-1 img {\n\t\t\t\tborder: 2px solid #cfcfcf;\n\t\t\t}\n\t\t\t#gallery-1 .gallery-caption {\n\t\t\t\tmargin-left: 0;\n\t\t\t}\n\t\t\t\/* see gallery_shortcode() in wp-includes\/media.php *\/\n\t\t<\/style>\n\t\t<div id='gallery-1' class='gallery galleryid-7330 gallery-columns-5 gallery-size-thumbnail'><dl class='gallery-item'>\n\t\t\t<dt class='gallery-icon landscape'>\n\t\t\t\t<a href='https:\/\/www.disfrutabizkaia.com\/blog\/25-anos-jornadas-europeas-del-patrimonio-en-bizkaia\/white-and-green-grainy-photo-summer-plans-instagram-post\/'><img loading=\"lazy\" decoding=\"async\" width=\"372\" height=\"248\" src=\"https:\/\/www.disfrutabizkaia.com\/blog\/wp-content\/uploads\/2025\/09\/White-and-Green-Grainy-Photo-Summer-Plans-Instagram-Post-372x248.jpg\" class=\"attachment-thumbnail size-thumbnail\" alt=\"\" \/><\/a>\n\t\t\t<\/dt><\/dl><dl class='gallery-item'>\n\t\t\t<dt class='gallery-icon landscape'>\n\t\t\t\t<a href='https:\/\/www.disfrutabizkaia.com\/blog\/25-anos-jornadas-europeas-del-patrimonio-en-bizkaia\/white-and-green-grainy-photo-summer-plans-instagram-post-1\/'><img loading=\"lazy\" decoding=\"async\" width=\"372\" height=\"248\" src=\"https:\/\/www.disfrutabizkaia.com\/blog\/wp-content\/uploads\/2025\/09\/White-and-Green-Grainy-Photo-Summer-Plans-Instagram-Post-1-372x248.jpg\" class=\"attachment-thumbnail size-thumbnail\" alt=\"\" \/><\/a>\n\t\t\t<\/dt><\/dl><dl class='gallery-item'>\n\t\t\t<dt class='gallery-icon landscape'>\n\t\t\t\t<a href='https:\/\/www.disfrutabizkaia.com\/blog\/25-anos-jornadas-europeas-del-patrimonio-en-bizkaia\/white-and-green-grainy-photo-summer-plans-instagram-post-2\/'><img loading=\"lazy\" decoding=\"async\" width=\"372\" height=\"248\" src=\"https:\/\/www.disfrutabizkaia.com\/blog\/wp-content\/uploads\/2025\/09\/White-and-Green-Grainy-Photo-Summer-Plans-Instagram-Post-2-372x248.jpg\" class=\"attachment-thumbnail size-thumbnail\" alt=\"\" \/><\/a>\n\t\t\t<\/dt><\/dl><dl class='gallery-item'>\n\t\t\t<dt class='gallery-icon landscape'>\n\t\t\t\t<a href='https:\/\/www.disfrutabizkaia.com\/blog\/25-anos-jornadas-europeas-del-patrimonio-en-bizkaia\/white-and-green-grainy-photo-summer-plans-instagram-post-3\/'><img loading=\"lazy\" decoding=\"async\" width=\"372\" height=\"248\" src=\"https:\/\/www.disfrutabizkaia.com\/blog\/wp-content\/uploads\/2025\/09\/White-and-Green-Grainy-Photo-Summer-Plans-Instagram-Post-3-372x248.jpg\" class=\"attachment-thumbnail size-thumbnail\" alt=\"\" \/><\/a>\n\t\t\t<\/dt><\/dl><dl class='gallery-item'>\n\t\t\t<dt class='gallery-icon landscape'>\n\t\t\t\t<a href='https:\/\/www.disfrutabizkaia.com\/blog\/25-anos-jornadas-europeas-del-patrimonio-en-bizkaia\/white-and-green-grainy-photo-summer-plans-instagram-post-4\/'><img loading=\"lazy\" decoding=\"async\" width=\"372\" height=\"248\" src=\"https:\/\/www.disfrutabizkaia.com\/blog\/wp-content\/uploads\/2025\/09\/White-and-Green-Grainy-Photo-Summer-Plans-Instagram-Post-4-372x248.jpg\" class=\"attachment-thumbnail size-thumbnail\" alt=\"\" \/><\/a>\n\t\t\t<\/dt><\/dl><br style=\"clear: both\" \/>\n\t\t<\/div>\n\n<div id=\"model-response-message-contentr_5eae1930945adcc6\" class=\"markdown markdown-main-panel enable-updated-hr-color\" dir=\"ltr\">\n<h2 data-start=\"3027\" data-end=\"3062\"><span style=\"color: #ffcc00;\">Talleres para todas las edades<\/span><\/h2>\n<p data-start=\"3064\" data-end=\"3197\">Las jornadas no se limitan a mirar edificios, tambi\u00e9n invitan a <strong data-start=\"3128\" data-end=\"3159\">crear, tocar y experimentar<\/strong>. Entre los talleres m\u00e1s llamativos:<\/p>\n<ul data-start=\"3199\" data-end=\"4483\">\n<li data-start=\"3199\" data-end=\"3366\">\n<p data-start=\"3201\" data-end=\"3366\"><strong data-start=\"3201\" data-end=\"3226\">Impresi\u00f3n 3D en Getxo<\/strong>, donde se aprender\u00e1 a replicar a escala patrimonio arquitect\u00f3nico.<br data-start=\"3293\" data-end=\"3296\" \/><em data-start=\"3298\" data-end=\"3364\">S\u00e1bado 4 de octubre, 10:00\u201313:00. Aula de Cultura de Villamonte.<\/em><\/p>\n<\/li>\n<li data-start=\"3368\" data-end=\"3543\">\n<p data-start=\"3370\" data-end=\"3543\"><strong data-start=\"3370\" data-end=\"3404\">Carpinter\u00eda en Abanto-Zierbena<\/strong>, explorando el papel de la madera en la arquitectura tradicional.<br data-start=\"3470\" data-end=\"3473\" \/><em data-start=\"3475\" data-end=\"3541\">Mi\u00e9rcoles 8 y 22 de octubre, 18:00. Casa de Cultura de Gallarta.<\/em><\/p>\n<\/li>\n<li data-start=\"3545\" data-end=\"3692\">\n<p data-start=\"3547\" data-end=\"3692\"><strong data-start=\"3547\" data-end=\"3590\">Creaci\u00f3n de tejas infantiles en Elorrio<\/strong>, un taller pensado para los m\u00e1s txikis.<br data-start=\"3630\" data-end=\"3633\" \/><em data-start=\"3635\" data-end=\"3690\">Domingo 12 de octubre, 12:00. Plaza Mayor de Elorrio.<\/em><\/p>\n<\/li>\n<li data-start=\"3694\" data-end=\"3870\">\n<p data-start=\"3696\" data-end=\"3870\"><strong data-start=\"3696\" data-end=\"3738\">Maquetas de arquitectura en Trapagaran<\/strong>, para entender c\u00f3mo se construyen los espacios que habitamos.<br data-start=\"3800\" data-end=\"3803\" \/><em data-start=\"3805\" data-end=\"3868\">S\u00e1bado 11 de octubre, 11:30. Escuela de M\u00fasica de Trapagaran.<\/em><\/p>\n<\/li>\n<li data-start=\"3872\" data-end=\"4004\">\n<p data-start=\"3874\" data-end=\"4004\"><strong data-start=\"3874\" data-end=\"3910\">Taller de vidrieras en Balmaseda<\/strong>, con visita guiada incluida.<br data-start=\"3939\" data-end=\"3942\" \/><em data-start=\"3944\" data-end=\"4002\">S\u00e1bado 18 de octubre, 11:00. Museo de Las Encartaciones.<\/em><\/p>\n<\/li>\n<li data-start=\"4006\" data-end=\"4127\">\n<p data-start=\"4008\" data-end=\"4127\"><strong data-start=\"4008\" data-end=\"4036\">Juego de bolos en Berriz<\/strong>, recuperando tradiciones locales.<br data-start=\"4070\" data-end=\"4073\" \/><em data-start=\"4075\" data-end=\"4125\">Domingo 19 de octubre, 11:30. Front\u00f3n de Berriz.<\/em><\/p>\n<\/li>\n<li data-start=\"4129\" data-end=\"4292\">\n<p data-start=\"4131\" data-end=\"4292\"><strong data-start=\"4131\" data-end=\"4179\">Taller familiar en Euskararen Etxea (Bilbao)<\/strong>, que conecta arquitectura y comunidad a trav\u00e9s del juego.<br data-start=\"4237\" data-end=\"4240\" \/><em data-start=\"4242\" data-end=\"4290\">Domingo 5 de octubre, 12:00. Euskararen Etxea.<\/em><\/p>\n<\/li>\n<li data-start=\"4294\" data-end=\"4483\">\n<p data-start=\"4296\" data-end=\"4483\"><strong data-start=\"4296\" data-end=\"4341\">Puentes de la r\u00eda en Itsasmuseum (Bilbao)<\/strong>, con actividades pr\u00e1cticas para que ni\u00f1as y ni\u00f1os construyan su propio puente.<br data-start=\"4420\" data-end=\"4423\" \/><em data-start=\"4425\" data-end=\"4481\">S\u00e1bados 11 y 25 de octubre, 17:00. Itsasmuseum Bilbao.<\/em><\/p>\n<\/li>\n<\/ul>\n<h2 data-start=\"4490\" data-end=\"4517\"><span style=\"color: #ffcc00;\">Conferencias y charlas<\/span><\/h2>\n<p data-start=\"4519\" data-end=\"4587\">El programa tambi\u00e9n reserva espacio para la reflexi\u00f3n y el debate:<\/p>\n<ul data-start=\"4589\" data-end=\"5217\">\n<li data-start=\"4589\" data-end=\"4744\">\n<p data-start=\"4591\" data-end=\"4744\">En <strong data-start=\"4594\" data-end=\"4609\">Portugalete<\/strong>, conferencia sobre el nuevo patrimonio arquitect\u00f3nico y cultural.<br data-start=\"4675\" data-end=\"4678\" \/><em data-start=\"4680\" data-end=\"4742\">Mi\u00e9rcoles 15 de octubre, 19:00. Centro Cultural Santa Clara.<\/em><\/p>\n<\/li>\n<li data-start=\"4746\" data-end=\"4925\">\n<p data-start=\"4748\" data-end=\"4925\">En <strong data-start=\"4751\" data-end=\"4761\">Muskiz<\/strong>, charlas sobre las torres entre Butr\u00f3n y Mu\u00f1atones y la arquitectura del trabajo del hierro.<br data-start=\"4854\" data-end=\"4857\" \/><em data-start=\"4859\" data-end=\"4923\">Viernes 10 de octubre, 19:00. Sala M de Muskizko Kultur Etxea.<\/em><\/p>\n<\/li>\n<li data-start=\"4927\" data-end=\"5056\">\n<p data-start=\"4929\" data-end=\"5056\">En la <strong data-start=\"4935\" data-end=\"4975\">Biblioteca Foral de Bizkaia (Bilbao)<\/strong>, el ciclo \u201cReconstruyendo cl\u00e1sicos\u201d.<br data-start=\"5012\" data-end=\"5015\" \/><em data-start=\"5017\" data-end=\"5054\">9, 23 y 30 de octubre, a las 18:30.<\/em><\/p>\n<\/li>\n<li data-start=\"5058\" data-end=\"5217\">\n<p data-start=\"5060\" data-end=\"5217\">En <strong data-start=\"5063\" data-end=\"5090\">Euskaltzaindia (Bilbao)<\/strong>, conferencias bajo el t\u00edtulo <em data-start=\"5120\" data-end=\"5174\">\u201cNuestros rincones: caser\u00edos y los que no son casas\u201d<\/em>.<br data-start=\"5175\" data-end=\"5178\" \/><em data-start=\"5180\" data-end=\"5215\">Fechas: 8 y 22 de octubre, 18:00.<\/em><\/p>\n<\/li>\n<\/ul>\n<h2 data-start=\"5224\" data-end=\"5256\"><span style=\"color: #ffcc00;\">Espect\u00e1culos y cultura<\/span><\/h2>\n<p data-start=\"5258\" data-end=\"5383\">Adem\u00e1s de recorridos y charlas, estas jornadas tambi\u00e9n apuestan por la cultura como herramienta para acercar el patrimonio:<\/p>\n<ul data-start=\"5385\" data-end=\"6006\">\n<li data-start=\"5385\" data-end=\"5527\">\n<p data-start=\"5387\" data-end=\"5527\">En <strong data-start=\"5390\" data-end=\"5401\">Erandio<\/strong>, el espect\u00e1culo \u201cErandio\u201d mezcla m\u00fasica, danza y teatralizaci\u00f3n.<br data-start=\"5466\" data-end=\"5469\" \/><em data-start=\"5471\" data-end=\"5525\">S\u00e1bado 18 de octubre, 19:00. Plaza del Ayuntamiento.<\/em><\/p>\n<\/li>\n<li data-start=\"5529\" data-end=\"5672\">\n<p data-start=\"5531\" data-end=\"5672\">En <strong data-start=\"5534\" data-end=\"5546\">Zaldibar<\/strong>, la historia se acompa\u00f1a de m\u00fasica en una charla musicada.<br data-start=\"5605\" data-end=\"5608\" \/><em data-start=\"5610\" data-end=\"5670\">Viernes 24 de octubre, 19:30. Casa de Cultura de Zaldibar.<\/em><\/p>\n<\/li>\n<li data-start=\"5674\" data-end=\"5869\">\n<p data-start=\"5676\" data-end=\"5869\">En <strong data-start=\"5679\" data-end=\"5698\">Ugao-Miraballes<\/strong>, una visita teatralizada nos convierte en aprendices de un maestro de obras del siglo XVIII.<br data-start=\"5791\" data-end=\"5794\" \/><em data-start=\"5796\" data-end=\"5867\">Domingo 26 de octubre, 11:30 y 13:00. Plaza del Ayuntamiento de Ugao.<\/em><\/p>\n<\/li>\n<li data-start=\"5871\" data-end=\"6006\">\n<p data-start=\"5873\" data-end=\"6006\">En <strong data-start=\"5876\" data-end=\"5885\">Getxo<\/strong>, lecturas musicales y un programa de radio en directo desde Punta Bego\u00f1a.<br data-start=\"5959\" data-end=\"5962\" \/><em data-start=\"5964\" data-end=\"6004\">S\u00e1bado 11 de octubre, desde las 12:00.<\/em><\/p>\n<\/li>\n<\/ul>\n<\/div>\n<\/div>\n<div dir=\"ltr\"><\/div>\n<div class=\"markdown markdown-main-panel enable-updated-hr-color\" dir=\"ltr\"><strong>&#x2139; \u00bfC\u00f3mo reservar?<\/strong><br \/>\nCon un programa tan completo las plazas vuelan. Recuerda que <b>todas las actividades son gratuitas<\/b>, pero <b>las plazas son limitadas<\/b>.No te quedes sin tu hueco. Consulta toda la informaci\u00f3n y gestiona tus reservas a trav\u00e9s de la web oficial de las Jornadas:<\/p>\n<ul>\n<li><b>PROGRAMA COMPLETO Y RESERVAS:<\/b> <a class=\"ng-star-inserted\" target=\"_blank\" rel=\"noopener\">www.ondareabizkaia.eus<\/a><\/li>\n<\/ul>\n<p>&nbsp;<\/p>\n<p>\u00a1An\u00edmate a celebrar el 25\u00ba Aniversario de las JEP en Bizkaia! Es una oportunidad \u00fanica para vivir la arquitectura, el arte y la historia que nos rodea.<\/p>\n<\/div>\n<p>&nbsp;<\/p>\n<div class=\"markdown markdown-main-panel enable-updated-hr-color\" dir=\"ltr\">\n<p><a href=\"https:\/\/www.disfrutabizkaia.com\/comer-beber\/restaurantes\/\"><img loading=\"lazy\" decoding=\"async\" class=\"aligncenter wp-image-6863 size-full\" src=\"https:\/\/www.disfrutabizkaia.com\/blog\/wp-content\/uploads\/2022\/04\/banner-restaurantes-bizkaia-blog-disfrutabizkaia.gif\" alt=\"\" width=\"678\" height=\"180\" \/><\/a><\/p>\n<\/div>\n","protected":false},"excerpt":{"rendered":"<p>\u00a1Atenci\u00f3n, planazo!\u00a0Este octubre Bizkaia celebra a lo grande el 25\u00ba aniversario de las Jornadas Europeas del Patrimonio. Un cuarto de siglo en el que nuestro territorio se ha consolidado como referente en la conservaci\u00f3n y difusi\u00f3n del patrimonio cultural. La&#8230; <a class=\"more-link\" href=\"https:\/\/www.disfrutabizkaia.com\/blog\/25-anos-jornadas-europeas-del-patrimonio-en-bizkaia\/\">Seguir leyendo &rarr;<\/a><\/p>\n","protected":false},"author":2,"featured_media":7349,"comment_status":"open","ping_status":"closed","sticky":false,"template":"","format":"standard","meta":{"_acf_changed":false,"footnotes":""},"categories":[1],"tags":[],"class_list":["post-7330","post","type-post","status-publish","format-standard","has-post-thumbnail","hentry","category-disfruta-bizkaia"],"acf":[],"_links":{"self":[{"href":"https:\/\/www.disfrutabizkaia.com\/blog\/wp-json\/wp\/v2\/posts\/7330","targetHints":{"allow":["GET"]}}],"collection":[{"href":"https:\/\/www.disfrutabizkaia.com\/blog\/wp-json\/wp\/v2\/posts"}],"about":[{"href":"https:\/\/www.disfrutabizkaia.com\/blog\/wp-json\/wp\/v2\/types\/post"}],"author":[{"embeddable":true,"href":"https:\/\/www.disfrutabizkaia.com\/blog\/wp-json\/wp\/v2\/users\/2"}],"replies":[{"embeddable":true,"href":"https:\/\/www.disfrutabizkaia.com\/blog\/wp-json\/wp\/v2\/comments?post=7330"}],"version-history":[{"count":2,"href":"https:\/\/www.disfrutabizkaia.com\/blog\/wp-json\/wp\/v2\/posts\/7330\/revisions"}],"predecessor-version":[{"id":7344,"href":"https:\/\/www.disfrutabizkaia.com\/blog\/wp-json\/wp\/v2\/posts\/7330\/revisions\/7344"}],"wp:featuredmedia":[{"embeddable":true,"href":"https:\/\/www.disfrutabizkaia.com\/blog\/wp-json\/wp\/v2\/media\/7349"}],"wp:attachment":[{"href":"https:\/\/www.disfrutabizkaia.com\/blog\/wp-json\/wp\/v2\/media?parent=7330"}],"wp:term":[{"taxonomy":"category","embeddable":true,"href":"https:\/\/www.disfrutabizkaia.com\/blog\/wp-json\/wp\/v2\/categories?post=7330"},{"taxonomy":"post_tag","embeddable":true,"href":"https:\/\/www.disfrutabizkaia.com\/blog\/wp-json\/wp\/v2\/tags?post=7330"}],"curies":[{"name":"wp","href":"https:\/\/api.w.org\/{rel}","templated":true}]}}