{"id":7400,"date":"2025-10-21T08:38:27","date_gmt":"2025-10-21T06:38:27","guid":{"rendered":"https:\/\/www.disfrutabizkaia.com\/blog\/?p=7400"},"modified":"2025-10-21T08:45:19","modified_gmt":"2025-10-21T06:45:19","slug":"bime-2025","status":"publish","type":"post","link":"https:\/\/www.disfrutabizkaia.com\/blog\/bime-2025\/","title":{"rendered":"BIME 2025: La Cita que Enciende el Oto\u00f1o en Bizkaia"},"content":{"rendered":"<p>Los festivales de m\u00fasica no tienen por qu\u00e9 ser solo cosa del verano. De hecho, en <b>Bizkaia<\/b> tenemos un planazo que te va a hacer vibrar justo cuando empiezan a caer las hojas. Hablamos del <b>BIME (Bizkaia International Music Experience)<\/b>, ese encuentro que, cada octubre, <b>convierte a Bilbao en el aut\u00e9ntico epicentro musical del sur de Europa<\/b>. \u00a1Es algo muy gordo!<\/p>\n<p>Durante cuatro d\u00edas intensos, este evento logra una mezcla incre\u00edble: combina la seriedad de la <b>industria profesional<\/b> con la descarga brutal de la <b>m\u00fasica en directo<\/b> m\u00e1s actual. \u00bfBuscas a tu pr\u00f3xima banda favorita? \u00bfNecesitas conectar con gente clave de la m\u00fasica mundial? \u00bfO solo quieres un fiest\u00f3n inolvidable? Este es tu sitio.<\/p>\n<h3><img loading=\"lazy\" decoding=\"async\" class=\"aligncenter wp-image-7406 \" src=\"https:\/\/www.disfrutabizkaia.com\/blog\/wp-content\/uploads\/2025\/10\/BIME-Bilbao_musica_festival_Bizkaia_Disfruta-Bizkaia.png\" alt=\"\" width=\"724\" height=\"407\" srcset=\"https:\/\/www.disfrutabizkaia.com\/blog\/wp-content\/uploads\/2025\/10\/BIME-Bilbao_musica_festival_Bizkaia_Disfruta-Bizkaia.png 1024w, https:\/\/www.disfrutabizkaia.com\/blog\/wp-content\/uploads\/2025\/10\/BIME-Bilbao_musica_festival_Bizkaia_Disfruta-Bizkaia-300x169.png 300w, https:\/\/www.disfrutabizkaia.com\/blog\/wp-content\/uploads\/2025\/10\/BIME-Bilbao_musica_festival_Bizkaia_Disfruta-Bizkaia-768x432.png 768w, https:\/\/www.disfrutabizkaia.com\/blog\/wp-content\/uploads\/2025\/10\/BIME-Bilbao_musica_festival_Bizkaia_Disfruta-Bizkaia-600x338.png 600w, https:\/\/www.disfrutabizkaia.com\/blog\/wp-content\/uploads\/2025\/10\/BIME-Bilbao_musica_festival_Bizkaia_Disfruta-Bizkaia-945x532.png 945w\" sizes=\"auto, (max-width: 724px) 100vw, 724px\" \/><span style=\"color: #ffcc00;\">\u00bfQu\u00e9 es BIME? M\u00e1s que un Festival de Conciertos<\/span><\/h3>\n<p>Probablemente, muchos conocer\u00e9is BIME por su cartel de conciertos. Pero \u00bfsab\u00edais que tambi\u00e9n es un <b>encuentro profesional<\/b> donde el sector de la m\u00fasica en directo, las discogr\u00e1ficas y los festivales intercambian experiencias con otros \u00e1mbitos como las nuevas tecnolog\u00edas, los videojuegos o la fotograf\u00eda?<\/p>\n<p>BIME se divide en dos grandes \u00e1reas:<\/p>\n<ul>\n<li><b>BIME Pro:<\/b> El punto de encuentro profesional.<\/li>\n<li><b>BIME Live:<\/b> Un evento de <i>showcases<\/i> y conciertos para el p\u00fablico festivalero.<\/li>\n<\/ul>\n<h3>\u00bfCu\u00e1ndo y D\u00f3nde se Celebra BIME?<\/h3>\n<p>Prepara la agenda, porque el BIME se apodera de Bilbao <b>del 28 al 31 de octubre de 2025<\/b>. \u00a1Ser\u00e1 una edici\u00f3n que se recordar\u00e1!<\/p>\n<ul>\n<li><b>BIME Pro (La <i>Officina<\/i>):<\/b> <b>Del 28 al 30 de octubre<\/b>, en el ic\u00f3nico <b>Euskalduna Bilbao<\/b>. Habr\u00e1 conferencias, <i>networking<\/i> y debates que te volar\u00e1n la cabeza.<\/li>\n<li><b>BIME Live (La Fiesta Contin\u00faa):<\/b> <b>Del 28 al 31 de octubre<\/b>, repartido por todo Bilbao. Los escenarios y las salas de la ciudad son el coraz\u00f3n de la m\u00fasica en vivo.<\/li>\n<\/ul>\n<p>&nbsp;<\/p>\n<h3><span style=\"color: #ffcc00;\">Bilbao se Transforma en un Circuito Musical con Conciertos (\u00a1y casi toda es <i>gratis<\/i>!)<\/span><\/h3>\n<p><b><img loading=\"lazy\" decoding=\"async\" class=\"alignleft wp-image-7408 \" src=\"https:\/\/www.disfrutabizkaia.com\/blog\/wp-content\/uploads\/2025\/10\/BIME-Bilbao_festival_musica_bizkaia_disfruta-bizkaia.png\" alt=\"\" width=\"209\" height=\"278\" srcset=\"https:\/\/www.disfrutabizkaia.com\/blog\/wp-content\/uploads\/2025\/10\/BIME-Bilbao_festival_musica_bizkaia_disfruta-bizkaia.png 750w, https:\/\/www.disfrutabizkaia.com\/blog\/wp-content\/uploads\/2025\/10\/BIME-Bilbao_festival_musica_bizkaia_disfruta-bizkaia-225x300.png 225w, https:\/\/www.disfrutabizkaia.com\/blog\/wp-content\/uploads\/2025\/10\/BIME-Bilbao_festival_musica_bizkaia_disfruta-bizkaia-600x800.png 600w\" sizes=\"auto, (max-width: 209px) 100vw, 209px\" \/>BIME Live<\/b> es la plataforma ideal para <b>cazar talentos<\/b> antes de que se hagan gigantes. Imag\u00ednate: <b>del 28 al 30 de octubre<\/b>, salas m\u00edticas de Bilbao como Kafe Antzokia, Crystal, Bilborock o La Ribera, acoger\u00e1n <b>m\u00e1s de setenta <i>showcases<\/i><\/b>. Estos son conciertos cortos, intensos, donde el artista va a fuego a mostrarte lo mejor de su repertorio.<\/p>\n<p>Te animamos a consultar la programaci\u00f3n de <a title=\"www.elcorreo.com\" href=\"https:\/\/bime.org\/\" target=\"_blank\" rel=\"noopener\" data-voc-vtm-id=\"in-text-traffic\" data-mrf-link=\"https:\/\/www.elcorreo.com\/temas\/generales\/bime.html\">Bime Live Festival<\/a>\u00a0\u00a0y disfrutar de los conciertos y actividades en diferentes espacios del mapaY aqu\u00ed viene lo bueno: <b>la entrada es libre hasta completar aforo<\/b> (aunque los profesionales acreditados tienen preferencia, claro). \u00a1Puedes darte un paseo musical por el mundo entero sin salir de Bilbao!<\/p>\n<p>Adem\u00e1s, el BIME siempre se despide por todo lo alto. El <b>viernes 31 de octubre<\/b> habr\u00e1 un <b>cierre espectacular y abierto a todos<\/b> en el <b>Paseo de Uribitarte<\/b>, justo al lado del Ayuntamiento. Prep\u00e1rate para bailar con gente como <b>Villano Antillano (PR)<\/b>, <b>Delaporte (ES)<\/b> o <b>Flaca (ES\/AR)<\/b>. \u00a1El ambiente ser\u00e1 increible!!<\/p>\n<p>Este festival de ciudad apuesta por la <b>democratizaci\u00f3n de la m\u00fasica<\/b>, fortaleciendo el trabajo de las salas bilba\u00ednas y ofreciendo experiencias accesibles, \u00a1incluso con medidas de accesibilidad como interpretaci\u00f3n en lengua de signos y chalecos vibratorios!<\/p>\n<h3><span style=\"color: #ffcc00;\">BIME Pro: El Futuro de la M\u00fasica a Debate<\/span><\/h3>\n<p>Mientras tanto, la agenda profesional de <b>BIME Pro<\/b> reunir\u00e1 a m\u00e1s de 4.500 mentes brillantes en <b>Euskalduna Bilbao<\/b>. Van a debatir sobre las tendencias, las oportunidades y los retos de una industria que no para de cambiar.<\/p>\n<p><b>\u00a1Y Ojo a Estas Citas Abiertas a Todos!<\/b><\/p>\n<p>Afortunadamente, BIME Pro tambi\u00e9n tiene detallazos con el p\u00fablico en general. El <b>29 de octubre<\/b> tienes dos oportunidades \u00fanicas en Euskalduna Bilbao (recuerda inscribirte previamente, \u00a1que el aforo vuela!):<\/p>\n<ol start=\"1\">\n<li>Un encuentro \u00edntimo con <b>Fito Cabrales<\/b>. El m\u00fasico bilba\u00edno compartir\u00e1 an\u00e9cdotas y reflexiones sobre su alucinante trayectoria. <b>\u00a1Casi nada!<\/b><\/li>\n<li>La <i>premiere<\/i> en Espa\u00f1a del documental <b>OMARA: Cuba\u2019s Legendary Diva<\/b>, un homenaje a la gran Omara Portuondo, que terminar\u00e1 con una charla con el director y, <i>online<\/i>, \u00a1con la propia Omara!<\/li>\n<\/ol>\n<h3><span style=\"color: #ffcc00;\">\u00bfCu\u00e1nto Cuesta Asistir?<\/span><\/h3>\n<p>Si eres un profesional o estudiante y quieres sumergirte en el sector:<\/p>\n<table>\n<thead>\n<tr>\n<td><strong>Tipo de Entrada<\/strong><\/td>\n<td><strong>Precio Aproximado<\/strong><\/td>\n<\/tr>\n<\/thead>\n<tbody>\n<tr>\n<td><b>BIME Pro<\/b><\/td>\n<td>179\u20ac + gastos de gesti\u00f3n<\/td>\n<\/tr>\n<tr>\n<td><b>BIME Campus<\/b><\/td>\n<td>66\u20ac + gastos de gesti\u00f3n (Exclusiva para estudiantes y menores de 28 a\u00f1os)<\/td>\n<\/tr>\n<tr>\n<td><b>BIME Online<\/b><\/td>\n<td>19\u20ac + gastos de gesti\u00f3n<\/td>\n<\/tr>\n<\/tbody>\n<\/table>\n<blockquote><p><b>Nota:<\/b> \u00a1Recuerda que los conciertos y <i>showcases<\/i> de <b>BIME Live<\/b> en las salas y el gran cierre al aire libre del 31 de octubre son de <b>acceso gratuito<\/b> hasta completar aforo!<\/p><\/blockquote>\n<p>Como ves, tenemos cuatro d\u00edas por delante cargados de m\u00fasica y planes incre\u00edbles. Ya sea en una sala peque\u00f1a, en el Euskalduna, o bailando bajo el cielo de <strong>Bilbao<\/strong>, la m\u00fasica es la gran protagonista. \u00a1Una cita obligatoria de ocio para este oto\u00f1o en <b>Bizkaia<\/b>!<\/p>\n<p>&nbsp;<\/p>\n<p><a href=\"https:\/\/www.disfrutabizkaia.com\/que-hacer\/ruta-de-pintxos-por-bizkaia\/\"><img loading=\"lazy\" decoding=\"async\" class=\"aligncenter wp-image-3834 size-full\" src=\"https:\/\/www.disfrutabizkaia.com\/blog\/wp-content\/uploads\/2018\/09\/banner-pintxos-pinchos-disfruta-bizkaia.png\" alt=\"Pintxos en Bilbao Bizkaia\" width=\"678\" height=\"181\" srcset=\"https:\/\/www.disfrutabizkaia.com\/blog\/wp-content\/uploads\/2018\/09\/banner-pintxos-pinchos-disfruta-bizkaia.png 678w, https:\/\/www.disfrutabizkaia.com\/blog\/wp-content\/uploads\/2018\/09\/banner-pintxos-pinchos-disfruta-bizkaia-300x80.png 300w, https:\/\/www.disfrutabizkaia.com\/blog\/wp-content\/uploads\/2018\/09\/banner-pintxos-pinchos-disfruta-bizkaia-600x160.png 600w\" sizes=\"auto, (max-width: 678px) 100vw, 678px\" \/><div class=\"crp-list-container\"><h3 class=\"crp-list-title\">Related Posts<\/h3><ul class=\"crp-list\"><li class=\"crp-list-item crp-list-item-image-left crp-list-item-has-image\"><div class=\"crp-list-item-image\"><a href=\"https:\/\/www.disfrutabizkaia.com\/blog\/octubre-en-bizkaia\/\" target=\"_blank\"><img loading=\"lazy\" decoding=\"async\" data-pin-nopin=\"true\" style=\"max-width: 100px; height: auto;\" width=\"100\" height=\"67\" src=\"https:\/\/www.disfrutabizkaia.com\/blog\/wp-content\/uploads\/2025\/09\/NUEVO-destacado-BLOG-Disfruta-560x315-77-372x248.jpg\" class=\"attachment-100x100 size-100x100\" alt=\"\" \/><\/a><\/div><div class=\"crp-list-item-title\"><a href=\"https:\/\/www.disfrutabizkaia.com\/blog\/octubre-en-bizkaia\/\" target=\"_blank\">Octubre en Bizkaia<\/a><\/div><\/li><li class=\"crp-list-item crp-list-item-image-left crp-list-item-has-image\"><div class=\"crp-list-item-image\"><a href=\"https:\/\/www.disfrutabizkaia.com\/blog\/planes-para-despedir-octubre\/\" target=\"_blank\"><img loading=\"lazy\" decoding=\"async\" data-pin-nopin=\"true\" style=\"max-width: 100px; height: auto;\" width=\"100\" height=\"67\" src=\"https:\/\/www.disfrutabizkaia.com\/blog\/wp-content\/uploads\/2025\/10\/NUEVO-destacado-BLOG-Disfruta-560x315-81-372x248.jpg\" class=\"attachment-100x100 size-100x100\" alt=\"\" \/><\/a><\/div><div class=\"crp-list-item-title\"><a href=\"https:\/\/www.disfrutabizkaia.com\/blog\/planes-para-despedir-octubre\/\" target=\"_blank\">Planazos para despedir octubre en Bizkaia &#x1f342;<\/a><\/div><\/li><\/ul><\/div><\/a><\/p>\n","protected":false},"excerpt":{"rendered":"<p>Los festivales de m\u00fasica no tienen por qu\u00e9 ser solo cosa del verano. De hecho, en Bizkaia tenemos un planazo que te va a hacer vibrar justo cuando empiezan a caer las hojas. Hablamos del BIME (Bizkaia International Music Experience),&#8230; <a class=\"more-link\" href=\"https:\/\/www.disfrutabizkaia.com\/blog\/bime-2025\/\">Seguir leyendo &rarr;<\/a><\/p>\n","protected":false},"author":2,"featured_media":7414,"comment_status":"open","ping_status":"closed","sticky":false,"template":"","format":"standard","meta":{"_acf_changed":false,"footnotes":""},"categories":[1,47],"tags":[],"class_list":["post-7400","post","type-post","status-publish","format-standard","has-post-thumbnail","hentry","category-disfruta-bizkaia","category-planes"],"acf":[],"_links":{"self":[{"href":"https:\/\/www.disfrutabizkaia.com\/blog\/wp-json\/wp\/v2\/posts\/7400","targetHints":{"allow":["GET"]}}],"collection":[{"href":"https:\/\/www.disfrutabizkaia.com\/blog\/wp-json\/wp\/v2\/posts"}],"about":[{"href":"https:\/\/www.disfrutabizkaia.com\/blog\/wp-json\/wp\/v2\/types\/post"}],"author":[{"embeddable":true,"href":"https:\/\/www.disfrutabizkaia.com\/blog\/wp-json\/wp\/v2\/users\/2"}],"replies":[{"embeddable":true,"href":"https:\/\/www.disfrutabizkaia.com\/blog\/wp-json\/wp\/v2\/comments?post=7400"}],"version-history":[{"count":5,"href":"https:\/\/www.disfrutabizkaia.com\/blog\/wp-json\/wp\/v2\/posts\/7400\/revisions"}],"predecessor-version":[{"id":7419,"href":"https:\/\/www.disfrutabizkaia.com\/blog\/wp-json\/wp\/v2\/posts\/7400\/revisions\/7419"}],"wp:featuredmedia":[{"embeddable":true,"href":"https:\/\/www.disfrutabizkaia.com\/blog\/wp-json\/wp\/v2\/media\/7414"}],"wp:attachment":[{"href":"https:\/\/www.disfrutabizkaia.com\/blog\/wp-json\/wp\/v2\/media?parent=7400"}],"wp:term":[{"taxonomy":"category","embeddable":true,"href":"https:\/\/www.disfrutabizkaia.com\/blog\/wp-json\/wp\/v2\/categories?post=7400"},{"taxonomy":"post_tag","embeddable":true,"href":"https:\/\/www.disfrutabizkaia.com\/blog\/wp-json\/wp\/v2\/tags?post=7400"}],"curies":[{"name":"wp","href":"https:\/\/api.w.org\/{rel}","templated":true}]}}