{"id":7403,"date":"2025-10-22T10:28:55","date_gmt":"2025-10-22T08:28:55","guid":{"rendered":"https:\/\/www.disfrutabizkaia.com\/blog\/?p=7403"},"modified":"2025-10-28T09:36:29","modified_gmt":"2025-10-28T08:36:29","slug":"planes-para-despedir-octubre","status":"publish","type":"post","link":"https:\/\/www.disfrutabizkaia.com\/blog\/planes-para-despedir-octubre\/","title":{"rendered":"Planazos para despedir octubre en Bizkaia &#x1f342;"},"content":{"rendered":"<p data-start=\"37\" data-end=\"249\">\u00a1Este tramo del calendario viene cargadito de planes \u00fanicos!<\/p>\n<p data-start=\"37\" data-end=\"249\">Desde ferias medievales o musicales hasta bosques que se ti\u00f1en de color\u2026 y s\u00ed, tambi\u00e9n tortillas que pueden darte premio. El oto\u00f1o en Bizkaia no es para quedarse en casa.<\/p>\n<p data-start=\"37\" data-end=\"249\">Aqu\u00ed tienes lo m\u00e1s interesante para los pr\u00f3ximos d\u00edas:<\/p>\n<h2 data-start=\"256\" data-end=\"325\"><span style=\"color: #ffcc00;\"><strong data-start=\"263\" data-end=\"323\">Lekeitio 700 A\u00f1os + Feria Medieval\u00a0<\/strong><\/span><\/h2>\n<p data-start=\"326\" data-end=\"1124\"><img loading=\"lazy\" decoding=\"async\" class=\"alignright wp-image-7427 \" src=\"https:\/\/www.disfrutabizkaia.com\/blog\/wp-content\/uploads\/2025\/10\/Erdi-Aroko-Azoka-1200x675-1.webp\" alt=\"\" width=\"331\" height=\"186\" srcset=\"https:\/\/www.disfrutabizkaia.com\/blog\/wp-content\/uploads\/2025\/10\/Erdi-Aroko-Azoka-1200x675-1.webp 1200w, https:\/\/www.disfrutabizkaia.com\/blog\/wp-content\/uploads\/2025\/10\/Erdi-Aroko-Azoka-1200x675-1-300x169.webp 300w, https:\/\/www.disfrutabizkaia.com\/blog\/wp-content\/uploads\/2025\/10\/Erdi-Aroko-Azoka-1200x675-1-1024x576.webp 1024w, https:\/\/www.disfrutabizkaia.com\/blog\/wp-content\/uploads\/2025\/10\/Erdi-Aroko-Azoka-1200x675-1-768x432.webp 768w, https:\/\/www.disfrutabizkaia.com\/blog\/wp-content\/uploads\/2025\/10\/Erdi-Aroko-Azoka-1200x675-1-600x338.webp 600w, https:\/\/www.disfrutabizkaia.com\/blog\/wp-content\/uploads\/2025\/10\/Erdi-Aroko-Azoka-1200x675-1-945x532.webp 945w\" sizes=\"auto, (max-width: 331px) 100vw, 331px\" \/>Una villa marinera, una historia que se remonta siglos y una celebraci\u00f3n que mezcla mar, tradici\u00f3n, artesan\u00eda y ambiente medieval. Lekeitio conmemora su 700 aniversario con un aut\u00e9ntico \u201cviaje al pasado\u201d: la plaza y el casco hist\u00f3rico se llenan de puestos de artesan\u00eda, tabernas ambientadas, m\u00fasica en directo, recreaciones hist\u00f3ricas y mucho m\u00e1s.<\/p>\n<p data-start=\"326\" data-end=\"1124\"><strong data-start=\"714\" data-end=\"725\">Cu\u00e1ndo:<\/strong> 31 de octubre, 1 y 2 de noviembre de 2025. Horario aproximado: 11:00 \u2013 23:00.\u00a0<br data-start=\"841\" data-end=\"844\" \/><strong data-start=\"844\" data-end=\"854\">D\u00f3nde:<\/strong> Plaza de Lekeitio y otras zonas del casco hist\u00f3rico.<br data-start=\"907\" data-end=\"910\" \/><strong data-start=\"910\" data-end=\"925\">Por qu\u00e9 ir:<\/strong> Es una oportunidad perfecta para sumergirte en la historia, en un entorno costero precioso, y vivir una experiencia festiva con sabor vasco. Adem\u00e1s, ideal para familias, paseos y fotos memorables.<\/p>\n<h2 data-start=\"1411\" data-end=\"1506\"><span style=\"color: #ffcc00;\"><strong data-start=\"1418\" data-end=\"1506\">Bizkaiko\u202fTortilla\u202fKopa \u2013 \u00a1El pintxo que nunca falla y que adem\u00e1s puede tener premio!<\/strong><\/span><\/h2>\n<p data-start=\"1508\" data-end=\"2022\"><img loading=\"lazy\" decoding=\"async\" class=\"alignleft wp-image-7431 \" src=\"https:\/\/www.disfrutabizkaia.com\/blog\/wp-content\/uploads\/2025\/10\/btk_imagencorporativa.jpg\" alt=\"\" width=\"257\" height=\"145\" srcset=\"https:\/\/www.disfrutabizkaia.com\/blog\/wp-content\/uploads\/2025\/10\/btk_imagencorporativa.jpg 1920w, https:\/\/www.disfrutabizkaia.com\/blog\/wp-content\/uploads\/2025\/10\/btk_imagencorporativa-300x169.jpg 300w, https:\/\/www.disfrutabizkaia.com\/blog\/wp-content\/uploads\/2025\/10\/btk_imagencorporativa-1024x576.jpg 1024w, https:\/\/www.disfrutabizkaia.com\/blog\/wp-content\/uploads\/2025\/10\/btk_imagencorporativa-768x432.jpg 768w, https:\/\/www.disfrutabizkaia.com\/blog\/wp-content\/uploads\/2025\/10\/btk_imagencorporativa-1536x864.jpg 1536w, https:\/\/www.disfrutabizkaia.com\/blog\/wp-content\/uploads\/2025\/10\/btk_imagencorporativa-600x338.jpg 600w, https:\/\/www.disfrutabizkaia.com\/blog\/wp-content\/uploads\/2025\/10\/btk_imagencorporativa-945x532.jpg 945w\" sizes=\"auto, (max-width: 257px) 100vw, 257px\" \/>S\u00ed, lo has le\u00eddo bien. Ese bocado perfecto para el hamaiketako, la comida o la merienda\u2026 el pintxo de tortilla.<br data-start=\"1619\" data-end=\"1622\" \/>&#x1f60b; Prueba las tortillas de la IV Bizkaiko Tortilla Kopa y vota por tu favorita. Participa y gana un premio gastron\u00f3mico.<br data-start=\"1742\" data-end=\"1745\" \/>&#x1f449; Descubre todos los participantes en @bizkaikotortillakopa y no te pierdas nada. Tienes hasta el <strong data-start=\"1844\" data-end=\"1863\">18 de noviembre<\/strong> para votar escaneando el QR en los bares participantes.<br data-start=\"1919\" data-end=\"1922\" \/>&#x1f3c6; Adem\u00e1s, t\u00fa decides qu\u00e9 barra se lleva la \u201cKopa Goiko\u201d, la favorita del p\u00fablico. Cada voto cuenta.<\/p>\n<h2><span style=\"color: #ffcc00;\"><strong data-start=\"2036\" data-end=\"2075\">Nuestros bosques y parques en oto\u00f1o<\/strong><\/span><\/h2>\n\n\t\t<style type=\"text\/css\">\n\t\t\t#gallery-1 {\n\t\t\t\tmargin: auto;\n\t\t\t}\n\t\t\t#gallery-1 .gallery-item {\n\t\t\t\tfloat: left;\n\t\t\t\tmargin-top: 10px;\n\t\t\t\ttext-align: center;\n\t\t\t\twidth: 33%;\n\t\t\t}\n\t\t\t#gallery-1 img {\n\t\t\t\tborder: 2px solid #cfcfcf;\n\t\t\t}\n\t\t\t#gallery-1 .gallery-caption {\n\t\t\t\tmargin-left: 0;\n\t\t\t}\n\t\t\t\/* see gallery_shortcode() in wp-includes\/media.php *\/\n\t\t<\/style>\n\t\t<div id='gallery-1' class='gallery galleryid-7403 gallery-columns-3 gallery-size-thumbnail'><dl class='gallery-item'>\n\t\t\t<dt class='gallery-icon landscape'>\n\t\t\t\t<a href='https:\/\/www.disfrutabizkaia.com\/blog\/otono-hayedo-beech-forest-2912878_1920\/'><img loading=\"lazy\" decoding=\"async\" width=\"372\" height=\"248\" src=\"https:\/\/www.disfrutabizkaia.com\/blog\/wp-content\/uploads\/2019\/09\/oto\u00f1o-hayedo-beech-forest-2912878_1920-372x248.jpg\" class=\"attachment-thumbnail size-thumbnail\" alt=\"planes-oto\u00f1o-Bizkaia\" srcset=\"https:\/\/www.disfrutabizkaia.com\/blog\/wp-content\/uploads\/2019\/09\/oto\u00f1o-hayedo-beech-forest-2912878_1920-372x248.jpg 372w, https:\/\/www.disfrutabizkaia.com\/blog\/wp-content\/uploads\/2019\/09\/oto\u00f1o-hayedo-beech-forest-2912878_1920-300x200.jpg 300w, https:\/\/www.disfrutabizkaia.com\/blog\/wp-content\/uploads\/2019\/09\/oto\u00f1o-hayedo-beech-forest-2912878_1920-768x512.jpg 768w, https:\/\/www.disfrutabizkaia.com\/blog\/wp-content\/uploads\/2019\/09\/oto\u00f1o-hayedo-beech-forest-2912878_1920-1024x683.jpg 1024w, https:\/\/www.disfrutabizkaia.com\/blog\/wp-content\/uploads\/2019\/09\/oto\u00f1o-hayedo-beech-forest-2912878_1920-945x630.jpg 945w, https:\/\/www.disfrutabizkaia.com\/blog\/wp-content\/uploads\/2019\/09\/oto\u00f1o-hayedo-beech-forest-2912878_1920-600x400.jpg 600w, https:\/\/www.disfrutabizkaia.com\/blog\/wp-content\/uploads\/2019\/09\/oto\u00f1o-hayedo-beech-forest-2912878_1920.jpg 1920w\" sizes=\"auto, (max-width: 372px) 100vw, 372px\" \/><\/a>\n\t\t\t<\/dt><\/dl><dl class='gallery-item'>\n\t\t\t<dt class='gallery-icon landscape'>\n\t\t\t\t<a href='https:\/\/www.disfrutabizkaia.com\/blog\/bizkaia-con-ninos-10-planes-imprescindibles\/the-forest-of-oma-urdaibai-biosphere-reserve-bizkaia-spain\/'><img loading=\"lazy\" decoding=\"async\" width=\"248\" height=\"248\" src=\"https:\/\/www.disfrutabizkaia.com\/blog\/wp-content\/uploads\/2016\/02\/Fotolia_91847091_S-e1532431273728-257x257.jpg\" class=\"attachment-thumbnail size-thumbnail\" alt=\"Bosque-pintado-Ibarrola-Oma-Bizkaia\" \/><\/a>\n\t\t\t<\/dt><\/dl><dl class='gallery-item'>\n\t\t\t<dt class='gallery-icon landscape'>\n\t\t\t\t<a href='https:\/\/www.disfrutabizkaia.com\/blog\/running-por-bilbao-rutas-correr-ponerse-en-forma\/bilbao-vistas-desde-artxanda-dia-sol-2\/'><img loading=\"lazy\" decoding=\"async\" width=\"372\" height=\"248\" src=\"https:\/\/www.disfrutabizkaia.com\/blog\/wp-content\/uploads\/2019\/01\/Bilbao-vistas-desde-Artxanda-dia-sol-372x248.jpg\" class=\"attachment-thumbnail size-thumbnail\" alt=\"Artxandako-behatokia-Mirador-Artxanda-Bilbao\" \/><\/a>\n\t\t\t<\/dt><\/dl><br style=\"clear: both\" \/>\n\t\t<\/div>\n\n<p data-start=\"2076\" data-end=\"2236\">Cuando la hoja se ti\u00f1e de ocre y el aire huele a salitre y tierra mojada, Bizkaia saca pecho con rincones que son puro espect\u00e1culo visual. y planazo en familia:<\/p>\n<ul data-start=\"2237\" data-end=\"2764\">\n<li data-start=\"2237\" data-end=\"2373\">\n<p data-start=\"2239\" data-end=\"2373\"><strong data-start=\"2239\" data-end=\"2262\">Hayedo\u202fde\u202fOtzarreta<\/strong> (Parque Natural de Gorbeia): hayas milenarias, niebla suave, sendero ideal para paseo en pareja o con ni\u00f1os.<\/p>\n<\/li>\n<li data-start=\"2374\" data-end=\"2503\">\n<p data-start=\"2376\" data-end=\"2503\"><strong data-start=\"2376\" data-end=\"2393\">Bosque\u202fde\u202fOma<\/strong> (Kortezubi): donde el arte se fusiona con la naturaleza; \u00e1rboles-pinceladas que har\u00e1n volar la imaginaci\u00f3n.<\/p>\n<\/li>\n<li data-start=\"2631\" data-end=\"2764\">\n<p data-start=\"2633\" data-end=\"2764\"><strong data-start=\"2633\" data-end=\"2665\">Artxanda<\/strong> (Mirador de Bilbao): vistas de infarto sobre la ciudad, la r\u00eda y el atardecer; un plan relajado para un domingo lento.<\/p>\n<\/li>\n<\/ul>\n<p data-start=\"2767\" data-end=\"2878\">Este es el momento perfecto para unos paseos sin prisa, c\u00e1mara en mano, abrigo ligero\u2026 y diversi\u00f3n en familia.<\/p>\n<h2 data-start=\"1131\" data-end=\"1191\"><span style=\"color: #ffcc00;\"><strong data-start=\"1138\" data-end=\"1189\">Lore Jokoak en Mungia\u00a0<\/strong><\/span><\/h2>\n<p data-start=\"1192\" data-end=\"1686\"><img loading=\"lazy\" decoding=\"async\" class=\"size-medium wp-image-7432 alignleft\" src=\"https:\/\/www.disfrutabizkaia.com\/blog\/wp-content\/uploads\/2025\/10\/Lore-Jokoak_2024_-30-300x169.jpg\" alt=\"\" width=\"300\" height=\"169\" srcset=\"https:\/\/www.disfrutabizkaia.com\/blog\/wp-content\/uploads\/2025\/10\/Lore-Jokoak_2024_-30-300x169.jpg 300w, https:\/\/www.disfrutabizkaia.com\/blog\/wp-content\/uploads\/2025\/10\/Lore-Jokoak_2024_-30-768x432.jpg 768w, https:\/\/www.disfrutabizkaia.com\/blog\/wp-content\/uploads\/2025\/10\/Lore-Jokoak_2024_-30-600x337.jpg 600w, https:\/\/www.disfrutabizkaia.com\/blog\/wp-content\/uploads\/2025\/10\/Lore-Jokoak_2024_-30-945x531.jpg 945w, https:\/\/www.disfrutabizkaia.com\/blog\/wp-content\/uploads\/2025\/10\/Lore-Jokoak_2024_-30.jpg 1000w\" sizes=\"auto, (max-width: 300px) 100vw, 300px\" \/>Una celebraci\u00f3n que rinde homenaje a las ra\u00edces con actividades tradicionales, m\u00fasica, danzas vascas, juegos, talleres y un ambiente comunitario que te hace sentir parte del municipio.<\/p>\n<p data-start=\"1192\" data-end=\"1686\"><strong data-start=\"1407\" data-end=\"1418\">Cu\u00e1ndo:<\/strong> Domingo 26 de octubre.<br data-start=\"1441\" data-end=\"1444\" \/><strong data-start=\"1444\" data-end=\"1454\">D\u00f3nde:<\/strong> Mungia (Bizkaia).<\/p>\n<p data-start=\"1192\" data-end=\"1686\">&#x1f449;&#x1f3fd;Consulta toda la<a href=\"https:\/\/www.kulturklik.euskadi.eus\/evento\/2025\/10\/26\/programa-lore-jokoak-2025-en-mungia\/webkklik00-detalle\/es\/\"> programaci\u00f3n<\/a> y no te pierdas nada.<\/p>\n<h2 data-start=\"1192\" data-end=\"1686\"><br data-start=\"1472\" data-end=\"1475\" \/><span style=\"color: #ffcc00;\">Gaztaina Eguna en Orozko<\/span><\/h2>\n<p data-start=\"1192\" data-end=\"1686\">Perfecto para vivir un plan de pueblo aut\u00e9ntico, en familia o con amigos, disfrutando de tradiciones, del sabor rural y naturaleza cerca.<img loading=\"lazy\" decoding=\"async\" class=\" wp-image-7434 alignright\" src=\"https:\/\/www.disfrutabizkaia.com\/blog\/wp-content\/uploads\/2025\/10\/NUEVO-destacado-BLOG-Disfruta-560x315-80-300x169.jpg\" alt=\"\" width=\"346\" height=\"195\" srcset=\"https:\/\/www.disfrutabizkaia.com\/blog\/wp-content\/uploads\/2025\/10\/NUEVO-destacado-BLOG-Disfruta-560x315-80-300x169.jpg 300w, https:\/\/www.disfrutabizkaia.com\/blog\/wp-content\/uploads\/2025\/10\/NUEVO-destacado-BLOG-Disfruta-560x315-80.jpg 560w\" sizes=\"auto, (max-width: 346px) 100vw, 346px\" \/><\/p>\n<p data-start=\"1192\" data-end=\"1686\">Una jornada que celebra la casta\u00f1a, el oto\u00f1o, la monta\u00f1a y el sabor de lo sencillo. Rutas por el bosque, hamaiketako tradicional, amigos, casta\u00f1as asadas\u2026<br data-start=\"4032\" data-end=\"4035\" \/><strong data-start=\"4035\" data-end=\"4046\">Cu\u00e1ndo:<\/strong> Domingo 26 de octubre<br data-start=\"4068\" data-end=\"4071\" \/><strong data-start=\"4071\" data-end=\"4081\">D\u00f3nde:<\/strong> Orozko, entorno del Parque Natural de Gorbeia<\/p>\n<p data-start=\"1192\" data-end=\"1686\">&#x1f449;&#x1f3fd;Te contamos todo sobre esta bonita tradici\u00f3n <span style=\"color: #ffcc00;\"><strong><a style=\"color: #ffcc00;\" href=\"https:\/\/www.disfrutabizkaia.com\/que-hacer\/gaztaina-eguna-orozko\/\">aqu\u00ed<\/a><\/strong><\/span><\/p>\n<h2 data-start=\"2885\" data-end=\"2966\"><span style=\"color: #ffcc00;\"><strong data-start=\"2892\" data-end=\"2964\">Arimen\u202fGaua o Halloween \u2013 Noche de las almas, noche de tradici\u00f3n<\/strong><\/span><\/h2>\n<p data-start=\"2968\" data-end=\"3213\"><img loading=\"lazy\" decoding=\"async\" class=\"wp-image-6682 alignleft\" src=\"https:\/\/www.disfrutabizkaia.com\/blog\/wp-content\/uploads\/2024\/10\/NUEVO-destacado-BLOG-Disfruta-560x315-37.jpg\" alt=\"\" width=\"251\" height=\"141\" srcset=\"https:\/\/www.disfrutabizkaia.com\/blog\/wp-content\/uploads\/2024\/10\/NUEVO-destacado-BLOG-Disfruta-560x315-37.jpg 560w, https:\/\/www.disfrutabizkaia.com\/blog\/wp-content\/uploads\/2024\/10\/NUEVO-destacado-BLOG-Disfruta-560x315-37-300x169.jpg 300w\" sizes=\"auto, (max-width: 251px) 100vw, 251px\" \/>El 31 de octubre no es solo Halloween: en Bizkaia celebramos la <strong data-start=\"3032\" data-end=\"3046\">Gau Beltza<\/strong> o <strong data-start=\"3049\" data-end=\"3064\">Arimen Gaua<\/strong>, la noche que conecta lo visible y lo invisible, tradici\u00f3n y fiesta.\u00a0<br data-start=\"3173\" data-end=\"3176\" \/>Algunos de los planes m\u00e1s destacados:<\/p>\n<p data-start=\"2968\" data-end=\"3213\">\n<p data-start=\"2968\" data-end=\"3213\">\n<p data-start=\"2968\" data-end=\"3213\">\n<p data-start=\"2968\" data-end=\"3213\">\n<ul>\n<li><strong>Ordu\u00f1a nocturna teatralizada \u2013 \u201cSombras y leyendas\u201d<\/strong><\/li>\n<\/ul>\n<p style=\"padding-left: 40px;\">Una visita guiada con toque de misterio. Al caer la tarde, recorrer\u00e1s Ordu\u00f1a acompa\u00f1ado por personajes de otras \u00e9pocas y seres de la noche.<br \/>\nEntre luces, sombras y leyendas, descubrir\u00e1s c\u00f3mo se viv\u00eda la noche hace siglos.<br \/>\n<em>No recomendada para menores de 12 a\u00f1os.<\/em><\/p>\n<p style=\"padding-left: 80px;\">&#x1f4cd; Santuario de la Antigua, Ordu\u00f1a (19:30h)<br \/>\nPrecio: 15 \u20ac<br \/>\n&#x1f517; <a href=\"https:\/\/www.ordunaturismo.com\/\">www.ordunaturismo.com<\/a><\/p>\n<ul data-start=\"2637\" data-end=\"3377\">\n<li data-start=\"2637\" data-end=\"2771\">\n<p data-start=\"2639\" data-end=\"2771\"><strong data-start=\"2639\" data-end=\"2649\">Gorliz<\/strong>: Plaza Ibarreta, calabazas iluminadas, disfraces tradicionales desde las 16:45 h.<\/p>\n<\/li>\n<li data-start=\"2772\" data-end=\"2906\">\n<p data-start=\"2774\" data-end=\"2906\"><strong data-start=\"2774\" data-end=\"2783\">Leioa<\/strong>: Chocolatada, talleres infantiles, animaci\u00f3n, m\u00fasica y danza para toda la familia.<\/p>\n<\/li>\n<li data-start=\"2907\" data-end=\"3040\">\n<p data-start=\"2909\" data-end=\"3040\"><strong data-start=\"2909\" data-end=\"2924\">Portugalete<\/strong>: 19:30 h fiesta infantil en Plaza San Roque; 22:00 h fiesta juvenil con DJ.<\/p>\n<\/li>\n<li data-start=\"2907\" data-end=\"3040\">\n<p data-start=\"2909\" data-end=\"3040\"><strong data-start=\"3043\" data-end=\"3054\">Erandio<\/strong>: Talleres, concurso de disfraces y dulces terror\u00edficos desde las 18:00 h.<\/p>\n<\/li>\n<li data-start=\"2907\" data-end=\"3040\">\n<p data-start=\"2909\" data-end=\"3040\"><strong data-start=\"3171\" data-end=\"3181\">Bilbao<\/strong>: Visitas especiales de misterio, juegos familiares e iluminaci\u00f3n especial en algunos barrios.<br data-start=\"3313\" data-end=\"3316\" \/>Una noche para disfrazarse, salir, participar y sorprenderse.<\/p>\n<\/li>\n<\/ul>\n<ul data-start=\"3214\" data-end=\"3729\">\n<li data-start=\"3378\" data-end=\"3540\">\n<p data-start=\"3380\" data-end=\"3540\"><strong data-start=\"3383\" data-end=\"3395\">Zierbena<\/strong>: desde las 18:00 h hinchables y actividad infantil; 20:45 h concierto en la p\u00e9rgola del Centro Social.<\/p>\n<\/li>\n<li data-start=\"3541\" data-end=\"3729\">\n<p data-start=\"3543\" data-end=\"3729\"><strong data-start=\"3546\" data-end=\"3559\">Santurtzi<\/strong>: 18:00 h inscripci\u00f3n de disfraces en Kabiezes; 19:00 h concurso de disfraces; 20:30 h \u00abIzuak Plazan\u00bb (sustos) y DJ a las 21:00.<\/p>\n<\/li>\n<\/ul>\n<p data-start=\"3731\" data-end=\"3808\">Un plan ideal tanto si vas con peques como si prefieres una noche distinta.<\/p>\n<h2 data-start=\"3815\" data-end=\"3895\"><span style=\"color: #ffcc00;\"><strong data-start=\"3822\" data-end=\"3895\">BIME Bilbao<\/strong><\/span><\/h2>\n<p data-start=\"3897\" data-end=\"4490\">Los festivales de m\u00fasica no tienen por qu\u00e9 ser solo cosa del verano. De hecho, en Bizkaia tenemos un planazo que te va a hacer vibrar justo cuando empiezan a caer las hojas. Del <strong data-start=\"4075\" data-end=\"4098\">28 al 31 de octubre<\/strong>, el BIME convierte a Bilbao en el aut\u00e9ntico epicentro musical del sur de Europa: una mezcla de conciertos, networking, tecnolog\u00eda, videojuegos y m\u00fasica emergente.<br data-start=\"4261\" data-end=\"4264\" \/>&#x2705; BIME Pro (28-30 octubre) \u2014 conferencias, debates, industria<br data-start=\"4325\" data-end=\"4328\" \/>&#x2705; BIME Live (28-31 octubre) \u2014 showcases y conciertos<br data-start=\"4380\" data-end=\"4383\" \/>&#x1f4cd; Lugar: Bilbao.<br data-start=\"4400\" data-end=\"4403\" \/>&#x1f4ce; Tenemos un <span style=\"color: #ffcc00;\"><a style=\"color: #ffcc00;\" href=\"https:\/\/www.disfrutabizkaia.com\/blog\/bime-2025\/\">art\u00edculo completo<\/a><\/span> sobre este evento para que no te pierdas nada.<\/p>\n<p data-start=\"4852\" data-end=\"5195\">El Oto\u00f1o en Bizkaia no es para quedarse en casa. Tiene historia, naturaleza, sabor y momentos \u00fanicos que se disfrutan mejor con buena compa\u00f1\u00eda.<br data-start=\"4992\" data-end=\"4995\" \/><br data-start=\"5094\" data-end=\"5097\" \/><\/p>\n<p data-start=\"4852\" data-end=\"5195\"><a href=\"https:\/\/www.disfrutabizkaia.com\/que-hacer\/ruta-txuleta-bizkaia\/\"><img loading=\"lazy\" decoding=\"async\" class=\"aligncenter wp-image-4323 size-full\" src=\"https:\/\/www.disfrutabizkaia.com\/blog\/wp-content\/uploads\/2022\/03\/banner-txuleta-blog-disfruta-bizkaia.png\" alt=\"Encuentra restaurantes para comer las mejores txuletas de Bilbao y Bizkaia\" width=\"678\" height=\"181\" srcset=\"https:\/\/www.disfrutabizkaia.com\/blog\/wp-content\/uploads\/2022\/03\/banner-txuleta-blog-disfruta-bizkaia.png 678w, https:\/\/www.disfrutabizkaia.com\/blog\/wp-content\/uploads\/2022\/03\/banner-txuleta-blog-disfruta-bizkaia-300x80.png 300w, https:\/\/www.disfrutabizkaia.com\/blog\/wp-content\/uploads\/2022\/03\/banner-txuleta-blog-disfruta-bizkaia-600x160.png 600w\" sizes=\"auto, (max-width: 678px) 100vw, 678px\" \/><\/a><\/p>\n<p>&nbsp;<\/p>\n<div class=\"crp-list-container\"><h3 class=\"crp-list-title\">Related Posts<\/h3><ul class=\"crp-list\"><li class=\"crp-list-item crp-list-item-image-left crp-list-item-has-image\"><div class=\"crp-list-item-image\"><a href=\"https:\/\/www.disfrutabizkaia.com\/blog\/bime-2025\/\" target=\"_blank\"><img loading=\"lazy\" decoding=\"async\" data-pin-nopin=\"true\" style=\"max-width: 100px; height: auto;\" width=\"100\" height=\"67\" src=\"https:\/\/www.disfrutabizkaia.com\/blog\/wp-content\/uploads\/2025\/10\/NUEVO-destacado-BLOG-Disfruta-560x315-79-372x248.jpg\" class=\"attachment-100x100 size-100x100\" alt=\"\" \/><\/a><\/div><div class=\"crp-list-item-title\"><a href=\"https:\/\/www.disfrutabizkaia.com\/blog\/bime-2025\/\" target=\"_blank\">BIME 2025: La Cita que Enciende el Oto\u00f1o en Bizkaia<\/a><\/div><\/li><li class=\"crp-list-item crp-list-item-image-left crp-list-item-has-image\"><div class=\"crp-list-item-image\"><a href=\"https:\/\/www.disfrutabizkaia.com\/blog\/octubre-en-bizkaia\/\" target=\"_blank\"><img loading=\"lazy\" decoding=\"async\" data-pin-nopin=\"true\" style=\"max-width: 100px; height: auto;\" width=\"100\" height=\"67\" src=\"https:\/\/www.disfrutabizkaia.com\/blog\/wp-content\/uploads\/2025\/09\/NUEVO-destacado-BLOG-Disfruta-560x315-77-372x248.jpg\" class=\"attachment-100x100 size-100x100\" alt=\"\" \/><\/a><\/div><div class=\"crp-list-item-title\"><a href=\"https:\/\/www.disfrutabizkaia.com\/blog\/octubre-en-bizkaia\/\" target=\"_blank\">Octubre en Bizkaia<\/a><\/div><\/li><\/ul><\/div>\n<p>&nbsp;<\/p>\n","protected":false},"excerpt":{"rendered":"<p>\u00a1Este tramo del calendario viene cargadito de planes \u00fanicos! Desde ferias medievales o musicales hasta bosques que se ti\u00f1en de color\u2026 y s\u00ed, tambi\u00e9n tortillas que pueden darte premio. El oto\u00f1o en Bizkaia no es para quedarse en casa. Aqu\u00ed&#8230; <a class=\"more-link\" href=\"https:\/\/www.disfrutabizkaia.com\/blog\/planes-para-despedir-octubre\/\">Seguir leyendo &rarr;<\/a><\/p>\n","protected":false},"author":2,"featured_media":7440,"comment_status":"open","ping_status":"closed","sticky":false,"template":"","format":"standard","meta":{"_acf_changed":false,"footnotes":""},"categories":[1,47],"tags":[],"class_list":["post-7403","post","type-post","status-publish","format-standard","has-post-thumbnail","hentry","category-disfruta-bizkaia","category-planes"],"acf":[],"_links":{"self":[{"href":"https:\/\/www.disfrutabizkaia.com\/blog\/wp-json\/wp\/v2\/posts\/7403","targetHints":{"allow":["GET"]}}],"collection":[{"href":"https:\/\/www.disfrutabizkaia.com\/blog\/wp-json\/wp\/v2\/posts"}],"about":[{"href":"https:\/\/www.disfrutabizkaia.com\/blog\/wp-json\/wp\/v2\/types\/post"}],"author":[{"embeddable":true,"href":"https:\/\/www.disfrutabizkaia.com\/blog\/wp-json\/wp\/v2\/users\/2"}],"replies":[{"embeddable":true,"href":"https:\/\/www.disfrutabizkaia.com\/blog\/wp-json\/wp\/v2\/comments?post=7403"}],"version-history":[{"count":20,"href":"https:\/\/www.disfrutabizkaia.com\/blog\/wp-json\/wp\/v2\/posts\/7403\/revisions"}],"predecessor-version":[{"id":7448,"href":"https:\/\/www.disfrutabizkaia.com\/blog\/wp-json\/wp\/v2\/posts\/7403\/revisions\/7448"}],"wp:featuredmedia":[{"embeddable":true,"href":"https:\/\/www.disfrutabizkaia.com\/blog\/wp-json\/wp\/v2\/media\/7440"}],"wp:attachment":[{"href":"https:\/\/www.disfrutabizkaia.com\/blog\/wp-json\/wp\/v2\/media?parent=7403"}],"wp:term":[{"taxonomy":"category","embeddable":true,"href":"https:\/\/www.disfrutabizkaia.com\/blog\/wp-json\/wp\/v2\/categories?post=7403"},{"taxonomy":"post_tag","embeddable":true,"href":"https:\/\/www.disfrutabizkaia.com\/blog\/wp-json\/wp\/v2\/tags?post=7403"}],"curies":[{"name":"wp","href":"https:\/\/api.w.org\/{rel}","templated":true}]}}