{"id":742,"date":"2025-02-24T09:00:00","date_gmt":"2025-02-24T08:00:00","guid":{"rendered":"https:\/\/www.disfrutabizkaia.com\/blog\/?p=742"},"modified":"2025-02-24T16:37:05","modified_gmt":"2025-02-24T15:37:05","slug":"musika-musica","status":"publish","type":"post","link":"https:\/\/www.disfrutabizkaia.com\/blog\/musika-musica\/","title":{"rendered":"Musika-M\u00fasica 2025"},"content":{"rendered":"<p>\u00a1Vuelve el festival de m\u00fasica cl\u00e1sica de Bilbao!<\/p>\r\n<p>El primer fin de semana de <strong>marzo<\/strong>, los <strong>d\u00edas 7,8 y 9,<\/strong>\u00a0 Bilbao celebra la 24 edici\u00f3n del\u00a0<strong> Festival Musika-M\u00fasica <\/strong>con conciertos de forma simult\u00e1nea en diferentes espacios del <strong>Palacio Euskalduna<\/strong>. Este a\u00f1o, el Festival de m\u00fasica cl\u00e1sica de Bilbao ofrecer\u00e1 70 conciertos, de unos 45 minutos y a precios populares, durante tres d\u00edas con la participaci\u00f3n de 1.500 int\u00e9rpretes.<\/p>\r\n<p><img loading=\"lazy\" decoding=\"async\" class=\"wp-image-5896 aligncenter\" src=\"https:\/\/www.disfrutabizkaia.com\/blog\/wp-content\/uploads\/2023\/02\/auditorio-euskalduna-conciertos-musica-musica.jpg\" alt=\"\" width=\"750\" height=\"500\" srcset=\"https:\/\/www.disfrutabizkaia.com\/blog\/wp-content\/uploads\/2023\/02\/auditorio-euskalduna-conciertos-musica-musica.jpg 2048w, https:\/\/www.disfrutabizkaia.com\/blog\/wp-content\/uploads\/2023\/02\/auditorio-euskalduna-conciertos-musica-musica-300x200.jpg 300w, https:\/\/www.disfrutabizkaia.com\/blog\/wp-content\/uploads\/2023\/02\/auditorio-euskalduna-conciertos-musica-musica-1024x683.jpg 1024w, https:\/\/www.disfrutabizkaia.com\/blog\/wp-content\/uploads\/2023\/02\/auditorio-euskalduna-conciertos-musica-musica-372x248.jpg 372w, https:\/\/www.disfrutabizkaia.com\/blog\/wp-content\/uploads\/2023\/02\/auditorio-euskalduna-conciertos-musica-musica-768x512.jpg 768w, https:\/\/www.disfrutabizkaia.com\/blog\/wp-content\/uploads\/2023\/02\/auditorio-euskalduna-conciertos-musica-musica-1536x1024.jpg 1536w, https:\/\/www.disfrutabizkaia.com\/blog\/wp-content\/uploads\/2023\/02\/auditorio-euskalduna-conciertos-musica-musica-600x400.jpg 600w, https:\/\/www.disfrutabizkaia.com\/blog\/wp-content\/uploads\/2023\/02\/auditorio-euskalduna-conciertos-musica-musica-945x630.jpg 945w\" sizes=\"auto, (max-width: 750px) 100vw, 750px\" \/><\/p>\r\n<h2><span style=\"color: #ffb921;\"><strong>Musika-M\u00fasica , mucho m\u00e1s que un festival<\/strong><\/span><\/h2>\r\n<p>El programa de este a\u00f1o, con el t\u00edtulo<em> <strong>Emozioak-Emociones<\/strong>,<\/em> el festival incluir\u00e1 obras de Beethoven, Vivaldi, Chopin, Dvo\u0159\u00e1k y Strauss. Adem\u00e1s, se celebrar\u00e1 un homenaje a Maurice Ravel por el 150 aniversario de su nacimiento, con un concierto especial a cargo de la Orquesta Sinf\u00f3nica de Galicia.<\/p>\r\n<p><em><strong>Musika \u2013 M\u00fasica<\/strong><\/em><strong>\u00a0es una fiesta, un gran evento cultural<\/strong>, esperado por los aficionados a la m\u00fasica de todo Bizkaia, <strong>donde la protagonista es la m\u00fasica cl\u00e1sica<\/strong>, pero que va m\u00e1s all\u00e1 de los cl\u00e1sicos conciertos, ya que se trata de una cita social y un gran acontecimiento en Bilbao. Su objetivo es<strong> hacer llegar la m\u00fasica a todos los p\u00fablicos,<\/strong> tanto al entendido y experto, como al que se acerca a la m\u00fasica cl\u00e1sica por primera vez.<\/p>\r\n<p>Adem\u00e1s, como otros a\u00f1os, <strong>el cine tambi\u00e9n tendr\u00e1 su espacio, <\/strong>y por primera vez, incluir\u00e1 una actuaci\u00f3n de danza con el grupo Kukai. Tambi\u00e9n habr\u00e1 actividades familiares y\u00a0 la instalaci\u00f3n \u00abTejer emociones\u00bb, dirigida por M\u00f3nica Rodr\u00edguez Curiel, invitar\u00e1 al p\u00fablico a colaborar en la creaci\u00f3n de un tapiz colectivo que capture las emociones del festival.<\/p>\r\n<p><img loading=\"lazy\" decoding=\"async\" class=\"wp-image-6856 size-medium alignleft\" src=\"https:\/\/www.disfrutabizkaia.com\/blog\/wp-content\/uploads\/2024\/02\/MM_ADAPTACIONES_1080X1080-300x300.jpg\" alt=\"\" width=\"300\" height=\"300\" srcset=\"https:\/\/www.disfrutabizkaia.com\/blog\/wp-content\/uploads\/2024\/02\/MM_ADAPTACIONES_1080X1080-300x300.jpg 300w, https:\/\/www.disfrutabizkaia.com\/blog\/wp-content\/uploads\/2024\/02\/MM_ADAPTACIONES_1080X1080-1024x1024.jpg 1024w, https:\/\/www.disfrutabizkaia.com\/blog\/wp-content\/uploads\/2024\/02\/MM_ADAPTACIONES_1080X1080-768x768.jpg 768w, https:\/\/www.disfrutabizkaia.com\/blog\/wp-content\/uploads\/2024\/02\/MM_ADAPTACIONES_1080X1080-1536x1536.jpg 1536w, https:\/\/www.disfrutabizkaia.com\/blog\/wp-content\/uploads\/2024\/02\/MM_ADAPTACIONES_1080X1080-2048x2048.jpg 2048w, https:\/\/www.disfrutabizkaia.com\/blog\/wp-content\/uploads\/2024\/02\/MM_ADAPTACIONES_1080X1080-600x600.jpg 600w, https:\/\/www.disfrutabizkaia.com\/blog\/wp-content\/uploads\/2024\/02\/MM_ADAPTACIONES_1080X1080-945x945.jpg 945w\" sizes=\"auto, (max-width: 300px) 100vw, 300px\" \/>El<strong> Festival MUSIKA-M\u00daSICA<\/strong>\u00a0 dar\u00e1 comienzo el viernes, d\u00eda 7 de marzo, a las 19:00h en el <strong>Teatro Arriaga <\/strong>con el concierto de apertura en el que la Bilbao Orkestra Sinfonikoa (BOS) y la Sociedad Coral de Bilbao interpretar\u00e1n\u00a0la obertura de El holand\u00e9s errante de Wagner, la suite de El lago de los cisnes de Chaikovski y las Danzas polovtsianas de Borodin.<br \/>Ser\u00e1 un fin de semana de un gran repertorio musical para todos los gustos, con conciertos, recitales o sesiones de cine, de manera simult\u00e1nea en 8 espacios diferentes del Palacio Euskalduna, y con una duraci\u00f3n aproximada de 45 minutos cada una.<\/p>\r\n<p>&nbsp;<\/p>\r\n<p>&nbsp;<\/p>\r\n<p><img loading=\"lazy\" decoding=\"async\" class=\"wp-image-5893 aligncenter\" src=\"https:\/\/www.disfrutabizkaia.com\/blog\/wp-content\/uploads\/2023\/02\/musika-musica-bilbao-kiosko-conservatorios.jpg\" alt=\"\" width=\"750\" height=\"498\" srcset=\"https:\/\/www.disfrutabizkaia.com\/blog\/wp-content\/uploads\/2023\/02\/musika-musica-bilbao-kiosko-conservatorios.jpg 960w, https:\/\/www.disfrutabizkaia.com\/blog\/wp-content\/uploads\/2023\/02\/musika-musica-bilbao-kiosko-conservatorios-300x199.jpg 300w, https:\/\/www.disfrutabizkaia.com\/blog\/wp-content\/uploads\/2023\/02\/musika-musica-bilbao-kiosko-conservatorios-372x248.jpg 372w, https:\/\/www.disfrutabizkaia.com\/blog\/wp-content\/uploads\/2023\/02\/musika-musica-bilbao-kiosko-conservatorios-768x510.jpg 768w, https:\/\/www.disfrutabizkaia.com\/blog\/wp-content\/uploads\/2023\/02\/musika-musica-bilbao-kiosko-conservatorios-600x399.jpg 600w, https:\/\/www.disfrutabizkaia.com\/blog\/wp-content\/uploads\/2023\/02\/musika-musica-bilbao-kiosko-conservatorios-945x628.jpg 945w\" sizes=\"auto, (max-width: 750px) 100vw, 750px\" \/><\/p>\r\n<h3><strong style=\"color: #ffb921; font-size: 1.25em;\">Planes con ni\u00f1os: conciertos en familia<\/strong><\/h3>\r\n<p>Como no, tambi\u00e9n habr\u00e1 sesiones musicales con espect\u00e1culos infantiles para disfrutar de un entretenido plan familiar con los m\u00e1s txikis.<strong>\u00a0<\/strong><\/p>\r\n<p>\u2022 <strong>Sesi\u00f3n familiar \u00abOperetta\u00bb:<\/strong> M\u00fasica a acapela \u00a1Teatro musical y de humor!<\/p>\r\n<p>\u00a0 \u00a0 \u00a0 \u00a0&#x1f4c5; S\u00e1bado 8 de marzo &#x1f550; 16:30h\u00a0 &#x1f4c5;\u00a0 Domingo 9 de marzo &#x1f550; 11:00h<\/p>\r\n<p>\u00a0 \u00a0 \u00a0 \u00a0&#x1f4cd;Sala 0E (Euskalduna Jauregia)<\/p>\r\n<p>\u2022 <strong>\u00abEmociones en escena\u00bb<\/strong>: Espect\u00e1culo inmersivo de m\u00fasica e ilustraci\u00f3n en directo.<\/p>\r\n<p>\u00a0 \u00a0 \u00a0 &#x1f4c5; S\u00e1bado 2 de marzo &#x1f550; 16:30h\u00a0 &#x1f4c5;\u00a0 Domingo 3 de marzo &#x1f550; 11:00h<\/p>\r\n<p>\u00a0 \u00a0 \u00a0 &#x1f4cd;Sala 0E (Euskalduna Jauregia)<\/p>\r\n<h3><strong style=\"color: #ffb921; font-size: 1.25em;\">Conciertos de Musika-M\u00fasica 2025<\/strong><\/h3>\r\n<p>Aqu\u00ed os dejamos el <a href=\"https:\/\/musika-musica.bilbao.eus\/programa\/\" target=\"_blank\" rel=\"noopener\">programa completo de Musika-M\u00fasica 2025 <\/a>con toda la informaci\u00f3n de conciertos y\u00a0 horarios.<\/p>\r\n<h3><strong style=\"color: #ffb921; font-size: 1.25em;\">\u00bfD\u00f3nde se celebra el festival Musika-M\u00fasica?<\/strong><\/h3>\r\n<p>El festival <em>Musika-m\u00fasica<\/em> se celebra en el<strong>\u00a0Palacio Euskalduna <\/strong>y el<strong> Teatro Arriaga <\/strong>como anfitri\u00f3n con el concierto de apertura.<\/p>\r\n<p><a href=\"https:\/\/www.disfrutabizkaia.com\/que-hacer\/salas-exposiciones\/palacio-euskalduna\/c-532\" target=\"_blank\" rel=\"noopener noreferrer\"><img loading=\"lazy\" decoding=\"async\" class=\"aligncenter wp-image-834 size-full\" src=\"https:\/\/www.disfrutabizkaia.com\/blog\/wp-content\/uploads\/2017\/05\/PALACIO-EUSKALDUNA-DIURNA.jpg\" alt=\"\" width=\"640\" height=\"427\" srcset=\"https:\/\/www.disfrutabizkaia.com\/blog\/wp-content\/uploads\/2017\/05\/PALACIO-EUSKALDUNA-DIURNA.jpg 640w, https:\/\/www.disfrutabizkaia.com\/blog\/wp-content\/uploads\/2017\/05\/PALACIO-EUSKALDUNA-DIURNA-300x200.jpg 300w, https:\/\/www.disfrutabizkaia.com\/blog\/wp-content\/uploads\/2017\/05\/PALACIO-EUSKALDUNA-DIURNA-600x400.jpg 600w\" sizes=\"auto, (max-width: 640px) 100vw, 640px\" \/><\/a><\/p>\r\n<h6 style=\"text-align: center;\"><span style=\"color: #808080;\">Euskalduna Jauregia<\/span><\/h6>\r\n<p><strong style=\"color: #ffb921; font-size: 1.25em;\">D\u00f3nde comprar las entradas Musika-M\u00fasica y cu\u00e1nto cuestan\u00a0<\/strong><\/p>\r\n<ul>\r\n<li>Taquillas del Palacio Euskalduna: de lunes a s\u00e1bado, de 12:00h a 14:00h y de 17:00h a 20:00h.<\/li>\r\n<li>En la sede del festival, edificio \u00abLa Perrera\u00bb (Sabino Arana 50): de lunes a viernes, de 12:00h a 17:00h (compra anticipada y pago solo con tarjeta).<\/li>\r\n<li>Teatro Arriaga: 15\u20ac<\/li>\r\n<li>Auditorio del Palacio Euskalduna: 15\u20ac<\/li>\r\n<li>Sala 0B: 12\u20ac<\/li>\r\n<li>Resto de salas: 9\u20ac<\/li>\r\n<\/ul>\r\n<p><span style=\"color: #333333; font-size: 16px;\">\u00a1No os perd\u00e1is esta gran cita con la m\u00fasica en Bilbao!<\/span><\/p>\r\n<h5><span style=\"color: #ffb921;\"><strong><a style=\"color: #ffb921;\" href=\"https:\/\/www.disfrutabizkaia.com\/\">Disfruta Bizkaia<\/a><\/strong>\u00a0<\/span>\u00a0Planes, turismo, alojamiento y restaurantes en una misma web<\/h5>\r\n<p>&nbsp;<\/p>\r\n\r\n<figure class=\"wp-block-image size-full is-resized\"><a href=\"https:\/\/www.disfrutabizkaia.com\/comer-beber\/restaurantes\/?nombre=&amp;localidad=Bilbao&amp;zona=-1&amp;categorias%5B%5D=18&amp;categorias%5B%5D=17&amp;order=ASC\"><img loading=\"lazy\" decoding=\"async\" class=\"aligncenter wp-image-4340 size-full\" src=\"https:\/\/www.disfrutabizkaia.com\/blog\/wp-content\/uploads\/2022\/03\/banner-restaurantes-Bilbao-blog-disfruta-bizkaia.gif\" alt=\"\" width=\"678\" height=\"180\" \/><\/a><\/figure>\r\n<figure><\/figure>\r\n<figure class=\"wp-block-image size-full is-resized\"><div class=\"crp-list-container\"><h3 class=\"crp-list-title\">Related Posts<\/h3><ul class=\"crp-list\"><li class=\"crp-list-item crp-list-item-image-left crp-list-item-has-image\"><div class=\"crp-list-item-image\"><a href=\"https:\/\/www.disfrutabizkaia.com\/blog\/planes-con-ninos-ninas-para-este-invierno\/\" target=\"_blank\"><img loading=\"lazy\" decoding=\"async\" data-pin-nopin=\"true\" style=\"max-width: 100px; height: auto;\" width=\"100\" height=\"67\" src=\"https:\/\/www.disfrutabizkaia.com\/blog\/wp-content\/uploads\/2024\/01\/BLOG-13-372x248.jpg\" class=\"attachment-100x100 size-100x100\" alt=\"\" \/><\/a><\/div><div class=\"crp-list-item-title\"><a href=\"https:\/\/www.disfrutabizkaia.com\/blog\/planes-con-ninos-ninas-para-este-invierno\/\" target=\"_blank\">Planes con ni\u00f1os y ni\u00f1as para este invierno<\/a><\/div><\/li><li class=\"crp-list-item crp-list-item-image-left crp-list-item-has-image\"><div class=\"crp-list-item-image\"><a href=\"https:\/\/www.disfrutabizkaia.com\/blog\/planes-para-dias-de-lluvia-y-frio\/\" target=\"_blank\"><img loading=\"lazy\" decoding=\"async\" data-pin-nopin=\"true\" style=\"max-width: 100px; height: auto;\" width=\"100\" height=\"67\" src=\"https:\/\/www.disfrutabizkaia.com\/blog\/wp-content\/uploads\/2023\/01\/BLOG-372x248.png\" class=\"attachment-100x100 size-100x100\" alt=\"\" \/><\/a><\/div><div class=\"crp-list-item-title\"><a href=\"https:\/\/www.disfrutabizkaia.com\/blog\/planes-para-dias-de-lluvia-y-frio\/\" target=\"_blank\">Planes para d\u00edas de lluvia y fr\u00edo en Bizkaia<\/a><\/div><\/li><li class=\"crp-list-item crp-list-item-image-left crp-list-item-has-image\"><div class=\"crp-list-item-image\"><a href=\"https:\/\/www.disfrutabizkaia.com\/blog\/turismo-cultural-artistico-bizkaia\/\" target=\"_blank\"><img loading=\"lazy\" decoding=\"async\" data-pin-nopin=\"true\" style=\"max-width: 100px; height: auto;\" width=\"100\" height=\"67\" src=\"https:\/\/www.disfrutabizkaia.com\/blog\/wp-content\/uploads\/2021\/04\/planes-culturales-y-artisticos-372x248.png\" class=\"attachment-100x100 size-100x100\" alt=\"\" \/><\/a><\/div><div class=\"crp-list-item-title\"><a href=\"https:\/\/www.disfrutabizkaia.com\/blog\/turismo-cultural-artistico-bizkaia\/\" target=\"_blank\">Turismo cultural y art\u00edstico en Bizkaia<\/a><\/div><\/li><\/ul><\/div>\r\n\r\n<\/figure>\r\n","protected":false},"excerpt":{"rendered":"<p>\u00a1Vuelve el festival de m\u00fasica cl\u00e1sica de Bilbao! El primer fin de semana de marzo, los d\u00edas 7,8 y 9,\u00a0 Bilbao celebra la 24 edici\u00f3n del\u00a0 Festival Musika-M\u00fasica con conciertos de forma simult\u00e1nea en diferentes espacios del Palacio Euskalduna. Este&#8230; <a class=\"more-link\" href=\"https:\/\/www.disfrutabizkaia.com\/blog\/musika-musica\/\">Seguir leyendo &rarr;<\/a><\/p>\n","protected":false},"author":2,"featured_media":6858,"comment_status":"open","ping_status":"open","sticky":false,"template":"","format":"standard","meta":{"_acf_changed":false,"footnotes":""},"categories":[48,1,47],"tags":[19,24,28,13,30],"class_list":["post-742","post","type-post","status-publish","format-standard","has-post-thumbnail","hentry","category-con-ninos","category-disfruta-bizkaia","category-planes","tag-bilbao","tag-bizkaia","tag-cultura","tag-festivales","tag-musica"],"acf":[],"_links":{"self":[{"href":"https:\/\/www.disfrutabizkaia.com\/blog\/wp-json\/wp\/v2\/posts\/742","targetHints":{"allow":["GET"]}}],"collection":[{"href":"https:\/\/www.disfrutabizkaia.com\/blog\/wp-json\/wp\/v2\/posts"}],"about":[{"href":"https:\/\/www.disfrutabizkaia.com\/blog\/wp-json\/wp\/v2\/types\/post"}],"author":[{"embeddable":true,"href":"https:\/\/www.disfrutabizkaia.com\/blog\/wp-json\/wp\/v2\/users\/2"}],"replies":[{"embeddable":true,"href":"https:\/\/www.disfrutabizkaia.com\/blog\/wp-json\/wp\/v2\/comments?post=742"}],"version-history":[{"count":63,"href":"https:\/\/www.disfrutabizkaia.com\/blog\/wp-json\/wp\/v2\/posts\/742\/revisions"}],"predecessor-version":[{"id":6860,"href":"https:\/\/www.disfrutabizkaia.com\/blog\/wp-json\/wp\/v2\/posts\/742\/revisions\/6860"}],"wp:featuredmedia":[{"embeddable":true,"href":"https:\/\/www.disfrutabizkaia.com\/blog\/wp-json\/wp\/v2\/media\/6858"}],"wp:attachment":[{"href":"https:\/\/www.disfrutabizkaia.com\/blog\/wp-json\/wp\/v2\/media?parent=742"}],"wp:term":[{"taxonomy":"category","embeddable":true,"href":"https:\/\/www.disfrutabizkaia.com\/blog\/wp-json\/wp\/v2\/categories?post=742"},{"taxonomy":"post_tag","embeddable":true,"href":"https:\/\/www.disfrutabizkaia.com\/blog\/wp-json\/wp\/v2\/tags?post=742"}],"curies":[{"name":"wp","href":"https:\/\/api.w.org\/{rel}","templated":true}]}}