{"id":7484,"date":"2025-11-27T17:36:57","date_gmt":"2025-11-27T16:36:57","guid":{"rendered":"https:\/\/www.disfrutabizkaia.com\/blog\/?p=7484"},"modified":"2025-11-28T09:34:04","modified_gmt":"2025-11-28T08:34:04","slug":"durangoko-azoka-2025","status":"publish","type":"post","link":"https:\/\/www.disfrutabizkaia.com\/blog\/durangoko-azoka-2025\/","title":{"rendered":"Durangoko Azoka 2025: 60 a\u00f1os de cultura vasca en ebullici\u00f3n\u00a0"},"content":{"rendered":"<p>Durangoko Azoka vuelve un a\u00f1o m\u00e1s\u2026 pero esta vez lo hace con un brillo especial: <strong>celebra su 60 aniversario<\/strong>. Seis d\u00e9cadas siendo el gran punto de encuentro de la cultura vasca, un lugar donde descubrir, aprender, emocionarse y, sobre todo, sentir orgullo por la creatividad de Euskal Herria.<\/p>\n<p>La edici\u00f3n de 2025 llega con m\u00e1s espacios, m\u00e1s propuestas y m\u00e1s energ\u00eda que nunca. No pod\u00eda ser de otra manera con un lema que lo dice todo: <strong>ZuNonHanDA!<\/strong> (\u201cT\u00fa, nosotros, aqu\u00ed \/ t\u00fa d\u00f3nde est\u00e1s \/ t\u00fa eres grande\u201d\u2026 un juego de palabras que invita a encontrarnos en la cultura y celebrar lo que nos une).<\/p>\n<p>Del <strong>5 al 8 de diciembre<\/strong>, Durango volver\u00e1 a ser el epicentro literario, musical y art\u00edstico del pa\u00eds con libros, discos, fanzines, arte, ilustraci\u00f3n, podcasts, talleres, charlas, danza, teatro, cine, tecnolog\u00eda y conciertos nocturnos.<br \/>\nUna aut\u00e9ntica fiesta cultural\u2026 \u00a1y este a\u00f1o, con m\u00e1s motivos que nunca!<\/p>\n<p><img loading=\"lazy\" decoding=\"async\" class=\"wp-image-7509 aligncenter\" src=\"https:\/\/www.disfrutabizkaia.com\/blog\/wp-content\/uploads\/2025\/11\/Erakusmahaien-inskripziorako-1.jpg\" alt=\"Durangoko Azoka_Bizkaia_DisfrutaBizkaia_Feria del libro y el Disco_Euskadi\" width=\"899\" height=\"599\" srcset=\"https:\/\/www.disfrutabizkaia.com\/blog\/wp-content\/uploads\/2025\/11\/Erakusmahaien-inskripziorako-1.jpg 1500w, https:\/\/www.disfrutabizkaia.com\/blog\/wp-content\/uploads\/2025\/11\/Erakusmahaien-inskripziorako-1-300x200.jpg 300w, https:\/\/www.disfrutabizkaia.com\/blog\/wp-content\/uploads\/2025\/11\/Erakusmahaien-inskripziorako-1-1024x683.jpg 1024w, https:\/\/www.disfrutabizkaia.com\/blog\/wp-content\/uploads\/2025\/11\/Erakusmahaien-inskripziorako-1-372x248.jpg 372w, https:\/\/www.disfrutabizkaia.com\/blog\/wp-content\/uploads\/2025\/11\/Erakusmahaien-inskripziorako-1-768x512.jpg 768w, https:\/\/www.disfrutabizkaia.com\/blog\/wp-content\/uploads\/2025\/11\/Erakusmahaien-inskripziorako-1-600x400.jpg 600w, https:\/\/www.disfrutabizkaia.com\/blog\/wp-content\/uploads\/2025\/11\/Erakusmahaien-inskripziorako-1-945x630.jpg 945w\" sizes=\"auto, (max-width: 899px) 100vw, 899px\" \/><\/p>\n<h1><span style=\"color: #ffcc00;\">Esta edici\u00f3n en n\u00fameros<\/span><\/h1>\n<p>Esta edici\u00f3n marcada por el aniversario rompe todos los r\u00e9cords:<\/p>\n<ul>\n<li><strong>285 stands<\/strong><\/li>\n<li><strong>175 participantes<\/strong><\/li>\n<li><strong>1.026 novedades culturales<\/strong>\n<ul>\n<li>694 libros<\/li>\n<li>163 trabajos musicales<\/li>\n<li>30 revistas<\/li>\n<li>139 productos alternativos (fanzines, audiolibros, podcasts, arte, etc.)<\/li>\n<\/ul>\n<\/li>\n<li><strong>273 actividades programadas<\/strong>, la cifra m\u00e1s alta de su historia<\/li>\n<\/ul>\n<p>Nunca antes la creatividad vasca hab\u00eda brillado con tanta fuerza bajo el techo de Landako.<\/p>\n<h1><span style=\"color: #ffcc00;\">Novedades que llegan para quedarse<\/span><\/h1>\n<p>Durangoko Azoka crece y se adapta. Este a\u00f1o estrena dos espacios permanentes que traen aire fresco a la feria.<\/p>\n<p>Para celebrar sus 60 a\u00f1os, Durangoko Azoka incorpora <strong>dos nuevos espacios<\/strong> que reflejan la evoluci\u00f3n natural de la cultura vasca.<\/p>\n<h2 style=\"padding-left: 40px;\"><strong>Berbagailua \u2013 Podcasten Plaza<\/strong><\/h2>\n<p style=\"padding-left: 40px;\">El mundo del podcast llega a la Azoka con un espacio propio en <strong>Madalena Ermitan<\/strong>.<br \/>\nPodcasts en euskera grabar\u00e1n programas en directo utilizando las novedades de la feria como punto de partida.<br \/>\nHabr\u00e1 p\u00fablico reducido (20 personas), y todos los episodios podr\u00e1n verse posteriormente online gracias a <strong>Azoka Telebista<\/strong>.<\/p>\n<h2 style=\"padding-left: 40px;\"><strong>Atartea \u2013 Arte Ederren Plaza<\/strong><\/h2>\n<p style=\"padding-left: 40px;\">La ilustraci\u00f3n se convierte en protagonista en este nuevo espacio dedicado a las Bellas Artes.<br \/>\nHabr\u00e1:<\/p>\n<ul>\n<li style=\"list-style-type: none;\">\n<ul>\n<li>Una <strong>exposici\u00f3n con 20 ilustradores e ilustradoras<\/strong><\/li>\n<li>Presentaciones en directo el 6 de diciembre<\/li>\n<li>La muestra <strong>Harien isla<\/strong>, de Irati Bazeta, ganadora de la Sormen Beka 2024<\/li>\n<\/ul>\n<\/li>\n<\/ul>\n<p style=\"padding-left: 40px;\">Un lugar ideal para descubrir talento gr\u00e1fico y nuevas miradas.<\/p>\n<h1><span style=\"color: #ffcc00;\">Los grandes espacios de Durangoko Azoka<\/span><\/h1>\n<h3 style=\"padding-left: 40px;\"><strong>Talaia<\/strong><\/h3>\n<p style=\"padding-left: 40px;\">Charlas, debates y presentaciones en Landako Gunea y el Museo.<br \/>\nTem\u00e1ticas destacadas:<\/p>\n<ul>\n<li style=\"list-style-type: none;\">\n<ul>\n<li>Homenaje a <strong>Joxe Azurmendi<\/strong><\/li>\n<li>Mesa sobre la figura de <strong>Jon Mirande<\/strong><\/li>\n<li>Presentaci\u00f3n de Euskaltzaindia por los <strong>50 a\u00f1os de la muerte de Gabriel Aresti<\/strong><\/li>\n<li>50\u00ba aniversario de <em>Amerikanuak<\/em>, con varias charlas en el museo<\/li>\n<\/ul>\n<\/li>\n<\/ul>\n<h3 style=\"padding-left: 40px;\"><strong>Berbagailua\u00a0<\/strong><\/h3>\n<p style=\"padding-left: 40px;\">Podcasts en directo. Programas en euskera que se grabar\u00e1n ante el p\u00fablico.<\/p>\n<h3 style=\"padding-left: 40px;\"><strong>Atartea\u00a0<\/strong><\/h3>\n<p style=\"padding-left: 40px;\">Exposici\u00f3n, charlas y encuentro con ilustradores.<\/p>\n<h3 style=\"padding-left: 40px;\"><strong>Ahotsenea:\u00a0 <\/strong><\/h3>\n<p style=\"padding-left: 40px;\">Libros y m\u00fasica: se presentar\u00e1n 49 libros y 34 discos. Un espacio para conocer las voces actuales de la literatura y la m\u00fasica vasca.<\/p>\n<h3 style=\"padding-left: 40px;\"><strong>Irudienea\u00a0<\/strong><\/h3>\n<p style=\"padding-left: 40px;\">Cine, audiovisual y ficci\u00f3n: m\u00e1s de 35 actividades con estrenos de pel\u00edculas, documentales, series, encuentros con directores y artistas. Entre los t\u00edtulos destacados, <em>Jone, batzuetan<\/em>, <em>Gaua<\/em>, documentales sobre Akelarre o Lurdes Iriondo, estren\u00f3 la serie <em>Piztiak<\/em> y ver\u00e1 nueva temporada <em>Loa eta Laia<\/em>.<\/p>\n<h3 style=\"padding-left: 40px;\"><strong>Kabia<\/strong><\/h3>\n<p style=\"padding-left: 40px;\">Tecnolog\u00eda, creatividad y nuevas formas: foros, talleres, videojuegos, rol, creaci\u00f3n digital\u2026 un espacio para lo contempor\u00e1neo.<\/p>\n<h3 style=\"padding-left: 40px;\"><strong>Saguganbara\u00a0<\/strong><\/h3>\n<p style=\"padding-left: 40px;\">Espacio infantil y juvenil: m\u00e1s de 24 actividades para ni\u00f1as\/os y familias: cuentacuentos, m\u00fasica, talleres, juegos\u2026 para que los m\u00e1s j\u00f3venes tambi\u00e9n vivan la Azoka.<\/p>\n<h3 style=\"padding-left: 40px;\"><strong>Szenatokia\u00a0<\/strong><\/h3>\n<p style=\"padding-left: 40px;\">Artes esc\u00e9nicas: danza, teatro y humor con nueve compa\u00f1\u00edas que ofrecer\u00e1n dos pases diarios. De lo m\u00e1s variado: danza de vanguardia, mon\u00f3logos, teatro cl\u00e1sico o alternativo\u2026<\/p>\n<h2><span style=\"color: #ffcc00;\">Y cuando cae la noche&#8230; la cultura no para<\/span><\/h2>\n<p>Como ya es tradici\u00f3n, la programaci\u00f3n contin\u00faa m\u00e1s all\u00e1 del cierre de Landako, con una potente agenda nocturna:<\/p>\n<ul>\n<li><strong>5 diciembre<\/strong> \u2013 Conciertos de Lukiek + Ezezez<\/li>\n<li><strong>6 diciembre<\/strong> \u2013 Mirua + Naxker; adem\u00e1s recital de Behe Banda y espect\u00e1culo de la compa\u00f1\u00eda BostOK! Teatro<\/li>\n<li><strong>7 diciembre<\/strong> \u2013 Espect\u00e1culo del laboratorio Formol Laborategia, homenaje a la figura de Bittor Kapanaga y proyecci\u00f3n de la pel\u00edcula Gaua con su director presente.<\/li>\n<\/ul>\n<p>Una oportunidad perfecta para combinar cultura diurna con planes nocturnos, libros + conciertos + cine&#8230; y aprovechar al m\u00e1ximo el festival.<\/p>\n<h1>&#x1f4cc; Informaci\u00f3n pr\u00e1ctica<\/h1>\n<ul>\n<li><a href=\"https:\/\/www.durangokoazoka.eus\/es\/programacion\"><strong>Programaci\u00f3n completa<\/strong><\/a><\/li>\n<li><strong>Transporte:<\/strong> Euskotren reforzar\u00e1 frecuencias y trenes nocturnos (5, 6 y 7).<\/li>\n<li><strong>Parking + lanzadera:<\/strong> Del 6 al 8, autobuses gratuitos desde el parking de Iurreta.<\/li>\n<li><strong>D\u00eda escolar:<\/strong> 5 de diciembre, con actividades espec\u00edficas para alumnado.<\/li>\n<li><strong>Gazte Eztanda:<\/strong> 6 de diciembre, programaci\u00f3n especial para j\u00f3venes + autobuses desde Baiona, Iru\u00f1ea, Gasteiz y Bermeo.<\/li>\n<li><strong>Protocolo contra agresiones machistas:<\/strong> Puntos morados en todos los espacios.<\/li>\n<li><strong>Acto solidario:<\/strong> Paro el 7 de diciembre a las 14:00 en apoyo al pueblo palestino.<\/li>\n<li><strong>Horarios:<\/strong>\n<ul>\n<li>10:30\u201320:00 (todos los d\u00edas)<\/li>\n<li>8 de diciembre: cierre a las 18:00<\/li>\n<\/ul>\n<\/li>\n<\/ul>\n<p>&nbsp;<\/p>\n<p>Este 2025, la Azoka no se limita a celebrar su historia. Con <strong>ZuNonHanDA!<\/strong>, ampl\u00eda horizontes, suma nuevas formas de expresi\u00f3n, apuesta por lo joven, lo digital, lo visual, lo sonoro y lo colectivo. Desde los podcasts al cartel ilustrado, desde conciertos nocturnos hasta propuestas infantiles&#8230; hay un pedacito de cultura para cada persona.<\/p>\n<p>As\u00ed que prepara tu visita, tu agenda y tu curiosidad: <a href=\"https:\/\/www.disfrutabizkaia.com\/que-hacer\/durango\/\"><span style=\"color: #ffcc00;\"><strong>Durango<\/strong><\/span><\/a> te espera con los brazos abiertos, los libros en las manos, la m\u00fasica en el aire&#8230; y la cultura vasca latiendo m\u00e1s fuerte que nunca<\/p>\n<p><img loading=\"lazy\" decoding=\"async\" class=\"aligncenter wp-image-5315 size-full\" src=\"https:\/\/www.disfrutabizkaia.com\/blog\/wp-content\/uploads\/2023\/05\/banner-bizkaiko-jatetxeak.gif\" alt=\"\" width=\"678\" height=\"181\" \/><\/p>\n<p>&nbsp;<\/p>\n","protected":false},"excerpt":{"rendered":"<p>Durangoko Azoka vuelve un a\u00f1o m\u00e1s\u2026 pero esta vez lo hace con un brillo especial: celebra su 60 aniversario. Seis d\u00e9cadas siendo el gran punto de encuentro de la cultura vasca, un lugar donde descubrir, aprender, emocionarse y, sobre todo,&#8230; <a class=\"more-link\" href=\"https:\/\/www.disfrutabizkaia.com\/blog\/durangoko-azoka-2025\/\">Seguir leyendo &rarr;<\/a><\/p>\n","protected":false},"author":2,"featured_media":7493,"comment_status":"open","ping_status":"closed","sticky":false,"template":"","format":"standard","meta":{"_acf_changed":false,"footnotes":""},"categories":[48,1,47,50],"tags":[],"class_list":["post-7484","post","type-post","status-publish","format-standard","has-post-thumbnail","hentry","category-con-ninos","category-disfruta-bizkaia","category-planes","category-tradiciones"],"acf":[],"_links":{"self":[{"href":"https:\/\/www.disfrutabizkaia.com\/blog\/wp-json\/wp\/v2\/posts\/7484","targetHints":{"allow":["GET"]}}],"collection":[{"href":"https:\/\/www.disfrutabizkaia.com\/blog\/wp-json\/wp\/v2\/posts"}],"about":[{"href":"https:\/\/www.disfrutabizkaia.com\/blog\/wp-json\/wp\/v2\/types\/post"}],"author":[{"embeddable":true,"href":"https:\/\/www.disfrutabizkaia.com\/blog\/wp-json\/wp\/v2\/users\/2"}],"replies":[{"embeddable":true,"href":"https:\/\/www.disfrutabizkaia.com\/blog\/wp-json\/wp\/v2\/comments?post=7484"}],"version-history":[{"count":4,"href":"https:\/\/www.disfrutabizkaia.com\/blog\/wp-json\/wp\/v2\/posts\/7484\/revisions"}],"predecessor-version":[{"id":7511,"href":"https:\/\/www.disfrutabizkaia.com\/blog\/wp-json\/wp\/v2\/posts\/7484\/revisions\/7511"}],"wp:featuredmedia":[{"embeddable":true,"href":"https:\/\/www.disfrutabizkaia.com\/blog\/wp-json\/wp\/v2\/media\/7493"}],"wp:attachment":[{"href":"https:\/\/www.disfrutabizkaia.com\/blog\/wp-json\/wp\/v2\/media?parent=7484"}],"wp:term":[{"taxonomy":"category","embeddable":true,"href":"https:\/\/www.disfrutabizkaia.com\/blog\/wp-json\/wp\/v2\/categories?post=7484"},{"taxonomy":"post_tag","embeddable":true,"href":"https:\/\/www.disfrutabizkaia.com\/blog\/wp-json\/wp\/v2\/tags?post=7484"}],"curies":[{"name":"wp","href":"https:\/\/api.w.org\/{rel}","templated":true}]}}