{"id":7839,"date":"2026-03-09T00:05:37","date_gmt":"2026-03-08T23:05:37","guid":{"rendered":"https:\/\/www.disfrutabizkaia.com\/blog\/?p=7839"},"modified":"2026-03-20T09:43:06","modified_gmt":"2026-03-20T08:43:06","slug":"bizkaia-semana-santa-2026-tu-plan-tu-manera","status":"publish","type":"post","link":"https:\/\/www.disfrutabizkaia.com\/blog\/bizkaia-semana-santa-2026-tu-plan-tu-manera\/","title":{"rendered":"Bizkaia, Semana Santa 2026: Tu plan, a tu manera"},"content":{"rendered":"<div class=\"mceTemp\"><\/div>\n\n\t\t<style type=\"text\/css\">\n\t\t\t#gallery-1 {\n\t\t\t\tmargin: auto;\n\t\t\t}\n\t\t\t#gallery-1 .gallery-item {\n\t\t\t\tfloat: left;\n\t\t\t\tmargin-top: 10px;\n\t\t\t\ttext-align: center;\n\t\t\t\twidth: 12%;\n\t\t\t}\n\t\t\t#gallery-1 img {\n\t\t\t\tborder: 2px solid #cfcfcf;\n\t\t\t}\n\t\t\t#gallery-1 .gallery-caption {\n\t\t\t\tmargin-left: 0;\n\t\t\t}\n\t\t\t\/* see gallery_shortcode() in wp-includes\/media.php *\/\n\t\t<\/style>\n\t\t<div id='gallery-1' class='gallery galleryid-7839 gallery-columns-8 gallery-size-thumbnail'><dl class='gallery-item'>\n\t\t\t<dt class='gallery-icon landscape'>\n\t\t\t\t<a href='https:\/\/www.disfrutabizkaia.com\/blog\/24-horas-en-durango-plan-redondo-en-el-corazon-de-bizkaia\/attachment\/37225\/'><img loading=\"lazy\" decoding=\"async\" width=\"372\" height=\"248\" src=\"https:\/\/www.disfrutabizkaia.com\/blog\/wp-content\/uploads\/2026\/01\/37225-372x248.jpg\" class=\"attachment-thumbnail size-thumbnail\" alt=\"\" srcset=\"https:\/\/www.disfrutabizkaia.com\/blog\/wp-content\/uploads\/2026\/01\/37225-372x248.jpg 372w, https:\/\/www.disfrutabizkaia.com\/blog\/wp-content\/uploads\/2026\/01\/37225-300x201.jpg 300w, https:\/\/www.disfrutabizkaia.com\/blog\/wp-content\/uploads\/2026\/01\/37225-600x402.jpg 600w, https:\/\/www.disfrutabizkaia.com\/blog\/wp-content\/uploads\/2026\/01\/37225.jpg 736w\" sizes=\"auto, (max-width: 372px) 100vw, 372px\" \/><\/a>\n\t\t\t<\/dt><\/dl><dl class='gallery-item'>\n\t\t\t<dt class='gallery-icon landscape'>\n\t\t\t\t<a href='https:\/\/www.disfrutabizkaia.com\/blog\/visitas-para-este-verano-en-bizkaia-planes-escapadas-para-disfrutar-en-agosto\/nuevo-destacado-blog-disfruta-560x315-63\/'><img loading=\"lazy\" decoding=\"async\" width=\"372\" height=\"248\" src=\"https:\/\/www.disfrutabizkaia.com\/blog\/wp-content\/uploads\/2025\/07\/NUEVO-destacado-BLOG-Disfruta-560x315-63-372x248.jpg\" class=\"attachment-thumbnail size-thumbnail\" alt=\"\" \/><\/a>\n\t\t\t<\/dt><\/dl><dl class='gallery-item'>\n\t\t\t<dt class='gallery-icon landscape'>\n\t\t\t\t<a href='https:\/\/www.disfrutabizkaia.com\/blog\/visitas-para-este-verano-en-bizkaia-planes-escapadas-para-disfrutar-en-agosto\/nuevo-destacado-blog-disfruta-560x315-68\/'><img loading=\"lazy\" decoding=\"async\" width=\"372\" height=\"248\" src=\"https:\/\/www.disfrutabizkaia.com\/blog\/wp-content\/uploads\/2025\/07\/NUEVO-destacado-BLOG-Disfruta-560x315-68-372x248.jpg\" class=\"attachment-thumbnail size-thumbnail\" alt=\"\" \/><\/a>\n\t\t\t<\/dt><\/dl><dl class='gallery-item'>\n\t\t\t<dt class='gallery-icon landscape'>\n\t\t\t\t<a href='https:\/\/www.disfrutabizkaia.com\/blog\/semana-santa-en-bizkaia-ideas-para-aprovecharla-al-maximo\/balmaseda-via-crucis_bizkaia_semana-santa_turismo_disfruta-bizkaia\/'><img loading=\"lazy\" decoding=\"async\" width=\"372\" height=\"248\" src=\"https:\/\/www.disfrutabizkaia.com\/blog\/wp-content\/uploads\/2025\/04\/balmaseda-via-crucis_bizkaia_semana-santa_turismo_disfruta-bizkaia-372x248.jpg\" class=\"attachment-thumbnail size-thumbnail\" alt=\"\" \/><\/a>\n\t\t\t<\/dt><\/dl><dl class='gallery-item'>\n\t\t\t<dt class='gallery-icon landscape'>\n\t\t\t\t<a href='https:\/\/www.disfrutabizkaia.com\/blog\/?attachment_id=2815'><img loading=\"lazy\" decoding=\"async\" width=\"372\" height=\"248\" src=\"https:\/\/www.disfrutabizkaia.com\/blog\/wp-content\/uploads\/2018\/03\/Gernika_arbol_casa-de-juntas-372x248.jpg\" class=\"attachment-thumbnail size-thumbnail\" alt=\"Casa de Juntas y \u00c1rbol de Gernika\" srcset=\"https:\/\/www.disfrutabizkaia.com\/blog\/wp-content\/uploads\/2018\/03\/Gernika_arbol_casa-de-juntas-372x248.jpg 372w, https:\/\/www.disfrutabizkaia.com\/blog\/wp-content\/uploads\/2018\/03\/Gernika_arbol_casa-de-juntas-300x199.jpg 300w, https:\/\/www.disfrutabizkaia.com\/blog\/wp-content\/uploads\/2018\/03\/Gernika_arbol_casa-de-juntas-768x510.jpg 768w, https:\/\/www.disfrutabizkaia.com\/blog\/wp-content\/uploads\/2018\/03\/Gernika_arbol_casa-de-juntas-1024x680.jpg 1024w, https:\/\/www.disfrutabizkaia.com\/blog\/wp-content\/uploads\/2018\/03\/Gernika_arbol_casa-de-juntas-945x628.jpg 945w, https:\/\/www.disfrutabizkaia.com\/blog\/wp-content\/uploads\/2018\/03\/Gernika_arbol_casa-de-juntas-600x398.jpg 600w, https:\/\/www.disfrutabizkaia.com\/blog\/wp-content\/uploads\/2018\/03\/Gernika_arbol_casa-de-juntas.jpg 1280w\" sizes=\"auto, (max-width: 372px) 100vw, 372px\" \/><\/a>\n\t\t\t<\/dt><\/dl><dl class='gallery-item'>\n\t\t\t<dt class='gallery-icon landscape'>\n\t\t\t\t<a href='https:\/\/www.disfrutabizkaia.com\/blog\/visitas-para-este-verano-en-bizkaia-planes-escapadas-para-disfrutar-en-agosto\/nuevo-destacado-blog-disfruta-560x315-65\/'><img loading=\"lazy\" decoding=\"async\" width=\"372\" height=\"248\" src=\"https:\/\/www.disfrutabizkaia.com\/blog\/wp-content\/uploads\/2025\/07\/NUEVO-destacado-BLOG-Disfruta-560x315-65-372x248.jpg\" class=\"attachment-thumbnail size-thumbnail\" alt=\"\" \/><\/a>\n\t\t\t<\/dt><\/dl><dl class='gallery-item'>\n\t\t\t<dt class='gallery-icon landscape'>\n\t\t\t\t<a href='https:\/\/www.disfrutabizkaia.com\/blog\/planes-para-este-septiembre-en-bizkaia\/palabras-post-insta-1\/'><img loading=\"lazy\" decoding=\"async\" width=\"372\" height=\"248\" src=\"https:\/\/www.disfrutabizkaia.com\/blog\/wp-content\/uploads\/2024\/09\/Palabras-Post-insta-1-372x248.jpg\" class=\"attachment-thumbnail size-thumbnail\" alt=\"\" \/><\/a>\n\t\t\t<\/dt><\/dl><dl class='gallery-item'>\n\t\t\t<dt class='gallery-icon landscape'>\n\t\t\t\t<a href='https:\/\/www.disfrutabizkaia.com\/blog\/?attachment_id=3979'><img loading=\"lazy\" decoding=\"async\" width=\"372\" height=\"248\" src=\"https:\/\/www.disfrutabizkaia.com\/blog\/wp-content\/uploads\/2021\/03\/plentzia-paseo-hotel-bahia-de-plentzia-372x248.jpeg\" class=\"attachment-thumbnail size-thumbnail\" alt=\"\" \/><\/a>\n\t\t\t<\/dt><\/dl><br style=\"clear: both\" \/>\n\t\t<\/div>\n\n<p data-path-to-node=\"4\">\u00bfA qu\u00e9 te sabe la Semana Santa? \u00bfA salitre, a monte, a tradici\u00f3n o a un buen pintxo en una terraza al sol?<\/p>\n<p data-path-to-node=\"4\">En <strong>Bizkaia<\/strong> no tienes que elegir, porque aqu\u00ed el plan perfecto es no tener que elegir. Este 2026 te invitamos a redescubrir nuestra tierra sin mirar el reloj, disfrutando de esa cercan\u00eda que nos hace \u00fanicos.<\/p>\n<p data-path-to-node=\"5\">Desde el rugir del Cant\u00e1brico hasta el silencio de nuestro montes, Bizkaia se viste de gala para que vivas unos d\u00edas inolvidables. \u00bfTe vienes?<\/p>\n<div id=\"model-response-message-contentr_fc376270b4a39056\" class=\"markdown markdown-main-panel enable-updated-hr-color preserve-whitespaces-in-response\" dir=\"ltr\" aria-live=\"polite\" aria-busy=\"false\">\n<h2><span style=\"color: #ffcc00;\">Semana Santa en Bilbao: tradici\u00f3n, cultura y gastronom\u00eda<\/span><\/h2>\n<p data-path-to-node=\"7\">En <strong>Semana Santa<\/strong>, el Botxo se revoluciona. Es ese momento \u00fanico en el que el respeto de las procesiones de toda la vida se cruza con el ambientazo y la frescura de los planes que ahora mandan.<\/p>\n<p data-path-to-node=\"7\">Si crees que ya te conoces la Villa de memoria, date una vuelta estos d\u00edas; vas a descubrir un Bilbao con una energ\u00eda diferente, de esas que solo se sienten cuando la tradici\u00f3n y las ganas de disfrutar se juntan en la calle.<\/p>\n<h3 style=\"padding-left: 40px;\" data-path-to-node=\"8\"><b data-path-to-node=\"8\" data-index-in-node=\"0\">Basque FEST 2026:\u00a0<\/b><\/h3>\n<h3 style=\"padding-left: 40px;\" data-path-to-node=\"8\"><b data-path-to-node=\"8\" data-index-in-node=\"0\"><img loading=\"lazy\" decoding=\"async\" class=\" wp-image-1336 alignleft\" src=\"https:\/\/www.disfrutabizkaia.com\/blog\/wp-content\/uploads\/2018\/03\/Danzas-vascas-Basque-Fest-Guggenheim-imagen-Bilbao-Turismo-e1522062926862-300x150.jpg\" alt=\"\" width=\"384\" height=\"192\" \/><\/b><\/h3>\n<p style=\"padding-left: 40px;\" data-path-to-node=\"9\">Del <b data-path-to-node=\"9\" data-index-in-node=\"4\">2 al 4 de abril<\/b>, Bilbao no solo se visita, se celebra. Olvida los festivales al uso; <b data-path-to-node=\"9\" data-index-in-node=\"89\">Basque FEST<\/b> es una inmersi\u00f3n total en nuestra identidad. Las calles se inundan de m\u00fasica que eriza la piel, danzas que cuentan historias antiguas y la fuerza noble de los <i data-path-to-node=\"9\" data-index-in-node=\"260\">herri kirolak<\/i>. Son m\u00e1s de 100 propuestas gratuitas que convierten la ciudad en un escaparate vivo de lo que somos.<\/p>\n<p style=\"padding-left: 40px;\" data-path-to-node=\"9\"><i data-path-to-node=\"9\" data-index-in-node=\"375\">\u00a1No nos quites el ojo de encima porque muy pronto publicaremos el programa completo para este 2026!<\/i><\/p>\n<h3 style=\"padding-left: 40px;\" data-path-to-node=\"10\"><b data-path-to-node=\"10\" data-index-in-node=\"0\">Procesiones con alma:\u00a0<\/b><\/h3>\n<h3 style=\"padding-left: 40px;\" data-path-to-node=\"13\"><b data-path-to-node=\"13\" data-index-in-node=\"0\"><img loading=\"lazy\" decoding=\"async\" class=\" wp-image-7856 alignright\" src=\"https:\/\/www.disfrutabizkaia.com\/blog\/wp-content\/uploads\/2026\/03\/fotos_web_disfruta-bizkaia_RESTAURANTES_BAUSK_ASIAN-FUSION-1-300x189.jpg\" alt=\"\" width=\"337\" height=\"212\" srcset=\"https:\/\/www.disfrutabizkaia.com\/blog\/wp-content\/uploads\/2026\/03\/fotos_web_disfruta-bizkaia_RESTAURANTES_BAUSK_ASIAN-FUSION-1-300x189.jpg 300w, https:\/\/www.disfrutabizkaia.com\/blog\/wp-content\/uploads\/2026\/03\/fotos_web_disfruta-bizkaia_RESTAURANTES_BAUSK_ASIAN-FUSION-1-768x484.jpg 768w, https:\/\/www.disfrutabizkaia.com\/blog\/wp-content\/uploads\/2026\/03\/fotos_web_disfruta-bizkaia_RESTAURANTES_BAUSK_ASIAN-FUSION-1-600x378.jpg 600w, https:\/\/www.disfrutabizkaia.com\/blog\/wp-content\/uploads\/2026\/03\/fotos_web_disfruta-bizkaia_RESTAURANTES_BAUSK_ASIAN-FUSION-1.jpg 903w\" sizes=\"auto, (max-width: 337px) 100vw, 337px\" \/><\/b><\/h3>\n<p style=\"padding-left: 40px;\" data-path-to-node=\"11\">Vivir la Semana Santa bilba\u00edna es descubrir una faceta \u00edntima y sobrecogedora de la ciudad. El <b data-path-to-node=\"11\" data-index-in-node=\"95\">Domingo de Ramos (29 de marzo)<\/b>, la alegr\u00eda inunda el centro con la procesi\u00f3n <b data-path-to-node=\"11\" data-index-in-node=\"172\">\u201cdel Borriquito\u201d<\/b>, el inicio perfecto para una semana de contrastes.<\/p>\n<p style=\"padding-left: 40px;\" data-path-to-node=\"12\">Pero si buscas un momento que te detenga el pulso, tienes que acudir a la <b data-path-to-node=\"12\" data-index-in-node=\"74\">Procesi\u00f3n del Nazareno<\/b> el Lunes Santo. Ver las im\u00e1genes avanzar por los barrios altos y alcanzar su momento cumbre en la <b data-path-to-node=\"12\" data-index-in-node=\"195\">calle Cortes<\/b>, donde el silencio sepulcral se rompe con el lamento profundo de las <b data-path-to-node=\"12\" data-index-in-node=\"277\">saetas<\/b>, es una experiencia que trasciende lo religioso y te pone los pelos de punta.<\/p>\n<h3 style=\"padding-left: 40px;\" data-path-to-node=\"13\"><b data-path-to-node=\"13\" data-index-in-node=\"0\">Los planes que no pueden faltar en Bilbao:<\/b><\/h3>\n<p style=\"padding-left: 40px;\" data-path-to-node=\"14\">Bilbao no se explica, se patea. Es una ciudad que se descubre con los cinco sentidos y, sobre todo, sin prisa:<\/p>\n\n\t\t<style type=\"text\/css\">\n\t\t\t#gallery-2 {\n\t\t\t\tmargin: auto;\n\t\t\t}\n\t\t\t#gallery-2 .gallery-item {\n\t\t\t\tfloat: left;\n\t\t\t\tmargin-top: 10px;\n\t\t\t\ttext-align: center;\n\t\t\t\twidth: 33%;\n\t\t\t}\n\t\t\t#gallery-2 img {\n\t\t\t\tborder: 2px solid #cfcfcf;\n\t\t\t}\n\t\t\t#gallery-2 .gallery-caption {\n\t\t\t\tmargin-left: 0;\n\t\t\t}\n\t\t\t\/* see gallery_shortcode() in wp-includes\/media.php *\/\n\t\t<\/style>\n\t\t<div id='gallery-2' class='gallery galleryid-7839 gallery-columns-3 gallery-size-thumbnail'><dl class='gallery-item'>\n\t\t\t<dt class='gallery-icon portrait'>\n\t\t\t\t<a href='https:\/\/www.disfrutabizkaia.com\/blog\/3-visitas-experiencias-para-conocer-el-patrimonio-industrial-de-bizkaia\/grua-carola-karola-museo-maritimo-itsasmuseum-bilbao-foto-propia\/'><img loading=\"lazy\" decoding=\"async\" width=\"372\" height=\"248\" src=\"https:\/\/www.disfrutabizkaia.com\/blog\/wp-content\/uploads\/2023\/02\/grua-carola-karola-museo-maritimo-itsasmuseum-bilbao-foto-propia-372x248.jpg\" class=\"attachment-thumbnail size-thumbnail\" alt=\"\" \/><\/a>\n\t\t\t<\/dt><\/dl><dl class='gallery-item'>\n\t\t\t<dt class='gallery-icon landscape'>\n\t\t\t\t<a href='https:\/\/www.disfrutabizkaia.com\/blog\/los-mejores-pintxos-de-bizkaia-2024\/nuevo-destacado-blog-disfruta-560x315-8\/'><img loading=\"lazy\" decoding=\"async\" width=\"372\" height=\"248\" src=\"https:\/\/www.disfrutabizkaia.com\/blog\/wp-content\/uploads\/2024\/06\/NUEVO-destacado-BLOG-Disfruta-560x315-8-372x248.jpg\" class=\"attachment-thumbnail size-thumbnail\" alt=\"\" \/><\/a>\n\t\t\t<\/dt><\/dl><dl class='gallery-item'>\n\t\t\t<dt class='gallery-icon landscape'>\n\t\t\t\t<a href='https:\/\/www.disfrutabizkaia.com\/blog\/planes-para-este-puente-en-bizkaia\/quotes-daily-facebook-post-1\/'><img loading=\"lazy\" decoding=\"async\" width=\"372\" height=\"248\" src=\"https:\/\/www.disfrutabizkaia.com\/blog\/wp-content\/uploads\/2024\/10\/Quotes-Daily-Facebook-Post-1-372x248.jpg\" class=\"attachment-thumbnail size-thumbnail\" alt=\"\" \/><\/a>\n\t\t\t<\/dt><\/dl><br style=\"clear: both\" \/>\n\t\t<\/div>\n\n<ul>\n<li style=\"list-style-type: none;\">\n<ul data-path-to-node=\"15\">\n<li>\n<p data-path-to-node=\"15,0,0\"><b data-path-to-node=\"15,0,0\" data-index-in-node=\"0\">Alimentar el esp\u00edritu en nuestros museos:<\/b> No es solo por la foto de rigor. Perderse entre las curvas de titanio del <b data-path-to-node=\"15,0,0\" data-index-in-node=\"116\">Guggenheim<\/b> es casi obligatorio, pero Bilbao tiene mucho m\u00e1s. El <b data-path-to-node=\"15,0,0\" data-index-in-node=\"180\">Museo de Bellas Artes<\/b> es nuestra joya de la corona, y el <b data-path-to-node=\"15,0,0\" data-index-in-node=\"237\">Arqueol\u00f3gico<\/b> te propone un viaje por nuestras ra\u00edces. Si sientes el orgullo marinero, el <b data-path-to-node=\"15,0,0\" data-index-in-node=\"326\">Itsasmuseum<\/b> a pies de la r\u00eda es parada fija. \u00bfPasi\u00f3n rojiblanca? El <b data-path-to-node=\"15,0,0\" data-index-in-node=\"394\">San Mam\u00e9s Museoa<\/b> te espera en \u00abLa Catedral\u00bb. Para algo diferente, el <b data-path-to-node=\"15,0,0\" data-index-in-node=\"463\">Museo de Reproducciones Art\u00edsticas<\/b> en San Francisco es un tesoro en una antigua iglesia, y el <b data-path-to-node=\"15,0,0\" data-index-in-node=\"557\">Museo de Arte Sacro<\/b> en Atxuri cobra estos d\u00edas un sentido especial.<\/p>\n<\/li>\n<li>\n<p data-path-to-node=\"15,1,0\"><b data-path-to-node=\"15,1,0\" data-index-in-node=\"0\">Paseo a pie por la R\u00eda:<\/b> Camina desde el Ayuntamiento hasta Olabeaga. Es un recorrido fascinante donde los antiguos muelles industriales ahora conviven con parques y dise\u00f1o de vanguardia. Cruza sus puentes y deja que la arquitectura te cuente c\u00f3mo nos hemos reinventado.<\/p>\n<\/li>\n<li>\n<p data-path-to-node=\"15,2,0\"><b data-path-to-node=\"15,2,0\" data-index-in-node=\"0\">Callejear por las Siete Calles:<\/b> Pisa las losas del <span style=\"color: #ffcc00;\"><a style=\"color: #ffcc00;\" href=\"https:\/\/www.disfrutabizkaia.com\/que-hacer\/casco-viejo-de-bilbao-un-viaje-a-traves-de-su-historia-secretos-y-curiosidades\/\"><b data-path-to-node=\"15,2,0\" data-index-in-node=\"51\">Casco Viejo<\/b><\/a><\/span>, levanta la vista hacia los balcones y respira ese ambiente \u00fanico. Es el laberinto donde naci\u00f3 todo, lleno de historia, bares, restaurantes\u00a0 y tiendas con solera.<\/p>\n<\/li>\n<li>\n<p data-path-to-node=\"15,3,0\"><b data-path-to-node=\"15,3,0\" data-index-in-node=\"0\">El arte del pintxo:<\/b> Aqu\u00ed el turismo se disfruta bocado a bocado. D\u00e9jate seducir por las barras de la <b data-path-to-node=\"15,3,0\" data-index-in-node=\"101\">Plaza Nueva<\/b>, o mu\u00e9vete por el <b data-path-to-node=\"15,3,0\" data-index-in-node=\"131\">Ensanche, Diputaci\u00f3n e Indautxu<\/b>. Cada zona tiene su joya en miniatura para acompa\u00f1ar un buen trago.<\/p>\n<\/li>\n<\/ul>\n<\/li>\n<\/ul>\n<h2 data-path-to-node=\"17\"><span style=\"color: #ffcc00;\">Santurtzi: Una aventura con Carmen la Sardinera<\/span><\/h2>\n<p data-path-to-node=\"18\"><img loading=\"lazy\" decoding=\"async\" class=\"size-medium wp-image-3810 alignleft\" src=\"https:\/\/www.disfrutabizkaia.com\/blog\/wp-content\/uploads\/2020\/10\/sardinera-santurce-visitas-teatralizadas-subasta-pescado-santurtzi-300x200.jpg\" alt=\"\" width=\"300\" height=\"200\" \/>Santurtzi se vive con su mabiente marinero. Este a\u00f1o, te proponemos un viaje en el tiempo que mezcla historia y humor a partes iguales.<\/p>\n<ul data-path-to-node=\"19\">\n<li>\n<p data-path-to-node=\"19,0,0\"><b data-path-to-node=\"19,0,0\" data-index-in-node=\"0\">\u00bfCu\u00e1ndo?<\/b> 2 y 3 de abril de 2026.<\/p>\n<\/li>\n<li>\n<p data-path-to-node=\"19,1,0\"><b data-path-to-node=\"19,1,0\" data-index-in-node=\"0\">Punto de encuentro:<\/b> Puerto de Santurtzi (Antigua Cofrad\u00eda).<\/p>\n<\/li>\n<li>\n<p data-path-to-node=\"19,2,0\"><b data-path-to-node=\"19,2,0\" data-index-in-node=\"0\">Entrada:<\/b> 2 \u20ac.<\/p>\n<\/li>\n<\/ul>\n<p data-path-to-node=\"20\">Olvida las gu\u00edas de manual. Aqu\u00ed la protagonista es Carmen, nuestra sardinera m\u00e1s pintoresca. Con su chispa \u00fanica, te llevar\u00e1 por los secretos de la vida marinera de anta\u00f1o. Risas, an\u00e9cdotas y un final de altura: una subasta de pescado a la vieja usanza, recreada en el mismo lugar donde anta\u00f1o se decid\u00eda el precio de la captura del d\u00eda. \u00a1Pura esencia de nuestra costa!<\/p>\n<h2 data-path-to-node=\"22\"><span style=\"color: #ffcc00;\">La Pasi\u00f3n Viviente de Balmaseda<\/span><\/h2>\n<p data-path-to-node=\"23\"><img loading=\"lazy\" decoding=\"async\" class=\"size-medium wp-image-4364 alignright\" src=\"https:\/\/www.disfrutabizkaia.com\/blog\/wp-content\/uploads\/2019\/04\/semana-santa-tradiciones-bizkaia-balmaseda-pasion-viviente-300x251.jpeg\" alt=\"\" width=\"300\" height=\"251\" srcset=\"https:\/\/www.disfrutabizkaia.com\/blog\/wp-content\/uploads\/2019\/04\/semana-santa-tradiciones-bizkaia-balmaseda-pasion-viviente-300x251.jpeg 300w, https:\/\/www.disfrutabizkaia.com\/blog\/wp-content\/uploads\/2019\/04\/semana-santa-tradiciones-bizkaia-balmaseda-pasion-viviente-600x503.jpeg 600w, https:\/\/www.disfrutabizkaia.com\/blog\/wp-content\/uploads\/2019\/04\/semana-santa-tradiciones-bizkaia-balmaseda-pasion-viviente.jpeg 680w\" sizes=\"auto, (max-width: 300px) 100vw, 300px\" \/>Uno de los grandes cl\u00e1sicos de la Semana Santa en Bizkaia es la\u00a0<strong>Pasi\u00f3n Viviente de<span style=\"color: #ffcc00;\"><a style=\"color: #ffcc00;\" href=\"https:\/\/www.disfrutabizkaia.com\/que-hacer\/pueblos-interior\/balmaseda\/c-7804\/es\" target=\"_blank\" rel=\"noopener\">Balmaseda<\/a>.<\/span><\/strong>\u00a0 Si hay una cita marcada en rojo, es esta. No es solo teatro, es el orgullo de todo un pueblo que se vuelca en recrear los \u00faltimos d\u00edas de Cristo con un realismo que sobrecoge.<\/p>\n<p data-path-to-node=\"23\">El <b data-path-to-node=\"23\" data-index-in-node=\"179\">Jueves Santo noche y el Viernes Santo ma\u00f1ana (2 y 3 de abril)<\/b>, Balmaseda se transforma en la Jerusal\u00e9n de hace dos mil a\u00f1os. Es, sencillamente, imprescindible.<\/p>\n<p data-path-to-node=\"23\">&#x1f4cd;\u00a0Info y entradas:\u00a0<a href=\"https:\/\/viacrucisbalmaseda.com\/\">viacrucisbalmaseda.com<\/a><\/p>\n<h2 data-path-to-node=\"25\"><\/h2>\n<h2 data-path-to-node=\"25\"><span style=\"color: #ffcc00;\">Uribe, Plentzia y Gorliz: El abrazo de la r\u00eda y el mar<\/span><\/h2>\n\n\t\t<style type=\"text\/css\">\n\t\t\t#gallery-3 {\n\t\t\t\tmargin: auto;\n\t\t\t}\n\t\t\t#gallery-3 .gallery-item {\n\t\t\t\tfloat: left;\n\t\t\t\tmargin-top: 10px;\n\t\t\t\ttext-align: center;\n\t\t\t\twidth: 33%;\n\t\t\t}\n\t\t\t#gallery-3 img {\n\t\t\t\tborder: 2px solid #cfcfcf;\n\t\t\t}\n\t\t\t#gallery-3 .gallery-caption {\n\t\t\t\tmargin-left: 0;\n\t\t\t}\n\t\t\t\/* see gallery_shortcode() in wp-includes\/media.php *\/\n\t\t<\/style>\n\t\t<div id='gallery-3' class='gallery galleryid-7839 gallery-columns-3 gallery-size-thumbnail'><dl class='gallery-item'>\n\t\t\t<dt class='gallery-icon landscape'>\n\t\t\t\t<a href='https:\/\/www.disfrutabizkaia.com\/blog\/bizkaia-semana-santa-2026-tu-plan-tu-manera\/attachment\/2\/'><img loading=\"lazy\" decoding=\"async\" width=\"372\" height=\"248\" src=\"https:\/\/www.disfrutabizkaia.com\/blog\/wp-content\/uploads\/2026\/03\/2-372x248.jpg\" class=\"attachment-thumbnail size-thumbnail\" alt=\"\" \/><\/a>\n\t\t\t<\/dt><\/dl><dl class='gallery-item'>\n\t\t\t<dt class='gallery-icon landscape'>\n\t\t\t\t<a href='https:\/\/www.disfrutabizkaia.com\/blog\/bizkaia-semana-santa-2026-tu-plan-tu-manera\/attachment\/4\/'><img loading=\"lazy\" decoding=\"async\" width=\"372\" height=\"248\" src=\"https:\/\/www.disfrutabizkaia.com\/blog\/wp-content\/uploads\/2026\/03\/4-372x248.jpg\" class=\"attachment-thumbnail size-thumbnail\" alt=\"\" \/><\/a>\n\t\t\t<\/dt><\/dl><dl class='gallery-item'>\n\t\t\t<dt class='gallery-icon landscape'>\n\t\t\t\t<a href='https:\/\/www.disfrutabizkaia.com\/blog\/bizkaia-semana-santa-2026-tu-plan-tu-manera\/attachment\/3\/'><img loading=\"lazy\" decoding=\"async\" width=\"372\" height=\"248\" src=\"https:\/\/www.disfrutabizkaia.com\/blog\/wp-content\/uploads\/2026\/03\/3-372x248.jpg\" class=\"attachment-thumbnail size-thumbnail\" alt=\"\" \/><\/a>\n\t\t\t<\/dt><\/dl><br style=\"clear: both\" \/>\n\t\t<\/div>\n\n<p data-path-to-node=\"26\">La comarca de Uribe es ese rinc\u00f3n donde el verde intenso de los vi\u00f1edos se funde con el azul del Cant\u00e1brico, creando el escenario perfecto para disfrutar de una amplia oferta de <a href=\"https:\/\/blog.uribe.eu\/uribe-tu-proximo-destino-esta-semana-santa\/\">actividades<\/a> culturales o gastron\u00f3micos para todos los p\u00fablicos.<\/p>\n<ul data-path-to-node=\"27\">\n<li>\n<p data-path-to-node=\"27,1,0\"><b data-path-to-node=\"27,1,0\" data-index-in-node=\"0\">Plentzia y Gorliz:<\/b> Es imposible no enamorarse de esta bah\u00eda. <b data-path-to-node=\"27,1,0\" data-index-in-node=\"61\">Plentzia<\/b> te invita a perderte por sus calles marineras y visitar el <b data-path-to-node=\"27,1,0\" data-index-in-node=\"129\">Museo Plasentia de Butr\u00f3n<\/b> (este a\u00f1o con la expo del centenario del S.D. Plentzia). Cruzando el puente, <b data-path-to-node=\"27,1,0\" data-index-in-node=\"232\">Gorliz<\/b> te ofrece su playa infinita, sus dunas y ese paseo hacia el faro que es uno de los mejores balcones al mar de Bizkaia.<\/p>\n<\/li>\n<\/ul>\n<h2 data-path-to-node=\"29\"><span style=\"color: #ffcc00;\">Rincones para visitar: Del interior a la costa<\/span><\/h2>\n\n\t\t<style type=\"text\/css\">\n\t\t\t#gallery-4 {\n\t\t\t\tmargin: auto;\n\t\t\t}\n\t\t\t#gallery-4 .gallery-item {\n\t\t\t\tfloat: left;\n\t\t\t\tmargin-top: 10px;\n\t\t\t\ttext-align: center;\n\t\t\t\twidth: 20%;\n\t\t\t}\n\t\t\t#gallery-4 img {\n\t\t\t\tborder: 2px solid #cfcfcf;\n\t\t\t}\n\t\t\t#gallery-4 .gallery-caption {\n\t\t\t\tmargin-left: 0;\n\t\t\t}\n\t\t\t\/* see gallery_shortcode() in wp-includes\/media.php *\/\n\t\t<\/style>\n\t\t<div id='gallery-4' class='gallery galleryid-7839 gallery-columns-5 gallery-size-thumbnail'><dl class='gallery-item'>\n\t\t\t<dt class='gallery-icon landscape'>\n\t\t\t\t<a href='https:\/\/www.disfrutabizkaia.com\/blog\/durango-ardo-saltsan-feria-vino-delicatessen\/durango-bizkaia\/'><img loading=\"lazy\" decoding=\"async\" width=\"248\" height=\"248\" src=\"https:\/\/www.disfrutabizkaia.com\/blog\/wp-content\/uploads\/2018\/02\/Durango-Bizkaia-e1519643435394-257x257.jpg\" class=\"attachment-thumbnail size-thumbnail\" alt=\"turismo-ver-hacer-Durango-Bizkaia\" \/><\/a>\n\t\t\t<\/dt><\/dl><dl class='gallery-item'>\n\t\t\t<dt class='gallery-icon landscape'>\n\t\t\t\t<a href='https:\/\/www.disfrutabizkaia.com\/blog\/que-hacer-en-el-puente-de-diciembre-en-bizkaia\/ondarroa-y-el-ro-artibai\/'><img loading=\"lazy\" decoding=\"async\" width=\"372\" height=\"248\" src=\"https:\/\/www.disfrutabizkaia.com\/blog\/wp-content\/uploads\/2018\/12\/Ondarroa_iglesia_casas_barcos-Fotolia_80132811_S-372x248.jpg\" class=\"attachment-thumbnail size-thumbnail\" alt=\"Ondarroa Bizkaia - Disfruta Bizkaia\" srcset=\"https:\/\/www.disfrutabizkaia.com\/blog\/wp-content\/uploads\/2018\/12\/Ondarroa_iglesia_casas_barcos-Fotolia_80132811_S-372x248.jpg 372w, https:\/\/www.disfrutabizkaia.com\/blog\/wp-content\/uploads\/2018\/12\/Ondarroa_iglesia_casas_barcos-Fotolia_80132811_S-300x200.jpg 300w, https:\/\/www.disfrutabizkaia.com\/blog\/wp-content\/uploads\/2018\/12\/Ondarroa_iglesia_casas_barcos-Fotolia_80132811_S-768x513.jpg 768w, https:\/\/www.disfrutabizkaia.com\/blog\/wp-content\/uploads\/2018\/12\/Ondarroa_iglesia_casas_barcos-Fotolia_80132811_S-600x400.jpg 600w, https:\/\/www.disfrutabizkaia.com\/blog\/wp-content\/uploads\/2018\/12\/Ondarroa_iglesia_casas_barcos-Fotolia_80132811_S-e1544020662386.jpg 750w\" sizes=\"auto, (max-width: 372px) 100vw, 372px\" \/><\/a>\n\t\t\t<\/dt><\/dl><dl class='gallery-item'>\n\t\t\t<dt class='gallery-icon landscape'>\n\t\t\t\t<a href='https:\/\/www.disfrutabizkaia.com\/blog\/24-horas-en-gernika-plan-redondo-en-el-corazon-de-bizkaia\/cosmopolita_disfruta-bizkaia-2\/'><img loading=\"lazy\" decoding=\"async\" width=\"372\" height=\"248\" src=\"https:\/\/www.disfrutabizkaia.com\/blog\/wp-content\/uploads\/2025\/01\/Cosmopolita_Disfruta-Bizkaia-2-372x248.jpg\" class=\"attachment-thumbnail size-thumbnail\" alt=\"\" \/><\/a>\n\t\t\t<\/dt><\/dl><dl class='gallery-item'>\n\t\t\t<dt class='gallery-icon landscape'>\n\t\t\t\t<a href='https:\/\/www.disfrutabizkaia.com\/blog\/semana-santa-en-bizkaia-ideas-para-aprovecharla-al-maximo\/lekeitio_bizkaia_disfrutabizkaia_semana-santa_turismo-bizkaia_costa-de-bizkaia\/'><img loading=\"lazy\" decoding=\"async\" width=\"372\" height=\"248\" src=\"https:\/\/www.disfrutabizkaia.com\/blog\/wp-content\/uploads\/2025\/04\/Lekeitio_Bizkaia_DisfrutaBizkaia_Semana-Santa_TURISMO-Bizkaia_Costa-de-Bizkaia-372x248.png\" class=\"attachment-thumbnail size-thumbnail\" alt=\"\" \/><\/a>\n\t\t\t<\/dt><\/dl><dl class='gallery-item'>\n\t\t\t<dt class='gallery-icon landscape'>\n\t\t\t\t<a href='https:\/\/www.disfrutabizkaia.com\/blog\/visitas-bizkaia-verano\/orduna-una-historia-que-contarte\/'><img loading=\"lazy\" decoding=\"async\" width=\"372\" height=\"248\" src=\"https:\/\/www.disfrutabizkaia.com\/blog\/wp-content\/uploads\/2019\/07\/orduna-una-historia-que-contarte-372x248.jpg\" class=\"attachment-thumbnail size-thumbnail\" alt=\"visitas-guiadas-ordu\u00f1a-turismo\" \/><\/a>\n\t\t\t<\/dt><\/dl><br style=\"clear: both\" \/>\n\t\t<\/div>\n\n<h3 style=\"padding-left: 40px;\" data-path-to-node=\"30\"><b data-path-to-node=\"30\" data-index-in-node=\"0\">Interior: Historia, paz y s\u00edmbolos<\/b><\/h3>\n<ul>\n<li style=\"list-style-type: none;\">\n<ul data-path-to-node=\"31\">\n<li>\n<p data-path-to-node=\"31,0,0\"><b data-path-to-node=\"31,0,0\" data-index-in-node=\"0\"><span style=\"color: #ffcc00;\"><a style=\"color: #ffcc00;\" href=\"https:\/\/www.disfrutabizkaia.com\/que-hacer\/gernika\/\">Gernika<\/a><\/span>:<\/b> S\u00edmbolo de libertades. Visitar la <b data-path-to-node=\"31,0,0\" data-index-in-node=\"43\">Casa de Juntas<\/b> y el <b data-path-to-node=\"31,0,0\" data-index-in-node=\"63\">\u00c1rbol de Gernika<\/b> es conectar con el coraz\u00f3n de lo vasco en pleno Urdaibai.<\/p>\n<\/li>\n<li>\n<p data-path-to-node=\"31,1,0\"><b data-path-to-node=\"31,1,0\" data-index-in-node=\"0\"><span style=\"color: #ffcc00;\"><a style=\"color: #ffcc00;\" href=\"https:\/\/www.disfrutabizkaia.com\/que-hacer\/durango\/\">Durango<\/a><\/span>:<\/b> El <b data-path-to-node=\"31,1,0\" data-index-in-node=\"12\">Viernes 3 de abril<\/b>, el pueblo se llena de narices rojas con el <b data-path-to-node=\"31,1,0\" data-index-in-node=\"75\">Tontolapiko Eguna<\/b>, un festival de clown que es pura magia para toda la familia.<\/p>\n<\/li>\n<li>\n<p data-path-to-node=\"31,2,0\"><b data-path-to-node=\"31,2,0\" data-index-in-node=\"0\"><span style=\"color: #ffcc00;\"><a style=\"color: #ffcc00;\" href=\"https:\/\/www.disfrutabizkaia.com\/que-hacer\/orduna\/\">Ordu\u00f1a<\/a><\/span> y Markina-Xemein:<\/b> Villas medievales que guardan historias de mercaderes y grandes pelotaris entre sus piedras. Este a\u00f1o, en Ordu\u00f1a, han preparadao diferentes <a href=\"https:\/\/www.ordunaturismo.com\/recuerda\/ms\">actividades<\/a> para disfrutar de estos d\u00edas festivos.<\/p>\n<\/li>\n<\/ul>\n<\/li>\n<\/ul>\n<h3 style=\"padding-left: 40px;\" data-path-to-node=\"32\"><b data-path-to-node=\"32\" data-index-in-node=\"0\">Costa: La fuerza del Cant\u00e1brico<\/b><\/h3>\n<p style=\"padding-left: 40px;\" data-path-to-node=\"33\">Desde el encanto de postal de <b data-path-to-node=\"33\" data-index-in-node=\"30\">Lekeitio<\/b> hasta el car\u00e1cter de <b data-path-to-node=\"33\" data-index-in-node=\"60\">Ondarroa<\/b>, pasando por la vida de <b data-path-to-node=\"33\" data-index-in-node=\"93\">Bermeo<\/b>, la elegancia de <b data-path-to-node=\"33\" data-index-in-node=\"117\">Getxo<\/b> o la ola de <b data-path-to-node=\"33\" data-index-in-node=\"135\">Mundaka<\/b>. Cada puerto tiene una historia; busca la tuya.<\/p>\n<h2 data-path-to-node=\"35\"><span style=\"color: #ffcc00;\">\u00a0Los \u00abmust\u00bb que no puedes saltarte<\/span><\/h2>\n\n\t\t<style type=\"text\/css\">\n\t\t\t#gallery-5 {\n\t\t\t\tmargin: auto;\n\t\t\t}\n\t\t\t#gallery-5 .gallery-item {\n\t\t\t\tfloat: left;\n\t\t\t\tmargin-top: 10px;\n\t\t\t\ttext-align: center;\n\t\t\t\twidth: 25%;\n\t\t\t}\n\t\t\t#gallery-5 img {\n\t\t\t\tborder: 2px solid #cfcfcf;\n\t\t\t}\n\t\t\t#gallery-5 .gallery-caption {\n\t\t\t\tmargin-left: 0;\n\t\t\t}\n\t\t\t\/* see gallery_shortcode() in wp-includes\/media.php *\/\n\t\t<\/style>\n\t\t<div id='gallery-5' class='gallery galleryid-7839 gallery-columns-4 gallery-size-thumbnail'><dl class='gallery-item'>\n\t\t\t<dt class='gallery-icon landscape'>\n\t\t\t\t<a href='https:\/\/www.disfrutabizkaia.com\/blog\/10-planes-para-el-puente-de-noviembre-en-bizkaia\/barcos-en-el-puerto-viejo-de-algorta-en-getxo-2\/'><img loading=\"lazy\" decoding=\"async\" width=\"372\" height=\"248\" src=\"https:\/\/www.disfrutabizkaia.com\/blog\/wp-content\/uploads\/2018\/10\/Barcos-en-el-Puerto-Viejo-de-Algorta-en-Getxo-1-372x248.jpg\" class=\"attachment-thumbnail size-thumbnail\" alt=\"puerto-viejo-algorta-getxo-rincones-encanto-turismo-bizkaia\" srcset=\"https:\/\/www.disfrutabizkaia.com\/blog\/wp-content\/uploads\/2018\/10\/Barcos-en-el-Puerto-Viejo-de-Algorta-en-Getxo-1-372x248.jpg 372w, https:\/\/www.disfrutabizkaia.com\/blog\/wp-content\/uploads\/2018\/10\/Barcos-en-el-Puerto-Viejo-de-Algorta-en-Getxo-1-300x200.jpg 300w, https:\/\/www.disfrutabizkaia.com\/blog\/wp-content\/uploads\/2018\/10\/Barcos-en-el-Puerto-Viejo-de-Algorta-en-Getxo-1-768x512.jpg 768w, https:\/\/www.disfrutabizkaia.com\/blog\/wp-content\/uploads\/2018\/10\/Barcos-en-el-Puerto-Viejo-de-Algorta-en-Getxo-1-945x630.jpg 945w, https:\/\/www.disfrutabizkaia.com\/blog\/wp-content\/uploads\/2018\/10\/Barcos-en-el-Puerto-Viejo-de-Algorta-en-Getxo-1-600x400.jpg 600w, https:\/\/www.disfrutabizkaia.com\/blog\/wp-content\/uploads\/2018\/10\/Barcos-en-el-Puerto-Viejo-de-Algorta-en-Getxo-1.jpg 1000w\" sizes=\"auto, (max-width: 372px) 100vw, 372px\" \/><\/a>\n\t\t\t<\/dt><\/dl><dl class='gallery-item'>\n\t\t\t<dt class='gallery-icon landscape'>\n\t\t\t\t<a href='https:\/\/www.disfrutabizkaia.com\/blog\/bizkaia-con-ninos-10-planes-imprescindibles\/the-forest-of-oma-urdaibai-biosphere-reserve-bizkaia-spain\/'><img loading=\"lazy\" decoding=\"async\" width=\"248\" height=\"248\" src=\"https:\/\/www.disfrutabizkaia.com\/blog\/wp-content\/uploads\/2016\/02\/Fotolia_91847091_S-e1532431273728-257x257.jpg\" class=\"attachment-thumbnail size-thumbnail\" alt=\"Bosque-pintado-Ibarrola-Oma-Bizkaia\" \/><\/a>\n\t\t\t<\/dt><\/dl><dl class='gallery-item'>\n\t\t\t<dt class='gallery-icon landscape'>\n\t\t\t\t<a href='https:\/\/www.disfrutabizkaia.com\/blog\/semana-santa-en-bizkaia-ideas-para-aprovecharla-al-maximo\/disfruta-bzikaia_bizkaia_cuevas_pozalagua_semana-santa\/'><img loading=\"lazy\" decoding=\"async\" width=\"372\" height=\"248\" src=\"https:\/\/www.disfrutabizkaia.com\/blog\/wp-content\/uploads\/2025\/04\/disfruta-bzikaia_bizkaia_cuevas_pozalagua_semana-santa-372x248.jpg\" class=\"attachment-thumbnail size-thumbnail\" alt=\"\" \/><\/a>\n\t\t\t<\/dt><\/dl><dl class='gallery-item'>\n\t\t\t<dt class='gallery-icon landscape'>\n\t\t\t\t<a href='https:\/\/www.disfrutabizkaia.com\/blog\/visitas-bizkaia-verano\/postcarrusel-1\/'><img loading=\"lazy\" decoding=\"async\" width=\"372\" height=\"248\" src=\"https:\/\/www.disfrutabizkaia.com\/blog\/wp-content\/uploads\/2023\/07\/postcarrusel-1-372x248.jpg\" class=\"attachment-thumbnail size-thumbnail\" alt=\"\" \/><\/a>\n\t\t\t<\/dt><\/dl><br style=\"clear: both\" \/>\n\t\t<\/div>\n\n<ul data-path-to-node=\"36\">\n<li>\n<p data-path-to-node=\"36,0,0\"><b data-path-to-node=\"36,0,0\" data-index-in-node=\"0\"><span style=\"color: #ffcc00;\"><a style=\"color: #ffcc00;\" href=\"https:\/\/www.disfrutabizkaia.com\/que-hacer\/san-juan-de-gaztelugatxe\/\">San Juan de Gaztelugatxe<\/a><\/span>:<\/b> Nuestra joya m\u00e1s internacional. Reserva tu entrada con tiempo y disfruta de los 241 escalones m\u00e1s gratificantes de tu vida.<\/p>\n<\/li>\n<li>\n<p data-path-to-node=\"36,1,0\"><span style=\"color: #ffcc00;\"><a style=\"color: #ffcc00;\" href=\"https:\/\/www.disfrutabizkaia.com\/que-hacer\/bosque-de-oma\/\"><b data-path-to-node=\"36,1,0\" data-index-in-node=\"0\">Bosque de Oma:<\/b><\/a><\/span> El arte de Ibarrola vuelve a latir entre los \u00e1rboles en un entorno m\u00e1gico.<\/p>\n<\/li>\n<li>\n<p data-path-to-node=\"36,2,0\"><b data-path-to-node=\"36,2,0\" data-index-in-node=\"0\">Puente Bizkaia y <span style=\"color: #000000;\">Puerto Viejo<\/span>:<\/b> Cruza el \u00ab<strong><span style=\"color: #ffcc00;\"><a style=\"color: #ffcc00;\" href=\"https:\/\/www.disfrutabizkaia.com\/que-hacer\/puente-de-vizcaya\/\">Puente Colgante<\/a><\/span><\/strong>\u00bb y termina la tarde en el <span style=\"color: #ffcc00;\"><a style=\"color: #ffcc00;\" href=\"https:\/\/www.disfrutabizkaia.com\/que-hacer\/puerto-viejo-algorta-getxo\/\"><b data-path-to-node=\"36,2,0\" data-index-in-node=\"83\">Puerto Viejo de Algorta<\/b><\/a><\/span>con un pintxo y una puesta de sol de las que no se olvidan.<\/p>\n<\/li>\n<li>\n<p data-path-to-node=\"36,3,0\"><b data-path-to-node=\"36,3,0\" data-index-in-node=\"0\">Cuevas de Pozalagua:<\/b> En Karrantza te espera la \u00abcatedral de las estalactitas\u00bb, un milagro geol\u00f3gico bajo tierra.<\/p>\n<\/li>\n<\/ul>\n<p>&nbsp;<\/p>\n<p data-path-to-node=\"38\">Esta Semana Santa, olv\u00eddate de las prisas.<\/p>\n<p data-path-to-node=\"38\">Esta Semana Santa no va de correr, va de saborear. De improvisar, de repetir ese sitio que siempre te gusta y de descubrir uno nuevo. De mezclar tradici\u00f3n y terraceo, mar y monte, y cultura y gastronom\u00f1ia.<\/p>\n<p data-path-to-node=\"38\"><strong>Bizkaia<\/strong> te est\u00e1 esperando para que la vivas a tu aire.<\/p>\n<\/div>\n<p data-path-to-node=\"39\"><a href=\"https:\/\/www.disfrutabizkaia.com\/dormir\/\"><img loading=\"lazy\" decoding=\"async\" class=\"aligncenter wp-image-3557 size-full\" src=\"https:\/\/www.disfrutabizkaia.com\/blog\/wp-content\/uploads\/2019\/09\/Banner-alojamiento-disfruta-bizkaia-blog.gif\" alt=\"D\u00f3nde dormir en Bilbao y Bizkaia\" width=\"678\" height=\"181\" \/><\/a><\/p>\n<div id=\"model-response-message-contentr_4c0f3ce14b3754ee\" class=\"markdown markdown-main-panel enable-updated-hr-color preserve-whitespaces-in-response\" dir=\"ltr\" aria-live=\"polite\" aria-busy=\"false\">\n<p data-path-to-node=\"41\"><div class=\"crp-list-container\"><h3 class=\"crp-list-title\">Related Posts<\/h3><ul class=\"crp-list\"><li class=\"crp-list-item crp-list-item-image-left crp-list-item-has-image\"><div class=\"crp-list-item-image\"><a href=\"https:\/\/www.disfrutabizkaia.com\/blog\/basque-fest-2026\/\" target=\"_blank\"><img loading=\"lazy\" decoding=\"async\" data-pin-nopin=\"true\" style=\"max-width: 100px; height: auto;\" width=\"100\" height=\"67\" src=\"https:\/\/www.disfrutabizkaia.com\/blog\/wp-content\/uploads\/2026\/03\/Diseno-sin-titulo-372x248.jpg\" class=\"attachment-100x100 size-100x100\" alt=\"\" \/><\/a><\/div><div class=\"crp-list-item-title\"><a href=\"https:\/\/www.disfrutabizkaia.com\/blog\/basque-fest-2026\/\" target=\"_blank\">Basque Fest 2026<\/a><\/div><\/li><li class=\"crp-list-item crp-list-item-image-left crp-list-item-has-image\"><div class=\"crp-list-item-image\"><a href=\"https:\/\/www.disfrutabizkaia.com\/blog\/loraldia-2026\/\" target=\"_blank\"><img loading=\"lazy\" decoding=\"async\" data-pin-nopin=\"true\" style=\"max-width: 100px; height: auto;\" width=\"100\" height=\"67\" src=\"https:\/\/www.disfrutabizkaia.com\/blog\/wp-content\/uploads\/2026\/03\/blog-loraldia-372x248.png\" class=\"attachment-100x100 size-100x100\" alt=\"\" \/><\/a><\/div><div class=\"crp-list-item-title\"><a href=\"https:\/\/www.disfrutabizkaia.com\/blog\/loraldia-2026\/\" target=\"_blank\">Loraldia 2026<\/a><\/div><\/li><li class=\"crp-list-item crp-list-item-image-left crp-list-item-has-image\"><div class=\"crp-list-item-image\"><a href=\"https:\/\/www.disfrutabizkaia.com\/blog\/asi-viene-marzo-bizkaia\/\" target=\"_blank\"><img loading=\"lazy\" decoding=\"async\" data-pin-nopin=\"true\" style=\"max-width: 100px; height: auto;\" width=\"100\" height=\"67\" src=\"https:\/\/www.disfrutabizkaia.com\/blog\/wp-content\/uploads\/2026\/02\/NUEVO-destacado-BLOG-Disfruta-560x315-90-372x248.jpg\" class=\"attachment-100x100 size-100x100\" alt=\"\" \/><\/a><\/div><div class=\"crp-list-item-title\"><a href=\"https:\/\/www.disfrutabizkaia.com\/blog\/asi-viene-marzo-bizkaia\/\" target=\"_blank\">Marzo en Bizkaia: Tu agenda va a echar humo<\/a><\/div><\/li><\/ul><\/div><\/p>\n<\/div>\n","protected":false},"excerpt":{"rendered":"<p>\u00bfA qu\u00e9 te sabe la Semana Santa? \u00bfA salitre, a monte, a tradici\u00f3n o a un buen pintxo en una terraza al sol? En Bizkaia no tienes que elegir, porque aqu\u00ed el plan perfecto es no tener que elegir. Este&#8230; <a class=\"more-link\" href=\"https:\/\/www.disfrutabizkaia.com\/blog\/bizkaia-semana-santa-2026-tu-plan-tu-manera\/\">Seguir leyendo &rarr;<\/a><\/p>\n","protected":false},"author":2,"featured_media":7868,"comment_status":"open","ping_status":"closed","sticky":false,"template":"","format":"standard","meta":{"_acf_changed":false,"footnotes":""},"categories":[47,49],"tags":[],"class_list":["post-7839","post","type-post","status-publish","format-standard","has-post-thumbnail","hentry","category-planes","category-turismo"],"acf":[],"_links":{"self":[{"href":"https:\/\/www.disfrutabizkaia.com\/blog\/wp-json\/wp\/v2\/posts\/7839","targetHints":{"allow":["GET"]}}],"collection":[{"href":"https:\/\/www.disfrutabizkaia.com\/blog\/wp-json\/wp\/v2\/posts"}],"about":[{"href":"https:\/\/www.disfrutabizkaia.com\/blog\/wp-json\/wp\/v2\/types\/post"}],"author":[{"embeddable":true,"href":"https:\/\/www.disfrutabizkaia.com\/blog\/wp-json\/wp\/v2\/users\/2"}],"replies":[{"embeddable":true,"href":"https:\/\/www.disfrutabizkaia.com\/blog\/wp-json\/wp\/v2\/comments?post=7839"}],"version-history":[{"count":15,"href":"https:\/\/www.disfrutabizkaia.com\/blog\/wp-json\/wp\/v2\/posts\/7839\/revisions"}],"predecessor-version":[{"id":7933,"href":"https:\/\/www.disfrutabizkaia.com\/blog\/wp-json\/wp\/v2\/posts\/7839\/revisions\/7933"}],"wp:featuredmedia":[{"embeddable":true,"href":"https:\/\/www.disfrutabizkaia.com\/blog\/wp-json\/wp\/v2\/media\/7868"}],"wp:attachment":[{"href":"https:\/\/www.disfrutabizkaia.com\/blog\/wp-json\/wp\/v2\/media?parent=7839"}],"wp:term":[{"taxonomy":"category","embeddable":true,"href":"https:\/\/www.disfrutabizkaia.com\/blog\/wp-json\/wp\/v2\/categories?post=7839"},{"taxonomy":"post_tag","embeddable":true,"href":"https:\/\/www.disfrutabizkaia.com\/blog\/wp-json\/wp\/v2\/tags?post=7839"}],"curies":[{"name":"wp","href":"https:\/\/api.w.org\/{rel}","templated":true}]}}