{"id":7885,"date":"2026-03-12T13:56:21","date_gmt":"2026-03-12T12:56:21","guid":{"rendered":"https:\/\/www.disfrutabizkaia.com\/blog\/?p=7885"},"modified":"2026-03-12T16:00:08","modified_gmt":"2026-03-12T15:00:08","slug":"basque-fest-2026","status":"publish","type":"post","link":"https:\/\/www.disfrutabizkaia.com\/blog\/basque-fest-2026\/","title":{"rendered":"Basque Fest 2026"},"content":{"rendered":"<p data-start=\"587\" data-end=\"1053\">\u00bfSemana Santa de procesiones, cultura o ambiente? En Bilbao no hace falta elegir. Vuelve Bilbao Basque FEST, una de esas citas que consiguen transformar la ciudad en un gran escaparate de la cultura vasca, mezclando m\u00fasica en directo, tradici\u00f3n, gastronom\u00eda, deporte rural, cine y actividades para todos los p\u00fablicos.<\/p>\n<p data-start=\"587\" data-end=\"1053\">Un plan redondo tanto para quienes visitan la ciudad como para quienes quieren redescubrirla desde dentro.<\/p>\n<p data-start=\"1055\" data-end=\"1511\">Bilbao Basque FEST 2026 <strong>se celebra del 1 al 4 de abril con m\u00e1s de 200 actividades,<\/strong> en su mayor\u00eda gratuitas, repartidas por distintos espacios emblem\u00e1ticos de la Villa. La edici\u00f3n de este a\u00f1o mantiene su esencia, y refuerza varios de sus grandes atractivos con nuevos escenarios, conciertos exclusivos y una programaci\u00f3n pensada para ofrecer una visi\u00f3n amplia, actual y participativa de la cultura vasca.<\/p>\n<p data-start=\"1513\" data-end=\"1844\">Adem\u00e1s, el festival vuelve en uno de los momentos con mayor afluencia tur\u00edstica del a\u00f1o, convirti\u00e9ndose en una oportunidad perfecta para disfrutar del ambiente de Bilbao en Semana Santa mientras la ciudad se llena de planes, actividad en la calle y propuestas culturales para todos los gustos.<\/p>\n<h3><\/h3>\n<h3><span style=\"color: #ffcc00;\">Los 6 conceptos de BasqueFEST<\/span><\/h3>\n<p>Un a\u00f1o m\u00e1s, el festival presentar\u00e1 una variedad de eventos y actividades centradas en seis conceptos:<strong>\u00a0 \u00a0 \u00a0 \u00a0\u00a0<\/strong><\/p>\n<p><img loading=\"lazy\" decoding=\"async\" class=\"wp-image-7894 alignleft\" src=\"https:\/\/www.disfrutabizkaia.com\/blog\/wp-content\/uploads\/2026\/03\/basquefest-196x300.png\" alt=\"\" width=\"265\" height=\"406\" srcset=\"https:\/\/www.disfrutabizkaia.com\/blog\/wp-content\/uploads\/2026\/03\/basquefest-196x300.png 196w, https:\/\/www.disfrutabizkaia.com\/blog\/wp-content\/uploads\/2026\/03\/basquefest.png 513w\" sizes=\"auto, (max-width: 265px) 100vw, 265px\" \/><\/p>\n<p style=\"padding-left: 40px; text-align: left;\"><strong>Gourmet:<\/strong> La gastronom\u00eda local tendr\u00e1 su lugar en <em>la Plaza de la Cultura Vasca<\/em>, donde habr\u00e1 showcookings y demostraciones en directo cada media hora. Una forma muy apetecible de acercarse al producto de temporada y a la cocina vasca dentro del ambiente urbano del festival. Adem\u00e1s, en la p\u00e1gina web de Basque Fest se podr\u00e1n ver los establecimientos que estar\u00e1n abiertos durante estos d\u00edas para degustar insitu la gastronom\u00eda. \u00a1No hay nada m\u00e1s de nuestra cultura local que la comida!<\/p>\n<p><strong>Kultura: <\/strong>Regresan los recorridos teatralizados de los <em>Anfitriones de Bilbao<\/em> por el Casco Viejo, vuelven las romer\u00edas en la Plaza Nueva\u00a0 y la programaci\u00f3n se completa con museos, exposiciones y espect\u00e1culos de calle.<\/p>\n<p style=\"text-align: left;\"><strong>Musika<\/strong>: La m\u00fasica vuelve a ser uno de los grandes motores del festival, con conciertos en espacios como Azkuna Zentroa, Bilborock, Kafe Antzokia y en la nueva <em>Plaza de la Cultura Vasca<\/em>, ubicada en el Muelle del Arenal.<\/p>\n<p style=\"text-align: left;\"><strong>Zinema:<\/strong> La secci\u00f3n de cine estar\u00e1 protagonizada por \u201c<em>Gaua<\/em>\u201d, el largometraje de Paul Urkijo, rodado en euskera. La pel\u00edcula se proyectar\u00e1 en la Sala BBK y propone una inmersi\u00f3n en la mitolog\u00eda vasca a trav\u00e9s de una historia ambientada en el siglo XVII.<\/p>\n<p style=\"text-align: left;\"><strong>Sport:<\/strong> Los Herri Kirolak vuelven con fuerza al centro de Bilbao con exhibiciones, desaf\u00edos, talleres familiares y una competici\u00f3n destacada: el I Bilbao Basque FEST Saria, una prueba combinada con parejas mixtas. Tambi\u00e9n habr\u00e1 actividades de remo en bateles para familias en el pantal\u00e1n de P\u00edo Baroja.<\/p>\n<p style=\"text-align: left;\"><strong>Market:<\/strong> Basque FEST tambi\u00e9n invita a descubrir el lado m\u00e1s comercial y artesanal de la cultura local, con propuestas ligadas al Mercado de la Ribera, Gure Lurreko Merkatua y la feria de artesan\u00eda Eskutartie, adem\u00e1s del colorido mercado dominical de flores.<\/p>\n<h3 style=\"text-align: left;\"><\/h3>\n<h3><\/h3>\n<h3><span style=\"color: #ffcc00;\">Actividades que no te puedes perder<\/span><\/h3>\n<p data-start=\"4498\" data-end=\"4883\">Si hay algo que define esta edici\u00f3n de Basque FEST es su capacidad para repartir planes interesantes por varios espacios de la ciudad durante cuatro d\u00edas. Uno de los focos principales ser\u00e1 la <em>\u00ab<strong data-start=\"4676\" data-end=\"4705\">plaza de la Cultura Vasca\u00bb<\/strong><\/em>, nuevo epicentro del festival en el <strong data-start=\"4742\" data-end=\"4763\">Muelle del Arenal<\/strong>, donde convivir\u00e1n conciertos, showcookings y deporte rural en un mismo espacio.<\/p>\n<p data-start=\"4885\" data-end=\"5233\">En el apartado musical, <strong data-start=\"4909\" data-end=\"4927\">Azkuna Zentroa<\/strong> acoger\u00e1 algunos de los conciertos m\u00e1s especiales del programa. La apertura correr\u00e1 a cargo de <strong data-start=\"5022\" data-end=\"5038\">Anje Duhalde<\/strong>, acompa\u00f1ado por <strong data-start=\"5055\" data-end=\"5070\">Niko Etxart<\/strong>, y tambi\u00e9n pasar\u00e1n por all\u00ed <strong data-start=\"5099\" data-end=\"5117\">Olaia Inziarte<\/strong> y <strong data-start=\"5120\" data-end=\"5129\">Maren<\/strong>, dos de las voces j\u00f3venes m\u00e1s interesantes del panorama actual.<\/p>\n<p data-start=\"5235\" data-end=\"5542\">El escenario en la nueva <em>plaza de la cultura<\/em> del Arenal, se convierte en el epicentro de la escena musical dentro del programa de Basque Fest, donde actuar\u00e1n <strong data-start=\"5307\" data-end=\"5317\">Neomak<\/strong>, <strong data-start=\"5319\" data-end=\"5332\">Korrontzi<\/strong> y <strong data-start=\"5335\" data-end=\"5354\">Anne Etchegoyen<\/strong>, tres propuestas muy potentes y diferentes entre s\u00ed, pero conectadas por una misma idea: mostrar la diversidad y la vitalidad de la m\u00fasica vasca contempor\u00e1nea.<\/p>\n<p data-start=\"5544\" data-end=\"6016\">Para quienes buscan sonidos m\u00e1s el\u00e9ctricos y nocturnos, <strong data-start=\"5600\" data-end=\"5613\">Bilborock<\/strong> reunir\u00e1 a <strong data-start=\"5624\" data-end=\"5631\">Gar<\/strong>, <strong data-start=\"5633\" data-end=\"5642\">Mugan<\/strong> y <strong data-start=\"5645\" data-end=\"5654\">Bisai<\/strong>, mientras que <strong data-start=\"5669\" data-end=\"5686\">Kafe Antzokia<\/strong> volver\u00e1 a convertirse en punto de encuentro del ciclo m\u00e1s rockero con nombres como <strong data-start=\"5770\" data-end=\"5791\">Chuler\u00eda, \u00a1Joder!<\/strong>, <strong data-start=\"5793\" data-end=\"5809\">Txarly Usher<\/strong>, <strong data-start=\"5811\" data-end=\"5841\">John Dealer &amp; The Coconuts<\/strong>, <strong data-start=\"5843\" data-end=\"5853\">Bellum<\/strong>, <strong data-start=\"5855\" data-end=\"5865\">Mirotz<\/strong>, <strong data-start=\"5867\" data-end=\"5890\">The Rockabilly Pack<\/strong>, <strong data-start=\"5892\" data-end=\"5909\">Crazy Jumpers<\/strong>, <strong data-start=\"5911\" data-end=\"5953\">The Cherry Boppers &amp; Patricia Reckless<\/strong> y <strong data-start=\"5956\" data-end=\"5975\">The Allnighters<\/strong>.<\/p>\n<p data-start=\"6018\" data-end=\"6418\">En la parte m\u00e1s tradicional de los planes Basque Fest, regresan los <strong data-start=\"6060\" data-end=\"6085\">Anfitriones de Bilbao<\/strong>, una de las actividades m\u00e1s exitosas del festival, con recorridos teatralizados por el Casco Viejo. Tambi\u00e9n vuelven las <strong data-start=\"6206\" data-end=\"6233\">romer\u00edas en Plaza Nueva<\/strong>, y uno de los platos fuertes de la animaci\u00f3n callejera ser\u00e1 <strong data-start=\"6294\" data-end=\"6306\">\u201cUrbasa\u201d<\/strong>, un espect\u00e1culo que fusiona circo y txalaparta en la <strong data-start=\"6360\" data-end=\"6377\">Plaza Arriaga<\/strong>.<\/p>\n<p data-start=\"6420\" data-end=\"6767\">Las familias tambi\u00e9n tendr\u00e1n mucho donde elegir. Adem\u00e1s de talleres participativos enfocados a <strong>herri kirolak<\/strong>, habr\u00e1 <strong data-start=\"6533\" data-end=\"6563\">remo en bateles por la R\u00eda<\/strong> desde el pantal\u00e1n de <strong data-start=\"6585\" data-end=\"6599\">P\u00edo Baroja<\/strong> y la presencia de <strong data-start=\"6618\" data-end=\"6631\">Gargant\u00faa<\/strong> en la <em>Plaza de la Cultura Vasca<\/em>, uno de esos cl\u00e1sicos que nunca fallan con el p\u00fablico infantil si buscas planes con ni\u00f1os.<\/p>\n<p data-start=\"6769\" data-end=\"7118\">Y, por supuesto, no faltar\u00e1 la gastronom\u00eda. Los <strong data-start=\"6817\" data-end=\"6844\">showcookings en directo<\/strong> de la <em>plaza de la Cultura Vasca<\/em>, en el Arenal, prometen convertirse en uno de los espacios m\u00e1s concurridos del festival, mientras el ambiente general de Bilbao invita a completar la jornada con pintxos, terrazas y rutas gastron\u00f3micas por los restaurantes y bares de la ciudad.<\/p>\n<p data-start=\"7120\" data-end=\"7419\">En el apartado de cine, la proyecci\u00f3n de la pel\u00edcula <strong data-start=\"7161\" data-end=\"7171\">\u201cGaua\u201d<\/strong> en la <strong data-start=\"7178\" data-end=\"7190\">Sala BBK<\/strong> ser\u00e1 una de las grandes citas para quienes quieran sumergirse en el imaginario mitol\u00f3gico vasco a trav\u00e9s de una propuesta cinematogr\u00e1fica cuidada, oscura y muy vinculada al folklore local.<\/p>\n<p data-start=\"7120\" data-end=\"7419\">Puedes consultar el <strong><span style=\"color: #ffcc00;\"><a style=\"color: #ffcc00;\" href=\"https:\/\/basquefest.bilbao.eus\/bilbao-basque-fest-2026\/\">programa completo en la web de BasqueFEST.<\/a><\/span><\/strong><\/p>\n<h3><span style=\"color: #ffcc00;\">Bilbao, un destino completo en Semana Santa<\/span><\/h3>\n<p data-start=\"7469\" data-end=\"7870\">M\u00e1s all\u00e1 de la programaci\u00f3n de Basque FEST,\u00a0 <span style=\"color: #333333; font-family: Roboto, Helvetica, sans-serif; font-size: 16px;\"> tambi\u00e9n podr\u00e1s disfrutar de las t\u00edpicas <\/span><span style=\"color: #ffcc00;\"><a style=\"color: #ffcc00;\" href=\"https:\/\/www.disfrutabizkaia.com\/que-hacer\/fiestas-populares\/semana-santa-bizkaia\/c-545\/es\">procesiones de Bilbao<\/a><\/span><span style=\"color: #333333; font-family: Roboto, Helvetica, sans-serif; font-size: 16px;\">,\u00a0 de los atractivos tur\u00edsticos y culturales de la ciudad, y una oferta gastron\u00f3mica y de ocio nocturno que no tiene desperdicio. <\/span>Durante esos d\u00edas, la Villa se convierte en un punto de encuentro entre visitantes y residentes, entre tradici\u00f3n y modernidad, entre cultura popular y propuestas contempor\u00e1neas. Y ah\u00ed est\u00e1 precisamente una de las claves del \u00e9xito de Basque FEST: no se limita a programar actividades, sino que consigue que Bilbao se viva de otra manera.<\/p>\n<p data-start=\"8250\" data-end=\"8529\">Con m\u00e1s de 200 planes, acceso mayoritariamente gratuito y propuestas repartidas por toda la ciudad, <strong data-start=\"8350\" data-end=\"8370\">Basque FEST 2026<\/strong> se presenta como una escapada perfecta para disfrutar de la cultura vasca con los cinco sentidos. \u00bfTe lo vas a perder?<\/p>\n<p data-start=\"8250\" data-end=\"8529\"><a href=\"https:\/\/www.disfrutabizkaia.com\/que-hacer\/ruta-de-pintxos-por-bizkaia\/\"><img loading=\"lazy\" decoding=\"async\" class=\" wp-image-3834 aligncenter\" src=\"https:\/\/www.disfrutabizkaia.com\/blog\/wp-content\/uploads\/2018\/09\/banner-pintxos-pinchos-disfruta-bizkaia-300x80.png\" alt=\"Pintxos en Bilbao Bizkaia\" width=\"660\" height=\"176\" srcset=\"https:\/\/www.disfrutabizkaia.com\/blog\/wp-content\/uploads\/2018\/09\/banner-pintxos-pinchos-disfruta-bizkaia-300x80.png 300w, https:\/\/www.disfrutabizkaia.com\/blog\/wp-content\/uploads\/2018\/09\/banner-pintxos-pinchos-disfruta-bizkaia-600x160.png 600w, https:\/\/www.disfrutabizkaia.com\/blog\/wp-content\/uploads\/2018\/09\/banner-pintxos-pinchos-disfruta-bizkaia.png 678w\" sizes=\"auto, (max-width: 660px) 100vw, 660px\" \/>[<\/a><\/p>\n<p>&nbsp;<\/p>\n<p data-start=\"8250\" data-end=\"8529\"><div class=\"crp-list-container\"><h3 class=\"crp-list-title\">Related Posts<\/h3><ul class=\"crp-list\"><li class=\"crp-list-item crp-list-item-image-left crp-list-item-has-image\"><div class=\"crp-list-item-image\"><a href=\"https:\/\/www.disfrutabizkaia.com\/blog\/bizkaia-semana-santa-2026-tu-plan-tu-manera\/\" target=\"_blank\"><img loading=\"lazy\" decoding=\"async\" data-pin-nopin=\"true\" style=\"max-width: 100px; height: auto;\" width=\"100\" height=\"67\" src=\"https:\/\/www.disfrutabizkaia.com\/blog\/wp-content\/uploads\/2026\/03\/NUEVO-destacado-BLOG-Disfruta-560x315-91-372x248.jpg\" class=\"attachment-100x100 size-100x100\" alt=\"\" \/><\/a><\/div><div class=\"crp-list-item-title\"><a href=\"https:\/\/www.disfrutabizkaia.com\/blog\/bizkaia-semana-santa-2026-tu-plan-tu-manera\/\" target=\"_blank\">Bizkaia, Semana Santa 2026: Tu plan, a tu manera<\/a><\/div><\/li><li class=\"crp-list-item crp-list-item-image-left crp-list-item-has-image\"><div class=\"crp-list-item-image\"><a href=\"https:\/\/www.disfrutabizkaia.com\/blog\/asi-viene-marzo-bizkaia\/\" target=\"_blank\"><img loading=\"lazy\" decoding=\"async\" data-pin-nopin=\"true\" style=\"max-width: 100px; height: auto;\" width=\"100\" height=\"67\" src=\"https:\/\/www.disfrutabizkaia.com\/blog\/wp-content\/uploads\/2026\/02\/NUEVO-destacado-BLOG-Disfruta-560x315-90-372x248.jpg\" class=\"attachment-100x100 size-100x100\" alt=\"\" \/><\/a><\/div><div class=\"crp-list-item-title\"><a href=\"https:\/\/www.disfrutabizkaia.com\/blog\/asi-viene-marzo-bizkaia\/\" target=\"_blank\">Marzo en Bizkaia: Tu agenda va a echar humo<\/a><\/div><\/li><li class=\"crp-list-item crp-list-item-image-left crp-list-item-has-image\"><div class=\"crp-list-item-image\"><a href=\"https:\/\/www.disfrutabizkaia.com\/blog\/planes-para-la-semana-de-pascua-en-familia\/\" target=\"_blank\"><img loading=\"lazy\" decoding=\"async\" data-pin-nopin=\"true\" style=\"max-width: 100px; height: auto;\" width=\"100\" height=\"67\" src=\"https:\/\/www.disfrutabizkaia.com\/blog\/wp-content\/uploads\/2026\/04\/NUEVO-destacado-BLOG-Disfruta-560x315-91-372x248.jpg\" class=\"attachment-100x100 size-100x100\" alt=\"\" \/><\/a><\/div><div class=\"crp-list-item-title\"><a href=\"https:\/\/www.disfrutabizkaia.com\/blog\/planes-para-la-semana-de-pascua-en-familia\/\" target=\"_blank\">Qu\u00e9 hacer en Bizkaia esta Semana de Pascua: Planes para toda la familia<\/a><\/div><\/li><\/ul><\/div><\/p>\n","protected":false},"excerpt":{"rendered":"<p>\u00bfSemana Santa de procesiones, cultura o ambiente? En Bilbao no hace falta elegir. Vuelve Bilbao Basque FEST, una de esas citas que consiguen transformar la ciudad en un gran escaparate de la cultura vasca, mezclando m\u00fasica en directo, tradici\u00f3n, gastronom\u00eda,&#8230; <a class=\"more-link\" href=\"https:\/\/www.disfrutabizkaia.com\/blog\/basque-fest-2026\/\">Seguir leyendo &rarr;<\/a><\/p>\n","protected":false},"author":2,"featured_media":7898,"comment_status":"open","ping_status":"closed","sticky":false,"template":"","format":"standard","meta":{"_acf_changed":false,"footnotes":""},"categories":[48,47,50,49],"tags":[],"class_list":["post-7885","post","type-post","status-publish","format-standard","has-post-thumbnail","hentry","category-con-ninos","category-planes","category-tradiciones","category-turismo"],"acf":[],"_links":{"self":[{"href":"https:\/\/www.disfrutabizkaia.com\/blog\/wp-json\/wp\/v2\/posts\/7885","targetHints":{"allow":["GET"]}}],"collection":[{"href":"https:\/\/www.disfrutabizkaia.com\/blog\/wp-json\/wp\/v2\/posts"}],"about":[{"href":"https:\/\/www.disfrutabizkaia.com\/blog\/wp-json\/wp\/v2\/types\/post"}],"author":[{"embeddable":true,"href":"https:\/\/www.disfrutabizkaia.com\/blog\/wp-json\/wp\/v2\/users\/2"}],"replies":[{"embeddable":true,"href":"https:\/\/www.disfrutabizkaia.com\/blog\/wp-json\/wp\/v2\/comments?post=7885"}],"version-history":[{"count":27,"href":"https:\/\/www.disfrutabizkaia.com\/blog\/wp-json\/wp\/v2\/posts\/7885\/revisions"}],"predecessor-version":[{"id":7925,"href":"https:\/\/www.disfrutabizkaia.com\/blog\/wp-json\/wp\/v2\/posts\/7885\/revisions\/7925"}],"wp:featuredmedia":[{"embeddable":true,"href":"https:\/\/www.disfrutabizkaia.com\/blog\/wp-json\/wp\/v2\/media\/7898"}],"wp:attachment":[{"href":"https:\/\/www.disfrutabizkaia.com\/blog\/wp-json\/wp\/v2\/media?parent=7885"}],"wp:term":[{"taxonomy":"category","embeddable":true,"href":"https:\/\/www.disfrutabizkaia.com\/blog\/wp-json\/wp\/v2\/categories?post=7885"},{"taxonomy":"post_tag","embeddable":true,"href":"https:\/\/www.disfrutabizkaia.com\/blog\/wp-json\/wp\/v2\/tags?post=7885"}],"curies":[{"name":"wp","href":"https:\/\/api.w.org\/{rel}","templated":true}]}}