{"id":8060,"date":"2026-04-28T13:48:47","date_gmt":"2026-04-28T11:48:47","guid":{"rendered":"https:\/\/www.disfrutabizkaia.com\/blog\/?p=8060"},"modified":"2026-04-28T16:20:36","modified_gmt":"2026-04-28T14:20:36","slug":"mayo-2026","status":"publish","type":"post","link":"https:\/\/www.disfrutabizkaia.com\/blog\/mayo-2026\/","title":{"rendered":"Qu\u00e9 hacer en Bizkaia en mayo de 2026: fiestas, ferias, deporte y grandes planes para disfrutar del mes"},"content":{"rendered":"<p data-start=\"225\" data-end=\"686\">El mes de mayo nos trae d\u00edas m\u00e1s largos, mejor temperatura y muchas ganas de salir a disfrutar de Bizkaia. Es una \u00e9poca perfecta para organizar escapadas, hacer planes al aire libre y descubrir pueblos, ferias, fiestas y eventos que solo se celebran en estas fechas. Adem\u00e1s, este a\u00f1o mayo llega con citas muy potentes, desde grandes finales deportivas en San Mam\u00e9s hasta festivales, mercados y espect\u00e1culos internacionales.<\/p>\n<p data-start=\"688\" data-end=\"797\">Hemos reunido algunos de los mejores planes que hacer en Bizkaia en mayo para que no te pierdas nada.<\/p>\n<h2 data-section-id=\"1t77mi2\" data-start=\"799\" data-end=\"831\"><span style=\"color: #ffcc00;\">Fiestas de Otxomaio en Ordu\u00f1a<\/span><\/h2>\n<p data-start=\"833\" data-end=\"1383\"><img loading=\"lazy\" decoding=\"async\" class=\"size-full wp-image-8062 alignleft\" src=\"https:\/\/www.disfrutabizkaia.com\/blog\/wp-content\/uploads\/2026\/04\/otxomaio.png\" alt=\"\" width=\"208\" height=\"292\" \/><\/p>\n<p data-start=\"103\" data-end=\"438\">Mayo en Bizkaia tambi\u00e9n suena a fiesta en <strong data-start=\"145\" data-end=\"155\">Ordu\u00f1a<\/strong>, que volver\u00e1 a celebrar <strong data-start=\"180\" data-end=\"217\">Otxomaio 2026 del 7 al 17 de mayo<\/strong>. Durante esos d\u00edas, la ciudad se llena de ambiente en sus calles y plazas, con una programaci\u00f3n que cada a\u00f1o mezcla tradici\u00f3n, actividades populares y planes para distintos p\u00fablicos.<\/p>\n<p data-start=\"440\" data-end=\"806\">Es una de esas citas que merece la pena vivir de cerca, sobre todo si te apetece disfrutar del ambiente festivo de una ciudad con mucho encanto y dejarte llevar por esos d\u00edas en los que el casco urbano cambia por completo de ritmo. Otxomaio suele ser, adem\u00e1s, uno de los momentos m\u00e1s especiales del calendario festivo de Ordu\u00f1a.<\/p>\n<p data-start=\"440\" data-end=\"806\">Consulta todo el programa<a href=\"https:\/\/www.urduna.com\/es-ES\/Noticias\/Documents\/20260420-programa-otxomaio.pdf\"> aqu\u00ed<\/a> y no te pierdas nada.<\/p>\n<h2 data-section-id=\"1yt60t8\" data-start=\"1385\" data-end=\"1417\"><span style=\"color: #ffcc00;\">Expovacaciones<\/span><\/h2>\n<p data-start=\"1419\" data-end=\"1945\">Si te gusta viajar o simplemente buscas ideas para futuras escapadas, apunta esta cita: <strong data-start=\"1507\" data-end=\"1530\">Expovacaciones 2026<\/strong> se celebrar\u00e1 en el <strong data-start=\"1550\" data-end=\"1590\">BEC de Barakaldo del 8 al 10 de mayo<\/strong>. La feria volver\u00e1 a reunir propuestas para todos los perfiles de viajero, desde turismo gastron\u00f3mico y cultural hasta opciones de aventura, costa o escapadas familiares. Adem\u00e1s de los expositores, el evento contar\u00e1 con experiencias, degustaciones, charlas, sorteos y actividades para visitantes de diferentes edades.<\/p>\n<p data-start=\"1419\" data-end=\"1945\">Precio: En taquillas, durante el evento: 4\u20ac, \u00a1incluye un pintxo! Pero este a\u00f1o puedes conseguir tu entrada gratis acredit\u00e1ndote <a href=\"https:\/\/expovacaciones.bilbaoexhibitioncentre.com\/visitar\/acreditaciones-y-entradas\">aqu\u00ed<\/a>.<\/p>\n<h2 data-start=\"1419\" data-end=\"1945\"><span style=\"color: #ffcc00;\">Fant: Cine fant\u00e1stico, terror y planes para amantes del g\u00e9nero<\/span><\/h2>\n<p><span style=\"color: #000000;\"><img loading=\"lazy\" decoding=\"async\" class=\"size-medium wp-image-8131 alignleft\" src=\"https:\/\/www.disfrutabizkaia.com\/blog\/wp-content\/uploads\/2026\/04\/ProgramaFANT2026-300x200.jpg\" alt=\"\" width=\"300\" height=\"200\" srcset=\"https:\/\/www.disfrutabizkaia.com\/blog\/wp-content\/uploads\/2026\/04\/ProgramaFANT2026-300x200.jpg 300w, https:\/\/www.disfrutabizkaia.com\/blog\/wp-content\/uploads\/2026\/04\/ProgramaFANT2026-372x248.jpg 372w, https:\/\/www.disfrutabizkaia.com\/blog\/wp-content\/uploads\/2026\/04\/ProgramaFANT2026.jpg 540w\" sizes=\"auto, (max-width: 300px) 100vw, 300px\" \/>Bilbao volver\u00e1 a convertirse en punto de encuentro para amantes del cine fant\u00e1stio con la llegada de<strong> FANT 2026<\/strong>, el <strong>Festival de Cine Fant\u00e1stico de Bilbao<\/strong>, que celebrar\u00e1 su<strong> 32\u00aa edici\u00f3n del 8 al 16 de mayo<\/strong>. Durante esos d\u00edas, la ciudad acoger\u00e1 proyecciones, cortometrajes, actividades paralelas y varias secciones dedicadas al fant\u00e1stico, el terror y la ciencia ficci\u00f3n.<\/span><\/p>\n<p>La programaci\u00f3n se repartir\u00e1 entre espacios como el <strong>Teatro Campos, Azkuna Zentroa, Golem Alh\u00f3ndiga<\/strong> y la<strong> Sala BBK<\/strong>, consolidando denuevo a Bilbao como una de las citas imprescindibles para quienes disfrutan de este \u00e9nero en pantalla grande.<\/p>\n<p>Adem\u00e1s de la<strong> Secci\u00f3n oficial<\/strong>, FANT 2026 contar\u00e1 con apartados como<strong> Panorama FANT\u00e1stico, Fant en corto internacional, Fant en corto vasco, FANTrobia, DokuFANT o Fanteskola<\/strong>, entre otros. La pel\u00edculade apertura anunciada es <strong>The Tree House<\/strong>, programada para el <strong>8 de mayo<\/strong>.<\/p>\n<p>Si te apetece un plan diferente en Bilbao este mayo, FANT 2026 es una de esas citas que merece la pena tener en el radar, tanto si eres fan del cine fant\u00e1sico como si simplemente quieres descubrir otro ambiente cultural en la ciudad. Las entradas generales tienen un precio de<strong> 5 euros<\/strong>, y tambi\u00e9n hay bonos y algunas sesiones gratuitas.<\/p>\n<p>Descubre toda la programaci\u00f3n en su<a href=\"https:\/\/fantbilbao.eus\/\"> web<\/a>.<\/p>\n<h2 data-section-id=\"10dcgdq\" data-start=\"1947\" data-end=\"2001\"><\/h2>\n<h2><span style=\"color: #ffcc00;\">Viaja al pasado en el Mercado Medieval de Balmaseda<\/span><\/h2>\n<p data-start=\"2003\" data-end=\"2494\"><img loading=\"lazy\" decoding=\"async\" class=\"size-medium wp-image-8143 alignright\" src=\"https:\/\/www.disfrutabizkaia.com\/blog\/wp-content\/uploads\/2026\/04\/mercado-medieval-balmaseda-228x300.png\" alt=\"\" width=\"228\" height=\"300\" srcset=\"https:\/\/www.disfrutabizkaia.com\/blog\/wp-content\/uploads\/2026\/04\/mercado-medieval-balmaseda-228x300.png 228w, https:\/\/www.disfrutabizkaia.com\/blog\/wp-content\/uploads\/2026\/04\/mercado-medieval-balmaseda.png 492w\" sizes=\"auto, (max-width: 228px) 100vw, 228px\" \/>Otro de los cl\u00e1sicos del mes de mayo en Bizkaia ser\u00e1 el <strong data-start=\"2059\" data-end=\"2092\">Mercado Medieval de Balmaseda<\/strong>, que tendr\u00e1 lugar <strong data-start=\"2119\" data-end=\"2146\">los d\u00edas 9, 10 y 11 de mayo<\/strong>. Durante ese fin de semana, el casco hist\u00f3rico de la villa se transforma por completo con decoraci\u00f3n medieval, puestos de artesan\u00eda y alimentaci\u00f3n, espect\u00e1culos de calle, animaci\u00f3n, personajes de \u00e9poca y propuestas para toda la familia. Es uno de esos planes que siempre merece la pena vivir al menos una vez.<\/p>\n<p data-start=\"2003\" data-end=\"2494\">Consulta el <a href=\"https:\/\/www.kulturklik.euskadi.eus\/evento\/2026\/05\/09\/programa-mercado-medieval-de-balmaseda-2026\/webkklik00-detalle\/es\/\">programa completo<\/a> del Mercado Medieval de Balmaseda y no te pierdas nada.<\/p>\n<h2 data-section-id=\"jkw3i\" data-start=\"2496\" data-end=\"2519\"><span style=\"color: #ffcc00;\">Umore Azoka en Leioa<\/span><\/h2>\n<p data-start=\"2521\" data-end=\"2974\"><img loading=\"lazy\" decoding=\"async\" class=\"size-medium wp-image-8075 alignleft\" src=\"https:\/\/www.disfrutabizkaia.com\/blog\/wp-content\/uploads\/2026\/04\/umore-azoka-2026-180x300.png\" alt=\"\" width=\"180\" height=\"300\" srcset=\"https:\/\/www.disfrutabizkaia.com\/blog\/wp-content\/uploads\/2026\/04\/umore-azoka-2026-180x300.png 180w, https:\/\/www.disfrutabizkaia.com\/blog\/wp-content\/uploads\/2026\/04\/umore-azoka-2026.png 254w\" sizes=\"auto, (max-width: 180px) 100vw, 180px\" \/><\/p>\n<p data-start=\"121\" data-end=\"303\">Otra de las citas imprescindibles de mayo en Bizkaia ser\u00e1 <strong data-start=\"179\" data-end=\"199\">Umore Azoka 2026<\/strong>, la <strong data-start=\"204\" data-end=\"250\">XXVI Feria de Artistas Callejeros de Leioa<\/strong>, que este a\u00f1o se celebrar\u00e1 <strong data-start=\"278\" data-end=\"302\">del 14 al 17 de mayo<\/strong>.<\/p>\n<p data-start=\"305\" data-end=\"663\">Durante esos d\u00edas, las calles de Leioa volver\u00e1n a llenarse de teatro, humor, circo, danza y espect\u00e1culos al aire libre en una cita ya consolidada como una de las grandes referencias de las artes de calle. Es uno de esos planes perfectos para disfrutar del ambiente en la calle y descubrir propuestas culturales diferentes en distintos rincones del municipio.<\/p>\n<p data-start=\"665\" data-end=\"830\">Si te apetece un plan cultural con mucho movimiento, ambiente y actuaciones para sorprenderte a cada paso, <strong data-start=\"772\" data-end=\"787\">Umore Azoka<\/strong> vuelve a ser una apuesta segura este mayo.<\/p>\n<p data-start=\"665\" data-end=\"830\">Todav\u00eda no se ha publicado el programa completo, pero actualizaremos este art\u00edculo en cuanto est\u00e9 disponible para que no te pierdas nada.<\/p>\n<h2 data-start=\"665\" data-end=\"830\"><span style=\"color: #ffcc00;\">Elagunak Rock Festival: m\u00fasica en directo y solidaridad en Bilbao<\/span><\/h2>\n<p data-start=\"665\" data-end=\"830\"><img loading=\"lazy\" decoding=\"async\" class=\"size-medium wp-image-8127 alignright\" src=\"https:\/\/www.disfrutabizkaia.com\/blog\/wp-content\/uploads\/2026\/04\/elagunak-foto-300x204.jpg\" alt=\"\" width=\"300\" height=\"204\" srcset=\"https:\/\/www.disfrutabizkaia.com\/blog\/wp-content\/uploads\/2026\/04\/elagunak-foto-300x204.jpg 300w, https:\/\/www.disfrutabizkaia.com\/blog\/wp-content\/uploads\/2026\/04\/elagunak-foto-1024x697.jpg 1024w, https:\/\/www.disfrutabizkaia.com\/blog\/wp-content\/uploads\/2026\/04\/elagunak-foto-768x523.jpg 768w, https:\/\/www.disfrutabizkaia.com\/blog\/wp-content\/uploads\/2026\/04\/elagunak-foto-1536x1046.jpg 1536w, https:\/\/www.disfrutabizkaia.com\/blog\/wp-content\/uploads\/2026\/04\/elagunak-foto-2048x1394.jpg 2048w, https:\/\/www.disfrutabizkaia.com\/blog\/wp-content\/uploads\/2026\/04\/elagunak-foto-600x409.jpg 600w, https:\/\/www.disfrutabizkaia.com\/blog\/wp-content\/uploads\/2026\/04\/elagunak-foto-945x643.jpg 945w\" sizes=\"auto, (max-width: 300px) 100vw, 300px\" \/>El mes de mayo tambi\u00e9n dejar\u00e1 en Bilbao una cita musical con un marcado car\u00e1cter solidario. El <strong data-start=\"264\" data-end=\"277\">9 de mayo<\/strong> se celebrar\u00e1 <strong data-start=\"291\" data-end=\"317\">Elagunak Rock Festival<\/strong>, un evento organizado por <strong data-start=\"344\" data-end=\"361\">ADELA Bizkaia<\/strong> a favor de las personas afectadas por la <strong data-start=\"403\" data-end=\"443\">ELA (Esclerosis Lateral Amiotr\u00f3fica)<\/strong>, con el objetivo de dar visibilidad a la enfermedad y apoyar la labor que se realiza en torno a ella.<\/p>\n<p data-start=\"547\" data-end=\"878\">La jornada reunir\u00e1 sobre el escenario a <strong data-start=\"587\" data-end=\"602\">seis bandas<\/strong> con estilos variados, desde versiones y pop-rock hasta propuestas con influencias del blues, el rock cl\u00e1sico o sonidos m\u00e1s frescos y en\u00e9rgicos. Adem\u00e1s, entre actuaci\u00f3n y actuaci\u00f3n, <strong data-start=\"784\" data-end=\"795\">DJ Iker<\/strong> se encargar\u00e1 de mantener el ambiente para que la m\u00fasica no pare en ning\u00fan momento.<\/p>\n<p data-start=\"880\" data-end=\"1229\">Ser\u00e1 una velada en la que la m\u00fasica y el compromiso social ir\u00e1n de la mano, en un ambiente pensado para disfrutar de los conciertos y, al mismo tiempo, colaborar con una causa importante. La entrada tendr\u00e1 un precio de <strong data-start=\"1099\" data-end=\"1111\">20 euros<\/strong>, y tambi\u00e9n se ha habilitado una <strong data-start=\"1144\" data-end=\"1154\">fila 0<\/strong> para quienes quieran aportar su granito de arena aunque no puedan asistir.<\/p>\n<p data-start=\"1231\" data-end=\"1413\">Si te apetece un plan diferente en Bilbao este mayo, con buen ambiente, m\u00fasica en directo y un trasfondo solidario,<a href=\"https:\/\/salabbk.bbk.eus\/eventos\/elagunak-rock-festival\/\"> <strong data-start=\"1347\" data-end=\"1373\">Elagunak Rock Festival<\/strong><\/a> es una de esas citas a tener en cuenta.<\/p>\n<h2 data-start=\"665\" data-end=\"830\"><span style=\"color: #ffcc00;\">Lamiako Maskarada<\/span><\/h2>\n<p data-start=\"240\" data-end=\"721\"><img loading=\"lazy\" decoding=\"async\" class=\"size-medium wp-image-8111 alignleft\" src=\"https:\/\/www.disfrutabizkaia.com\/blog\/wp-content\/uploads\/2026\/04\/lamiako-maskarada-224x300.png\" alt=\"\" width=\"224\" height=\"300\" srcset=\"https:\/\/www.disfrutabizkaia.com\/blog\/wp-content\/uploads\/2026\/04\/lamiako-maskarada-224x300.png 224w, https:\/\/www.disfrutabizkaia.com\/blog\/wp-content\/uploads\/2026\/04\/lamiako-maskarada-600x803.png 600w, https:\/\/www.disfrutabizkaia.com\/blog\/wp-content\/uploads\/2026\/04\/lamiako-maskarada.png 631w\" sizes=\"auto, (max-width: 224px) 100vw, 224px\" \/>Como cada \u00faltimo viernes de mayo, <strong data-start=\"274\" data-end=\"285\">Lamiako<\/strong> volver\u00e1 a llenarse de magia, tradici\u00f3n y ambiente de barrio con la celebraci\u00f3n de la <strong data-start=\"371\" data-end=\"392\">Lamiako Maskarada<\/strong>, una de esas citas con m\u00e1s personalidad del calendario festivo de Bizkaia. Tras la edici\u00f3n de 2025, que mantuvo su estructura habitual con desfile, presentaci\u00f3n de personajes mitol\u00f3gicos y akelarre final, este a\u00f1o la Maskarada regresar\u00e1 el <strong data-start=\"633\" data-end=\"647\">29 de mayo<\/strong> con el mismo esp\u00edritu que la ha convertido en una tradici\u00f3n tan especial.<\/p>\n<p data-start=\"723\" data-end=\"1102\">La jornada volver\u00e1 a dividirse en tres momentos principales: la <strong data-start=\"787\" data-end=\"816\">primera parte a las 17:30<\/strong>, la <strong data-start=\"821\" data-end=\"844\">segunda a las 18:00<\/strong> y el <strong data-start=\"850\" data-end=\"880\">akelarre final a las 22:30<\/strong>. De nuevo, ser\u00e1 una ocasi\u00f3n perfecta para ver c\u00f3mo el barrio se transforma con la presencia de personajes mitol\u00f3gicos, m\u00fasica, fuego y ese ambiente tan singular que mezcla cultura popular, simbolismo y fiesta en la calle.<\/p>\n<p data-start=\"1104\" data-end=\"1278\">Si te apetece descubrir una tradici\u00f3n diferente dentro de los planes de mayo en Bizkaia, la <strong data-start=\"1196\" data-end=\"1222\">Lamiako Maskarada 2026<\/strong> es una de esas citas que merece la pena vivir de cerca.<\/p>\n<p>No te pierdas ninguna novedad sobre la maskarada haciendo click<a href=\"https:\/\/lamiakomaskarada.blogspot.com\/?utm_source=ig&amp;utm_medium=social&amp;utm_content=link_in_bio&amp;fbclid=PAZXh0bgNhZW0CMTEAc3J0YwZhcHBfaWQMMjU2MjgxMDQwNTU4AAGnRShGBMnXpCrJP1xbbwDtvnjZw0PFFAke-lSlyPk6hHIt9K1MpKVP8i3ywwA_aem_2FT67025BREXa431-ptWbQ\"> aqu\u00ed<\/a>.<\/p>\n<h2 data-section-id=\"lvb7qs\" data-start=\"63\" data-end=\"122\"><span style=\"color: #ffcc00;\">Dantza Plazetan: mayo con mucho folklore vasco en Bilbao<\/span><\/h2>\n<p data-start=\"124\" data-end=\"469\">La programaci\u00f3n de <strong data-start=\"143\" data-end=\"167\">Dantza Plazetan 2026<\/strong> tambi\u00e9n deja varias citas interesantes durante el mes de mayo en distintos barrios de Bilbao. Este ciclo, uno de los m\u00e1s tradicionales de la ciudad, vuelve a sacar el folklore vasco a la calle con <strong data-start=\"365\" data-end=\"430\">alardes de danzas, romer\u00edas, kalejiras y encuentros populares<\/strong>.<\/p>\n<p><img loading=\"lazy\" decoding=\"async\" class=\"size-medium wp-image-8084 alignright\" src=\"https:\/\/www.disfrutabizkaia.com\/blog\/wp-content\/uploads\/2026\/04\/dantza-plazetan-212x300.jpg\" alt=\"\" width=\"212\" height=\"300\" srcset=\"https:\/\/www.disfrutabizkaia.com\/blog\/wp-content\/uploads\/2026\/04\/dantza-plazetan-212x300.jpg 212w, https:\/\/www.disfrutabizkaia.com\/blog\/wp-content\/uploads\/2026\/04\/dantza-plazetan-600x849.jpg 600w, https:\/\/www.disfrutabizkaia.com\/blog\/wp-content\/uploads\/2026\/04\/dantza-plazetan.jpg 707w\" sizes=\"auto, (max-width: 212px) 100vw, 212px\" \/><\/p>\n<ul>\n<li data-start=\"471\" data-end=\"941\"><span data-start=\"520\" data-end=\"566\"><strong>1 de mayo:<\/strong> A<\/span>larde de danzas en Elorrieta. \u00a0Bihotz Alai Dantza Taldea.<\/li>\n<li data-start=\"471\" data-end=\"941\"><strong>2 de Mayo:<\/strong> kalejira de gigantes en Elorrieta. Ondalan Erraldoien Konpartsa.<\/li>\n<li data-start=\"471\" data-end=\"941\"><strong data-start=\"571\" data-end=\"621\">9 de Mayo:<\/strong> Alarde de danzas en Arangoiti con Bihotz Alai Dantza Taldea y\u00a0 romer\u00eda en Errekalde con Batasuna Arraizbide Dantza Taldea.<\/li>\n<li data-start=\"471\" data-end=\"941\"><strong>23 de Mayo:<\/strong> Romer\u00eda en la Plaza de Santiago del Casco Viejo. Salbatzaile Dantza Taldea.<\/li>\n<li data-start=\"471\" data-end=\"941\"><strong>29 de Mayo:<\/strong> Solokoetxe dantzan. Gaztedi Dantzari Taldea.<\/li>\n<\/ul>\n<h2 data-section-id=\"1qtp3fn\" data-start=\"2976\" data-end=\"3020\"><span style=\"color: #ffcc00;\">Ondarroa y Bermeo: sabor marinero en mayo<\/span><\/h2>\n<p data-start=\"3022\" data-end=\"3601\">Mayo tambi\u00e9n es un mes muy especial para disfrutar de la tradici\u00f3n pesquera y conservera de Bizkaia. En <strong data-start=\"3126\" data-end=\"3138\">Ondarroa<\/strong>, el <a href=\"https:\/\/udalbarriak.eus\/wp-content\/uploads\/2025\/05\/FLYER-723x1024.jpg\"><strong data-start=\"3143\" data-end=\"3159\">Antxoa Eguna<\/strong><\/a> est\u00e1 previsto del <strong data-start=\"3182\" data-end=\"3196\">16 al 18 de mayo<\/strong>, una jornada dedicada a uno de los productos m\u00e1s emblem\u00e1ticos de la localidad.<\/p>\n<p data-start=\"3022\" data-end=\"3601\">Y en <strong data-start=\"3281\" data-end=\"3291\">Bermeo<\/strong>, la <a href=\"https:\/\/bizibermeo.eus\/es\/arrainazoka\/\"><strong data-start=\"3296\" data-end=\"3317\">Arrain Azoka 2026<\/strong><\/a> se celebrar\u00e1 <strong data-start=\"3331\" data-end=\"3355\">del 22 al 24 de mayo<\/strong>, con expositores, ambiente festivo y protagonismo absoluto para los productos del mar.<\/p>\n<p data-start=\"3022\" data-end=\"3601\">Son dos planes perfectos para quienes disfrutan de la gastronom\u00eda ligada a la costa y de las ferias con identidad local.<\/p>\n<p data-start=\"3022\" data-end=\"3601\"><img loading=\"lazy\" decoding=\"async\" class=\" wp-image-8066 aligncenter\" src=\"https:\/\/www.disfrutabizkaia.com\/blog\/wp-content\/uploads\/2026\/04\/ondarroa-300x200.webp\" alt=\"\" width=\"398\" height=\"265\" srcset=\"https:\/\/www.disfrutabizkaia.com\/blog\/wp-content\/uploads\/2026\/04\/ondarroa-300x200.webp 300w, https:\/\/www.disfrutabizkaia.com\/blog\/wp-content\/uploads\/2026\/04\/ondarroa-372x248.webp 372w, https:\/\/www.disfrutabizkaia.com\/blog\/wp-content\/uploads\/2026\/04\/ondarroa-768x511.webp 768w, https:\/\/www.disfrutabizkaia.com\/blog\/wp-content\/uploads\/2026\/04\/ondarroa-600x400.webp 600w, https:\/\/www.disfrutabizkaia.com\/blog\/wp-content\/uploads\/2026\/04\/ondarroa-945x629.webp 945w, https:\/\/www.disfrutabizkaia.com\/blog\/wp-content\/uploads\/2026\/04\/ondarroa.webp 1000w\" sizes=\"auto, (max-width: 398px) 100vw, 398px\" \/><\/p>\n<h2 data-section-id=\"1x5svm9\" data-start=\"3603\" data-end=\"3659\"><span style=\"color: #ffcc00;\">San Mam\u00e9s acoge las grandes finales europeas de rugby<\/span><\/h2>\n<p data-start=\"3661\" data-end=\"4159\"><img loading=\"lazy\" decoding=\"async\" class=\"size-medium wp-image-8069 alignleft\" src=\"https:\/\/www.disfrutabizkaia.com\/blog\/wp-content\/uploads\/2026\/04\/rugby-300x169.jpg\" alt=\"\" width=\"300\" height=\"169\" srcset=\"https:\/\/www.disfrutabizkaia.com\/blog\/wp-content\/uploads\/2026\/04\/rugby-300x169.jpg 300w, https:\/\/www.disfrutabizkaia.com\/blog\/wp-content\/uploads\/2026\/04\/rugby-768x432.jpg 768w, https:\/\/www.disfrutabizkaia.com\/blog\/wp-content\/uploads\/2026\/04\/rugby-600x337.jpg 600w, https:\/\/www.disfrutabizkaia.com\/blog\/wp-content\/uploads\/2026\/04\/rugby.jpg 904w\" sizes=\"auto, (max-width: 300px) 100vw, 300px\" \/><\/p>\n<p data-start=\"116\" data-end=\"422\">Este mayo, Bilbao ser\u00e1 tambi\u00e9n escenario de una de las grandes citas deportivas del a\u00f1o. <strong data-start=\"205\" data-end=\"218\">San Mam\u00e9s<\/strong> acoger\u00e1 el <strong data-start=\"230\" data-end=\"278\">22 de mayo la final de la EPCR Challenge Cup<\/strong> y el <strong data-start=\"284\" data-end=\"336\">23 de mayo la final de la Investec Champions Cup<\/strong>, en un fin de semana que volver\u00e1 a situar a la ciudad en el centro del rugby europeo.<\/p>\n<p data-start=\"424\" data-end=\"847\">La llegada de estas dos finales convertir\u00e1 Bilbao en punto de encuentro para aficionados llegados de distintos lugares, creando ese ambiente internacional tan especial que suele acompa\u00f1ar a los grandes eventos deportivos. M\u00e1s all\u00e1 de lo que ocurra sobre el c\u00e9sped, durante esos d\u00edas la ciudad vivir\u00e1 un ambiente diferente, con m\u00e1s movimiento en las calles, terrazas llenas y muchos seguidores disfrutando del fin de semana.<\/p>\n<p data-start=\"849\" data-end=\"1125\">Tanto si eres aficionado al rugby como si simplemente te apetece vivir Bilbao en uno de esos momentos en los que la ciudad se transforma con motivo de una gran cita internacional, las finales de mayo en San Mam\u00e9s prometen convertirse en uno de los planes m\u00e1s potentes del mes.<\/p>\n<h2 data-section-id=\"1x1wy2y\" data-start=\"4716\" data-end=\"4744\"><\/h2>\n<h2 data-section-id=\"1x1wy2y\" data-start=\"4716\" data-end=\"4744\"><span style=\"color: #ffcc00;\">Udaberri Festa en Basauri<\/span><\/h2>\n<p><img loading=\"lazy\" decoding=\"async\" class=\" wp-image-8071 alignleft\" src=\"https:\/\/www.disfrutabizkaia.com\/blog\/wp-content\/uploads\/2026\/04\/edaberri-fest-238x300.jpeg\" alt=\"\" width=\"250\" height=\"315\" srcset=\"https:\/\/www.disfrutabizkaia.com\/blog\/wp-content\/uploads\/2026\/04\/edaberri-fest-238x300.jpeg 238w, https:\/\/www.disfrutabizkaia.com\/blog\/wp-content\/uploads\/2026\/04\/edaberri-fest-813x1024.jpeg 813w, https:\/\/www.disfrutabizkaia.com\/blog\/wp-content\/uploads\/2026\/04\/edaberri-fest-768x968.jpeg 768w, https:\/\/www.disfrutabizkaia.com\/blog\/wp-content\/uploads\/2026\/04\/edaberri-fest-600x756.jpeg 600w, https:\/\/www.disfrutabizkaia.com\/blog\/wp-content\/uploads\/2026\/04\/edaberri-fest-945x1191.jpeg 945w, https:\/\/www.disfrutabizkaia.com\/blog\/wp-content\/uploads\/2026\/04\/edaberri-fest.jpeg 1170w\" sizes=\"auto, (max-width: 250px) 100vw, 250px\" \/><\/p>\n<p data-start=\"166\" data-end=\"440\">El final del mes llegar\u00e1 con ambiente festivo en <strong data-start=\"215\" data-end=\"226\">Basauri<\/strong> gracias a la <strong data-start=\"240\" data-end=\"263\">Udaberri Festa 2026<\/strong>, que se celebrar\u00e1 <strong data-start=\"282\" data-end=\"306\">del 29 al 31 de mayo<\/strong> con una programaci\u00f3n que combina m\u00fasica, actividades infantiles, kalejiras y propuestas para disfrutar del fin de semana en la calle.<\/p>\n<p data-start=\"166\" data-end=\"440\">La fiesta arrancar\u00e1 el <strong data-start=\"465\" data-end=\"479\">29<\/strong><strong data-start=\"465\" data-end=\"479\">de mayo<\/strong> con <strong data-start=\"484\" data-end=\"499\">Rock Kalean<\/strong> y el concierto de <strong data-start=\"518\" data-end=\"535\">Celtas Cortos<\/strong>, que celebrar\u00e1 su <strong data-start=\"554\" data-end=\"572\">40 aniversario<\/strong> en <strong data-start=\"576\" data-end=\"596\">San Fausto Plaza<\/strong>.<\/p>\n<p data-start=\"599\" data-end=\"857\">El <strong data-start=\"602\" data-end=\"616\">30 de mayo<\/strong> ser\u00e1 uno de los d\u00edas grandes, con planes para todos los p\u00fablicos: desde <strong data-start=\"689\" data-end=\"702\">Txikigune<\/strong> con hinchables, magia y pintacaras, hasta <strong data-start=\"745\" data-end=\"763\">euskal dantzak<\/strong>, <strong data-start=\"765\" data-end=\"783\">triki kalejira<\/strong>, <strong data-start=\"785\" data-end=\"800\">Bilbotxeros<\/strong>, el concierto de <strong data-start=\"818\" data-end=\"830\">Gozategi<\/strong> y la romer\u00eda de <strong data-start=\"847\" data-end=\"856\">Oxabi<\/strong>.<\/p>\n<p data-start=\"859\" data-end=\"1124\">El <strong data-start=\"862\" data-end=\"876\">31 de mayo<\/strong> continuar\u00e1 el ambiente con actividades como <strong data-start=\"921\" data-end=\"950\">Solobarria Trebezia Gunea<\/strong>, la <strong data-start=\"955\" data-end=\"987\">audici\u00f3n de bandas Zirt Zart<\/strong> y una nueva <strong data-start=\"1000\" data-end=\"1019\">musika kalejira<\/strong>, completando as\u00ed un fin de semana perfecto para despedir mayo con m\u00fasica y muy buen ambiente en Basauri.<\/p>\n<h2 data-start=\"859\" data-end=\"1124\"><span style=\"color: #ffcc00;\">Txin Txin Fest en Bilbao<\/span><\/h2>\n<p data-start=\"142\" data-end=\"522\"><img loading=\"lazy\" decoding=\"async\" class=\"size-medium wp-image-8137 alignright\" src=\"https:\/\/www.disfrutabizkaia.com\/blog\/wp-content\/uploads\/2026\/04\/txin-txin-fest-216x300.png\" alt=\"\" width=\"216\" height=\"300\" srcset=\"https:\/\/www.disfrutabizkaia.com\/blog\/wp-content\/uploads\/2026\/04\/txin-txin-fest-216x300.png 216w, https:\/\/www.disfrutabizkaia.com\/blog\/wp-content\/uploads\/2026\/04\/txin-txin-fest.png 477w\" sizes=\"auto, (max-width: 216px) 100vw, 216px\" \/>Otro de los planes interesantes de mayo en Bizkaia ser\u00e1 <strong data-start=\"198\" data-end=\"216\">Txin Txin Fest<\/strong>, que este a\u00f1o se celebrar\u00e1 en <strong data-start=\"247\" data-end=\"295\">el Arenal de Bilbao los d\u00edas 16 y 17 de mayo<\/strong>. La cita volver\u00e1 a convertir el centro de la ciudad en un gran espacio dedicado al <strong data-start=\"379\" data-end=\"401\">Bizkaiko Txakolina<\/strong>, con una propuesta que mezcla vino, gastronom\u00eda, cultura y ambiente al aire libre.<\/p>\n<p data-start=\"524\" data-end=\"959\">Durante dos d\u00edas, el festival reunir\u00e1 <strong data-start=\"562\" data-end=\"576\">20 bodegas<\/strong> y m\u00e1s de <strong data-start=\"586\" data-end=\"616\">60 referencias en rotaci\u00f3n<\/strong>, adem\u00e1s de una zona gastron\u00f3mica inspirada en los antiguos txakolis de Bilbao, con platos tradicionales y pintxos elaborados con producto local. A todo ello se sumar\u00e1 una programaci\u00f3n cultural con <strong data-start=\"814\" data-end=\"835\">m\u00fasica en directo<\/strong>, actividades para toda la familia y un <strong data-start=\"875\" data-end=\"890\">txiki txoko<\/strong> pensado para los m\u00e1s peque\u00f1os.<\/p>\n<p data-start=\"961\" data-end=\"1410\">Adem\u00e1s, quienes quieran profundizar un poco m\u00e1s en el mundo del txakoli podr\u00e1n apuntarse a alguna de las <strong data-start=\"1066\" data-end=\"1085\">catas tem\u00e1ticas<\/strong>, que tendr\u00e1n un precio de <strong data-start=\"1112\" data-end=\"1123\">9 euros<\/strong> y permitir\u00e1n descubrir distintos perfiles y estilos de este vino tan ligado a Bizkaia. Si te apetece un plan diferente en Bilbao este mayo, con buen ambiente y sabor local, <strong data-start=\"1297\" data-end=\"1315\">Txin Txin Fest<\/strong> es una de esas citas que merece la pena tener en cuenta.<\/p>\n<p data-start=\"961\" data-end=\"1410\">Descubre toda la programaci\u00f3n del Txin Txin Fest <a href=\"https:\/\/bizkaikotxakolina.eus\/eventos\/txintxinfest\/\">aqu\u00ed<\/a>.<\/p>\n<h2 data-start=\"961\" data-end=\"1410\">Un mes para disfrutar Bizkaia al m\u00e1ximo<\/h2>\n<p data-start=\"5233\" data-end=\"5788\">Mayo en Bizkaia vuelve a llegar cargado de planes para todos los gustos: fiestas populares, mercados con encanto, ferias gastron\u00f3micas, grandes eventos deportivos, espect\u00e1culos internacionales y propuestas culturales al aire libre. A todo esto se suman, como siempre, otros muchos planes que nunca fallan: una ruta de pintxos, una visita a alguno de los museos del territorio, una escapada a la costa, una subida a Artxanda, una caminata por el interior o una comida especial en alguno de los restaurantes de Bizkaia.<\/p>\n<p data-start=\"5790\" data-end=\"5871\">\u00a1Os deseamos un mes de mayo repleto de planes para descubrir y disfrutar Bizkaia!<\/p>\n<p data-start=\"5790\" data-end=\"5871\"><a href=\"https:\/\/www.disfrutabizkaia.com\/que-hacer\/ruta-txuleta-bizkaia\/\"><img loading=\"lazy\" decoding=\"async\" class=\"aligncenter wp-image-4323 size-full\" src=\"https:\/\/www.disfrutabizkaia.com\/blog\/wp-content\/uploads\/2022\/03\/banner-txuleta-blog-disfruta-bizkaia.png\" alt=\"Encuentra restaurantes para comer las mejores txuletas de Bilbao y Bizkaia\" width=\"678\" height=\"181\" srcset=\"https:\/\/www.disfrutabizkaia.com\/blog\/wp-content\/uploads\/2022\/03\/banner-txuleta-blog-disfruta-bizkaia.png 678w, https:\/\/www.disfrutabizkaia.com\/blog\/wp-content\/uploads\/2022\/03\/banner-txuleta-blog-disfruta-bizkaia-300x80.png 300w, https:\/\/www.disfrutabizkaia.com\/blog\/wp-content\/uploads\/2022\/03\/banner-txuleta-blog-disfruta-bizkaia-600x160.png 600w\" sizes=\"auto, (max-width: 678px) 100vw, 678px\" \/><div class=\"crp-list-container\"><h3 class=\"crp-list-title\">Related Posts<\/h3><ul class=\"crp-list\"><li class=\"crp-list-item crp-list-item-image-left crp-list-item-has-image\"><div class=\"crp-list-item-image\"><a href=\"https:\/\/www.disfrutabizkaia.com\/blog\/abril-2026\/\" target=\"_blank\"><img loading=\"lazy\" decoding=\"async\" data-pin-nopin=\"true\" style=\"max-width: 100px; height: auto;\" width=\"100\" height=\"67\" src=\"https:\/\/www.disfrutabizkaia.com\/blog\/wp-content\/uploads\/2026\/04\/NUEVO-destacado-BLOG-Disfruta-560x315-1-372x248.jpg\" class=\"attachment-100x100 size-100x100\" alt=\"\" \/><\/a><\/div><div class=\"crp-list-item-title\"><a href=\"https:\/\/www.disfrutabizkaia.com\/blog\/abril-2026\/\" target=\"_blank\">Agenda de abril: Qu\u00e9 hacer en Bizkaia<\/a><\/div><\/li><\/ul><\/div><\/a><\/p>\n","protected":false},"excerpt":{"rendered":"<p>El mes de mayo nos trae d\u00edas m\u00e1s largos, mejor temperatura y muchas ganas de salir a disfrutar de Bizkaia. Es una \u00e9poca perfecta para organizar escapadas, hacer planes al aire libre y descubrir pueblos, ferias, fiestas y eventos que&#8230; <a class=\"more-link\" href=\"https:\/\/www.disfrutabizkaia.com\/blog\/mayo-2026\/\">Seguir leyendo &rarr;<\/a><\/p>\n","protected":false},"author":2,"featured_media":8119,"comment_status":"open","ping_status":"closed","sticky":false,"template":"","format":"standard","meta":{"_acf_changed":false,"footnotes":""},"categories":[1,47],"tags":[],"class_list":["post-8060","post","type-post","status-publish","format-standard","has-post-thumbnail","hentry","category-disfruta-bizkaia","category-planes"],"acf":[],"_links":{"self":[{"href":"https:\/\/www.disfrutabizkaia.com\/blog\/wp-json\/wp\/v2\/posts\/8060","targetHints":{"allow":["GET"]}}],"collection":[{"href":"https:\/\/www.disfrutabizkaia.com\/blog\/wp-json\/wp\/v2\/posts"}],"about":[{"href":"https:\/\/www.disfrutabizkaia.com\/blog\/wp-json\/wp\/v2\/types\/post"}],"author":[{"embeddable":true,"href":"https:\/\/www.disfrutabizkaia.com\/blog\/wp-json\/wp\/v2\/users\/2"}],"replies":[{"embeddable":true,"href":"https:\/\/www.disfrutabizkaia.com\/blog\/wp-json\/wp\/v2\/comments?post=8060"}],"version-history":[{"count":38,"href":"https:\/\/www.disfrutabizkaia.com\/blog\/wp-json\/wp\/v2\/posts\/8060\/revisions"}],"predecessor-version":[{"id":8147,"href":"https:\/\/www.disfrutabizkaia.com\/blog\/wp-json\/wp\/v2\/posts\/8060\/revisions\/8147"}],"wp:featuredmedia":[{"embeddable":true,"href":"https:\/\/www.disfrutabizkaia.com\/blog\/wp-json\/wp\/v2\/media\/8119"}],"wp:attachment":[{"href":"https:\/\/www.disfrutabizkaia.com\/blog\/wp-json\/wp\/v2\/media?parent=8060"}],"wp:term":[{"taxonomy":"category","embeddable":true,"href":"https:\/\/www.disfrutabizkaia.com\/blog\/wp-json\/wp\/v2\/categories?post=8060"},{"taxonomy":"post_tag","embeddable":true,"href":"https:\/\/www.disfrutabizkaia.com\/blog\/wp-json\/wp\/v2\/tags?post=8060"}],"curies":[{"name":"wp","href":"https:\/\/api.w.org\/{rel}","templated":true}]}}